{"id":219384,"date":"2024-02-05T19:36:06","date_gmt":"2024-02-05T18:36:06","guid":{"rendered":"https:\/\/www.prijedordanas.com\/?p=219384"},"modified":"2024-02-05T19:36:06","modified_gmt":"2024-02-05T18:36:06","slug":"u-gradini-kod-prijedora-organizovano-kapanje-video","status":"publish","type":"post","link":"https:\/\/www.prijedordanas.com\/?p=219384","title":{"rendered":"U Gradini kod Prijedora organizovano kapanje &#8211; VIDEO"},"content":{"rendered":"<p><a href=\"https:\/\/www.prijedordanas.com\/wp-content\/uploads\/2024\/02\/kozarski-kapanje-gradina-1.jpg\"><img loading=\"lazy\" decoding=\"async\" class=\"alignleft size-medium wp-image-219385\" src=\"https:\/\/www.prijedordanas.com\/wp-content\/uploads\/2024\/02\/kozarski-kapanje-gradina-1-300x225.jpg\" alt=\"\" width=\"300\" height=\"225\" srcset=\"https:\/\/www.prijedordanas.com\/wp-content\/uploads\/2024\/02\/kozarski-kapanje-gradina-1-300x225.jpg 300w, https:\/\/www.prijedordanas.com\/wp-content\/uploads\/2024\/02\/kozarski-kapanje-gradina-1-640x480.jpg 640w, https:\/\/www.prijedordanas.com\/wp-content\/uploads\/2024\/02\/kozarski-kapanje-gradina-1.jpg 667w\" sizes=\"(max-width: 300px) 100vw, 300px\" \/><\/a>Etno-dru\u0161tvo \u201cSrpski sokolovi Kozare\u201d i mje\u0161tani Gradine u ovom selu su organizovali tradicionalno kapanje.<\/p>\n<p>Za mlade ovo je bila prilika da nau\u010de \u0161ta je to kapanje i kako se igra.<\/p>\n<p>Stariji isti\u010du da je veoma bitno da mladi naslje\u0111uju tradiciju i obi\u010daje jer kako ka\u017eu, bez toga nema ni budu\u0107nosti.<\/p>\n<p>Mje\u0161tani Gradine ka\u017eu da su sre\u0107ni \u0161to su bili doma\u0107ini kapanja.<\/p>\n<p>\u201eMi smo zajedno sa Dru\u0161tvom \u2019Sokolovi\u2019 organizovali kapanje. Drago nam je da vidimo veliki broj u\u010desnika, stariji su po\u017eeljeli ovakva dru\u017eenja. Bitno je da je veliki broj mla\u0111ih ljudi tu i ovo je prilika da nau\u010dimo ne\u0161to novo, ali i da se dru\u017eimo i da prenosimo na\u0161u tradiciju sa koljena na koljeno, jer obi\u010daji su identitet na\u0161eg naroda\u201c, rekao je Mladen Kulund\u017eija, mje\u0161tanin Gradine.<\/p>\n<p><a href=\"https:\/\/www.prijedordanas.com\/wp-content\/uploads\/2024\/02\/kozarski-kapanje-gradina-2.jpg\"><img loading=\"lazy\" decoding=\"async\" src=\"https:\/\/www.prijedordanas.com\/wp-content\/uploads\/2024\/02\/kozarski-kapanje-gradina-2-300x169.jpg\" alt=\"\" width=\"300\" height=\"169\" class=\"alignleft size-medium wp-image-219386\" srcset=\"https:\/\/www.prijedordanas.com\/wp-content\/uploads\/2024\/02\/kozarski-kapanje-gradina-2-300x169.jpg 300w, https:\/\/www.prijedordanas.com\/wp-content\/uploads\/2024\/02\/kozarski-kapanje-gradina-2.jpg 600w\" sizes=\"(max-width: 300px) 100vw, 300px\" \/><\/a>Prelo u Gradini, sa akcentom na kapanju, je \u010detvrti video projekat Dru\u0161tva \u201cSokolovi\u201d.<\/p>\n<p>\u201cJako je bitno da mi, ovo \u0161to radimo na o\u010duvanju tradicije predstavimo ne samo ovdje, ve\u0107 mi to u proteklih nekoliko mjeseci radimo i na podru\u010dju Srbije, Slovenije pa i \u0161ire. Dru\u0161tvo je postalo veoma prepoznatljivo u kratkom periodu van granica Republike Srspke, tako da je osnovni cilj dru\u0161tva da o\u010duvamo tradiciju, otrgnemo od zaborava obi\u010daje na\u0161eg naroda sa podru\u010dja Kozare, Potkozarja, Grme\u010da, Krajine, Like, Banije. Isto tako, gajimo i pjevanje pjesme sa tih podru\u010dja \u201c, izjavio je Miljan Banovi\u0107 predsjednik Etno-dru\u0161tvo \u201cSrpski sokolovi Kozare\u201d Urije \u2013 Prijedor.<\/p>\n<p><strong><a href=\"https:\/\/kozarski.com\/video-u-gradini-organizovano-kapanje\/\" target=\"_blank\" rel=\"noopener\">kozarski.com<\/a><\/strong><\/p>\n<p><iframe loading=\"lazy\" title=\"U GRADINI ORGANIZOVANO KAPANJE\" width=\"500\" height=\"281\" src=\"https:\/\/www.youtube.com\/embed\/fWiW0wHlIhE?feature=oembed\" frameborder=\"0\" allow=\"accelerometer; autoplay; clipboard-write; encrypted-media; gyroscope; picture-in-picture; web-share\" allowfullscreen><\/iframe><\/p>\n","protected":false},"excerpt":{"rendered":"<p>Etno-dru\u0161tvo \u201cSrpski sokolovi Kozare\u201d i mje\u0161tani Gradine u ovom selu su organizovali tradicionalno kapanje. Za mlade ovo je bila prilika da nau\u010de \u0161ta je to kapanje i kako se igra. [&hellip;]<\/p>\n","protected":false},"author":1,"featured_media":0,"comment_status":"closed","ping_status":"open","sticky":false,"template":"","format":"standard","meta":{"_monsterinsights_skip_tracking":false,"_monsterinsights_sitenote_active":false,"_monsterinsights_sitenote_note":"","_monsterinsights_sitenote_category":0,"footnotes":""},"categories":[3],"tags":[],"yoast_head":"<!-- This site is optimized with the Yoast SEO plugin v21.6 - https:\/\/yoast.com\/wordpress\/plugins\/seo\/ -->\n<title>U Gradini kod Prijedora organizovano kapanje - VIDEO - PrijedorDanas.com - Prijedorski gradski portal<\/title>\n<meta name=\"robots\" content=\"index, follow, max-snippet:-1, max-image-preview:large, max-video-preview:-1\" \/>\n<link rel=\"canonical\" href=\"https:\/\/www.prijedordanas.com\/?p=219384\" \/>\n<meta property=\"og:locale\" content=\"en_US\" \/>\n<meta property=\"og:type\" content=\"article\" \/>\n<meta property=\"og:title\" content=\"U Gradini kod Prijedora organizovano kapanje - VIDEO - PrijedorDanas.com - Prijedorski gradski portal\" \/>\n<meta property=\"og:description\" content=\"Etno-dru\u0161tvo \u201cSrpski sokolovi Kozare\u201d i mje\u0161tani Gradine u ovom selu su organizovali tradicionalno kapanje. Za mlade ovo je bila prilika da nau\u010de \u0161ta je to kapanje i kako se igra. [&hellip;]\" \/>\n<meta property=\"og:url\" content=\"https:\/\/www.prijedordanas.com\/?p=219384\" \/>\n<meta property=\"og:site_name\" content=\"PrijedorDanas.com - Prijedorski gradski portal\" \/>\n<meta property=\"article:publisher\" content=\"https:\/\/www.facebook.com\/PrijedorDanasCom\/\" \/>\n<meta property=\"article:published_time\" content=\"2024-02-05T18:36:06+00:00\" \/>\n<meta property=\"og:image\" content=\"https:\/\/www.prijedordanas.com\/wp-content\/uploads\/2024\/02\/kozarski-kapanje-gradina-1-300x225.jpg\" \/>\n<meta name=\"author\" content=\"admin\" \/>\n<meta name=\"twitter:card\" content=\"summary_large_image\" \/>\n<meta name=\"twitter:label1\" content=\"Written by\" \/>\n\t<meta name=\"twitter:data1\" content=\"admin\" \/>\n\t<meta name=\"twitter:label2\" content=\"Est. reading time\" \/>\n\t<meta name=\"twitter:data2\" content=\"2 minutes\" \/>\n<script type=\"application\/ld+json\" class=\"yoast-schema-graph\">{\"@context\":\"https:\/\/schema.org\",\"@graph\":[{\"@type\":\"Article\",\"@id\":\"https:\/\/www.prijedordanas.com\/?p=219384#article\",\"isPartOf\":{\"@id\":\"https:\/\/www.prijedordanas.com\/?p=219384\"},\"author\":{\"name\":\"admin\",\"@id\":\"https:\/\/www.prijedordanas.com\/#\/schema\/person\/4e08ccf29b506ca916ff86d46bb700e6\"},\"headline\":\"U Gradini kod Prijedora organizovano kapanje &#8211; VIDEO\",\"datePublished\":\"2024-02-05T18:36:06+00:00\",\"dateModified\":\"2024-02-05T18:36:06+00:00\",\"mainEntityOfPage\":{\"@id\":\"https:\/\/www.prijedordanas.com\/?p=219384\"},\"wordCount\":279,\"publisher\":{\"@id\":\"https:\/\/www.prijedordanas.com\/#organization\"},\"articleSection\":[\"\u017divot\"],\"inLanguage\":\"en-US\"},{\"@type\":\"WebPage\",\"@id\":\"https:\/\/www.prijedordanas.com\/?p=219384\",\"url\":\"https:\/\/www.prijedordanas.com\/?p=219384\",\"name\":\"U Gradini kod Prijedora organizovano kapanje - VIDEO - PrijedorDanas.com - Prijedorski gradski portal\",\"isPartOf\":{\"@id\":\"https:\/\/www.prijedordanas.com\/#website\"},\"datePublished\":\"2024-02-05T18:36:06+00:00\",\"dateModified\":\"2024-02-05T18:36:06+00:00\",\"breadcrumb\":{\"@id\":\"https:\/\/www.prijedordanas.com\/?p=219384#breadcrumb\"},\"inLanguage\":\"en-US\",\"potentialAction\":[{\"@type\":\"ReadAction\",\"target\":[\"https:\/\/www.prijedordanas.com\/?p=219384\"]}]},{\"@type\":\"BreadcrumbList\",\"@id\":\"https:\/\/www.prijedordanas.com\/?p=219384#breadcrumb\",\"itemListElement\":[{\"@type\":\"ListItem\",\"position\":1,\"name\":\"Home\",\"item\":\"https:\/\/www.prijedordanas.com\/\"},{\"@type\":\"ListItem\",\"position\":2,\"name\":\"U Gradini kod Prijedora organizovano kapanje &#8211; VIDEO\"}]},{\"@type\":\"WebSite\",\"@id\":\"https:\/\/www.prijedordanas.com\/#website\",\"url\":\"https:\/\/www.prijedordanas.com\/\",\"name\":\"PrijedorDanas.com - Prijedorski gradski portal\",\"description\":\"Portal o doga\u0111anjima u gradu Prijedoru\",\"publisher\":{\"@id\":\"https:\/\/www.prijedordanas.com\/#organization\"},\"potentialAction\":[{\"@type\":\"SearchAction\",\"target\":{\"@type\":\"EntryPoint\",\"urlTemplate\":\"https:\/\/www.prijedordanas.com\/?s={search_term_string}\"},\"query-input\":\"required name=search_term_string\"}],\"inLanguage\":\"en-US\"},{\"@type\":\"Organization\",\"@id\":\"https:\/\/www.prijedordanas.com\/#organization\",\"name\":\"PrijedorDanas.com\",\"url\":\"https:\/\/www.prijedordanas.com\/\",\"logo\":{\"@type\":\"ImageObject\",\"inLanguage\":\"en-US\",\"@id\":\"https:\/\/www.prijedordanas.com\/#\/schema\/logo\/image\/\",\"url\":\"http:\/\/www.prijedordanas.com\/wp-content\/uploads\/2021\/12\/logopng.png\",\"contentUrl\":\"http:\/\/www.prijedordanas.com\/wp-content\/uploads\/2021\/12\/logopng.png\",\"width\":1019,\"height\":776,\"caption\":\"PrijedorDanas.com\"},\"image\":{\"@id\":\"https:\/\/www.prijedordanas.com\/#\/schema\/logo\/image\/\"},\"sameAs\":[\"https:\/\/www.facebook.com\/PrijedorDanasCom\/\"]},{\"@type\":\"Person\",\"@id\":\"https:\/\/www.prijedordanas.com\/#\/schema\/person\/4e08ccf29b506ca916ff86d46bb700e6\",\"name\":\"admin\",\"image\":{\"@type\":\"ImageObject\",\"inLanguage\":\"en-US\",\"@id\":\"https:\/\/www.prijedordanas.com\/#\/schema\/person\/image\/\",\"url\":\"https:\/\/secure.gravatar.com\/avatar\/1d3fc949d550f0b53a5f0d51e06dfd79?s=96&d=mm&r=g\",\"contentUrl\":\"https:\/\/secure.gravatar.com\/avatar\/1d3fc949d550f0b53a5f0d51e06dfd79?s=96&d=mm&r=g\",\"caption\":\"admin\"},\"url\":\"https:\/\/www.prijedordanas.com\/?author=1\"}]}<\/script>\n<!-- \/ Yoast SEO plugin. -->","yoast_head_json":{"title":"U Gradini kod Prijedora organizovano kapanje - VIDEO - PrijedorDanas.com - Prijedorski gradski portal","robots":{"index":"index","follow":"follow","max-snippet":"max-snippet:-1","max-image-preview":"max-image-preview:large","max-video-preview":"max-video-preview:-1"},"canonical":"https:\/\/www.prijedordanas.com\/?p=219384","og_locale":"en_US","og_type":"article","og_title":"U Gradini kod Prijedora organizovano kapanje - VIDEO - PrijedorDanas.com - Prijedorski gradski portal","og_description":"Etno-dru\u0161tvo \u201cSrpski sokolovi Kozare\u201d i mje\u0161tani Gradine u ovom selu su organizovali tradicionalno kapanje. Za mlade ovo je bila prilika da nau\u010de \u0161ta je to kapanje i kako se igra. [&hellip;]","og_url":"https:\/\/www.prijedordanas.com\/?p=219384","og_site_name":"PrijedorDanas.com - Prijedorski gradski portal","article_publisher":"https:\/\/www.facebook.com\/PrijedorDanasCom\/","article_published_time":"2024-02-05T18:36:06+00:00","og_image":[{"url":"https:\/\/www.prijedordanas.com\/wp-content\/uploads\/2024\/02\/kozarski-kapanje-gradina-1-300x225.jpg"}],"author":"admin","twitter_card":"summary_large_image","twitter_misc":{"Written by":"admin","Est. reading time":"2 minutes"},"schema":{"@context":"https:\/\/schema.org","@graph":[{"@type":"Article","@id":"https:\/\/www.prijedordanas.com\/?p=219384#article","isPartOf":{"@id":"https:\/\/www.prijedordanas.com\/?p=219384"},"author":{"name":"admin","@id":"https:\/\/www.prijedordanas.com\/#\/schema\/person\/4e08ccf29b506ca916ff86d46bb700e6"},"headline":"U Gradini kod Prijedora organizovano kapanje &#8211; VIDEO","datePublished":"2024-02-05T18:36:06+00:00","dateModified":"2024-02-05T18:36:06+00:00","mainEntityOfPage":{"@id":"https:\/\/www.prijedordanas.com\/?p=219384"},"wordCount":279,"publisher":{"@id":"https:\/\/www.prijedordanas.com\/#organization"},"articleSection":["\u017divot"],"inLanguage":"en-US"},{"@type":"WebPage","@id":"https:\/\/www.prijedordanas.com\/?p=219384","url":"https:\/\/www.prijedordanas.com\/?p=219384","name":"U Gradini kod Prijedora organizovano kapanje - VIDEO - PrijedorDanas.com - Prijedorski gradski portal","isPartOf":{"@id":"https:\/\/www.prijedordanas.com\/#website"},"datePublished":"2024-02-05T18:36:06+00:00","dateModified":"2024-02-05T18:36:06+00:00","breadcrumb":{"@id":"https:\/\/www.prijedordanas.com\/?p=219384#breadcrumb"},"inLanguage":"en-US","potentialAction":[{"@type":"ReadAction","target":["https:\/\/www.prijedordanas.com\/?p=219384"]}]},{"@type":"BreadcrumbList","@id":"https:\/\/www.prijedordanas.com\/?p=219384#breadcrumb","itemListElement":[{"@type":"ListItem","position":1,"name":"Home","item":"https:\/\/www.prijedordanas.com\/"},{"@type":"ListItem","position":2,"name":"U Gradini kod Prijedora organizovano kapanje &#8211; VIDEO"}]},{"@type":"WebSite","@id":"https:\/\/www.prijedordanas.com\/#website","url":"https:\/\/www.prijedordanas.com\/","name":"PrijedorDanas.com - Prijedorski gradski portal","description":"Portal o doga\u0111anjima u gradu Prijedoru","publisher":{"@id":"https:\/\/www.prijedordanas.com\/#organization"},"potentialAction":[{"@type":"SearchAction","target":{"@type":"EntryPoint","urlTemplate":"https:\/\/www.prijedordanas.com\/?s={search_term_string}"},"query-input":"required name=search_term_string"}],"inLanguage":"en-US"},{"@type":"Organization","@id":"https:\/\/www.prijedordanas.com\/#organization","name":"PrijedorDanas.com","url":"https:\/\/www.prijedordanas.com\/","logo":{"@type":"ImageObject","inLanguage":"en-US","@id":"https:\/\/www.prijedordanas.com\/#\/schema\/logo\/image\/","url":"http:\/\/www.prijedordanas.com\/wp-content\/uploads\/2021\/12\/logopng.png","contentUrl":"http:\/\/www.prijedordanas.com\/wp-content\/uploads\/2021\/12\/logopng.png","width":1019,"height":776,"caption":"PrijedorDanas.com"},"image":{"@id":"https:\/\/www.prijedordanas.com\/#\/schema\/logo\/image\/"},"sameAs":["https:\/\/www.facebook.com\/PrijedorDanasCom\/"]},{"@type":"Person","@id":"https:\/\/www.prijedordanas.com\/#\/schema\/person\/4e08ccf29b506ca916ff86d46bb700e6","name":"admin","image":{"@type":"ImageObject","inLanguage":"en-US","@id":"https:\/\/www.prijedordanas.com\/#\/schema\/person\/image\/","url":"https:\/\/secure.gravatar.com\/avatar\/1d3fc949d550f0b53a5f0d51e06dfd79?s=96&d=mm&r=g","contentUrl":"https:\/\/secure.gravatar.com\/avatar\/1d3fc949d550f0b53a5f0d51e06dfd79?s=96&d=mm&r=g","caption":"admin"},"url":"https:\/\/www.prijedordanas.com\/?author=1"}]}},"_links":{"self":[{"href":"https:\/\/www.prijedordanas.com\/index.php?rest_route=\/wp\/v2\/posts\/219384"}],"collection":[{"href":"https:\/\/www.prijedordanas.com\/index.php?rest_route=\/wp\/v2\/posts"}],"about":[{"href":"https:\/\/www.prijedordanas.com\/index.php?rest_route=\/wp\/v2\/types\/post"}],"author":[{"embeddable":true,"href":"https:\/\/www.prijedordanas.com\/index.php?rest_route=\/wp\/v2\/users\/1"}],"replies":[{"embeddable":true,"href":"https:\/\/www.prijedordanas.com\/index.php?rest_route=%2Fwp%2Fv2%2Fcomments&post=219384"}],"version-history":[{"count":1,"href":"https:\/\/www.prijedordanas.com\/index.php?rest_route=\/wp\/v2\/posts\/219384\/revisions"}],"predecessor-version":[{"id":219387,"href":"https:\/\/www.prijedordanas.com\/index.php?rest_route=\/wp\/v2\/posts\/219384\/revisions\/219387"}],"wp:attachment":[{"href":"https:\/\/www.prijedordanas.com\/index.php?rest_route=%2Fwp%2Fv2%2Fmedia&parent=219384"}],"wp:term":[{"taxonomy":"category","embeddable":true,"href":"https:\/\/www.prijedordanas.com\/index.php?rest_route=%2Fwp%2Fv2%2Fcategories&post=219384"},{"taxonomy":"post_tag","embeddable":true,"href":"https:\/\/www.prijedordanas.com\/index.php?rest_route=%2Fwp%2Fv2%2Ftags&post=219384"}],"curies":[{"name":"wp","href":"https:\/\/api.w.org\/{rel}","templated":true}]}}