{"id":219335,"date":"2024-02-04T22:28:16","date_gmt":"2024-02-04T21:28:16","guid":{"rendered":"https:\/\/www.prijedordanas.com\/?p=219335"},"modified":"2024-02-04T22:28:16","modified_gmt":"2024-02-04T21:28:16","slug":"dani-zime-na-kozari-2024-ekipa-gradiske-najbolja-u-sportskom-a-srednjoskolci-iz-novog-grada-planinari-klekovace-i-lovci-prosare-u-gastro-takmicenju-foto","status":"publish","type":"post","link":"https:\/\/www.prijedordanas.com\/?p=219335","title":{"rendered":"Dani zime na Kozari 2024: Ekipa Gradi\u0161ke najbolja u sportskom a srednjo\u0161kolci iz Novog Grada, planinari &#8220;Klekova\u010de&#8221; i lovci &#8220;Prosare&#8221; u gastro takmi\u010denju &#8211; FOTO"},"content":{"rendered":"<p><a href=\"https:\/\/www.prijedordanas.com\/wp-content\/uploads\/2024\/02\/pd-klekovaca-dani-zime-2024-naj-kotlic-3.jpg\"><img loading=\"lazy\" decoding=\"async\" class=\"alignleft size-medium wp-image-219336\" src=\"https:\/\/www.prijedordanas.com\/wp-content\/uploads\/2024\/02\/pd-klekovaca-dani-zime-2024-naj-kotlic-3-300x225.jpg\" alt=\"\" width=\"300\" height=\"225\" srcset=\"https:\/\/www.prijedordanas.com\/wp-content\/uploads\/2024\/02\/pd-klekovaca-dani-zime-2024-naj-kotlic-3-300x225.jpg 300w, https:\/\/www.prijedordanas.com\/wp-content\/uploads\/2024\/02\/pd-klekovaca-dani-zime-2024-naj-kotlic-3-640x480.jpg 640w, https:\/\/www.prijedordanas.com\/wp-content\/uploads\/2024\/02\/pd-klekovaca-dani-zime-2024-naj-kotlic-3.jpg 667w\" sizes=\"(max-width: 300px) 100vw, 300px\" \/><\/a>Zavr\u0161ena je 17. manifestacija &#8220;Dani zime na Kozari&#8221;.<\/p>\n<p>Danas su odr\u017eana sportska i gastro takmi\u010denja a poznati su i pobjednici.<\/p>\n<p>U gastro takmi\u010denju je u\u010destvovalo 29 ekipa u kategorijama srednje \u0161kole, izvi\u0111a\u010di, planinari i lova\u010dka udru\u017eenja koji su se nadmetali u pripremanju \u010dorbe u kotli\u0107ima.<\/p>\n<p>U sportskim disciplinama tr\u010danje parova vezanim nogama, nabacivanje obru\u010da, lopta na \u010delu, skok u dalj iz mjesta, ru\u0161enje piramide i spojeni golovi takmi\u010dilo se osam ekipa iz Gradi\u0161ke, Kozarske Dubice, Novog Grada, O\u0161tre Luke, Kostajnice, Broda, Banja Luke i Prijedora.<\/p>\n<p><a href=\"https:\/\/www.prijedordanas.com\/wp-content\/uploads\/2024\/02\/dani-zime-na-kozari-2024-4.jpg\"><img loading=\"lazy\" decoding=\"async\" class=\"alignleft size-medium wp-image-219290\" src=\"https:\/\/www.prijedordanas.com\/wp-content\/uploads\/2024\/02\/dani-zime-na-kozari-2024-4-300x225.jpg\" alt=\"\" width=\"300\" height=\"225\" srcset=\"https:\/\/www.prijedordanas.com\/wp-content\/uploads\/2024\/02\/dani-zime-na-kozari-2024-4-300x225.jpg 300w, https:\/\/www.prijedordanas.com\/wp-content\/uploads\/2024\/02\/dani-zime-na-kozari-2024-4.jpg 600w\" sizes=\"(max-width: 300px) 100vw, 300px\" \/><\/a>Rezultati:<\/p>\n<p>Sportsko takmi\u010denje:<br \/>\n1.Grad Gradi\u0161ka<br \/>\n2.Op\u0161tina Kozarska Dubica<br \/>\n3.Grad Banja Luka<\/p>\n<p>Gastro takmi\u010denje srednje \u0161kole:<br \/>\n1.JU Srednjo\u0161kolski centar &#8220;\u0110uro Radmanovi\u0107&#8221; Novi Grad<br \/>\n2.JU Srednja stru\u010dna i tehni\u010dka \u0161kola Derventa<br \/>\n3.JU Ugostiteljsko-ekonomska \u0161kola Prijedor<\/p>\n<p>Gastro takmi\u010denje izvi\u0111a\u010di i planinari:<br \/>\n1.Planinarsko dru\u0161tvo &#8220;Klekova\u010da&#8221; Prijedor<br \/>\n2.Planinarsko sportsko dru\u0161tvo &#8220;Pecija&#8221; Kozarska Dubica<br \/>\n3.Odred izvi\u0111a\u010da &#8220;Petar Ko\u010di\u0107&#8221; Brod<\/p>\n<p>Gastro takmi\u010denje lova\u010dka udru\u017eenja:<br \/>\n1.Lova\u010dko udru\u017eenje &#8220;Prosara&#8221; Gradi\u0161ka<br \/>\n2.Lova\u010dko udru\u017eenje &#8220;Srnda\u0107&#8221; Svodna<br \/>\n3.Lova\u010dko udru\u017eenje &#8220;Fazan&#8221; Novi Grad<\/p>\n<p>prijedorgrad.org<\/p>\n<p><a href=\"https:\/\/www.prijedordanas.com\/wp-content\/uploads\/2024\/02\/pd-klekovaca-dani-zime-2024-naj-kotlic-2.jpg\"><img loading=\"lazy\" decoding=\"async\" class=\"alignleft size-medium wp-image-219338\" src=\"https:\/\/www.prijedordanas.com\/wp-content\/uploads\/2024\/02\/pd-klekovaca-dani-zime-2024-naj-kotlic-2-300x225.jpg\" alt=\"\" width=\"300\" height=\"225\" srcset=\"https:\/\/www.prijedordanas.com\/wp-content\/uploads\/2024\/02\/pd-klekovaca-dani-zime-2024-naj-kotlic-2-300x225.jpg 300w, https:\/\/www.prijedordanas.com\/wp-content\/uploads\/2024\/02\/pd-klekovaca-dani-zime-2024-naj-kotlic-2-640x480.jpg 640w, https:\/\/www.prijedordanas.com\/wp-content\/uploads\/2024\/02\/pd-klekovaca-dani-zime-2024-naj-kotlic-2.jpg 667w\" sizes=\"(max-width: 300px) 100vw, 300px\" \/><\/a> <a href=\"https:\/\/www.prijedordanas.com\/wp-content\/uploads\/2024\/02\/dani-zime-na-kozari-2024-18.jpg\"><img loading=\"lazy\" decoding=\"async\" class=\"alignleft size-medium wp-image-219316\" src=\"https:\/\/www.prijedordanas.com\/wp-content\/uploads\/2024\/02\/dani-zime-na-kozari-2024-18-300x169.jpg\" alt=\"\" width=\"300\" height=\"169\" srcset=\"https:\/\/www.prijedordanas.com\/wp-content\/uploads\/2024\/02\/dani-zime-na-kozari-2024-18-300x169.jpg 300w, https:\/\/www.prijedordanas.com\/wp-content\/uploads\/2024\/02\/dani-zime-na-kozari-2024-18.jpg 600w\" sizes=\"(max-width: 300px) 100vw, 300px\" \/><\/a> <a href=\"https:\/\/www.prijedordanas.com\/wp-content\/uploads\/2024\/02\/pd-klekovaca-dani-zime-2024-6-1.jpg\"><img loading=\"lazy\" decoding=\"async\" class=\"alignleft size-medium wp-image-219337\" src=\"https:\/\/www.prijedordanas.com\/wp-content\/uploads\/2024\/02\/pd-klekovaca-dani-zime-2024-6-1-135x300.jpg\" alt=\"\" width=\"135\" height=\"300\" srcset=\"https:\/\/www.prijedordanas.com\/wp-content\/uploads\/2024\/02\/pd-klekovaca-dani-zime-2024-6-1-135x300.jpg 135w, https:\/\/www.prijedordanas.com\/wp-content\/uploads\/2024\/02\/pd-klekovaca-dani-zime-2024-6-1.jpg 270w\" sizes=\"(max-width: 135px) 100vw, 135px\" \/><\/a><\/p>\n","protected":false},"excerpt":{"rendered":"<p>Zavr\u0161ena je 17. manifestacija &#8220;Dani zime na Kozari&#8221;. Danas su odr\u017eana sportska i gastro takmi\u010denja a poznati su i pobjednici. U gastro takmi\u010denju je u\u010destvovalo 29 ekipa u kategorijama srednje [&hellip;]<\/p>\n","protected":false},"author":1,"featured_media":0,"comment_status":"closed","ping_status":"open","sticky":false,"template":"","format":"standard","meta":{"_monsterinsights_skip_tracking":false,"_monsterinsights_sitenote_active":false,"_monsterinsights_sitenote_note":"","_monsterinsights_sitenote_category":0,"footnotes":""},"categories":[4],"tags":[],"yoast_head":"<!-- This site is optimized with the Yoast SEO plugin v21.6 - https:\/\/yoast.com\/wordpress\/plugins\/seo\/ -->\n<title>Dani zime na Kozari 2024: Ekipa Gradi\u0161ke najbolja u sportskom a srednjo\u0161kolci iz Novog Grada, planinari &quot;Klekova\u010de&quot; i lovci &quot;Prosare&quot; u gastro takmi\u010denju - FOTO - PrijedorDanas.com - Prijedorski gradski portal<\/title>\n<meta name=\"robots\" content=\"index, follow, max-snippet:-1, max-image-preview:large, max-video-preview:-1\" \/>\n<link rel=\"canonical\" href=\"https:\/\/www.prijedordanas.com\/?p=219335\" \/>\n<meta property=\"og:locale\" content=\"en_US\" \/>\n<meta property=\"og:type\" content=\"article\" \/>\n<meta property=\"og:title\" content=\"Dani zime na Kozari 2024: Ekipa Gradi\u0161ke najbolja u sportskom a srednjo\u0161kolci iz Novog Grada, planinari &quot;Klekova\u010de&quot; i lovci &quot;Prosare&quot; u gastro takmi\u010denju - FOTO - PrijedorDanas.com - Prijedorski gradski portal\" \/>\n<meta property=\"og:description\" content=\"Zavr\u0161ena je 17. manifestacija &#8220;Dani zime na Kozari&#8221;. Danas su odr\u017eana sportska i gastro takmi\u010denja a poznati su i pobjednici. U gastro takmi\u010denju je u\u010destvovalo 29 ekipa u kategorijama srednje [&hellip;]\" \/>\n<meta property=\"og:url\" content=\"https:\/\/www.prijedordanas.com\/?p=219335\" \/>\n<meta property=\"og:site_name\" content=\"PrijedorDanas.com - Prijedorski gradski portal\" \/>\n<meta property=\"article:publisher\" content=\"https:\/\/www.facebook.com\/PrijedorDanasCom\/\" \/>\n<meta property=\"article:published_time\" content=\"2024-02-04T21:28:16+00:00\" \/>\n<meta property=\"og:image\" content=\"https:\/\/www.prijedordanas.com\/wp-content\/uploads\/2024\/02\/pd-klekovaca-dani-zime-2024-naj-kotlic-3-300x225.jpg\" \/>\n<meta name=\"author\" content=\"admin\" \/>\n<meta name=\"twitter:card\" content=\"summary_large_image\" \/>\n<meta name=\"twitter:label1\" content=\"Written by\" \/>\n\t<meta name=\"twitter:data1\" content=\"admin\" \/>\n\t<meta name=\"twitter:label2\" content=\"Est. reading time\" \/>\n\t<meta name=\"twitter:data2\" content=\"2 minutes\" \/>\n<script type=\"application\/ld+json\" class=\"yoast-schema-graph\">{\"@context\":\"https:\/\/schema.org\",\"@graph\":[{\"@type\":\"Article\",\"@id\":\"https:\/\/www.prijedordanas.com\/?p=219335#article\",\"isPartOf\":{\"@id\":\"https:\/\/www.prijedordanas.com\/?p=219335\"},\"author\":{\"name\":\"admin\",\"@id\":\"https:\/\/www.prijedordanas.com\/#\/schema\/person\/4e08ccf29b506ca916ff86d46bb700e6\"},\"headline\":\"Dani zime na Kozari 2024: Ekipa Gradi\u0161ke najbolja u sportskom a srednjo\u0161kolci iz Novog Grada, planinari &#8220;Klekova\u010de&#8221; i lovci &#8220;Prosare&#8221; u gastro takmi\u010denju &#8211; FOTO\",\"datePublished\":\"2024-02-04T21:28:16+00:00\",\"dateModified\":\"2024-02-04T21:28:16+00:00\",\"mainEntityOfPage\":{\"@id\":\"https:\/\/www.prijedordanas.com\/?p=219335\"},\"wordCount\":225,\"publisher\":{\"@id\":\"https:\/\/www.prijedordanas.com\/#organization\"},\"articleSection\":[\"Dru\u0161tvo\"],\"inLanguage\":\"en-US\"},{\"@type\":\"WebPage\",\"@id\":\"https:\/\/www.prijedordanas.com\/?p=219335\",\"url\":\"https:\/\/www.prijedordanas.com\/?p=219335\",\"name\":\"Dani zime na Kozari 2024: Ekipa Gradi\u0161ke najbolja u sportskom a srednjo\u0161kolci iz Novog Grada, planinari \\\"Klekova\u010de\\\" i lovci \\\"Prosare\\\" u gastro takmi\u010denju - FOTO - PrijedorDanas.com - Prijedorski gradski portal\",\"isPartOf\":{\"@id\":\"https:\/\/www.prijedordanas.com\/#website\"},\"datePublished\":\"2024-02-04T21:28:16+00:00\",\"dateModified\":\"2024-02-04T21:28:16+00:00\",\"breadcrumb\":{\"@id\":\"https:\/\/www.prijedordanas.com\/?p=219335#breadcrumb\"},\"inLanguage\":\"en-US\",\"potentialAction\":[{\"@type\":\"ReadAction\",\"target\":[\"https:\/\/www.prijedordanas.com\/?p=219335\"]}]},{\"@type\":\"BreadcrumbList\",\"@id\":\"https:\/\/www.prijedordanas.com\/?p=219335#breadcrumb\",\"itemListElement\":[{\"@type\":\"ListItem\",\"position\":1,\"name\":\"Home\",\"item\":\"https:\/\/www.prijedordanas.com\/\"},{\"@type\":\"ListItem\",\"position\":2,\"name\":\"Dani zime na Kozari 2024: Ekipa Gradi\u0161ke najbolja u sportskom a srednjo\u0161kolci iz Novog Grada, planinari &#8220;Klekova\u010de&#8221; i lovci &#8220;Prosare&#8221; u gastro takmi\u010denju &#8211; FOTO\"}]},{\"@type\":\"WebSite\",\"@id\":\"https:\/\/www.prijedordanas.com\/#website\",\"url\":\"https:\/\/www.prijedordanas.com\/\",\"name\":\"PrijedorDanas.com - Prijedorski gradski portal\",\"description\":\"Portal o doga\u0111anjima u gradu Prijedoru\",\"publisher\":{\"@id\":\"https:\/\/www.prijedordanas.com\/#organization\"},\"potentialAction\":[{\"@type\":\"SearchAction\",\"target\":{\"@type\":\"EntryPoint\",\"urlTemplate\":\"https:\/\/www.prijedordanas.com\/?s={search_term_string}\"},\"query-input\":\"required name=search_term_string\"}],\"inLanguage\":\"en-US\"},{\"@type\":\"Organization\",\"@id\":\"https:\/\/www.prijedordanas.com\/#organization\",\"name\":\"PrijedorDanas.com\",\"url\":\"https:\/\/www.prijedordanas.com\/\",\"logo\":{\"@type\":\"ImageObject\",\"inLanguage\":\"en-US\",\"@id\":\"https:\/\/www.prijedordanas.com\/#\/schema\/logo\/image\/\",\"url\":\"http:\/\/www.prijedordanas.com\/wp-content\/uploads\/2021\/12\/logopng.png\",\"contentUrl\":\"http:\/\/www.prijedordanas.com\/wp-content\/uploads\/2021\/12\/logopng.png\",\"width\":1019,\"height\":776,\"caption\":\"PrijedorDanas.com\"},\"image\":{\"@id\":\"https:\/\/www.prijedordanas.com\/#\/schema\/logo\/image\/\"},\"sameAs\":[\"https:\/\/www.facebook.com\/PrijedorDanasCom\/\"]},{\"@type\":\"Person\",\"@id\":\"https:\/\/www.prijedordanas.com\/#\/schema\/person\/4e08ccf29b506ca916ff86d46bb700e6\",\"name\":\"admin\",\"image\":{\"@type\":\"ImageObject\",\"inLanguage\":\"en-US\",\"@id\":\"https:\/\/www.prijedordanas.com\/#\/schema\/person\/image\/\",\"url\":\"https:\/\/secure.gravatar.com\/avatar\/1d3fc949d550f0b53a5f0d51e06dfd79?s=96&d=mm&r=g\",\"contentUrl\":\"https:\/\/secure.gravatar.com\/avatar\/1d3fc949d550f0b53a5f0d51e06dfd79?s=96&d=mm&r=g\",\"caption\":\"admin\"},\"url\":\"https:\/\/www.prijedordanas.com\/?author=1\"}]}<\/script>\n<!-- \/ Yoast SEO plugin. -->","yoast_head_json":{"title":"Dani zime na Kozari 2024: Ekipa Gradi\u0161ke najbolja u sportskom a srednjo\u0161kolci iz Novog Grada, planinari \"Klekova\u010de\" i lovci \"Prosare\" u gastro takmi\u010denju - FOTO - PrijedorDanas.com - Prijedorski gradski portal","robots":{"index":"index","follow":"follow","max-snippet":"max-snippet:-1","max-image-preview":"max-image-preview:large","max-video-preview":"max-video-preview:-1"},"canonical":"https:\/\/www.prijedordanas.com\/?p=219335","og_locale":"en_US","og_type":"article","og_title":"Dani zime na Kozari 2024: Ekipa Gradi\u0161ke najbolja u sportskom a srednjo\u0161kolci iz Novog Grada, planinari \"Klekova\u010de\" i lovci \"Prosare\" u gastro takmi\u010denju - FOTO - PrijedorDanas.com - Prijedorski gradski portal","og_description":"Zavr\u0161ena je 17. manifestacija &#8220;Dani zime na Kozari&#8221;. Danas su odr\u017eana sportska i gastro takmi\u010denja a poznati su i pobjednici. U gastro takmi\u010denju je u\u010destvovalo 29 ekipa u kategorijama srednje [&hellip;]","og_url":"https:\/\/www.prijedordanas.com\/?p=219335","og_site_name":"PrijedorDanas.com - Prijedorski gradski portal","article_publisher":"https:\/\/www.facebook.com\/PrijedorDanasCom\/","article_published_time":"2024-02-04T21:28:16+00:00","og_image":[{"url":"https:\/\/www.prijedordanas.com\/wp-content\/uploads\/2024\/02\/pd-klekovaca-dani-zime-2024-naj-kotlic-3-300x225.jpg"}],"author":"admin","twitter_card":"summary_large_image","twitter_misc":{"Written by":"admin","Est. reading time":"2 minutes"},"schema":{"@context":"https:\/\/schema.org","@graph":[{"@type":"Article","@id":"https:\/\/www.prijedordanas.com\/?p=219335#article","isPartOf":{"@id":"https:\/\/www.prijedordanas.com\/?p=219335"},"author":{"name":"admin","@id":"https:\/\/www.prijedordanas.com\/#\/schema\/person\/4e08ccf29b506ca916ff86d46bb700e6"},"headline":"Dani zime na Kozari 2024: Ekipa Gradi\u0161ke najbolja u sportskom a srednjo\u0161kolci iz Novog Grada, planinari &#8220;Klekova\u010de&#8221; i lovci &#8220;Prosare&#8221; u gastro takmi\u010denju &#8211; FOTO","datePublished":"2024-02-04T21:28:16+00:00","dateModified":"2024-02-04T21:28:16+00:00","mainEntityOfPage":{"@id":"https:\/\/www.prijedordanas.com\/?p=219335"},"wordCount":225,"publisher":{"@id":"https:\/\/www.prijedordanas.com\/#organization"},"articleSection":["Dru\u0161tvo"],"inLanguage":"en-US"},{"@type":"WebPage","@id":"https:\/\/www.prijedordanas.com\/?p=219335","url":"https:\/\/www.prijedordanas.com\/?p=219335","name":"Dani zime na Kozari 2024: Ekipa Gradi\u0161ke najbolja u sportskom a srednjo\u0161kolci iz Novog Grada, planinari \"Klekova\u010de\" i lovci \"Prosare\" u gastro takmi\u010denju - FOTO - PrijedorDanas.com - Prijedorski gradski portal","isPartOf":{"@id":"https:\/\/www.prijedordanas.com\/#website"},"datePublished":"2024-02-04T21:28:16+00:00","dateModified":"2024-02-04T21:28:16+00:00","breadcrumb":{"@id":"https:\/\/www.prijedordanas.com\/?p=219335#breadcrumb"},"inLanguage":"en-US","potentialAction":[{"@type":"ReadAction","target":["https:\/\/www.prijedordanas.com\/?p=219335"]}]},{"@type":"BreadcrumbList","@id":"https:\/\/www.prijedordanas.com\/?p=219335#breadcrumb","itemListElement":[{"@type":"ListItem","position":1,"name":"Home","item":"https:\/\/www.prijedordanas.com\/"},{"@type":"ListItem","position":2,"name":"Dani zime na Kozari 2024: Ekipa Gradi\u0161ke najbolja u sportskom a srednjo\u0161kolci iz Novog Grada, planinari &#8220;Klekova\u010de&#8221; i lovci &#8220;Prosare&#8221; u gastro takmi\u010denju &#8211; FOTO"}]},{"@type":"WebSite","@id":"https:\/\/www.prijedordanas.com\/#website","url":"https:\/\/www.prijedordanas.com\/","name":"PrijedorDanas.com - Prijedorski gradski portal","description":"Portal o doga\u0111anjima u gradu Prijedoru","publisher":{"@id":"https:\/\/www.prijedordanas.com\/#organization"},"potentialAction":[{"@type":"SearchAction","target":{"@type":"EntryPoint","urlTemplate":"https:\/\/www.prijedordanas.com\/?s={search_term_string}"},"query-input":"required name=search_term_string"}],"inLanguage":"en-US"},{"@type":"Organization","@id":"https:\/\/www.prijedordanas.com\/#organization","name":"PrijedorDanas.com","url":"https:\/\/www.prijedordanas.com\/","logo":{"@type":"ImageObject","inLanguage":"en-US","@id":"https:\/\/www.prijedordanas.com\/#\/schema\/logo\/image\/","url":"http:\/\/www.prijedordanas.com\/wp-content\/uploads\/2021\/12\/logopng.png","contentUrl":"http:\/\/www.prijedordanas.com\/wp-content\/uploads\/2021\/12\/logopng.png","width":1019,"height":776,"caption":"PrijedorDanas.com"},"image":{"@id":"https:\/\/www.prijedordanas.com\/#\/schema\/logo\/image\/"},"sameAs":["https:\/\/www.facebook.com\/PrijedorDanasCom\/"]},{"@type":"Person","@id":"https:\/\/www.prijedordanas.com\/#\/schema\/person\/4e08ccf29b506ca916ff86d46bb700e6","name":"admin","image":{"@type":"ImageObject","inLanguage":"en-US","@id":"https:\/\/www.prijedordanas.com\/#\/schema\/person\/image\/","url":"https:\/\/secure.gravatar.com\/avatar\/1d3fc949d550f0b53a5f0d51e06dfd79?s=96&d=mm&r=g","contentUrl":"https:\/\/secure.gravatar.com\/avatar\/1d3fc949d550f0b53a5f0d51e06dfd79?s=96&d=mm&r=g","caption":"admin"},"url":"https:\/\/www.prijedordanas.com\/?author=1"}]}},"_links":{"self":[{"href":"https:\/\/www.prijedordanas.com\/index.php?rest_route=\/wp\/v2\/posts\/219335"}],"collection":[{"href":"https:\/\/www.prijedordanas.com\/index.php?rest_route=\/wp\/v2\/posts"}],"about":[{"href":"https:\/\/www.prijedordanas.com\/index.php?rest_route=\/wp\/v2\/types\/post"}],"author":[{"embeddable":true,"href":"https:\/\/www.prijedordanas.com\/index.php?rest_route=\/wp\/v2\/users\/1"}],"replies":[{"embeddable":true,"href":"https:\/\/www.prijedordanas.com\/index.php?rest_route=%2Fwp%2Fv2%2Fcomments&post=219335"}],"version-history":[{"count":1,"href":"https:\/\/www.prijedordanas.com\/index.php?rest_route=\/wp\/v2\/posts\/219335\/revisions"}],"predecessor-version":[{"id":219339,"href":"https:\/\/www.prijedordanas.com\/index.php?rest_route=\/wp\/v2\/posts\/219335\/revisions\/219339"}],"wp:attachment":[{"href":"https:\/\/www.prijedordanas.com\/index.php?rest_route=%2Fwp%2Fv2%2Fmedia&parent=219335"}],"wp:term":[{"taxonomy":"category","embeddable":true,"href":"https:\/\/www.prijedordanas.com\/index.php?rest_route=%2Fwp%2Fv2%2Fcategories&post=219335"},{"taxonomy":"post_tag","embeddable":true,"href":"https:\/\/www.prijedordanas.com\/index.php?rest_route=%2Fwp%2Fv2%2Ftags&post=219335"}],"curies":[{"name":"wp","href":"https:\/\/api.w.org\/{rel}","templated":true}]}}