{"id":21917,"date":"2015-05-09T15:44:10","date_gmt":"2015-05-09T14:44:10","guid":{"rendered":"https:\/\/www.prijedordanas.com\/?p=21917"},"modified":"2015-05-09T15:47:16","modified_gmt":"2015-05-09T14:47:16","slug":"veceras-zatvaranje-festivala-horova-zlatna-vila","status":"publish","type":"post","link":"https:\/\/www.prijedordanas.com\/?p=21917","title":{"rendered":"VE\u010cERAS ZATVARANJE FESTIVALA HOROVA &#8220;ZLATNA VILA&#8221;"},"content":{"rendered":"<p><a href=\"https:\/\/www.prijedordanas.com\/wp-content\/uploads\/2015\/05\/zlatna-vila-2015-prvo-vece-5.jpg\"><img loading=\"lazy\" decoding=\"async\" src=\"https:\/\/www.prijedordanas.com\/wp-content\/uploads\/2015\/05\/zlatna-vila-2015-prvo-vece-5-300x199.jpg\" alt=\"zlatna vila 2015-prvo vece (5)\" width=\"300\" height=\"199\" class=\"alignleft size-medium wp-image-21860\" srcset=\"https:\/\/www.prijedordanas.com\/wp-content\/uploads\/2015\/05\/zlatna-vila-2015-prvo-vece-5-300x199.jpg 300w, https:\/\/www.prijedordanas.com\/wp-content\/uploads\/2015\/05\/zlatna-vila-2015-prvo-vece-5-150x100.jpg 150w, https:\/\/www.prijedordanas.com\/wp-content\/uploads\/2015\/05\/zlatna-vila-2015-prvo-vece-5-200x133.jpg 200w, https:\/\/www.prijedordanas.com\/wp-content\/uploads\/2015\/05\/zlatna-vila-2015-prvo-vece-5-250x166.jpg 250w, https:\/\/www.prijedordanas.com\/wp-content\/uploads\/2015\/05\/zlatna-vila-2015-prvo-vece-5-480x320.jpg 480w, https:\/\/www.prijedordanas.com\/wp-content\/uploads\/2015\/05\/zlatna-vila-2015-prvo-vece-5.jpg 600w\" sizes=\"(max-width: 300px) 100vw, 300px\" \/><\/a>Nastupom \u010detiri hora u Prijedoru ve\u010deras se nastavlja 15. me\u0111unarodi festival horova &#8220;Zlatna vila&#8221; na kojem u dvije ve\u010deri nastupa devet horova iz Slovenije, Hrvatske, Srbije, Makedonije, Bugarske, \u010ce\u0161ke i Italije.<\/p>\n<p>Svoje umije\u0107e ve\u010deras \u0107e pokazati hor &#8220;Rigovertikale&#8221; iz Trentina, Djevoja\u010dki hor &#8220;Evmolpeja&#8221; iz Plovdiva, hor &#8220;Gortinija&#8221; iz \u0110ev\u0111elije i hor &#8220;Kantika Leticija&#8221; iz Zlina. <\/p>\n<p>Prve festivalske ve\u010deri u Pozori\u0161tu Prijedor nastupili su Rije\u010dki komorni zbor &#8220;Val&#8221;, Novosadski kamerni hor, Akademski pevski zbor &#8220;Tone Tom\u0161i\u010d&#8221; Univerziteta u LJubljani, Hrvatsko pjeva\u010dko dru\u0161tvo &#8220;Kalnik&#8221; iz Kri\u017eevaca i Me\u0161oviti hor AKUD &#8220;Ivo Lola Ribar&#8221; iz Beograda. <\/p>\n<p>Na sve\u010danosti otvaranja festivala nastupili su prijedorski horovi Srpsko pravoslavno crkveno pjeva\u010dko dru\u0161tvo &#8220;Vila&#8221; i &#8220;Vilenjak&#8221;, koji okuplja djecu pred\u0161kolskog uzrasta. <\/p>\n<p>&#8220;Zlatnom vilom&#8221; po\u010dele su ovogodi\u0161nje majske sve\u010danosti povodom 16. maja, Dana grada, a odr\u017eava se u znaku dva jubileja &#8211; 15 godina festivala i 130 godina horskog pjevanja u gradu na Sani.<\/p>\n<p>Za vrhunske domete u horskom pjevanju ve\u010deras \u0107e biti dodijeljena plaketa &#8220;Zlatna vila&#8221; i nov\u010dana nagrada od 5.000 KM, hor koji osvoji nagradu publike dobi\u0107e i nov\u010danu nagradu od 1.500 KM. <\/p>\n<p>\u017diri ima mogu\u0107nost da dodijeli pet posebnih priznanja za neke od elemenata horskog pjevanja &#8211; najbolja izvedba savremenog, doma\u0107eg, duhovnog i djela starog majstora, te inovacija i virtuoznost u interpretaciji. <\/p>\n<p>U dvadesetminutnom nastupu svaki hor izvodi po pet kompozicija &#8211; djelo starog majstora, savremeno djelo iz 20. vijeka, djelo jednog srpskog i jednog doma\u0107eg autora, kao i djelo po slobodnom izboru. <\/p>\n<p>Nastupe ocjenjuje \u017eiri u sastavu predsjednik Darinka Mati\u0107-Marovi\u0107 iz Beograda i \u010dlanovi Vladimir Kranj\u010devi\u0107 iz Zagreba i Svetislav Bo\u017ei\u0107 iz Beograda. <\/p>\n<p>Izv\u0161rni pokrovitelj ovogodi\u0161nje &#8220;Zlatne vile&#8221; je grad Prijedor sa 50.000 KM, pokrovitelj Ministarstvo prosvjete i kulture Republike Srpske, generalni sponzor &#8220;Arselor Mital&#8221; Prijedor, a prijatelji festivala NLB Razvojna banka, keksara &#8220;Mira&#8221; i hotel &#8220;Prijedor&#8221;. <\/p>\n<p>Drugo festivalsko ve\u010de po\u010dinje u 19.30 \u010dasova u Pozori\u0161tu Prijedor. Na pole\u0111ini ulaznica od\u0161tampana su imena svih devet horova za glasove publike. <\/p>\n<p>Tekst \u2013 SRNA<br \/>\nFoto \u2013 Aleksandar Drakuli\u0107 \u2013 <a href=\"www.prijedordanas.com\" target=\"_blank\">www.prijedordanas.com<\/a><\/p>\n","protected":false},"excerpt":{"rendered":"<p>Nastupom \u010detiri hora u Prijedoru ve\u010deras se nastavlja 15. me\u0111unarodi festival horova &#8220;Zlatna vila&#8221; na kojem u dvije ve\u010deri nastupa devet horova iz Slovenije, Hrvatske, Srbije, Makedonije, Bugarske, \u010ce\u0161ke i [&hellip;]<\/p>\n","protected":false},"author":1,"featured_media":0,"comment_status":"closed","ping_status":"open","sticky":false,"template":"","format":"standard","meta":{"_monsterinsights_skip_tracking":false,"_monsterinsights_sitenote_active":false,"_monsterinsights_sitenote_note":"","_monsterinsights_sitenote_category":0,"footnotes":""},"categories":[6],"tags":[3237,3187,3239,3240,3238,3153,1009],"yoast_head":"<!-- This site is optimized with the Yoast SEO plugin v21.6 - https:\/\/yoast.com\/wordpress\/plugins\/seo\/ -->\n<title>VE\u010cERAS ZATVARANJE FESTIVALA HOROVA &quot;ZLATNA VILA&quot; - PrijedorDanas.com - Prijedorski gradski portal<\/title>\n<meta name=\"robots\" content=\"index, follow, max-snippet:-1, max-image-preview:large, max-video-preview:-1\" \/>\n<link rel=\"canonical\" href=\"https:\/\/www.prijedordanas.com\/?p=21917\" \/>\n<meta property=\"og:locale\" content=\"en_US\" \/>\n<meta property=\"og:type\" content=\"article\" \/>\n<meta property=\"og:title\" content=\"VE\u010cERAS ZATVARANJE FESTIVALA HOROVA &quot;ZLATNA VILA&quot; - PrijedorDanas.com - Prijedorski gradski portal\" \/>\n<meta property=\"og:description\" content=\"Nastupom \u010detiri hora u Prijedoru ve\u010deras se nastavlja 15. me\u0111unarodi festival horova &#8220;Zlatna vila&#8221; na kojem u dvije ve\u010deri nastupa devet horova iz Slovenije, Hrvatske, Srbije, Makedonije, Bugarske, \u010ce\u0161ke i [&hellip;]\" \/>\n<meta property=\"og:url\" content=\"https:\/\/www.prijedordanas.com\/?p=21917\" \/>\n<meta property=\"og:site_name\" content=\"PrijedorDanas.com - Prijedorski gradski portal\" \/>\n<meta property=\"article:publisher\" content=\"https:\/\/www.facebook.com\/PrijedorDanasCom\/\" \/>\n<meta property=\"article:published_time\" content=\"2015-05-09T14:44:10+00:00\" \/>\n<meta property=\"article:modified_time\" content=\"2015-05-09T14:47:16+00:00\" \/>\n<meta property=\"og:image\" content=\"https:\/\/www.prijedordanas.com\/wp-content\/uploads\/2015\/05\/zlatna-vila-2015-prvo-vece-5-300x199.jpg\" \/>\n<meta name=\"author\" content=\"admin\" \/>\n<meta name=\"twitter:card\" content=\"summary_large_image\" \/>\n<meta name=\"twitter:label1\" content=\"Written by\" \/>\n\t<meta name=\"twitter:data1\" content=\"admin\" \/>\n\t<meta name=\"twitter:label2\" content=\"Est. reading time\" \/>\n\t<meta name=\"twitter:data2\" content=\"2 minutes\" \/>\n<script type=\"application\/ld+json\" class=\"yoast-schema-graph\">{\"@context\":\"https:\/\/schema.org\",\"@graph\":[{\"@type\":\"Article\",\"@id\":\"https:\/\/www.prijedordanas.com\/?p=21917#article\",\"isPartOf\":{\"@id\":\"https:\/\/www.prijedordanas.com\/?p=21917\"},\"author\":{\"name\":\"admin\",\"@id\":\"https:\/\/www.prijedordanas.com\/#\/schema\/person\/4e08ccf29b506ca916ff86d46bb700e6\"},\"headline\":\"VE\u010cERAS ZATVARANJE FESTIVALA HOROVA &#8220;ZLATNA VILA&#8221;\",\"datePublished\":\"2015-05-09T14:44:10+00:00\",\"dateModified\":\"2015-05-09T14:47:16+00:00\",\"mainEntityOfPage\":{\"@id\":\"https:\/\/www.prijedordanas.com\/?p=21917\"},\"wordCount\":362,\"publisher\":{\"@id\":\"https:\/\/www.prijedordanas.com\/#organization\"},\"keywords\":[\"Djevoja\u010dki hor \\\"Evmolpeja\\\"\",\"festival\",\"hor \\\"Gortinija\\\"\",\"hor \\\"Kantika Leticija\\\"\",\"hor \\\"Rigovertikale\\\"\",\"horovi\",\"Zlatna vila\"],\"articleSection\":[\"Kultura\"],\"inLanguage\":\"en-US\"},{\"@type\":\"WebPage\",\"@id\":\"https:\/\/www.prijedordanas.com\/?p=21917\",\"url\":\"https:\/\/www.prijedordanas.com\/?p=21917\",\"name\":\"VE\u010cERAS ZATVARANJE FESTIVALA HOROVA \\\"ZLATNA VILA\\\" - PrijedorDanas.com - Prijedorski gradski portal\",\"isPartOf\":{\"@id\":\"https:\/\/www.prijedordanas.com\/#website\"},\"datePublished\":\"2015-05-09T14:44:10+00:00\",\"dateModified\":\"2015-05-09T14:47:16+00:00\",\"breadcrumb\":{\"@id\":\"https:\/\/www.prijedordanas.com\/?p=21917#breadcrumb\"},\"inLanguage\":\"en-US\",\"potentialAction\":[{\"@type\":\"ReadAction\",\"target\":[\"https:\/\/www.prijedordanas.com\/?p=21917\"]}]},{\"@type\":\"BreadcrumbList\",\"@id\":\"https:\/\/www.prijedordanas.com\/?p=21917#breadcrumb\",\"itemListElement\":[{\"@type\":\"ListItem\",\"position\":1,\"name\":\"Home\",\"item\":\"https:\/\/www.prijedordanas.com\/\"},{\"@type\":\"ListItem\",\"position\":2,\"name\":\"VE\u010cERAS ZATVARANJE FESTIVALA HOROVA &#8220;ZLATNA VILA&#8221;\"}]},{\"@type\":\"WebSite\",\"@id\":\"https:\/\/www.prijedordanas.com\/#website\",\"url\":\"https:\/\/www.prijedordanas.com\/\",\"name\":\"PrijedorDanas.com - Prijedorski gradski portal\",\"description\":\"Portal o doga\u0111anjima u gradu Prijedoru\",\"publisher\":{\"@id\":\"https:\/\/www.prijedordanas.com\/#organization\"},\"potentialAction\":[{\"@type\":\"SearchAction\",\"target\":{\"@type\":\"EntryPoint\",\"urlTemplate\":\"https:\/\/www.prijedordanas.com\/?s={search_term_string}\"},\"query-input\":\"required name=search_term_string\"}],\"inLanguage\":\"en-US\"},{\"@type\":\"Organization\",\"@id\":\"https:\/\/www.prijedordanas.com\/#organization\",\"name\":\"PrijedorDanas.com\",\"url\":\"https:\/\/www.prijedordanas.com\/\",\"logo\":{\"@type\":\"ImageObject\",\"inLanguage\":\"en-US\",\"@id\":\"https:\/\/www.prijedordanas.com\/#\/schema\/logo\/image\/\",\"url\":\"http:\/\/www.prijedordanas.com\/wp-content\/uploads\/2021\/12\/logopng.png\",\"contentUrl\":\"http:\/\/www.prijedordanas.com\/wp-content\/uploads\/2021\/12\/logopng.png\",\"width\":1019,\"height\":776,\"caption\":\"PrijedorDanas.com\"},\"image\":{\"@id\":\"https:\/\/www.prijedordanas.com\/#\/schema\/logo\/image\/\"},\"sameAs\":[\"https:\/\/www.facebook.com\/PrijedorDanasCom\/\"]},{\"@type\":\"Person\",\"@id\":\"https:\/\/www.prijedordanas.com\/#\/schema\/person\/4e08ccf29b506ca916ff86d46bb700e6\",\"name\":\"admin\",\"image\":{\"@type\":\"ImageObject\",\"inLanguage\":\"en-US\",\"@id\":\"https:\/\/www.prijedordanas.com\/#\/schema\/person\/image\/\",\"url\":\"https:\/\/secure.gravatar.com\/avatar\/1d3fc949d550f0b53a5f0d51e06dfd79?s=96&d=mm&r=g\",\"contentUrl\":\"https:\/\/secure.gravatar.com\/avatar\/1d3fc949d550f0b53a5f0d51e06dfd79?s=96&d=mm&r=g\",\"caption\":\"admin\"},\"url\":\"https:\/\/www.prijedordanas.com\/?author=1\"}]}<\/script>\n<!-- \/ Yoast SEO plugin. -->","yoast_head_json":{"title":"VE\u010cERAS ZATVARANJE FESTIVALA HOROVA \"ZLATNA VILA\" - PrijedorDanas.com - Prijedorski gradski portal","robots":{"index":"index","follow":"follow","max-snippet":"max-snippet:-1","max-image-preview":"max-image-preview:large","max-video-preview":"max-video-preview:-1"},"canonical":"https:\/\/www.prijedordanas.com\/?p=21917","og_locale":"en_US","og_type":"article","og_title":"VE\u010cERAS ZATVARANJE FESTIVALA HOROVA \"ZLATNA VILA\" - PrijedorDanas.com - Prijedorski gradski portal","og_description":"Nastupom \u010detiri hora u Prijedoru ve\u010deras se nastavlja 15. me\u0111unarodi festival horova &#8220;Zlatna vila&#8221; na kojem u dvije ve\u010deri nastupa devet horova iz Slovenije, Hrvatske, Srbije, Makedonije, Bugarske, \u010ce\u0161ke i [&hellip;]","og_url":"https:\/\/www.prijedordanas.com\/?p=21917","og_site_name":"PrijedorDanas.com - Prijedorski gradski portal","article_publisher":"https:\/\/www.facebook.com\/PrijedorDanasCom\/","article_published_time":"2015-05-09T14:44:10+00:00","article_modified_time":"2015-05-09T14:47:16+00:00","og_image":[{"url":"https:\/\/www.prijedordanas.com\/wp-content\/uploads\/2015\/05\/zlatna-vila-2015-prvo-vece-5-300x199.jpg"}],"author":"admin","twitter_card":"summary_large_image","twitter_misc":{"Written by":"admin","Est. reading time":"2 minutes"},"schema":{"@context":"https:\/\/schema.org","@graph":[{"@type":"Article","@id":"https:\/\/www.prijedordanas.com\/?p=21917#article","isPartOf":{"@id":"https:\/\/www.prijedordanas.com\/?p=21917"},"author":{"name":"admin","@id":"https:\/\/www.prijedordanas.com\/#\/schema\/person\/4e08ccf29b506ca916ff86d46bb700e6"},"headline":"VE\u010cERAS ZATVARANJE FESTIVALA HOROVA &#8220;ZLATNA VILA&#8221;","datePublished":"2015-05-09T14:44:10+00:00","dateModified":"2015-05-09T14:47:16+00:00","mainEntityOfPage":{"@id":"https:\/\/www.prijedordanas.com\/?p=21917"},"wordCount":362,"publisher":{"@id":"https:\/\/www.prijedordanas.com\/#organization"},"keywords":["Djevoja\u010dki hor \"Evmolpeja\"","festival","hor \"Gortinija\"","hor \"Kantika Leticija\"","hor \"Rigovertikale\"","horovi","Zlatna vila"],"articleSection":["Kultura"],"inLanguage":"en-US"},{"@type":"WebPage","@id":"https:\/\/www.prijedordanas.com\/?p=21917","url":"https:\/\/www.prijedordanas.com\/?p=21917","name":"VE\u010cERAS ZATVARANJE FESTIVALA HOROVA \"ZLATNA VILA\" - PrijedorDanas.com - Prijedorski gradski portal","isPartOf":{"@id":"https:\/\/www.prijedordanas.com\/#website"},"datePublished":"2015-05-09T14:44:10+00:00","dateModified":"2015-05-09T14:47:16+00:00","breadcrumb":{"@id":"https:\/\/www.prijedordanas.com\/?p=21917#breadcrumb"},"inLanguage":"en-US","potentialAction":[{"@type":"ReadAction","target":["https:\/\/www.prijedordanas.com\/?p=21917"]}]},{"@type":"BreadcrumbList","@id":"https:\/\/www.prijedordanas.com\/?p=21917#breadcrumb","itemListElement":[{"@type":"ListItem","position":1,"name":"Home","item":"https:\/\/www.prijedordanas.com\/"},{"@type":"ListItem","position":2,"name":"VE\u010cERAS ZATVARANJE FESTIVALA HOROVA &#8220;ZLATNA VILA&#8221;"}]},{"@type":"WebSite","@id":"https:\/\/www.prijedordanas.com\/#website","url":"https:\/\/www.prijedordanas.com\/","name":"PrijedorDanas.com - Prijedorski gradski portal","description":"Portal o doga\u0111anjima u gradu Prijedoru","publisher":{"@id":"https:\/\/www.prijedordanas.com\/#organization"},"potentialAction":[{"@type":"SearchAction","target":{"@type":"EntryPoint","urlTemplate":"https:\/\/www.prijedordanas.com\/?s={search_term_string}"},"query-input":"required name=search_term_string"}],"inLanguage":"en-US"},{"@type":"Organization","@id":"https:\/\/www.prijedordanas.com\/#organization","name":"PrijedorDanas.com","url":"https:\/\/www.prijedordanas.com\/","logo":{"@type":"ImageObject","inLanguage":"en-US","@id":"https:\/\/www.prijedordanas.com\/#\/schema\/logo\/image\/","url":"http:\/\/www.prijedordanas.com\/wp-content\/uploads\/2021\/12\/logopng.png","contentUrl":"http:\/\/www.prijedordanas.com\/wp-content\/uploads\/2021\/12\/logopng.png","width":1019,"height":776,"caption":"PrijedorDanas.com"},"image":{"@id":"https:\/\/www.prijedordanas.com\/#\/schema\/logo\/image\/"},"sameAs":["https:\/\/www.facebook.com\/PrijedorDanasCom\/"]},{"@type":"Person","@id":"https:\/\/www.prijedordanas.com\/#\/schema\/person\/4e08ccf29b506ca916ff86d46bb700e6","name":"admin","image":{"@type":"ImageObject","inLanguage":"en-US","@id":"https:\/\/www.prijedordanas.com\/#\/schema\/person\/image\/","url":"https:\/\/secure.gravatar.com\/avatar\/1d3fc949d550f0b53a5f0d51e06dfd79?s=96&d=mm&r=g","contentUrl":"https:\/\/secure.gravatar.com\/avatar\/1d3fc949d550f0b53a5f0d51e06dfd79?s=96&d=mm&r=g","caption":"admin"},"url":"https:\/\/www.prijedordanas.com\/?author=1"}]}},"_links":{"self":[{"href":"https:\/\/www.prijedordanas.com\/index.php?rest_route=\/wp\/v2\/posts\/21917"}],"collection":[{"href":"https:\/\/www.prijedordanas.com\/index.php?rest_route=\/wp\/v2\/posts"}],"about":[{"href":"https:\/\/www.prijedordanas.com\/index.php?rest_route=\/wp\/v2\/types\/post"}],"author":[{"embeddable":true,"href":"https:\/\/www.prijedordanas.com\/index.php?rest_route=\/wp\/v2\/users\/1"}],"replies":[{"embeddable":true,"href":"https:\/\/www.prijedordanas.com\/index.php?rest_route=%2Fwp%2Fv2%2Fcomments&post=21917"}],"version-history":[{"count":1,"href":"https:\/\/www.prijedordanas.com\/index.php?rest_route=\/wp\/v2\/posts\/21917\/revisions"}],"predecessor-version":[{"id":21918,"href":"https:\/\/www.prijedordanas.com\/index.php?rest_route=\/wp\/v2\/posts\/21917\/revisions\/21918"}],"wp:attachment":[{"href":"https:\/\/www.prijedordanas.com\/index.php?rest_route=%2Fwp%2Fv2%2Fmedia&parent=21917"}],"wp:term":[{"taxonomy":"category","embeddable":true,"href":"https:\/\/www.prijedordanas.com\/index.php?rest_route=%2Fwp%2Fv2%2Fcategories&post=21917"},{"taxonomy":"post_tag","embeddable":true,"href":"https:\/\/www.prijedordanas.com\/index.php?rest_route=%2Fwp%2Fv2%2Ftags&post=21917"}],"curies":[{"name":"wp","href":"https:\/\/api.w.org\/{rel}","templated":true}]}}