{"id":219113,"date":"2024-02-01T19:56:06","date_gmt":"2024-02-01T18:56:06","guid":{"rendered":"https:\/\/www.prijedordanas.com\/?p=219113"},"modified":"2024-02-01T19:56:06","modified_gmt":"2024-02-01T18:56:06","slug":"dom-zdravlja-prijedor-okupljanje-u-znak-podrske-napadnutom-kolegi-foto-video","status":"publish","type":"post","link":"https:\/\/www.prijedordanas.com\/?p=219113","title":{"rendered":"Dom zdravlja Prijedor: Okupljanje u znak podr\u0161ke napadnutom kolegi &#8211; FOTO\/VIDEO"},"content":{"rendered":"<p><a href=\"https:\/\/www.prijedordanas.com\/wp-content\/uploads\/2024\/02\/dom-zdravlja-prijedor-podrska-kolegi-1.jpg\"><img loading=\"lazy\" decoding=\"async\" class=\"alignleft size-medium wp-image-219119\" src=\"https:\/\/www.prijedordanas.com\/wp-content\/uploads\/2024\/02\/dom-zdravlja-prijedor-podrska-kolegi-1-300x225.jpg\" alt=\"\" width=\"300\" height=\"225\" srcset=\"https:\/\/www.prijedordanas.com\/wp-content\/uploads\/2024\/02\/dom-zdravlja-prijedor-podrska-kolegi-1-300x225.jpg 300w, https:\/\/www.prijedordanas.com\/wp-content\/uploads\/2024\/02\/dom-zdravlja-prijedor-podrska-kolegi-1-640x480.jpg 640w, https:\/\/www.prijedordanas.com\/wp-content\/uploads\/2024\/02\/dom-zdravlja-prijedor-podrska-kolegi-1.jpg 667w\" sizes=\"(max-width: 300px) 100vw, 300px\" \/><\/a>Radnici Doma zdravlja Prijedor okupili su se danas ispred prostorija hitne pomo\u0107i da javno pru\u017ee podr\u0161ku radnom kolegi kojeg je fizi\u010dki napao \u010dlan porodice pacijentkinje.<\/p>\n<p>Nadzorna sestra Slu\u017ebe hitne pomo\u0107i Radmila Gnjatovi\u0107 rekla je da su zdravstveni radnici \u010desto izlo\u017eeni verbalnim napadima i prijetnjama, ali da je fizi\u010dki napad bio previ\u0161e i za njih i da su zato i na ovaj na\u010din htjeli pru\u017eiti podr\u0161ku kolegi.<\/p>\n<p>&#8220;\u017delimo da skrenemo pa\u017enju stanovni\u0161tvu da smo mi tu zbog njih, da radimo svoj posao profesionalno koliko mo\u017eemo, da su nam ionako ote\u017eene uslovi rada, pogotovo ekipama hitne pomo\u0107i koje rade na terenu. Nalazimo se stvarno u svakakvim uslovima za rad, izla\u010dimo maksimum&#8221;, rekla je Gnjatovi\u0107eva novinarima u Prijedoru.<\/p>\n<p><a href=\"https:\/\/www.prijedordanas.com\/wp-content\/uploads\/2024\/02\/dom-zdravlja-prijedor-podrska-kolegi-10.jpg\"><img loading=\"lazy\" decoding=\"async\" class=\"alignleft size-medium wp-image-219121\" src=\"https:\/\/www.prijedordanas.com\/wp-content\/uploads\/2024\/02\/dom-zdravlja-prijedor-podrska-kolegi-10-300x225.jpg\" alt=\"\" width=\"300\" height=\"225\" srcset=\"https:\/\/www.prijedordanas.com\/wp-content\/uploads\/2024\/02\/dom-zdravlja-prijedor-podrska-kolegi-10-300x225.jpg 300w, https:\/\/www.prijedordanas.com\/wp-content\/uploads\/2024\/02\/dom-zdravlja-prijedor-podrska-kolegi-10-640x480.jpg 640w, https:\/\/www.prijedordanas.com\/wp-content\/uploads\/2024\/02\/dom-zdravlja-prijedor-podrska-kolegi-10.jpg 668w\" sizes=\"(max-width: 300px) 100vw, 300px\" \/><\/a>Predsjednik Udru\u017eenja medicinskih sestara i tehni\u010dara regije Prijedor Snje\u017eana Joki\u0107 rekla je da su zdravstveni radnici nakon ovog incidenta zabrinuti za svoju bezbjednost.<\/p>\n<p>&#8220;Incidenti nisu rijetki. Mi zdravstveni radnici izlo\u017eeni smo svakodnevno nekom vidu agresije, bilo verbalne, bilo u smislu prijetnje i mi to balansiramo kako znamo i umijemo, ali ovaj incident u Prijedoru zaista treba da bude pokreta\u010d da se ne\u0161to uradi radi na\u0161e ve\u0107e sigurnosti na radnim mjestima&#8221;, poru\u010dila je Joki\u0107eva.<\/p>\n<p>Predsjednik Strukovnog sindikata medicinskih sestara i tehni\u010dara Doma zdravlja Prijedor Snje\u017eana Dobrijevi\u0107 rekla je da su danas uz prijedorske medicinare kolege iz Trebinja, Bijeljine, Isto\u010dnog Sarajeva, Doboja, Prnjavora, Banjaluke, Gradi\u0161ke i O\u0161tre Luke.<\/p>\n<p><a href=\"https:\/\/www.prijedordanas.com\/wp-content\/uploads\/2024\/02\/dom-zdravlja-prijedor-podrska-kolegi-3.jpg\"><img loading=\"lazy\" decoding=\"async\" src=\"https:\/\/www.prijedordanas.com\/wp-content\/uploads\/2024\/02\/dom-zdravlja-prijedor-podrska-kolegi-3-300x200.jpg\" alt=\"\" width=\"300\" height=\"200\" class=\"alignleft size-medium wp-image-219122\" srcset=\"https:\/\/www.prijedordanas.com\/wp-content\/uploads\/2024\/02\/dom-zdravlja-prijedor-podrska-kolegi-3-300x200.jpg 300w, https:\/\/www.prijedordanas.com\/wp-content\/uploads\/2024\/02\/dom-zdravlja-prijedor-podrska-kolegi-3-480x320.jpg 480w, https:\/\/www.prijedordanas.com\/wp-content\/uploads\/2024\/02\/dom-zdravlja-prijedor-podrska-kolegi-3.jpg 600w\" sizes=\"(max-width: 300px) 100vw, 300px\" \/><\/a>&#8220;Poru\u010dujemo da \u0107emo kao sindikat uvijek stati iza ne samo svojih \u010dlanova, nego svih ljudi koji rade u zdravstvu da se ne bi ovakve incidentne situacije ponavljale. I posebnu poruku \u0161aljemo nadle\u017enim institucijama kojim smo u vi\u0161e navrata zajedno sa Strukovnim sindikatom doktora medicine poslali inicijativu da se svaki verbalni ili fizi\u010dki napad prema bilo kojim radniku zdravstvene ustanove okarakteri\u0161e kao krivi\u010dno djelo&#8221;, dodala je Dobrijevi\u0107eva.<\/p>\n<p>Policijska uprava Prijedor saop\u0161tila je ranije da \u0107e Okru\u017enom javnom tu\u017eila\u0161tvu dostaviti izvje\u0161taj protiv A.P. za po\u010dinjena krivi\u010dna djela ugro\u017eavanje sigurnosti i tjelesna povreda, nakon \u0161to je 27. januara u Domu zdravlja radniku Hitne pomo\u0107i uputio ozbiljne prijetnje po \u017eivot, a potom ga fizi\u010dki napao, nanijev\u0161i mu povrede.<\/p>\n<p>SRNA<\/p>\n<p><a href=\"https:\/\/www.prijedordanas.com\/wp-content\/uploads\/2024\/02\/dom-zdravlja-prijedor-podrska-kolegi-4.jpg\"><img loading=\"lazy\" decoding=\"async\" src=\"https:\/\/www.prijedordanas.com\/wp-content\/uploads\/2024\/02\/dom-zdravlja-prijedor-podrska-kolegi-4-300x200.jpg\" alt=\"\" width=\"300\" height=\"200\" class=\"alignleft size-medium wp-image-219123\" srcset=\"https:\/\/www.prijedordanas.com\/wp-content\/uploads\/2024\/02\/dom-zdravlja-prijedor-podrska-kolegi-4-300x200.jpg 300w, https:\/\/www.prijedordanas.com\/wp-content\/uploads\/2024\/02\/dom-zdravlja-prijedor-podrska-kolegi-4-480x320.jpg 480w, https:\/\/www.prijedordanas.com\/wp-content\/uploads\/2024\/02\/dom-zdravlja-prijedor-podrska-kolegi-4.jpg 600w\" sizes=\"(max-width: 300px) 100vw, 300px\" \/><\/a> <a href=\"https:\/\/www.prijedordanas.com\/wp-content\/uploads\/2024\/02\/dom-zdravlja-prijedor-podrska-kolegi-5.jpg\"><img loading=\"lazy\" decoding=\"async\" src=\"https:\/\/www.prijedordanas.com\/wp-content\/uploads\/2024\/02\/dom-zdravlja-prijedor-podrska-kolegi-5-300x200.jpg\" alt=\"\" width=\"300\" height=\"200\" class=\"alignleft size-medium wp-image-219124\" srcset=\"https:\/\/www.prijedordanas.com\/wp-content\/uploads\/2024\/02\/dom-zdravlja-prijedor-podrska-kolegi-5-300x200.jpg 300w, https:\/\/www.prijedordanas.com\/wp-content\/uploads\/2024\/02\/dom-zdravlja-prijedor-podrska-kolegi-5-480x320.jpg 480w, https:\/\/www.prijedordanas.com\/wp-content\/uploads\/2024\/02\/dom-zdravlja-prijedor-podrska-kolegi-5.jpg 600w\" sizes=\"(max-width: 300px) 100vw, 300px\" \/><\/a> <a href=\"https:\/\/www.prijedordanas.com\/wp-content\/uploads\/2024\/02\/dom-zdravlja-prijedor-podrska-kolegi-6.jpg\"><img loading=\"lazy\" decoding=\"async\" src=\"https:\/\/www.prijedordanas.com\/wp-content\/uploads\/2024\/02\/dom-zdravlja-prijedor-podrska-kolegi-6-300x200.jpg\" alt=\"\" width=\"300\" height=\"200\" class=\"alignleft size-medium wp-image-219125\" srcset=\"https:\/\/www.prijedordanas.com\/wp-content\/uploads\/2024\/02\/dom-zdravlja-prijedor-podrska-kolegi-6-300x200.jpg 300w, https:\/\/www.prijedordanas.com\/wp-content\/uploads\/2024\/02\/dom-zdravlja-prijedor-podrska-kolegi-6-480x320.jpg 480w, https:\/\/www.prijedordanas.com\/wp-content\/uploads\/2024\/02\/dom-zdravlja-prijedor-podrska-kolegi-6.jpg 600w\" sizes=\"(max-width: 300px) 100vw, 300px\" \/><\/a> <a href=\"https:\/\/www.prijedordanas.com\/wp-content\/uploads\/2024\/02\/dom-zdravlja-prijedor-podrska-kolegi-7.jpg\"><img loading=\"lazy\" decoding=\"async\" src=\"https:\/\/www.prijedordanas.com\/wp-content\/uploads\/2024\/02\/dom-zdravlja-prijedor-podrska-kolegi-7-300x200.jpg\" alt=\"\" width=\"300\" height=\"200\" class=\"alignleft size-medium wp-image-219126\" srcset=\"https:\/\/www.prijedordanas.com\/wp-content\/uploads\/2024\/02\/dom-zdravlja-prijedor-podrska-kolegi-7-300x200.jpg 300w, https:\/\/www.prijedordanas.com\/wp-content\/uploads\/2024\/02\/dom-zdravlja-prijedor-podrska-kolegi-7-480x320.jpg 480w, https:\/\/www.prijedordanas.com\/wp-content\/uploads\/2024\/02\/dom-zdravlja-prijedor-podrska-kolegi-7.jpg 600w\" sizes=\"(max-width: 300px) 100vw, 300px\" \/><\/a> <a href=\"https:\/\/www.prijedordanas.com\/wp-content\/uploads\/2024\/02\/dom-zdravlja-prijedor-podrska-kolegi-8.jpg\"><img loading=\"lazy\" decoding=\"async\" src=\"https:\/\/www.prijedordanas.com\/wp-content\/uploads\/2024\/02\/dom-zdravlja-prijedor-podrska-kolegi-8-300x200.jpg\" alt=\"\" width=\"300\" height=\"200\" class=\"alignleft size-medium wp-image-219127\" srcset=\"https:\/\/www.prijedordanas.com\/wp-content\/uploads\/2024\/02\/dom-zdravlja-prijedor-podrska-kolegi-8-300x200.jpg 300w, https:\/\/www.prijedordanas.com\/wp-content\/uploads\/2024\/02\/dom-zdravlja-prijedor-podrska-kolegi-8-480x320.jpg 480w, https:\/\/www.prijedordanas.com\/wp-content\/uploads\/2024\/02\/dom-zdravlja-prijedor-podrska-kolegi-8.jpg 600w\" sizes=\"(max-width: 300px) 100vw, 300px\" \/><\/a> <a href=\"https:\/\/www.prijedordanas.com\/wp-content\/uploads\/2024\/02\/dom-zdravlja-prijedor-podrska-kolegi-9.jpg\"><img loading=\"lazy\" decoding=\"async\" src=\"https:\/\/www.prijedordanas.com\/wp-content\/uploads\/2024\/02\/dom-zdravlja-prijedor-podrska-kolegi-9-300x200.jpg\" alt=\"\" width=\"300\" height=\"200\" class=\"alignleft size-medium wp-image-219128\" srcset=\"https:\/\/www.prijedordanas.com\/wp-content\/uploads\/2024\/02\/dom-zdravlja-prijedor-podrska-kolegi-9-300x200.jpg 300w, https:\/\/www.prijedordanas.com\/wp-content\/uploads\/2024\/02\/dom-zdravlja-prijedor-podrska-kolegi-9-480x320.jpg 480w, https:\/\/www.prijedordanas.com\/wp-content\/uploads\/2024\/02\/dom-zdravlja-prijedor-podrska-kolegi-9.jpg 600w\" sizes=\"(max-width: 300px) 100vw, 300px\" \/><\/a><\/p>\n<p><iframe loading=\"lazy\" style=\"border: none; overflow: hidden;\" src=\"https:\/\/www.facebook.com\/plugins\/video.php?height=314&amp;href=https%3A%2F%2Fwww.facebook.com%2FPrijedorDanasCom%2Fvideos%2F3615457262038285%2F&amp;show_text=false&amp;width=560&amp;t=0\" width=\"560\" height=\"314\" frameborder=\"0\" scrolling=\"no\" allowfullscreen=\"allowfullscreen\"><\/iframe><\/p>\n","protected":false},"excerpt":{"rendered":"<p>Radnici Doma zdravlja Prijedor okupili su se danas ispred prostorija hitne pomo\u0107i da javno pru\u017ee podr\u0161ku radnom kolegi kojeg je fizi\u010dki napao \u010dlan porodice pacijentkinje. Nadzorna sestra Slu\u017ebe hitne pomo\u0107i [&hellip;]<\/p>\n","protected":false},"author":1,"featured_media":0,"comment_status":"closed","ping_status":"open","sticky":false,"template":"","format":"standard","meta":{"_monsterinsights_skip_tracking":false,"_monsterinsights_sitenote_active":false,"_monsterinsights_sitenote_note":"","_monsterinsights_sitenote_category":0,"footnotes":""},"categories":[4],"tags":[],"yoast_head":"<!-- This site is optimized with the Yoast SEO plugin v21.6 - https:\/\/yoast.com\/wordpress\/plugins\/seo\/ -->\n<title>Dom zdravlja Prijedor: Okupljanje u znak podr\u0161ke napadnutom kolegi - FOTO\/VIDEO - PrijedorDanas.com - Prijedorski gradski portal<\/title>\n<meta name=\"robots\" content=\"index, follow, max-snippet:-1, max-image-preview:large, max-video-preview:-1\" \/>\n<link rel=\"canonical\" href=\"https:\/\/www.prijedordanas.com\/?p=219113\" \/>\n<meta property=\"og:locale\" content=\"en_US\" \/>\n<meta property=\"og:type\" content=\"article\" \/>\n<meta property=\"og:title\" content=\"Dom zdravlja Prijedor: Okupljanje u znak podr\u0161ke napadnutom kolegi - FOTO\/VIDEO - PrijedorDanas.com - Prijedorski gradski portal\" \/>\n<meta property=\"og:description\" content=\"Radnici Doma zdravlja Prijedor okupili su se danas ispred prostorija hitne pomo\u0107i da javno pru\u017ee podr\u0161ku radnom kolegi kojeg je fizi\u010dki napao \u010dlan porodice pacijentkinje. Nadzorna sestra Slu\u017ebe hitne pomo\u0107i [&hellip;]\" \/>\n<meta property=\"og:url\" content=\"https:\/\/www.prijedordanas.com\/?p=219113\" \/>\n<meta property=\"og:site_name\" content=\"PrijedorDanas.com - Prijedorski gradski portal\" \/>\n<meta property=\"article:publisher\" content=\"https:\/\/www.facebook.com\/PrijedorDanasCom\/\" \/>\n<meta property=\"article:published_time\" content=\"2024-02-01T18:56:06+00:00\" \/>\n<meta property=\"og:image\" content=\"https:\/\/www.prijedordanas.com\/wp-content\/uploads\/2024\/02\/dom-zdravlja-prijedor-podrska-kolegi-1-300x225.jpg\" \/>\n<meta name=\"author\" content=\"admin\" \/>\n<meta name=\"twitter:card\" content=\"summary_large_image\" \/>\n<meta name=\"twitter:label1\" content=\"Written by\" \/>\n\t<meta name=\"twitter:data1\" content=\"admin\" \/>\n\t<meta name=\"twitter:label2\" content=\"Est. reading time\" \/>\n\t<meta name=\"twitter:data2\" content=\"2 minutes\" \/>\n<script type=\"application\/ld+json\" class=\"yoast-schema-graph\">{\"@context\":\"https:\/\/schema.org\",\"@graph\":[{\"@type\":\"Article\",\"@id\":\"https:\/\/www.prijedordanas.com\/?p=219113#article\",\"isPartOf\":{\"@id\":\"https:\/\/www.prijedordanas.com\/?p=219113\"},\"author\":{\"name\":\"admin\",\"@id\":\"https:\/\/www.prijedordanas.com\/#\/schema\/person\/4e08ccf29b506ca916ff86d46bb700e6\"},\"headline\":\"Dom zdravlja Prijedor: Okupljanje u znak podr\u0161ke napadnutom kolegi &#8211; FOTO\/VIDEO\",\"datePublished\":\"2024-02-01T18:56:06+00:00\",\"dateModified\":\"2024-02-01T18:56:06+00:00\",\"mainEntityOfPage\":{\"@id\":\"https:\/\/www.prijedordanas.com\/?p=219113\"},\"wordCount\":400,\"publisher\":{\"@id\":\"https:\/\/www.prijedordanas.com\/#organization\"},\"articleSection\":[\"Dru\u0161tvo\"],\"inLanguage\":\"en-US\"},{\"@type\":\"WebPage\",\"@id\":\"https:\/\/www.prijedordanas.com\/?p=219113\",\"url\":\"https:\/\/www.prijedordanas.com\/?p=219113\",\"name\":\"Dom zdravlja Prijedor: Okupljanje u znak podr\u0161ke napadnutom kolegi - FOTO\/VIDEO - PrijedorDanas.com - Prijedorski gradski portal\",\"isPartOf\":{\"@id\":\"https:\/\/www.prijedordanas.com\/#website\"},\"datePublished\":\"2024-02-01T18:56:06+00:00\",\"dateModified\":\"2024-02-01T18:56:06+00:00\",\"breadcrumb\":{\"@id\":\"https:\/\/www.prijedordanas.com\/?p=219113#breadcrumb\"},\"inLanguage\":\"en-US\",\"potentialAction\":[{\"@type\":\"ReadAction\",\"target\":[\"https:\/\/www.prijedordanas.com\/?p=219113\"]}]},{\"@type\":\"BreadcrumbList\",\"@id\":\"https:\/\/www.prijedordanas.com\/?p=219113#breadcrumb\",\"itemListElement\":[{\"@type\":\"ListItem\",\"position\":1,\"name\":\"Home\",\"item\":\"https:\/\/www.prijedordanas.com\/\"},{\"@type\":\"ListItem\",\"position\":2,\"name\":\"Dom zdravlja Prijedor: Okupljanje u znak podr\u0161ke napadnutom kolegi &#8211; FOTO\/VIDEO\"}]},{\"@type\":\"WebSite\",\"@id\":\"https:\/\/www.prijedordanas.com\/#website\",\"url\":\"https:\/\/www.prijedordanas.com\/\",\"name\":\"PrijedorDanas.com - Prijedorski gradski portal\",\"description\":\"Portal o doga\u0111anjima u gradu Prijedoru\",\"publisher\":{\"@id\":\"https:\/\/www.prijedordanas.com\/#organization\"},\"potentialAction\":[{\"@type\":\"SearchAction\",\"target\":{\"@type\":\"EntryPoint\",\"urlTemplate\":\"https:\/\/www.prijedordanas.com\/?s={search_term_string}\"},\"query-input\":\"required name=search_term_string\"}],\"inLanguage\":\"en-US\"},{\"@type\":\"Organization\",\"@id\":\"https:\/\/www.prijedordanas.com\/#organization\",\"name\":\"PrijedorDanas.com\",\"url\":\"https:\/\/www.prijedordanas.com\/\",\"logo\":{\"@type\":\"ImageObject\",\"inLanguage\":\"en-US\",\"@id\":\"https:\/\/www.prijedordanas.com\/#\/schema\/logo\/image\/\",\"url\":\"http:\/\/www.prijedordanas.com\/wp-content\/uploads\/2021\/12\/logopng.png\",\"contentUrl\":\"http:\/\/www.prijedordanas.com\/wp-content\/uploads\/2021\/12\/logopng.png\",\"width\":1019,\"height\":776,\"caption\":\"PrijedorDanas.com\"},\"image\":{\"@id\":\"https:\/\/www.prijedordanas.com\/#\/schema\/logo\/image\/\"},\"sameAs\":[\"https:\/\/www.facebook.com\/PrijedorDanasCom\/\"]},{\"@type\":\"Person\",\"@id\":\"https:\/\/www.prijedordanas.com\/#\/schema\/person\/4e08ccf29b506ca916ff86d46bb700e6\",\"name\":\"admin\",\"image\":{\"@type\":\"ImageObject\",\"inLanguage\":\"en-US\",\"@id\":\"https:\/\/www.prijedordanas.com\/#\/schema\/person\/image\/\",\"url\":\"https:\/\/secure.gravatar.com\/avatar\/1d3fc949d550f0b53a5f0d51e06dfd79?s=96&d=mm&r=g\",\"contentUrl\":\"https:\/\/secure.gravatar.com\/avatar\/1d3fc949d550f0b53a5f0d51e06dfd79?s=96&d=mm&r=g\",\"caption\":\"admin\"},\"url\":\"https:\/\/www.prijedordanas.com\/?author=1\"}]}<\/script>\n<!-- \/ Yoast SEO plugin. -->","yoast_head_json":{"title":"Dom zdravlja Prijedor: Okupljanje u znak podr\u0161ke napadnutom kolegi - FOTO\/VIDEO - PrijedorDanas.com - Prijedorski gradski portal","robots":{"index":"index","follow":"follow","max-snippet":"max-snippet:-1","max-image-preview":"max-image-preview:large","max-video-preview":"max-video-preview:-1"},"canonical":"https:\/\/www.prijedordanas.com\/?p=219113","og_locale":"en_US","og_type":"article","og_title":"Dom zdravlja Prijedor: Okupljanje u znak podr\u0161ke napadnutom kolegi - FOTO\/VIDEO - PrijedorDanas.com - Prijedorski gradski portal","og_description":"Radnici Doma zdravlja Prijedor okupili su se danas ispred prostorija hitne pomo\u0107i da javno pru\u017ee podr\u0161ku radnom kolegi kojeg je fizi\u010dki napao \u010dlan porodice pacijentkinje. Nadzorna sestra Slu\u017ebe hitne pomo\u0107i [&hellip;]","og_url":"https:\/\/www.prijedordanas.com\/?p=219113","og_site_name":"PrijedorDanas.com - Prijedorski gradski portal","article_publisher":"https:\/\/www.facebook.com\/PrijedorDanasCom\/","article_published_time":"2024-02-01T18:56:06+00:00","og_image":[{"url":"https:\/\/www.prijedordanas.com\/wp-content\/uploads\/2024\/02\/dom-zdravlja-prijedor-podrska-kolegi-1-300x225.jpg"}],"author":"admin","twitter_card":"summary_large_image","twitter_misc":{"Written by":"admin","Est. reading time":"2 minutes"},"schema":{"@context":"https:\/\/schema.org","@graph":[{"@type":"Article","@id":"https:\/\/www.prijedordanas.com\/?p=219113#article","isPartOf":{"@id":"https:\/\/www.prijedordanas.com\/?p=219113"},"author":{"name":"admin","@id":"https:\/\/www.prijedordanas.com\/#\/schema\/person\/4e08ccf29b506ca916ff86d46bb700e6"},"headline":"Dom zdravlja Prijedor: Okupljanje u znak podr\u0161ke napadnutom kolegi &#8211; FOTO\/VIDEO","datePublished":"2024-02-01T18:56:06+00:00","dateModified":"2024-02-01T18:56:06+00:00","mainEntityOfPage":{"@id":"https:\/\/www.prijedordanas.com\/?p=219113"},"wordCount":400,"publisher":{"@id":"https:\/\/www.prijedordanas.com\/#organization"},"articleSection":["Dru\u0161tvo"],"inLanguage":"en-US"},{"@type":"WebPage","@id":"https:\/\/www.prijedordanas.com\/?p=219113","url":"https:\/\/www.prijedordanas.com\/?p=219113","name":"Dom zdravlja Prijedor: Okupljanje u znak podr\u0161ke napadnutom kolegi - FOTO\/VIDEO - PrijedorDanas.com - Prijedorski gradski portal","isPartOf":{"@id":"https:\/\/www.prijedordanas.com\/#website"},"datePublished":"2024-02-01T18:56:06+00:00","dateModified":"2024-02-01T18:56:06+00:00","breadcrumb":{"@id":"https:\/\/www.prijedordanas.com\/?p=219113#breadcrumb"},"inLanguage":"en-US","potentialAction":[{"@type":"ReadAction","target":["https:\/\/www.prijedordanas.com\/?p=219113"]}]},{"@type":"BreadcrumbList","@id":"https:\/\/www.prijedordanas.com\/?p=219113#breadcrumb","itemListElement":[{"@type":"ListItem","position":1,"name":"Home","item":"https:\/\/www.prijedordanas.com\/"},{"@type":"ListItem","position":2,"name":"Dom zdravlja Prijedor: Okupljanje u znak podr\u0161ke napadnutom kolegi &#8211; FOTO\/VIDEO"}]},{"@type":"WebSite","@id":"https:\/\/www.prijedordanas.com\/#website","url":"https:\/\/www.prijedordanas.com\/","name":"PrijedorDanas.com - Prijedorski gradski portal","description":"Portal o doga\u0111anjima u gradu Prijedoru","publisher":{"@id":"https:\/\/www.prijedordanas.com\/#organization"},"potentialAction":[{"@type":"SearchAction","target":{"@type":"EntryPoint","urlTemplate":"https:\/\/www.prijedordanas.com\/?s={search_term_string}"},"query-input":"required name=search_term_string"}],"inLanguage":"en-US"},{"@type":"Organization","@id":"https:\/\/www.prijedordanas.com\/#organization","name":"PrijedorDanas.com","url":"https:\/\/www.prijedordanas.com\/","logo":{"@type":"ImageObject","inLanguage":"en-US","@id":"https:\/\/www.prijedordanas.com\/#\/schema\/logo\/image\/","url":"http:\/\/www.prijedordanas.com\/wp-content\/uploads\/2021\/12\/logopng.png","contentUrl":"http:\/\/www.prijedordanas.com\/wp-content\/uploads\/2021\/12\/logopng.png","width":1019,"height":776,"caption":"PrijedorDanas.com"},"image":{"@id":"https:\/\/www.prijedordanas.com\/#\/schema\/logo\/image\/"},"sameAs":["https:\/\/www.facebook.com\/PrijedorDanasCom\/"]},{"@type":"Person","@id":"https:\/\/www.prijedordanas.com\/#\/schema\/person\/4e08ccf29b506ca916ff86d46bb700e6","name":"admin","image":{"@type":"ImageObject","inLanguage":"en-US","@id":"https:\/\/www.prijedordanas.com\/#\/schema\/person\/image\/","url":"https:\/\/secure.gravatar.com\/avatar\/1d3fc949d550f0b53a5f0d51e06dfd79?s=96&d=mm&r=g","contentUrl":"https:\/\/secure.gravatar.com\/avatar\/1d3fc949d550f0b53a5f0d51e06dfd79?s=96&d=mm&r=g","caption":"admin"},"url":"https:\/\/www.prijedordanas.com\/?author=1"}]}},"_links":{"self":[{"href":"https:\/\/www.prijedordanas.com\/index.php?rest_route=\/wp\/v2\/posts\/219113"}],"collection":[{"href":"https:\/\/www.prijedordanas.com\/index.php?rest_route=\/wp\/v2\/posts"}],"about":[{"href":"https:\/\/www.prijedordanas.com\/index.php?rest_route=\/wp\/v2\/types\/post"}],"author":[{"embeddable":true,"href":"https:\/\/www.prijedordanas.com\/index.php?rest_route=\/wp\/v2\/users\/1"}],"replies":[{"embeddable":true,"href":"https:\/\/www.prijedordanas.com\/index.php?rest_route=%2Fwp%2Fv2%2Fcomments&post=219113"}],"version-history":[{"count":2,"href":"https:\/\/www.prijedordanas.com\/index.php?rest_route=\/wp\/v2\/posts\/219113\/revisions"}],"predecessor-version":[{"id":219129,"href":"https:\/\/www.prijedordanas.com\/index.php?rest_route=\/wp\/v2\/posts\/219113\/revisions\/219129"}],"wp:attachment":[{"href":"https:\/\/www.prijedordanas.com\/index.php?rest_route=%2Fwp%2Fv2%2Fmedia&parent=219113"}],"wp:term":[{"taxonomy":"category","embeddable":true,"href":"https:\/\/www.prijedordanas.com\/index.php?rest_route=%2Fwp%2Fv2%2Fcategories&post=219113"},{"taxonomy":"post_tag","embeddable":true,"href":"https:\/\/www.prijedordanas.com\/index.php?rest_route=%2Fwp%2Fv2%2Ftags&post=219113"}],"curies":[{"name":"wp","href":"https:\/\/api.w.org\/{rel}","templated":true}]}}