{"id":218987,"date":"2024-01-30T22:15:20","date_gmt":"2024-01-30T21:15:20","guid":{"rendered":"https:\/\/www.prijedordanas.com\/?p=218987"},"modified":"2024-01-30T22:15:20","modified_gmt":"2024-01-30T21:15:20","slug":"zavrseni-radovi-na-zamjeni-parketa-prijedorska-dvorana-za-sportiste-spremna-od-ponedjeljka-foto-video","status":"publish","type":"post","link":"https:\/\/www.prijedordanas.com\/?p=218987","title":{"rendered":"Zavr\u0161eni radovi na zamjeni parketa, prijedorska dvorana za sportiste spremna od ponedjeljka &#8211; FOTO\/VIDEO"},"content":{"rendered":"<p><a href=\"https:\/\/www.prijedordanas.com\/wp-content\/uploads\/2024\/01\/dvorana-mladost-novi-parket-1.jpg\"><img loading=\"lazy\" decoding=\"async\" class=\"alignleft size-medium wp-image-218988\" src=\"https:\/\/www.prijedordanas.com\/wp-content\/uploads\/2024\/01\/dvorana-mladost-novi-parket-1-300x225.jpg\" alt=\"\" width=\"300\" height=\"225\" srcset=\"https:\/\/www.prijedordanas.com\/wp-content\/uploads\/2024\/01\/dvorana-mladost-novi-parket-1-300x225.jpg 300w, https:\/\/www.prijedordanas.com\/wp-content\/uploads\/2024\/01\/dvorana-mladost-novi-parket-1-640x480.jpg 640w, https:\/\/www.prijedordanas.com\/wp-content\/uploads\/2024\/01\/dvorana-mladost-novi-parket-1.jpg 667w\" sizes=\"(max-width: 300px) 100vw, 300px\" \/><\/a>Gradona\u010delnik Slobodan Javor ozvani\u010dio je danas zavr\u0161etak radova na zamjeni parketa u Sportskoj dvorani &#8220;Mladost&#8221;.<\/p>\n<p>Javor je novinarima izjavio da je za zamjenu parketa u Sportskoj dvorani &#8220;Mladost&#8221; predsjednik Republike Srpske obezbijedio 200.000 KM, a grad Prijedor 45.000 KM i da su radovi okon\u010dani. On je naveo da je ovo prva potpuna rekonstrukcija i zamjena parketa i podkonstrukcije u dvorani koja je sagra\u0111ena 1976. godine.<\/p>\n<p>&#8220;Drago mi je \u0161to smo uspjeli za relativno kratko vrijeme zavr\u0161iti ovaj posao koji nije bio nimalo lagan. Ovu dvoranu koriste \u010detiri srednje \u0161kole za nastavu fizi\u010dkog i vi\u0161e od 15 sportskih kolektiva i njima se tako\u0111e zahvaljujem na razumijevanju&#8221;, rekao je Javor.<\/p>\n<p><a href=\"https:\/\/www.prijedordanas.com\/wp-content\/uploads\/2024\/01\/dvorana-mladost-novi-parket-2.jpg\"><img loading=\"lazy\" decoding=\"async\" class=\"alignleft size-medium wp-image-218989\" src=\"https:\/\/www.prijedordanas.com\/wp-content\/uploads\/2024\/01\/dvorana-mladost-novi-parket-2-300x225.jpg\" alt=\"\" width=\"300\" height=\"225\" srcset=\"https:\/\/www.prijedordanas.com\/wp-content\/uploads\/2024\/01\/dvorana-mladost-novi-parket-2-300x225.jpg 300w, https:\/\/www.prijedordanas.com\/wp-content\/uploads\/2024\/01\/dvorana-mladost-novi-parket-2-640x480.jpg 640w, https:\/\/www.prijedordanas.com\/wp-content\/uploads\/2024\/01\/dvorana-mladost-novi-parket-2.jpg 667w\" sizes=\"(max-width: 300px) 100vw, 300px\" \/><\/a>On je ponovio da je grad opredijeljen za razvoj sporta i najavio da \u0107e idu\u0107e sedmice biti raspisan tender za fiskulturnu salu u Gomjenici za podru\u010dno odjeljenje Osnovne \u0161kole &#8220;Branko \u0106opi\u0107&#8221; te dodao da \u0107e to biti manja dvorana koju \u0107e mo\u0107i da koriste mje\u0161tani.<\/p>\n<p>Direktorica Sportske dvorane &#8220;Mladost&#8221; Tijana Bereta Jaci\u0161in rekla je da je u mladost ovdje igrala rukomet i da je jako zadovoljna \u0161to je dvorana kona\u010dno dobila pravu podlogu.<\/p>\n<p>&#8220;Rje\u0161avamo jedan po jedan problem. moramo jednostavno odrediti prioritete. Ja se nadam da \u0107e ovaj hram sporta u gradu Prijedoru kroz nekih godinu i po dana dobiti svoje pravo svjetlo&#8221;, dodala je Bereta Jaci\u0161in.<\/p>\n<p>Predsjednica Aktiva direktora srednjih \u0161kola regije Prijedor Dra\u017eena Mr\u0161i\u0107 rekla je da u\u010denici \u010detiri srednje \u0161kole od novembra do aprila koriste ovu dvoranu za izvo\u0111enje redovne nastave fizi\u010dkog vaspitanja, te da se ovdje organizuju i \u0161kolska takmi\u010denja na op\u0161tinskom, regionalnom i republi\u010dkom nivou, ali i male olimpijske igre.<\/p>\n<p><a href=\"https:\/\/www.prijedordanas.com\/wp-content\/uploads\/2024\/01\/dvorana-mladost-novi-parket-3.jpg\"><img loading=\"lazy\" decoding=\"async\" src=\"https:\/\/www.prijedordanas.com\/wp-content\/uploads\/2024\/01\/dvorana-mladost-novi-parket-3-300x225.jpg\" alt=\"\" width=\"300\" height=\"225\" class=\"alignleft size-medium wp-image-218990\" srcset=\"https:\/\/www.prijedordanas.com\/wp-content\/uploads\/2024\/01\/dvorana-mladost-novi-parket-3-300x225.jpg 300w, https:\/\/www.prijedordanas.com\/wp-content\/uploads\/2024\/01\/dvorana-mladost-novi-parket-3-640x480.jpg 640w, https:\/\/www.prijedordanas.com\/wp-content\/uploads\/2024\/01\/dvorana-mladost-novi-parket-3.jpg 667w\" sizes=\"(max-width: 300px) 100vw, 300px\" \/><\/a>&#8220;Rekonstrukcija podloge je zato bila zna\u010dajna, \u0161to ostavlja prostor za rad i napredak kako \u0161kolskog tako i profesionalnog sporta. Fizi\u010dka aktivnost je sve manje prisutna u \u017eivotima mladih ljudi, a od izuzetnog je zna\u010daja za rast i razvoj djece i adolescenata, pa je Gradska uprava prepoznala taj problem i ovom investicijom obezbijedila adekvatnije uslove za izvo\u0111enje nastave, ali i 50.000 KM za razvoj \u0161kolskog sporta&#8221;, istakla je Mr\u0161i\u0107eva.<\/p>\n<p>Trener KK &#8220;Spartak&#8221; Danilo Palali\u0107 rekao je da je ovaj projekat izuzetno zna\u010dajan i da je kona\u010dno bilo vrijeme da se uradi ova dvorana.<\/p>\n<p>&#8220;Zaista izgleda fantasti\u010dno i lijepo. Mislim da \u0107e ovo popraviti znatno uslove, bez dobrih uslova nema ni dobrih rezultata i mislim da je ovo bilo neophodno za grad Prijedor&#8221;, dodao je Palali\u0107.<\/p>\n<p>Trener OK Prijedor Vlado Vukovi\u0107 rekao je da je sada mnogo urednije i kvalitetnije nego ranije \u0161to je bilo.<\/p>\n<p>&#8220;Ako ho\u0107ete neki rezultat, onda morate dati ljudima i uslove. A ovo je, ja mislim, jedan od preduslova da se do\u0111e do nekih vrhunskih rezultata. Tako da mislim da \u0107e to doprinijeti i nadam se iskreno da \u0107e jo\u0161 neko u\u0107i u Premijer ligu&#8221;, naveo je Vukovi\u0107.<\/p>\n<p><a href=\"https:\/\/www.prijedorgrad.org\/sr-EU\/vijesti-sadrzaj.html?vid=19425\" target=\"_blank\" rel=\"noopener\">prijedorgrad.org<\/a><\/p>\n<p><a href=\"https:\/\/www.prijedordanas.com\/wp-content\/uploads\/2024\/01\/dvorana-mladost-novi-parket-4.jpg\"><img loading=\"lazy\" decoding=\"async\" src=\"https:\/\/www.prijedordanas.com\/wp-content\/uploads\/2024\/01\/dvorana-mladost-novi-parket-4-300x200.jpg\" alt=\"\" width=\"300\" height=\"200\" class=\"alignleft size-medium wp-image-218991\" srcset=\"https:\/\/www.prijedordanas.com\/wp-content\/uploads\/2024\/01\/dvorana-mladost-novi-parket-4-300x200.jpg 300w, https:\/\/www.prijedordanas.com\/wp-content\/uploads\/2024\/01\/dvorana-mladost-novi-parket-4-480x320.jpg 480w, https:\/\/www.prijedordanas.com\/wp-content\/uploads\/2024\/01\/dvorana-mladost-novi-parket-4.jpg 600w\" sizes=\"(max-width: 300px) 100vw, 300px\" \/><\/a> <a href=\"https:\/\/www.prijedordanas.com\/wp-content\/uploads\/2024\/01\/dvorana-mladost-novi-parket-6.jpg\"><img loading=\"lazy\" decoding=\"async\" src=\"https:\/\/www.prijedordanas.com\/wp-content\/uploads\/2024\/01\/dvorana-mladost-novi-parket-6-300x200.jpg\" alt=\"\" width=\"300\" height=\"200\" class=\"alignleft size-medium wp-image-218992\" srcset=\"https:\/\/www.prijedordanas.com\/wp-content\/uploads\/2024\/01\/dvorana-mladost-novi-parket-6-300x200.jpg 300w, https:\/\/www.prijedordanas.com\/wp-content\/uploads\/2024\/01\/dvorana-mladost-novi-parket-6-480x320.jpg 480w, https:\/\/www.prijedordanas.com\/wp-content\/uploads\/2024\/01\/dvorana-mladost-novi-parket-6.jpg 600w\" sizes=\"(max-width: 300px) 100vw, 300px\" \/><\/a> <a href=\"https:\/\/www.prijedordanas.com\/wp-content\/uploads\/2024\/01\/dvorana-mladost-novi-parket-7.jpg\"><img loading=\"lazy\" decoding=\"async\" src=\"https:\/\/www.prijedordanas.com\/wp-content\/uploads\/2024\/01\/dvorana-mladost-novi-parket-7-300x200.jpg\" alt=\"\" width=\"300\" height=\"200\" class=\"alignleft size-medium wp-image-218993\" srcset=\"https:\/\/www.prijedordanas.com\/wp-content\/uploads\/2024\/01\/dvorana-mladost-novi-parket-7-300x200.jpg 300w, https:\/\/www.prijedordanas.com\/wp-content\/uploads\/2024\/01\/dvorana-mladost-novi-parket-7-480x320.jpg 480w, https:\/\/www.prijedordanas.com\/wp-content\/uploads\/2024\/01\/dvorana-mladost-novi-parket-7.jpg 600w\" sizes=\"(max-width: 300px) 100vw, 300px\" \/><\/a> <a href=\"https:\/\/www.prijedordanas.com\/wp-content\/uploads\/2024\/01\/dvorana-mladost-novi-parket-5.jpg\"><img loading=\"lazy\" decoding=\"async\" src=\"https:\/\/www.prijedordanas.com\/wp-content\/uploads\/2024\/01\/dvorana-mladost-novi-parket-5-300x200.jpg\" alt=\"\" width=\"300\" height=\"200\" class=\"alignleft size-medium wp-image-218994\" srcset=\"https:\/\/www.prijedordanas.com\/wp-content\/uploads\/2024\/01\/dvorana-mladost-novi-parket-5-300x200.jpg 300w, https:\/\/www.prijedordanas.com\/wp-content\/uploads\/2024\/01\/dvorana-mladost-novi-parket-5-480x320.jpg 480w, https:\/\/www.prijedordanas.com\/wp-content\/uploads\/2024\/01\/dvorana-mladost-novi-parket-5.jpg 600w\" sizes=\"(max-width: 300px) 100vw, 300px\" \/><\/a> <a href=\"https:\/\/www.prijedordanas.com\/wp-content\/uploads\/2024\/01\/dvorana-mladost-novi-parket-8.jpg\"><img loading=\"lazy\" decoding=\"async\" src=\"https:\/\/www.prijedordanas.com\/wp-content\/uploads\/2024\/01\/dvorana-mladost-novi-parket-8-300x200.jpg\" alt=\"\" width=\"300\" height=\"200\" class=\"alignleft size-medium wp-image-218995\" srcset=\"https:\/\/www.prijedordanas.com\/wp-content\/uploads\/2024\/01\/dvorana-mladost-novi-parket-8-300x200.jpg 300w, https:\/\/www.prijedordanas.com\/wp-content\/uploads\/2024\/01\/dvorana-mladost-novi-parket-8-480x320.jpg 480w, https:\/\/www.prijedordanas.com\/wp-content\/uploads\/2024\/01\/dvorana-mladost-novi-parket-8.jpg 600w\" sizes=\"(max-width: 300px) 100vw, 300px\" \/><\/a><\/p>\n<p><iframe loading=\"lazy\" title=\"Prijedor: Novo ruho sportske dvorane &quot;Mladost&quot;\" width=\"500\" height=\"281\" src=\"https:\/\/www.youtube.com\/embed\/L7woIQv-eys?feature=oembed\" frameborder=\"0\" allow=\"accelerometer; autoplay; clipboard-write; encrypted-media; gyroscope; picture-in-picture; web-share\" allowfullscreen><\/iframe><\/p>\n","protected":false},"excerpt":{"rendered":"<p>Gradona\u010delnik Slobodan Javor ozvani\u010dio je danas zavr\u0161etak radova na zamjeni parketa u Sportskoj dvorani &#8220;Mladost&#8221;. Javor je novinarima izjavio da je za zamjenu parketa u Sportskoj dvorani &#8220;Mladost&#8221; predsjednik Republike [&hellip;]<\/p>\n","protected":false},"author":1,"featured_media":0,"comment_status":"closed","ping_status":"open","sticky":false,"template":"","format":"standard","meta":{"_monsterinsights_skip_tracking":false,"_monsterinsights_sitenote_active":false,"_monsterinsights_sitenote_note":"","_monsterinsights_sitenote_category":0,"footnotes":""},"categories":[4],"tags":[],"yoast_head":"<!-- This site is optimized with the Yoast SEO plugin v21.6 - https:\/\/yoast.com\/wordpress\/plugins\/seo\/ -->\n<title>Zavr\u0161eni radovi na zamjeni parketa, prijedorska dvorana za sportiste spremna od ponedjeljka - FOTO\/VIDEO - PrijedorDanas.com - Prijedorski gradski portal<\/title>\n<meta name=\"robots\" content=\"index, follow, max-snippet:-1, max-image-preview:large, max-video-preview:-1\" \/>\n<link rel=\"canonical\" href=\"https:\/\/www.prijedordanas.com\/?p=218987\" \/>\n<meta property=\"og:locale\" content=\"en_US\" \/>\n<meta property=\"og:type\" content=\"article\" \/>\n<meta property=\"og:title\" content=\"Zavr\u0161eni radovi na zamjeni parketa, prijedorska dvorana za sportiste spremna od ponedjeljka - FOTO\/VIDEO - PrijedorDanas.com - Prijedorski gradski portal\" \/>\n<meta property=\"og:description\" content=\"Gradona\u010delnik Slobodan Javor ozvani\u010dio je danas zavr\u0161etak radova na zamjeni parketa u Sportskoj dvorani &#8220;Mladost&#8221;. Javor je novinarima izjavio da je za zamjenu parketa u Sportskoj dvorani &#8220;Mladost&#8221; predsjednik Republike [&hellip;]\" \/>\n<meta property=\"og:url\" content=\"https:\/\/www.prijedordanas.com\/?p=218987\" \/>\n<meta property=\"og:site_name\" content=\"PrijedorDanas.com - Prijedorski gradski portal\" \/>\n<meta property=\"article:publisher\" content=\"https:\/\/www.facebook.com\/PrijedorDanasCom\/\" \/>\n<meta property=\"article:published_time\" content=\"2024-01-30T21:15:20+00:00\" \/>\n<meta property=\"og:image\" content=\"https:\/\/www.prijedordanas.com\/wp-content\/uploads\/2024\/01\/dvorana-mladost-novi-parket-1-300x225.jpg\" \/>\n<meta name=\"author\" content=\"admin\" \/>\n<meta name=\"twitter:card\" content=\"summary_large_image\" \/>\n<meta name=\"twitter:label1\" content=\"Written by\" \/>\n\t<meta name=\"twitter:data1\" content=\"admin\" \/>\n\t<meta name=\"twitter:label2\" content=\"Est. reading time\" \/>\n\t<meta name=\"twitter:data2\" content=\"3 minutes\" \/>\n<script type=\"application\/ld+json\" class=\"yoast-schema-graph\">{\"@context\":\"https:\/\/schema.org\",\"@graph\":[{\"@type\":\"Article\",\"@id\":\"https:\/\/www.prijedordanas.com\/?p=218987#article\",\"isPartOf\":{\"@id\":\"https:\/\/www.prijedordanas.com\/?p=218987\"},\"author\":{\"name\":\"admin\",\"@id\":\"https:\/\/www.prijedordanas.com\/#\/schema\/person\/4e08ccf29b506ca916ff86d46bb700e6\"},\"headline\":\"Zavr\u0161eni radovi na zamjeni parketa, prijedorska dvorana za sportiste spremna od ponedjeljka &#8211; FOTO\/VIDEO\",\"datePublished\":\"2024-01-30T21:15:20+00:00\",\"dateModified\":\"2024-01-30T21:15:20+00:00\",\"mainEntityOfPage\":{\"@id\":\"https:\/\/www.prijedordanas.com\/?p=218987\"},\"wordCount\":511,\"publisher\":{\"@id\":\"https:\/\/www.prijedordanas.com\/#organization\"},\"articleSection\":[\"Dru\u0161tvo\"],\"inLanguage\":\"en-US\"},{\"@type\":\"WebPage\",\"@id\":\"https:\/\/www.prijedordanas.com\/?p=218987\",\"url\":\"https:\/\/www.prijedordanas.com\/?p=218987\",\"name\":\"Zavr\u0161eni radovi na zamjeni parketa, prijedorska dvorana za sportiste spremna od ponedjeljka - FOTO\/VIDEO - PrijedorDanas.com - Prijedorski gradski portal\",\"isPartOf\":{\"@id\":\"https:\/\/www.prijedordanas.com\/#website\"},\"datePublished\":\"2024-01-30T21:15:20+00:00\",\"dateModified\":\"2024-01-30T21:15:20+00:00\",\"breadcrumb\":{\"@id\":\"https:\/\/www.prijedordanas.com\/?p=218987#breadcrumb\"},\"inLanguage\":\"en-US\",\"potentialAction\":[{\"@type\":\"ReadAction\",\"target\":[\"https:\/\/www.prijedordanas.com\/?p=218987\"]}]},{\"@type\":\"BreadcrumbList\",\"@id\":\"https:\/\/www.prijedordanas.com\/?p=218987#breadcrumb\",\"itemListElement\":[{\"@type\":\"ListItem\",\"position\":1,\"name\":\"Home\",\"item\":\"https:\/\/www.prijedordanas.com\/\"},{\"@type\":\"ListItem\",\"position\":2,\"name\":\"Zavr\u0161eni radovi na zamjeni parketa, prijedorska dvorana za sportiste spremna od ponedjeljka &#8211; FOTO\/VIDEO\"}]},{\"@type\":\"WebSite\",\"@id\":\"https:\/\/www.prijedordanas.com\/#website\",\"url\":\"https:\/\/www.prijedordanas.com\/\",\"name\":\"PrijedorDanas.com - Prijedorski gradski portal\",\"description\":\"Portal o doga\u0111anjima u gradu Prijedoru\",\"publisher\":{\"@id\":\"https:\/\/www.prijedordanas.com\/#organization\"},\"potentialAction\":[{\"@type\":\"SearchAction\",\"target\":{\"@type\":\"EntryPoint\",\"urlTemplate\":\"https:\/\/www.prijedordanas.com\/?s={search_term_string}\"},\"query-input\":\"required name=search_term_string\"}],\"inLanguage\":\"en-US\"},{\"@type\":\"Organization\",\"@id\":\"https:\/\/www.prijedordanas.com\/#organization\",\"name\":\"PrijedorDanas.com\",\"url\":\"https:\/\/www.prijedordanas.com\/\",\"logo\":{\"@type\":\"ImageObject\",\"inLanguage\":\"en-US\",\"@id\":\"https:\/\/www.prijedordanas.com\/#\/schema\/logo\/image\/\",\"url\":\"http:\/\/www.prijedordanas.com\/wp-content\/uploads\/2021\/12\/logopng.png\",\"contentUrl\":\"http:\/\/www.prijedordanas.com\/wp-content\/uploads\/2021\/12\/logopng.png\",\"width\":1019,\"height\":776,\"caption\":\"PrijedorDanas.com\"},\"image\":{\"@id\":\"https:\/\/www.prijedordanas.com\/#\/schema\/logo\/image\/\"},\"sameAs\":[\"https:\/\/www.facebook.com\/PrijedorDanasCom\/\"]},{\"@type\":\"Person\",\"@id\":\"https:\/\/www.prijedordanas.com\/#\/schema\/person\/4e08ccf29b506ca916ff86d46bb700e6\",\"name\":\"admin\",\"image\":{\"@type\":\"ImageObject\",\"inLanguage\":\"en-US\",\"@id\":\"https:\/\/www.prijedordanas.com\/#\/schema\/person\/image\/\",\"url\":\"https:\/\/secure.gravatar.com\/avatar\/1d3fc949d550f0b53a5f0d51e06dfd79?s=96&d=mm&r=g\",\"contentUrl\":\"https:\/\/secure.gravatar.com\/avatar\/1d3fc949d550f0b53a5f0d51e06dfd79?s=96&d=mm&r=g\",\"caption\":\"admin\"},\"url\":\"https:\/\/www.prijedordanas.com\/?author=1\"}]}<\/script>\n<!-- \/ Yoast SEO plugin. -->","yoast_head_json":{"title":"Zavr\u0161eni radovi na zamjeni parketa, prijedorska dvorana za sportiste spremna od ponedjeljka - FOTO\/VIDEO - PrijedorDanas.com - Prijedorski gradski portal","robots":{"index":"index","follow":"follow","max-snippet":"max-snippet:-1","max-image-preview":"max-image-preview:large","max-video-preview":"max-video-preview:-1"},"canonical":"https:\/\/www.prijedordanas.com\/?p=218987","og_locale":"en_US","og_type":"article","og_title":"Zavr\u0161eni radovi na zamjeni parketa, prijedorska dvorana za sportiste spremna od ponedjeljka - FOTO\/VIDEO - PrijedorDanas.com - Prijedorski gradski portal","og_description":"Gradona\u010delnik Slobodan Javor ozvani\u010dio je danas zavr\u0161etak radova na zamjeni parketa u Sportskoj dvorani &#8220;Mladost&#8221;. Javor je novinarima izjavio da je za zamjenu parketa u Sportskoj dvorani &#8220;Mladost&#8221; predsjednik Republike [&hellip;]","og_url":"https:\/\/www.prijedordanas.com\/?p=218987","og_site_name":"PrijedorDanas.com - Prijedorski gradski portal","article_publisher":"https:\/\/www.facebook.com\/PrijedorDanasCom\/","article_published_time":"2024-01-30T21:15:20+00:00","og_image":[{"url":"https:\/\/www.prijedordanas.com\/wp-content\/uploads\/2024\/01\/dvorana-mladost-novi-parket-1-300x225.jpg"}],"author":"admin","twitter_card":"summary_large_image","twitter_misc":{"Written by":"admin","Est. reading time":"3 minutes"},"schema":{"@context":"https:\/\/schema.org","@graph":[{"@type":"Article","@id":"https:\/\/www.prijedordanas.com\/?p=218987#article","isPartOf":{"@id":"https:\/\/www.prijedordanas.com\/?p=218987"},"author":{"name":"admin","@id":"https:\/\/www.prijedordanas.com\/#\/schema\/person\/4e08ccf29b506ca916ff86d46bb700e6"},"headline":"Zavr\u0161eni radovi na zamjeni parketa, prijedorska dvorana za sportiste spremna od ponedjeljka &#8211; FOTO\/VIDEO","datePublished":"2024-01-30T21:15:20+00:00","dateModified":"2024-01-30T21:15:20+00:00","mainEntityOfPage":{"@id":"https:\/\/www.prijedordanas.com\/?p=218987"},"wordCount":511,"publisher":{"@id":"https:\/\/www.prijedordanas.com\/#organization"},"articleSection":["Dru\u0161tvo"],"inLanguage":"en-US"},{"@type":"WebPage","@id":"https:\/\/www.prijedordanas.com\/?p=218987","url":"https:\/\/www.prijedordanas.com\/?p=218987","name":"Zavr\u0161eni radovi na zamjeni parketa, prijedorska dvorana za sportiste spremna od ponedjeljka - FOTO\/VIDEO - PrijedorDanas.com - Prijedorski gradski portal","isPartOf":{"@id":"https:\/\/www.prijedordanas.com\/#website"},"datePublished":"2024-01-30T21:15:20+00:00","dateModified":"2024-01-30T21:15:20+00:00","breadcrumb":{"@id":"https:\/\/www.prijedordanas.com\/?p=218987#breadcrumb"},"inLanguage":"en-US","potentialAction":[{"@type":"ReadAction","target":["https:\/\/www.prijedordanas.com\/?p=218987"]}]},{"@type":"BreadcrumbList","@id":"https:\/\/www.prijedordanas.com\/?p=218987#breadcrumb","itemListElement":[{"@type":"ListItem","position":1,"name":"Home","item":"https:\/\/www.prijedordanas.com\/"},{"@type":"ListItem","position":2,"name":"Zavr\u0161eni radovi na zamjeni parketa, prijedorska dvorana za sportiste spremna od ponedjeljka &#8211; FOTO\/VIDEO"}]},{"@type":"WebSite","@id":"https:\/\/www.prijedordanas.com\/#website","url":"https:\/\/www.prijedordanas.com\/","name":"PrijedorDanas.com - Prijedorski gradski portal","description":"Portal o doga\u0111anjima u gradu Prijedoru","publisher":{"@id":"https:\/\/www.prijedordanas.com\/#organization"},"potentialAction":[{"@type":"SearchAction","target":{"@type":"EntryPoint","urlTemplate":"https:\/\/www.prijedordanas.com\/?s={search_term_string}"},"query-input":"required name=search_term_string"}],"inLanguage":"en-US"},{"@type":"Organization","@id":"https:\/\/www.prijedordanas.com\/#organization","name":"PrijedorDanas.com","url":"https:\/\/www.prijedordanas.com\/","logo":{"@type":"ImageObject","inLanguage":"en-US","@id":"https:\/\/www.prijedordanas.com\/#\/schema\/logo\/image\/","url":"http:\/\/www.prijedordanas.com\/wp-content\/uploads\/2021\/12\/logopng.png","contentUrl":"http:\/\/www.prijedordanas.com\/wp-content\/uploads\/2021\/12\/logopng.png","width":1019,"height":776,"caption":"PrijedorDanas.com"},"image":{"@id":"https:\/\/www.prijedordanas.com\/#\/schema\/logo\/image\/"},"sameAs":["https:\/\/www.facebook.com\/PrijedorDanasCom\/"]},{"@type":"Person","@id":"https:\/\/www.prijedordanas.com\/#\/schema\/person\/4e08ccf29b506ca916ff86d46bb700e6","name":"admin","image":{"@type":"ImageObject","inLanguage":"en-US","@id":"https:\/\/www.prijedordanas.com\/#\/schema\/person\/image\/","url":"https:\/\/secure.gravatar.com\/avatar\/1d3fc949d550f0b53a5f0d51e06dfd79?s=96&d=mm&r=g","contentUrl":"https:\/\/secure.gravatar.com\/avatar\/1d3fc949d550f0b53a5f0d51e06dfd79?s=96&d=mm&r=g","caption":"admin"},"url":"https:\/\/www.prijedordanas.com\/?author=1"}]}},"_links":{"self":[{"href":"https:\/\/www.prijedordanas.com\/index.php?rest_route=\/wp\/v2\/posts\/218987"}],"collection":[{"href":"https:\/\/www.prijedordanas.com\/index.php?rest_route=\/wp\/v2\/posts"}],"about":[{"href":"https:\/\/www.prijedordanas.com\/index.php?rest_route=\/wp\/v2\/types\/post"}],"author":[{"embeddable":true,"href":"https:\/\/www.prijedordanas.com\/index.php?rest_route=\/wp\/v2\/users\/1"}],"replies":[{"embeddable":true,"href":"https:\/\/www.prijedordanas.com\/index.php?rest_route=%2Fwp%2Fv2%2Fcomments&post=218987"}],"version-history":[{"count":1,"href":"https:\/\/www.prijedordanas.com\/index.php?rest_route=\/wp\/v2\/posts\/218987\/revisions"}],"predecessor-version":[{"id":218996,"href":"https:\/\/www.prijedordanas.com\/index.php?rest_route=\/wp\/v2\/posts\/218987\/revisions\/218996"}],"wp:attachment":[{"href":"https:\/\/www.prijedordanas.com\/index.php?rest_route=%2Fwp%2Fv2%2Fmedia&parent=218987"}],"wp:term":[{"taxonomy":"category","embeddable":true,"href":"https:\/\/www.prijedordanas.com\/index.php?rest_route=%2Fwp%2Fv2%2Fcategories&post=218987"},{"taxonomy":"post_tag","embeddable":true,"href":"https:\/\/www.prijedordanas.com\/index.php?rest_route=%2Fwp%2Fv2%2Ftags&post=218987"}],"curies":[{"name":"wp","href":"https:\/\/api.w.org\/{rel}","templated":true}]}}