{"id":218790,"date":"2024-01-28T09:58:42","date_gmt":"2024-01-28T08:58:42","guid":{"rendered":"https:\/\/www.prijedordanas.com\/?p=218790"},"modified":"2024-01-28T09:58:42","modified_gmt":"2024-01-28T08:58:42","slug":"anka-prvi-defektolog-tomislav-prvi-profesor-fizickog-u-prijedoru-radni-vijek-u-prosvjeti-a-u-braku-63-godine","status":"publish","type":"post","link":"https:\/\/www.prijedordanas.com\/?p=218790","title":{"rendered":"Anka prvi defektolog, Tomislav prvi profesor fizi\u010dkog u Prijedoru: Radni vijek u prosvjeti, a u braku 63 godine"},"content":{"rendered":"<p><a href=\"https:\/\/www.prijedordanas.com\/wp-content\/uploads\/2024\/01\/kozarski-pavici.jpg\"><img loading=\"lazy\" decoding=\"async\" src=\"https:\/\/www.prijedordanas.com\/wp-content\/uploads\/2024\/01\/kozarski-pavici-225x300.jpg\" alt=\"\" width=\"225\" height=\"300\" class=\"alignleft size-medium wp-image-218792\" srcset=\"https:\/\/www.prijedordanas.com\/wp-content\/uploads\/2024\/01\/kozarski-pavici-225x300.jpg 225w, https:\/\/www.prijedordanas.com\/wp-content\/uploads\/2024\/01\/kozarski-pavici.jpg 450w\" sizes=\"(max-width: 225px) 100vw, 225px\" \/><\/a>Anka (88) i Tomislav (87) Pavi\u0107, po mnogo \u010demu su ostali zapam\u0107eni u prosvjeti. U braku su 63 godine, tokom kojeg su stekli sinove Gorana i Danila. Kako ka\u017eu, bila je to l\u0458ubav na prvi pogled, a povezivale su ih i  sli\u010dne sklonosti te zajedni\u010dka l\u0458ubav prema \u0161koli i \u0111acima<\/p>\n<p>Anka je odrasla pored Zrenjanina, u malom vojvo\u0111anskom mjestu \u017diti\u0161te, a u\u010ditel\u0458sku \u0161kolu je zavr\u0161ila u Vr\u0161cu. Za vrijeme \u0161kolovanja, aktivno je svirala violinu, bila \u010dlan padobranske sekcije, golman rukometne sekcije, vol\u0458ela je pjevati u horu. Nakon zavr\u0161enog \u0161kolovanja, dolazi u podgrme\u010dko mjesto Budimli\u0107 Japra, gdje su vapili za u\u010ditel\u0458skim kadrom. Danas sa osmijehom ka\u017ee da je tad u Japri do\u010dekana kao da je engleska kral\u0458ica.<\/p>\n<p>\u201eU\u010ditel\u0458sku \u0161kolu u Vr\u0161cu sam poha\u0111ala pet godina. Nakon \u0161kolovanja, iako sam imala ponudu za posao u Vojvodini, odlu\u010dila sam da do\u0111em ovdje u na\u0161e krajeve, jer moja porodica vodi porijeklo iz Podgrme\u010da. Nisam se nikad pokajala\u201c, pri\u010da Anka i dodaje da je igra sudbine odlu\u010dila da tu upozna i supruga Tomislava, koji je u to vrijeme do\u0161ao iz vojske na 10 dana odmora.<\/p>\n<p>\u201eVidjela sam kad je i\u0161ao cestom i kroz glavu mi prolazi misao kako je visok, nao\u010dit (smijeh). Upoznamo se i on me pita da pro\u0161etamo do rijeke. Pristala sam odmah. Tako je po\u010delo i evo nas zajedno ve\u0107 63 godine\u201c, ka\u017ee ona.<\/p>\n<p>Slijedi nekoliko godina u\u010ditel\u0458skog rada u seoskom okru\u017eenju, gdje je tada bilo puno djece. Anka napominje da je kroz rad primijetila da ima puno vaspitno zapu\u0161tene djece i ulagala je, kako ka\u017ee, maksimalan trud da im pomogne. \u017divotni put je odvodi u Kozarac, gdje radi kao u\u010ditel\u0458ica, a Tomislav kao nastavnik fizi\u010dkog vaspitanja. Nakon vojske, a s obzirom da je obo\u017eavao atletiku i bio najbr\u017ei na takmi\u010denjima, odlu\u010dio je da upi\u0161e Vi\u0161u pedago\u0161ku \u0161kolu u Banjaluci na Odsjeku za fizi\u010dku kulturu, a potom, nakon nekoliko godina i DIF u Sarajevu. Postaje prvi profesor fizi\u010dkog vaspitanja u Prijedoru. Zavr\u0161io je srednju \u0161kolu u Karlovcu, gdje je upoznao mnogo mladi\u0107a i djevojaka, jer su \u0161kolu poha\u0111ali u\u010denici iz svih krajeva biv\u0161e Jugoslavije. Iako je Tomo prvobitno imao plan da studira matematiku, l\u0458ubav prema sportu, a posebno atletici, odvukla ga je na DIF.<\/p>\n<p>\u201eLjubav s Ankom bila je na prvi pogled. Definitivno. Imali smo iste afinitete, gajili l\u0458ubav prema \u0161koli i \u0111acima na neki istovjetan na\u010din. Nisam se nikad pokajao \u0161to sam se odlu\u010dio za zanimanje profesora fizi\u010dkog vaspitanja\u201c, isti\u010de Tomislav koji je nakon Kozarca po\u010deo raditi u \u0160koli u\u010denika u privredi.<\/p>\n<p>Anka pri\u010da da je O\u0160 \u201eRadmilo Stefanovi\u0107\u201c otvorena 1973. i nalazila se u sada\u0161njem objektu Muzi\u010dke \u0161kole. Po\u010dela je raditi kao prvi defektolog u ovoj \u0161koli i ka\u017ee da je sve godine radnog vijeka ispunila l\u0458ubavl\u0458u prema toj djeci.<\/p>\n<p>\u201ePosebna su to djeca. Ponekad dospiju u tu \u0161kolu samo zato \u0161to su bila izuzetno siroma\u0161na ili vaspitno jako zapu\u0161tena. Uglavnom su veoma  nadarena za razna zanimanja. Radilo se s njima s velikom posve\u0107eno\u0161\u0107u\u201c, navodi Anka.<\/p>\n<p>I dok je Tomislav radio pomalo u prijedorskoj gimnaziji, pa u \u0160koli u\u010denika u privredi, gajio je i l\u0458ubav prema fotografiji, a svirao je i gitaru. Radni vijek nastavl\u0458a u Ma\u0161inskoj \u0161koli gdje je i do\u010dekao penziju 2004. godine.<\/p>\n<p>Oboje tvrde da im je zajedni\u010dka l\u0458ubav prema prosvjetnom pozivu uticala i na brak, jer su uvijek imali zajedni\u010dke teme za razgovor. I danas ka\u017eu da, ako bi ponovo birali, sigurno bi izabrali isto.<\/p>\n<p>\u201ePoseban je to poziv. Veoma odgovoran, od djece dobijate mnogo l\u0458ubavi i pa\u017enje, ali im isto toliko i vra\u0107ate. Sve je bilo uzajamno. Profesor se veoma po\u0161tovao. U\u010ditel\u0458i, nastavnici. Vrijeme koje sam provela u \u0161koli je ispunjeno prekrasnim uspomenama\u201c, navodi Anka.<\/p>\n<p>Tomislav  je tako\u0111e zaslu\u017ean za osnivanje Atletskog kluba u Prijedoru. Zajedni\u010dka im je l\u0458ubav prema p\u010delarstvu. Tomislav se time bavi punih 50 godina. Ka\u017eu da su im, sasvim sigurno, p\u010delinji proizvodi produ\u017eili \u017eivotni vijek, te su i u poznim godinama pokretni i vitalni. Tomislav \u0161al\u0458ivo ka\u017ee da mu je u 87. godini produ\u017eena voza\u010dka dozvola \u0161to, kako navodi, dovol\u0458no govori o njegovoj vitalnosti i zdravl\u0458u.<\/p>\n<p>KOMUNIKACIJA KLJU\u010c USPJE\u0160NOG BRAKA<\/p>\n<p>Pavi\u0107i poru\u010duju mladima da poziv koji odaberu rade s l\u0458ubavl\u0458u i posve\u0107eno\u0161\u0107u, a bra\u010dnim parovima savjetuju da je zdrava komunikacija kl\u0458u\u010d uspje\u0161nog i dugogodi\u0161njeg braka. Razgovor zavr\u0161avaju narodnom poslovicom koja ka\u017ee: \u201eNije znanje znanje znati, ve\u0107 je znanje znanje dati\u201c.<\/p>\n<p><strong><a href=\"https:\/\/kozarski.com\/anka-prvi-defektolog-tomislav-prvi-profesor-fizickog-u-prijedoru-radni-vijek-u-prosvjeti-a-u-braku-63-godine\/\" rel=\"noopener\" target=\"_blank\">kozarski.com<\/a><\/strong><\/p>\n","protected":false},"excerpt":{"rendered":"<p>Anka (88) i Tomislav (87) Pavi\u0107, po mnogo \u010demu su ostali zapam\u0107eni u prosvjeti. U braku su 63 godine, tokom kojeg su stekli sinove Gorana i Danila. Kako ka\u017eu, bila [&hellip;]<\/p>\n","protected":false},"author":1,"featured_media":0,"comment_status":"closed","ping_status":"open","sticky":false,"template":"","format":"standard","meta":{"_monsterinsights_skip_tracking":false,"_monsterinsights_sitenote_active":false,"_monsterinsights_sitenote_note":"","_monsterinsights_sitenote_category":0,"footnotes":""},"categories":[3],"tags":[],"yoast_head":"<!-- This site is optimized with the Yoast SEO plugin v21.6 - https:\/\/yoast.com\/wordpress\/plugins\/seo\/ -->\n<title>Anka prvi defektolog, Tomislav prvi profesor fizi\u010dkog u Prijedoru: Radni vijek u prosvjeti, a u braku 63 godine - PrijedorDanas.com - Prijedorski gradski portal<\/title>\n<meta name=\"robots\" content=\"index, follow, max-snippet:-1, max-image-preview:large, max-video-preview:-1\" \/>\n<link rel=\"canonical\" href=\"https:\/\/www.prijedordanas.com\/?p=218790\" \/>\n<meta property=\"og:locale\" content=\"en_US\" \/>\n<meta property=\"og:type\" content=\"article\" \/>\n<meta property=\"og:title\" content=\"Anka prvi defektolog, Tomislav prvi profesor fizi\u010dkog u Prijedoru: Radni vijek u prosvjeti, a u braku 63 godine - PrijedorDanas.com - Prijedorski gradski portal\" \/>\n<meta property=\"og:description\" content=\"Anka (88) i Tomislav (87) Pavi\u0107, po mnogo \u010demu su ostali zapam\u0107eni u prosvjeti. U braku su 63 godine, tokom kojeg su stekli sinove Gorana i Danila. Kako ka\u017eu, bila [&hellip;]\" \/>\n<meta property=\"og:url\" content=\"https:\/\/www.prijedordanas.com\/?p=218790\" \/>\n<meta property=\"og:site_name\" content=\"PrijedorDanas.com - Prijedorski gradski portal\" \/>\n<meta property=\"article:publisher\" content=\"https:\/\/www.facebook.com\/PrijedorDanasCom\/\" \/>\n<meta property=\"article:published_time\" content=\"2024-01-28T08:58:42+00:00\" \/>\n<meta property=\"og:image\" content=\"https:\/\/www.prijedordanas.com\/wp-content\/uploads\/2024\/01\/kozarski-pavici-225x300.jpg\" \/>\n<meta name=\"author\" content=\"admin\" \/>\n<meta name=\"twitter:card\" content=\"summary_large_image\" \/>\n<meta name=\"twitter:label1\" content=\"Written by\" \/>\n\t<meta name=\"twitter:data1\" content=\"admin\" \/>\n\t<meta name=\"twitter:label2\" content=\"Est. reading time\" \/>\n\t<meta name=\"twitter:data2\" content=\"4 minutes\" \/>\n<script type=\"application\/ld+json\" class=\"yoast-schema-graph\">{\"@context\":\"https:\/\/schema.org\",\"@graph\":[{\"@type\":\"Article\",\"@id\":\"https:\/\/www.prijedordanas.com\/?p=218790#article\",\"isPartOf\":{\"@id\":\"https:\/\/www.prijedordanas.com\/?p=218790\"},\"author\":{\"name\":\"admin\",\"@id\":\"https:\/\/www.prijedordanas.com\/#\/schema\/person\/4e08ccf29b506ca916ff86d46bb700e6\"},\"headline\":\"Anka prvi defektolog, Tomislav prvi profesor fizi\u010dkog u Prijedoru: Radni vijek u prosvjeti, a u braku 63 godine\",\"datePublished\":\"2024-01-28T08:58:42+00:00\",\"dateModified\":\"2024-01-28T08:58:42+00:00\",\"mainEntityOfPage\":{\"@id\":\"https:\/\/www.prijedordanas.com\/?p=218790\"},\"wordCount\":839,\"publisher\":{\"@id\":\"https:\/\/www.prijedordanas.com\/#organization\"},\"articleSection\":[\"\u017divot\"],\"inLanguage\":\"en-US\"},{\"@type\":\"WebPage\",\"@id\":\"https:\/\/www.prijedordanas.com\/?p=218790\",\"url\":\"https:\/\/www.prijedordanas.com\/?p=218790\",\"name\":\"Anka prvi defektolog, Tomislav prvi profesor fizi\u010dkog u Prijedoru: Radni vijek u prosvjeti, a u braku 63 godine - PrijedorDanas.com - Prijedorski gradski portal\",\"isPartOf\":{\"@id\":\"https:\/\/www.prijedordanas.com\/#website\"},\"datePublished\":\"2024-01-28T08:58:42+00:00\",\"dateModified\":\"2024-01-28T08:58:42+00:00\",\"breadcrumb\":{\"@id\":\"https:\/\/www.prijedordanas.com\/?p=218790#breadcrumb\"},\"inLanguage\":\"en-US\",\"potentialAction\":[{\"@type\":\"ReadAction\",\"target\":[\"https:\/\/www.prijedordanas.com\/?p=218790\"]}]},{\"@type\":\"BreadcrumbList\",\"@id\":\"https:\/\/www.prijedordanas.com\/?p=218790#breadcrumb\",\"itemListElement\":[{\"@type\":\"ListItem\",\"position\":1,\"name\":\"Home\",\"item\":\"https:\/\/www.prijedordanas.com\/\"},{\"@type\":\"ListItem\",\"position\":2,\"name\":\"Anka prvi defektolog, Tomislav prvi profesor fizi\u010dkog u Prijedoru: Radni vijek u prosvjeti, a u braku 63 godine\"}]},{\"@type\":\"WebSite\",\"@id\":\"https:\/\/www.prijedordanas.com\/#website\",\"url\":\"https:\/\/www.prijedordanas.com\/\",\"name\":\"PrijedorDanas.com - Prijedorski gradski portal\",\"description\":\"Portal o doga\u0111anjima u gradu Prijedoru\",\"publisher\":{\"@id\":\"https:\/\/www.prijedordanas.com\/#organization\"},\"potentialAction\":[{\"@type\":\"SearchAction\",\"target\":{\"@type\":\"EntryPoint\",\"urlTemplate\":\"https:\/\/www.prijedordanas.com\/?s={search_term_string}\"},\"query-input\":\"required name=search_term_string\"}],\"inLanguage\":\"en-US\"},{\"@type\":\"Organization\",\"@id\":\"https:\/\/www.prijedordanas.com\/#organization\",\"name\":\"PrijedorDanas.com\",\"url\":\"https:\/\/www.prijedordanas.com\/\",\"logo\":{\"@type\":\"ImageObject\",\"inLanguage\":\"en-US\",\"@id\":\"https:\/\/www.prijedordanas.com\/#\/schema\/logo\/image\/\",\"url\":\"http:\/\/www.prijedordanas.com\/wp-content\/uploads\/2021\/12\/logopng.png\",\"contentUrl\":\"http:\/\/www.prijedordanas.com\/wp-content\/uploads\/2021\/12\/logopng.png\",\"width\":1019,\"height\":776,\"caption\":\"PrijedorDanas.com\"},\"image\":{\"@id\":\"https:\/\/www.prijedordanas.com\/#\/schema\/logo\/image\/\"},\"sameAs\":[\"https:\/\/www.facebook.com\/PrijedorDanasCom\/\"]},{\"@type\":\"Person\",\"@id\":\"https:\/\/www.prijedordanas.com\/#\/schema\/person\/4e08ccf29b506ca916ff86d46bb700e6\",\"name\":\"admin\",\"image\":{\"@type\":\"ImageObject\",\"inLanguage\":\"en-US\",\"@id\":\"https:\/\/www.prijedordanas.com\/#\/schema\/person\/image\/\",\"url\":\"https:\/\/secure.gravatar.com\/avatar\/1d3fc949d550f0b53a5f0d51e06dfd79?s=96&d=mm&r=g\",\"contentUrl\":\"https:\/\/secure.gravatar.com\/avatar\/1d3fc949d550f0b53a5f0d51e06dfd79?s=96&d=mm&r=g\",\"caption\":\"admin\"},\"url\":\"https:\/\/www.prijedordanas.com\/?author=1\"}]}<\/script>\n<!-- \/ Yoast SEO plugin. -->","yoast_head_json":{"title":"Anka prvi defektolog, Tomislav prvi profesor fizi\u010dkog u Prijedoru: Radni vijek u prosvjeti, a u braku 63 godine - PrijedorDanas.com - Prijedorski gradski portal","robots":{"index":"index","follow":"follow","max-snippet":"max-snippet:-1","max-image-preview":"max-image-preview:large","max-video-preview":"max-video-preview:-1"},"canonical":"https:\/\/www.prijedordanas.com\/?p=218790","og_locale":"en_US","og_type":"article","og_title":"Anka prvi defektolog, Tomislav prvi profesor fizi\u010dkog u Prijedoru: Radni vijek u prosvjeti, a u braku 63 godine - PrijedorDanas.com - Prijedorski gradski portal","og_description":"Anka (88) i Tomislav (87) Pavi\u0107, po mnogo \u010demu su ostali zapam\u0107eni u prosvjeti. U braku su 63 godine, tokom kojeg su stekli sinove Gorana i Danila. Kako ka\u017eu, bila [&hellip;]","og_url":"https:\/\/www.prijedordanas.com\/?p=218790","og_site_name":"PrijedorDanas.com - Prijedorski gradski portal","article_publisher":"https:\/\/www.facebook.com\/PrijedorDanasCom\/","article_published_time":"2024-01-28T08:58:42+00:00","og_image":[{"url":"https:\/\/www.prijedordanas.com\/wp-content\/uploads\/2024\/01\/kozarski-pavici-225x300.jpg"}],"author":"admin","twitter_card":"summary_large_image","twitter_misc":{"Written by":"admin","Est. reading time":"4 minutes"},"schema":{"@context":"https:\/\/schema.org","@graph":[{"@type":"Article","@id":"https:\/\/www.prijedordanas.com\/?p=218790#article","isPartOf":{"@id":"https:\/\/www.prijedordanas.com\/?p=218790"},"author":{"name":"admin","@id":"https:\/\/www.prijedordanas.com\/#\/schema\/person\/4e08ccf29b506ca916ff86d46bb700e6"},"headline":"Anka prvi defektolog, Tomislav prvi profesor fizi\u010dkog u Prijedoru: Radni vijek u prosvjeti, a u braku 63 godine","datePublished":"2024-01-28T08:58:42+00:00","dateModified":"2024-01-28T08:58:42+00:00","mainEntityOfPage":{"@id":"https:\/\/www.prijedordanas.com\/?p=218790"},"wordCount":839,"publisher":{"@id":"https:\/\/www.prijedordanas.com\/#organization"},"articleSection":["\u017divot"],"inLanguage":"en-US"},{"@type":"WebPage","@id":"https:\/\/www.prijedordanas.com\/?p=218790","url":"https:\/\/www.prijedordanas.com\/?p=218790","name":"Anka prvi defektolog, Tomislav prvi profesor fizi\u010dkog u Prijedoru: Radni vijek u prosvjeti, a u braku 63 godine - PrijedorDanas.com - Prijedorski gradski portal","isPartOf":{"@id":"https:\/\/www.prijedordanas.com\/#website"},"datePublished":"2024-01-28T08:58:42+00:00","dateModified":"2024-01-28T08:58:42+00:00","breadcrumb":{"@id":"https:\/\/www.prijedordanas.com\/?p=218790#breadcrumb"},"inLanguage":"en-US","potentialAction":[{"@type":"ReadAction","target":["https:\/\/www.prijedordanas.com\/?p=218790"]}]},{"@type":"BreadcrumbList","@id":"https:\/\/www.prijedordanas.com\/?p=218790#breadcrumb","itemListElement":[{"@type":"ListItem","position":1,"name":"Home","item":"https:\/\/www.prijedordanas.com\/"},{"@type":"ListItem","position":2,"name":"Anka prvi defektolog, Tomislav prvi profesor fizi\u010dkog u Prijedoru: Radni vijek u prosvjeti, a u braku 63 godine"}]},{"@type":"WebSite","@id":"https:\/\/www.prijedordanas.com\/#website","url":"https:\/\/www.prijedordanas.com\/","name":"PrijedorDanas.com - Prijedorski gradski portal","description":"Portal o doga\u0111anjima u gradu Prijedoru","publisher":{"@id":"https:\/\/www.prijedordanas.com\/#organization"},"potentialAction":[{"@type":"SearchAction","target":{"@type":"EntryPoint","urlTemplate":"https:\/\/www.prijedordanas.com\/?s={search_term_string}"},"query-input":"required name=search_term_string"}],"inLanguage":"en-US"},{"@type":"Organization","@id":"https:\/\/www.prijedordanas.com\/#organization","name":"PrijedorDanas.com","url":"https:\/\/www.prijedordanas.com\/","logo":{"@type":"ImageObject","inLanguage":"en-US","@id":"https:\/\/www.prijedordanas.com\/#\/schema\/logo\/image\/","url":"http:\/\/www.prijedordanas.com\/wp-content\/uploads\/2021\/12\/logopng.png","contentUrl":"http:\/\/www.prijedordanas.com\/wp-content\/uploads\/2021\/12\/logopng.png","width":1019,"height":776,"caption":"PrijedorDanas.com"},"image":{"@id":"https:\/\/www.prijedordanas.com\/#\/schema\/logo\/image\/"},"sameAs":["https:\/\/www.facebook.com\/PrijedorDanasCom\/"]},{"@type":"Person","@id":"https:\/\/www.prijedordanas.com\/#\/schema\/person\/4e08ccf29b506ca916ff86d46bb700e6","name":"admin","image":{"@type":"ImageObject","inLanguage":"en-US","@id":"https:\/\/www.prijedordanas.com\/#\/schema\/person\/image\/","url":"https:\/\/secure.gravatar.com\/avatar\/1d3fc949d550f0b53a5f0d51e06dfd79?s=96&d=mm&r=g","contentUrl":"https:\/\/secure.gravatar.com\/avatar\/1d3fc949d550f0b53a5f0d51e06dfd79?s=96&d=mm&r=g","caption":"admin"},"url":"https:\/\/www.prijedordanas.com\/?author=1"}]}},"_links":{"self":[{"href":"https:\/\/www.prijedordanas.com\/index.php?rest_route=\/wp\/v2\/posts\/218790"}],"collection":[{"href":"https:\/\/www.prijedordanas.com\/index.php?rest_route=\/wp\/v2\/posts"}],"about":[{"href":"https:\/\/www.prijedordanas.com\/index.php?rest_route=\/wp\/v2\/types\/post"}],"author":[{"embeddable":true,"href":"https:\/\/www.prijedordanas.com\/index.php?rest_route=\/wp\/v2\/users\/1"}],"replies":[{"embeddable":true,"href":"https:\/\/www.prijedordanas.com\/index.php?rest_route=%2Fwp%2Fv2%2Fcomments&post=218790"}],"version-history":[{"count":2,"href":"https:\/\/www.prijedordanas.com\/index.php?rest_route=\/wp\/v2\/posts\/218790\/revisions"}],"predecessor-version":[{"id":218793,"href":"https:\/\/www.prijedordanas.com\/index.php?rest_route=\/wp\/v2\/posts\/218790\/revisions\/218793"}],"wp:attachment":[{"href":"https:\/\/www.prijedordanas.com\/index.php?rest_route=%2Fwp%2Fv2%2Fmedia&parent=218790"}],"wp:term":[{"taxonomy":"category","embeddable":true,"href":"https:\/\/www.prijedordanas.com\/index.php?rest_route=%2Fwp%2Fv2%2Fcategories&post=218790"},{"taxonomy":"post_tag","embeddable":true,"href":"https:\/\/www.prijedordanas.com\/index.php?rest_route=%2Fwp%2Fv2%2Ftags&post=218790"}],"curies":[{"name":"wp","href":"https:\/\/api.w.org\/{rel}","templated":true}]}}