{"id":21873,"date":"2015-05-09T08:19:11","date_gmt":"2015-05-09T07:19:11","guid":{"rendered":"https:\/\/www.prijedordanas.com\/?p=21873"},"modified":"2015-05-09T08:33:34","modified_gmt":"2015-05-09T07:33:34","slug":"cjb-prijedor-sankcionisano-89-vozaca-traktora-i-radnih-masina","status":"publish","type":"post","link":"https:\/\/www.prijedordanas.com\/?p=21873","title":{"rendered":"CJB PRIJEDOR: SANKCIONISANO 89 VOZA\u010cA TRAKTORA I RADNIH MA\u0160INA"},"content":{"rendered":"<p><a href=\"https:\/\/www.prijedordanas.com\/wp-content\/uploads\/2015\/05\/traktori-kontrola.jpg\"><img loading=\"lazy\" decoding=\"async\" class=\"alignleft size-medium wp-image-21847\" src=\"https:\/\/www.prijedordanas.com\/wp-content\/uploads\/2015\/05\/traktori-kontrola-300x194.jpg\" alt=\"traktori kontrola\" width=\"300\" height=\"194\" srcset=\"https:\/\/www.prijedordanas.com\/wp-content\/uploads\/2015\/05\/traktori-kontrola-300x194.jpg 300w, https:\/\/www.prijedordanas.com\/wp-content\/uploads\/2015\/05\/traktori-kontrola.jpg 600w\" sizes=\"(max-width: 300px) 100vw, 300px\" \/><\/a>U akciji &#8220;Traktori i radne ma\u0161ine&#8221; na podru\u010dju u nadle\u017enosti Centra javne bezbjednosti \/CJB\/ Prijedor, od kontrolisana 143 voza\u010da, sankcionisano je njih 89, saop\u0161teno je iz ovog centra.<\/p>\n<p>Zbog upravljanja neregistrovanim motornim ili priklju\u010dnim vozilom sankcionisano je 48 voza\u010da, zbog neposjedovanja svjetlosno-signalnih ure\u0111aja i svjetla za ozna\u010davanje vozila 40 voza\u010da, zbog upravljanja motornim vozilom prije sticanja prava na upravljanje 17 voza\u010da, te 22 voza\u010da po drugim osnovama.<\/p>\n<p>Centar javne bezbjednosti Prijedor apeluje na voza\u010de poljoprivrednih vozila, s obzirom na to da je sezona poljoprivrednih radova, da su obavezni da na javnom putu upravljaju tehni\u010dki ispravnim vozilom, sa posebnim akcentom na posjedovanje i kori\u0161tenje svjetlosno-signalnih ure\u0111aja i svjetla za ozna\u010davanje vozila.<\/p>\n<p>Akciju &#8220;Traktori i radne ma\u0161ine&#8221; CJB Prijedor realizovao je od 20. do 27. aprila.<\/p>\n<p>SRNA<\/p>\n","protected":false},"excerpt":{"rendered":"<p>U akciji &#8220;Traktori i radne ma\u0161ine&#8221; na podru\u010dju u nadle\u017enosti Centra javne bezbjednosti \/CJB\/ Prijedor, od kontrolisana 143 voza\u010da, sankcionisano je njih 89, saop\u0161teno je iz ovog centra. Zbog upravljanja [&hellip;]<\/p>\n","protected":false},"author":1,"featured_media":0,"comment_status":"closed","ping_status":"open","sticky":false,"template":"","format":"standard","meta":{"_monsterinsights_skip_tracking":false,"_monsterinsights_sitenote_active":false,"_monsterinsights_sitenote_note":"","_monsterinsights_sitenote_category":0,"footnotes":""},"categories":[5],"tags":[38,1487],"yoast_head":"<!-- This site is optimized with the Yoast SEO plugin v21.6 - https:\/\/yoast.com\/wordpress\/plugins\/seo\/ -->\n<title>CJB PRIJEDOR: SANKCIONISANO 89 VOZA\u010cA TRAKTORA I RADNIH MA\u0160INA - PrijedorDanas.com - Prijedorski gradski portal<\/title>\n<meta name=\"robots\" content=\"index, follow, max-snippet:-1, max-image-preview:large, max-video-preview:-1\" \/>\n<link rel=\"canonical\" href=\"https:\/\/www.prijedordanas.com\/?p=21873\" \/>\n<meta property=\"og:locale\" content=\"en_US\" \/>\n<meta property=\"og:type\" content=\"article\" \/>\n<meta property=\"og:title\" content=\"CJB PRIJEDOR: SANKCIONISANO 89 VOZA\u010cA TRAKTORA I RADNIH MA\u0160INA - PrijedorDanas.com - Prijedorski gradski portal\" \/>\n<meta property=\"og:description\" content=\"U akciji &#8220;Traktori i radne ma\u0161ine&#8221; na podru\u010dju u nadle\u017enosti Centra javne bezbjednosti \/CJB\/ Prijedor, od kontrolisana 143 voza\u010da, sankcionisano je njih 89, saop\u0161teno je iz ovog centra. Zbog upravljanja [&hellip;]\" \/>\n<meta property=\"og:url\" content=\"https:\/\/www.prijedordanas.com\/?p=21873\" \/>\n<meta property=\"og:site_name\" content=\"PrijedorDanas.com - Prijedorski gradski portal\" \/>\n<meta property=\"article:publisher\" content=\"https:\/\/www.facebook.com\/PrijedorDanasCom\/\" \/>\n<meta property=\"article:published_time\" content=\"2015-05-09T07:19:11+00:00\" \/>\n<meta property=\"article:modified_time\" content=\"2015-05-09T07:33:34+00:00\" \/>\n<meta property=\"og:image\" content=\"https:\/\/www.prijedordanas.com\/wp-content\/uploads\/2015\/05\/traktori-kontrola-300x194.jpg\" \/>\n<meta name=\"author\" content=\"admin\" \/>\n<meta name=\"twitter:card\" content=\"summary_large_image\" \/>\n<meta name=\"twitter:label1\" content=\"Written by\" \/>\n\t<meta name=\"twitter:data1\" content=\"admin\" \/>\n\t<meta name=\"twitter:label2\" content=\"Est. reading time\" \/>\n\t<meta name=\"twitter:data2\" content=\"1 minute\" \/>\n<script type=\"application\/ld+json\" class=\"yoast-schema-graph\">{\"@context\":\"https:\/\/schema.org\",\"@graph\":[{\"@type\":\"Article\",\"@id\":\"https:\/\/www.prijedordanas.com\/?p=21873#article\",\"isPartOf\":{\"@id\":\"https:\/\/www.prijedordanas.com\/?p=21873\"},\"author\":{\"name\":\"admin\",\"@id\":\"https:\/\/www.prijedordanas.com\/#\/schema\/person\/4e08ccf29b506ca916ff86d46bb700e6\"},\"headline\":\"CJB PRIJEDOR: SANKCIONISANO 89 VOZA\u010cA TRAKTORA I RADNIH MA\u0160INA\",\"datePublished\":\"2015-05-09T07:19:11+00:00\",\"dateModified\":\"2015-05-09T07:33:34+00:00\",\"mainEntityOfPage\":{\"@id\":\"https:\/\/www.prijedordanas.com\/?p=21873\"},\"wordCount\":145,\"publisher\":{\"@id\":\"https:\/\/www.prijedordanas.com\/#organization\"},\"keywords\":[\"CJB Prijedor\",\"traktor\"],\"articleSection\":[\"Hronika\"],\"inLanguage\":\"en-US\"},{\"@type\":\"WebPage\",\"@id\":\"https:\/\/www.prijedordanas.com\/?p=21873\",\"url\":\"https:\/\/www.prijedordanas.com\/?p=21873\",\"name\":\"CJB PRIJEDOR: SANKCIONISANO 89 VOZA\u010cA TRAKTORA I RADNIH MA\u0160INA - PrijedorDanas.com - Prijedorski gradski portal\",\"isPartOf\":{\"@id\":\"https:\/\/www.prijedordanas.com\/#website\"},\"datePublished\":\"2015-05-09T07:19:11+00:00\",\"dateModified\":\"2015-05-09T07:33:34+00:00\",\"breadcrumb\":{\"@id\":\"https:\/\/www.prijedordanas.com\/?p=21873#breadcrumb\"},\"inLanguage\":\"en-US\",\"potentialAction\":[{\"@type\":\"ReadAction\",\"target\":[\"https:\/\/www.prijedordanas.com\/?p=21873\"]}]},{\"@type\":\"BreadcrumbList\",\"@id\":\"https:\/\/www.prijedordanas.com\/?p=21873#breadcrumb\",\"itemListElement\":[{\"@type\":\"ListItem\",\"position\":1,\"name\":\"Home\",\"item\":\"https:\/\/www.prijedordanas.com\/\"},{\"@type\":\"ListItem\",\"position\":2,\"name\":\"CJB PRIJEDOR: SANKCIONISANO 89 VOZA\u010cA TRAKTORA I RADNIH MA\u0160INA\"}]},{\"@type\":\"WebSite\",\"@id\":\"https:\/\/www.prijedordanas.com\/#website\",\"url\":\"https:\/\/www.prijedordanas.com\/\",\"name\":\"PrijedorDanas.com - Prijedorski gradski portal\",\"description\":\"Portal o doga\u0111anjima u gradu Prijedoru\",\"publisher\":{\"@id\":\"https:\/\/www.prijedordanas.com\/#organization\"},\"potentialAction\":[{\"@type\":\"SearchAction\",\"target\":{\"@type\":\"EntryPoint\",\"urlTemplate\":\"https:\/\/www.prijedordanas.com\/?s={search_term_string}\"},\"query-input\":\"required name=search_term_string\"}],\"inLanguage\":\"en-US\"},{\"@type\":\"Organization\",\"@id\":\"https:\/\/www.prijedordanas.com\/#organization\",\"name\":\"PrijedorDanas.com\",\"url\":\"https:\/\/www.prijedordanas.com\/\",\"logo\":{\"@type\":\"ImageObject\",\"inLanguage\":\"en-US\",\"@id\":\"https:\/\/www.prijedordanas.com\/#\/schema\/logo\/image\/\",\"url\":\"http:\/\/www.prijedordanas.com\/wp-content\/uploads\/2021\/12\/logopng.png\",\"contentUrl\":\"http:\/\/www.prijedordanas.com\/wp-content\/uploads\/2021\/12\/logopng.png\",\"width\":1019,\"height\":776,\"caption\":\"PrijedorDanas.com\"},\"image\":{\"@id\":\"https:\/\/www.prijedordanas.com\/#\/schema\/logo\/image\/\"},\"sameAs\":[\"https:\/\/www.facebook.com\/PrijedorDanasCom\/\"]},{\"@type\":\"Person\",\"@id\":\"https:\/\/www.prijedordanas.com\/#\/schema\/person\/4e08ccf29b506ca916ff86d46bb700e6\",\"name\":\"admin\",\"image\":{\"@type\":\"ImageObject\",\"inLanguage\":\"en-US\",\"@id\":\"https:\/\/www.prijedordanas.com\/#\/schema\/person\/image\/\",\"url\":\"https:\/\/secure.gravatar.com\/avatar\/1d3fc949d550f0b53a5f0d51e06dfd79?s=96&d=mm&r=g\",\"contentUrl\":\"https:\/\/secure.gravatar.com\/avatar\/1d3fc949d550f0b53a5f0d51e06dfd79?s=96&d=mm&r=g\",\"caption\":\"admin\"},\"url\":\"https:\/\/www.prijedordanas.com\/?author=1\"}]}<\/script>\n<!-- \/ Yoast SEO plugin. -->","yoast_head_json":{"title":"CJB PRIJEDOR: SANKCIONISANO 89 VOZA\u010cA TRAKTORA I RADNIH MA\u0160INA - PrijedorDanas.com - Prijedorski gradski portal","robots":{"index":"index","follow":"follow","max-snippet":"max-snippet:-1","max-image-preview":"max-image-preview:large","max-video-preview":"max-video-preview:-1"},"canonical":"https:\/\/www.prijedordanas.com\/?p=21873","og_locale":"en_US","og_type":"article","og_title":"CJB PRIJEDOR: SANKCIONISANO 89 VOZA\u010cA TRAKTORA I RADNIH MA\u0160INA - PrijedorDanas.com - Prijedorski gradski portal","og_description":"U akciji &#8220;Traktori i radne ma\u0161ine&#8221; na podru\u010dju u nadle\u017enosti Centra javne bezbjednosti \/CJB\/ Prijedor, od kontrolisana 143 voza\u010da, sankcionisano je njih 89, saop\u0161teno je iz ovog centra. Zbog upravljanja [&hellip;]","og_url":"https:\/\/www.prijedordanas.com\/?p=21873","og_site_name":"PrijedorDanas.com - Prijedorski gradski portal","article_publisher":"https:\/\/www.facebook.com\/PrijedorDanasCom\/","article_published_time":"2015-05-09T07:19:11+00:00","article_modified_time":"2015-05-09T07:33:34+00:00","og_image":[{"url":"https:\/\/www.prijedordanas.com\/wp-content\/uploads\/2015\/05\/traktori-kontrola-300x194.jpg"}],"author":"admin","twitter_card":"summary_large_image","twitter_misc":{"Written by":"admin","Est. reading time":"1 minute"},"schema":{"@context":"https:\/\/schema.org","@graph":[{"@type":"Article","@id":"https:\/\/www.prijedordanas.com\/?p=21873#article","isPartOf":{"@id":"https:\/\/www.prijedordanas.com\/?p=21873"},"author":{"name":"admin","@id":"https:\/\/www.prijedordanas.com\/#\/schema\/person\/4e08ccf29b506ca916ff86d46bb700e6"},"headline":"CJB PRIJEDOR: SANKCIONISANO 89 VOZA\u010cA TRAKTORA I RADNIH MA\u0160INA","datePublished":"2015-05-09T07:19:11+00:00","dateModified":"2015-05-09T07:33:34+00:00","mainEntityOfPage":{"@id":"https:\/\/www.prijedordanas.com\/?p=21873"},"wordCount":145,"publisher":{"@id":"https:\/\/www.prijedordanas.com\/#organization"},"keywords":["CJB Prijedor","traktor"],"articleSection":["Hronika"],"inLanguage":"en-US"},{"@type":"WebPage","@id":"https:\/\/www.prijedordanas.com\/?p=21873","url":"https:\/\/www.prijedordanas.com\/?p=21873","name":"CJB PRIJEDOR: SANKCIONISANO 89 VOZA\u010cA TRAKTORA I RADNIH MA\u0160INA - PrijedorDanas.com - Prijedorski gradski portal","isPartOf":{"@id":"https:\/\/www.prijedordanas.com\/#website"},"datePublished":"2015-05-09T07:19:11+00:00","dateModified":"2015-05-09T07:33:34+00:00","breadcrumb":{"@id":"https:\/\/www.prijedordanas.com\/?p=21873#breadcrumb"},"inLanguage":"en-US","potentialAction":[{"@type":"ReadAction","target":["https:\/\/www.prijedordanas.com\/?p=21873"]}]},{"@type":"BreadcrumbList","@id":"https:\/\/www.prijedordanas.com\/?p=21873#breadcrumb","itemListElement":[{"@type":"ListItem","position":1,"name":"Home","item":"https:\/\/www.prijedordanas.com\/"},{"@type":"ListItem","position":2,"name":"CJB PRIJEDOR: SANKCIONISANO 89 VOZA\u010cA TRAKTORA I RADNIH MA\u0160INA"}]},{"@type":"WebSite","@id":"https:\/\/www.prijedordanas.com\/#website","url":"https:\/\/www.prijedordanas.com\/","name":"PrijedorDanas.com - Prijedorski gradski portal","description":"Portal o doga\u0111anjima u gradu Prijedoru","publisher":{"@id":"https:\/\/www.prijedordanas.com\/#organization"},"potentialAction":[{"@type":"SearchAction","target":{"@type":"EntryPoint","urlTemplate":"https:\/\/www.prijedordanas.com\/?s={search_term_string}"},"query-input":"required name=search_term_string"}],"inLanguage":"en-US"},{"@type":"Organization","@id":"https:\/\/www.prijedordanas.com\/#organization","name":"PrijedorDanas.com","url":"https:\/\/www.prijedordanas.com\/","logo":{"@type":"ImageObject","inLanguage":"en-US","@id":"https:\/\/www.prijedordanas.com\/#\/schema\/logo\/image\/","url":"http:\/\/www.prijedordanas.com\/wp-content\/uploads\/2021\/12\/logopng.png","contentUrl":"http:\/\/www.prijedordanas.com\/wp-content\/uploads\/2021\/12\/logopng.png","width":1019,"height":776,"caption":"PrijedorDanas.com"},"image":{"@id":"https:\/\/www.prijedordanas.com\/#\/schema\/logo\/image\/"},"sameAs":["https:\/\/www.facebook.com\/PrijedorDanasCom\/"]},{"@type":"Person","@id":"https:\/\/www.prijedordanas.com\/#\/schema\/person\/4e08ccf29b506ca916ff86d46bb700e6","name":"admin","image":{"@type":"ImageObject","inLanguage":"en-US","@id":"https:\/\/www.prijedordanas.com\/#\/schema\/person\/image\/","url":"https:\/\/secure.gravatar.com\/avatar\/1d3fc949d550f0b53a5f0d51e06dfd79?s=96&d=mm&r=g","contentUrl":"https:\/\/secure.gravatar.com\/avatar\/1d3fc949d550f0b53a5f0d51e06dfd79?s=96&d=mm&r=g","caption":"admin"},"url":"https:\/\/www.prijedordanas.com\/?author=1"}]}},"_links":{"self":[{"href":"https:\/\/www.prijedordanas.com\/index.php?rest_route=\/wp\/v2\/posts\/21873"}],"collection":[{"href":"https:\/\/www.prijedordanas.com\/index.php?rest_route=\/wp\/v2\/posts"}],"about":[{"href":"https:\/\/www.prijedordanas.com\/index.php?rest_route=\/wp\/v2\/types\/post"}],"author":[{"embeddable":true,"href":"https:\/\/www.prijedordanas.com\/index.php?rest_route=\/wp\/v2\/users\/1"}],"replies":[{"embeddable":true,"href":"https:\/\/www.prijedordanas.com\/index.php?rest_route=%2Fwp%2Fv2%2Fcomments&post=21873"}],"version-history":[{"count":1,"href":"https:\/\/www.prijedordanas.com\/index.php?rest_route=\/wp\/v2\/posts\/21873\/revisions"}],"predecessor-version":[{"id":21874,"href":"https:\/\/www.prijedordanas.com\/index.php?rest_route=\/wp\/v2\/posts\/21873\/revisions\/21874"}],"wp:attachment":[{"href":"https:\/\/www.prijedordanas.com\/index.php?rest_route=%2Fwp%2Fv2%2Fmedia&parent=21873"}],"wp:term":[{"taxonomy":"category","embeddable":true,"href":"https:\/\/www.prijedordanas.com\/index.php?rest_route=%2Fwp%2Fv2%2Fcategories&post=21873"},{"taxonomy":"post_tag","embeddable":true,"href":"https:\/\/www.prijedordanas.com\/index.php?rest_route=%2Fwp%2Fv2%2Ftags&post=21873"}],"curies":[{"name":"wp","href":"https:\/\/api.w.org\/{rel}","templated":true}]}}