{"id":218722,"date":"2024-01-27T09:32:20","date_gmt":"2024-01-27T08:32:20","guid":{"rendered":"https:\/\/www.prijedordanas.com\/?p=218722"},"modified":"2024-01-27T09:32:20","modified_gmt":"2024-01-27T08:32:20","slug":"multisektorski-tim-prijedor-zbog-psihickog-nasilja-u-porodici-izrecene-hitne-mjere-zastite","status":"publish","type":"post","link":"https:\/\/www.prijedordanas.com\/?p=218722","title":{"rendered":"Multisektorski tim Prijedor: Zbog psihi\u010dkog nasilja u porodici izre\u010dene hitne mjere za\u0161tite"},"content":{"rendered":"<p><a href=\"https:\/\/www.prijedordanas.com\/wp-content\/uploads\/2024\/01\/multisektorski-tim-sastanak-januar2024-1.jpg\"><img loading=\"lazy\" decoding=\"async\" class=\"alignleft size-medium wp-image-218723\" src=\"https:\/\/www.prijedordanas.com\/wp-content\/uploads\/2024\/01\/multisektorski-tim-sastanak-januar2024-1-300x225.jpg\" alt=\"\" width=\"300\" height=\"225\" srcset=\"https:\/\/www.prijedordanas.com\/wp-content\/uploads\/2024\/01\/multisektorski-tim-sastanak-januar2024-1-300x225.jpg 300w, https:\/\/www.prijedordanas.com\/wp-content\/uploads\/2024\/01\/multisektorski-tim-sastanak-januar2024-1-640x480.jpg 640w, https:\/\/www.prijedordanas.com\/wp-content\/uploads\/2024\/01\/multisektorski-tim-sastanak-januar2024-1.jpg 666w\" sizes=\"(max-width: 300px) 100vw, 300px\" \/><\/a>U jednom slu\u010daju psihi\u010dkog nasilja u porodici u Prijedoru izre\u010dene su hitne mjere za\u0161tite, \u0161to se mo\u017ee smatrati rezultatom uspje\u0161nog multisektorskog pristupa i dobre saradnje subjekata za\u0161tite, ocijenjeno je na dana\u0161njem redovnom mjese\u010dnom sastanku multisektorskog tima za borbu protiv porodi\u010dnog i rodno zasnovanog nasilja.<\/p>\n<p>Socijalni radnik iz Centra za socijalni rad Dragana Gruji\u010di\u0107 rekla je da nije uobi\u010dajeno izricanje ovih mjera ukoliko nasilje nije i fizi\u010dko, te da je time ve\u0107i zna\u010daj tog zajedni\u010dkog i sveobuhvatnog rada i me\u0111usobne komunikacije vi\u0161e subjekata prilikom rada na konkretnom predmetu.<\/p>\n<p>&#8220;Rije\u010d je o produ\u017eenom nasilju mu\u0161karca nad svojom suprugom i njihovim djetetom nakon \u0161to je ona pro\u0161le godine prvi put prijavila nasilje. On se ne miri s time da je ona prijavila nasilje i da je pokrenut brakorazvod, i iz tih razloga psihi\u010dki ih zlostavlja&#8221;, pojasnila je Gruji\u010di\u0107eva.<\/p>\n<p>Ona je navela da je slu\u010daj temeljno opisan i obrazlo\u017een, da je dobro ura\u0111ena procjena rizika, te da je Policijska uprava Prijedor predlo\u017eila Osnovnom sudu u Prijedoru izricanje hitnih mjera za\u0161tite.<\/p>\n<p><a href=\"https:\/\/www.prijedordanas.com\/wp-content\/uploads\/2024\/01\/multisektorski-tim-sastanak-januar2024-2.jpg\"><img loading=\"lazy\" decoding=\"async\" src=\"https:\/\/www.prijedordanas.com\/wp-content\/uploads\/2024\/01\/multisektorski-tim-sastanak-januar2024-2-300x225.jpg\" alt=\"\" width=\"300\" height=\"225\" class=\"alignleft size-medium wp-image-218724\" srcset=\"https:\/\/www.prijedordanas.com\/wp-content\/uploads\/2024\/01\/multisektorski-tim-sastanak-januar2024-2-300x225.jpg 300w, https:\/\/www.prijedordanas.com\/wp-content\/uploads\/2024\/01\/multisektorski-tim-sastanak-januar2024-2-640x480.jpg 640w, https:\/\/www.prijedordanas.com\/wp-content\/uploads\/2024\/01\/multisektorski-tim-sastanak-januar2024-2.jpg 666w\" sizes=\"(max-width: 300px) 100vw, 300px\" \/><\/a>Ovaj sud izrekao je po\u010diniocu paket mjera \u2013 udaljenje iz doma\u0107instva i zabranu pribli\u017eavanja i kontakta sa \u017ertvama, oboje u maksimalnom trajanju \u2013 30 dana.<\/p>\n<p>&#8220;Majka je rekla da ona i dijete prvi put nakon du\u017ee vremena mirno spavaju. Treba pohvaliti i na\u0161 Sud jer sve vi\u0161e imaju razumijevanja kada je rije\u010d o ovim mjerama&#8221;, naglasila je Gruji\u010di\u0107eva.<\/p>\n<p>Ona je navela i to da je Sud u decembru pro\u0161le godine u jo\u0161 jednom slu\u010daju, na prijedlog policije, izrekao isti paket hitnih mjera za\u0161tite, a po\u010dinilac je bio mladi\u0107 koji je nasilje \u010dinio nad roditeljima.<\/p>\n<p>&#8220;U decembru smo imali 12 prijava porodi\u010dnog i rodno zasnovanog nasilja, \u0161to je znatno manje od prosjeka, koji za pro\u0161lu godinu iznosi od 18 do 25 prijava mjese\u010dno. Ve\u0107 u ovom mjesecu ponovo imamo nagli rast i ve\u0107 do sada dva izricanja hitnih mjera za\u0161tite&#8221;, istakla je Gruji\u010di\u0107eva.<\/p>\n<p>Nemanja Predojevi\u0107 iz Policijske uprave Prijedor rekao je da je u u ovom gradu u decembru evidentirano ukupno 13 krivi\u010dnih djela nasilja u porodici na \u0161tetu 16 lica i da je nadle\u017enom tu\u017eila\u0161tvu dostavljeno 13 izvje\u0161taja.<\/p>\n<p>&#8220;To je pove\u0107anje za 24 do 25 odsto u odnosu na decembar 2022. godine. Ovaj broj se odnosi samo na podru\u010dje grada Prijedora&#8221;, dodao je Predojevi\u0107.<\/p>\n<p>Psihijatar prijedorskog Doma zdravlja Goran Ra\u010detovi\u0107 rekao je da su u decembru u ovoj ustanovi tretirane \u010detiri \u017ertve, tri upu\u0107ene u bolnicu, a da su dvije bile maloljetne.<\/p>\n<p>Psiholog Milo\u0161 Pralica iz bolnice &#8220;Dr Mladen Stojanovi\u0107&#8221; rekao je da je pro\u0161log mjeseca ova ustanova zadokumentovala jedan slu\u010daj, dok su predstavnici aktiva direktora osnovnih i srednjih \u0161kola i iz Centra &#8220;Sunce&#8221; rekli da u obrazovnim ustanovama u decembru nije bilo zabilje\u017eenih slu\u010dajeva.<\/p>\n<p>Doma\u0107in dana\u0161njem sastanku bila je Policijska uprava Prijedor, a prisustvovali su i predstavnici Gradske uprave i medija, te Okru\u017enog javnog tu\u017eila\u0161tva Prijedor koji su dostavili podatak da su pro\u0161log mjeseca evidentirana 22 izvje\u0161taja o krivi\u010dnom djelu nasilje u porodici.<\/p>\n<p>Doma\u0107in redovnom sastanku tima u februaru bi\u0107e Centar &#8220;Sunce&#8221;.<\/p>\n<p>SRMA<\/p>\n","protected":false},"excerpt":{"rendered":"<p>U jednom slu\u010daju psihi\u010dkog nasilja u porodici u Prijedoru izre\u010dene su hitne mjere za\u0161tite, \u0161to se mo\u017ee smatrati rezultatom uspje\u0161nog multisektorskog pristupa i dobre saradnje subjekata za\u0161tite, ocijenjeno je na [&hellip;]<\/p>\n","protected":false},"author":1,"featured_media":0,"comment_status":"closed","ping_status":"open","sticky":false,"template":"","format":"standard","meta":{"_monsterinsights_skip_tracking":false,"_monsterinsights_sitenote_active":false,"_monsterinsights_sitenote_note":"","_monsterinsights_sitenote_category":0,"footnotes":""},"categories":[8],"tags":[],"yoast_head":"<!-- This site is optimized with the Yoast SEO plugin v21.6 - https:\/\/yoast.com\/wordpress\/plugins\/seo\/ -->\n<title>Multisektorski tim Prijedor: Zbog psihi\u010dkog nasilja u porodici izre\u010dene hitne mjere za\u0161tite - PrijedorDanas.com - Prijedorski gradski portal<\/title>\n<meta name=\"robots\" content=\"index, follow, max-snippet:-1, max-image-preview:large, max-video-preview:-1\" \/>\n<link rel=\"canonical\" href=\"https:\/\/www.prijedordanas.com\/?p=218722\" \/>\n<meta property=\"og:locale\" content=\"en_US\" \/>\n<meta property=\"og:type\" content=\"article\" \/>\n<meta property=\"og:title\" content=\"Multisektorski tim Prijedor: Zbog psihi\u010dkog nasilja u porodici izre\u010dene hitne mjere za\u0161tite - PrijedorDanas.com - Prijedorski gradski portal\" \/>\n<meta property=\"og:description\" content=\"U jednom slu\u010daju psihi\u010dkog nasilja u porodici u Prijedoru izre\u010dene su hitne mjere za\u0161tite, \u0161to se mo\u017ee smatrati rezultatom uspje\u0161nog multisektorskog pristupa i dobre saradnje subjekata za\u0161tite, ocijenjeno je na [&hellip;]\" \/>\n<meta property=\"og:url\" content=\"https:\/\/www.prijedordanas.com\/?p=218722\" \/>\n<meta property=\"og:site_name\" content=\"PrijedorDanas.com - Prijedorski gradski portal\" \/>\n<meta property=\"article:publisher\" content=\"https:\/\/www.facebook.com\/PrijedorDanasCom\/\" \/>\n<meta property=\"article:published_time\" content=\"2024-01-27T08:32:20+00:00\" \/>\n<meta property=\"og:image\" content=\"https:\/\/www.prijedordanas.com\/wp-content\/uploads\/2024\/01\/multisektorski-tim-sastanak-januar2024-1-300x225.jpg\" \/>\n<meta name=\"author\" content=\"admin\" \/>\n<meta name=\"twitter:card\" content=\"summary_large_image\" \/>\n<meta name=\"twitter:label1\" content=\"Written by\" \/>\n\t<meta name=\"twitter:data1\" content=\"admin\" \/>\n\t<meta name=\"twitter:label2\" content=\"Est. reading time\" \/>\n\t<meta name=\"twitter:data2\" content=\"3 minutes\" \/>\n<script type=\"application\/ld+json\" class=\"yoast-schema-graph\">{\"@context\":\"https:\/\/schema.org\",\"@graph\":[{\"@type\":\"Article\",\"@id\":\"https:\/\/www.prijedordanas.com\/?p=218722#article\",\"isPartOf\":{\"@id\":\"https:\/\/www.prijedordanas.com\/?p=218722\"},\"author\":{\"name\":\"admin\",\"@id\":\"https:\/\/www.prijedordanas.com\/#\/schema\/person\/4e08ccf29b506ca916ff86d46bb700e6\"},\"headline\":\"Multisektorski tim Prijedor: Zbog psihi\u010dkog nasilja u porodici izre\u010dene hitne mjere za\u0161tite\",\"datePublished\":\"2024-01-27T08:32:20+00:00\",\"dateModified\":\"2024-01-27T08:32:20+00:00\",\"mainEntityOfPage\":{\"@id\":\"https:\/\/www.prijedordanas.com\/?p=218722\"},\"wordCount\":561,\"publisher\":{\"@id\":\"https:\/\/www.prijedordanas.com\/#organization\"},\"articleSection\":[\"Svakodnevno\"],\"inLanguage\":\"en-US\"},{\"@type\":\"WebPage\",\"@id\":\"https:\/\/www.prijedordanas.com\/?p=218722\",\"url\":\"https:\/\/www.prijedordanas.com\/?p=218722\",\"name\":\"Multisektorski tim Prijedor: Zbog psihi\u010dkog nasilja u porodici izre\u010dene hitne mjere za\u0161tite - PrijedorDanas.com - Prijedorski gradski portal\",\"isPartOf\":{\"@id\":\"https:\/\/www.prijedordanas.com\/#website\"},\"datePublished\":\"2024-01-27T08:32:20+00:00\",\"dateModified\":\"2024-01-27T08:32:20+00:00\",\"breadcrumb\":{\"@id\":\"https:\/\/www.prijedordanas.com\/?p=218722#breadcrumb\"},\"inLanguage\":\"en-US\",\"potentialAction\":[{\"@type\":\"ReadAction\",\"target\":[\"https:\/\/www.prijedordanas.com\/?p=218722\"]}]},{\"@type\":\"BreadcrumbList\",\"@id\":\"https:\/\/www.prijedordanas.com\/?p=218722#breadcrumb\",\"itemListElement\":[{\"@type\":\"ListItem\",\"position\":1,\"name\":\"Home\",\"item\":\"https:\/\/www.prijedordanas.com\/\"},{\"@type\":\"ListItem\",\"position\":2,\"name\":\"Multisektorski tim Prijedor: Zbog psihi\u010dkog nasilja u porodici izre\u010dene hitne mjere za\u0161tite\"}]},{\"@type\":\"WebSite\",\"@id\":\"https:\/\/www.prijedordanas.com\/#website\",\"url\":\"https:\/\/www.prijedordanas.com\/\",\"name\":\"PrijedorDanas.com - Prijedorski gradski portal\",\"description\":\"Portal o doga\u0111anjima u gradu Prijedoru\",\"publisher\":{\"@id\":\"https:\/\/www.prijedordanas.com\/#organization\"},\"potentialAction\":[{\"@type\":\"SearchAction\",\"target\":{\"@type\":\"EntryPoint\",\"urlTemplate\":\"https:\/\/www.prijedordanas.com\/?s={search_term_string}\"},\"query-input\":\"required name=search_term_string\"}],\"inLanguage\":\"en-US\"},{\"@type\":\"Organization\",\"@id\":\"https:\/\/www.prijedordanas.com\/#organization\",\"name\":\"PrijedorDanas.com\",\"url\":\"https:\/\/www.prijedordanas.com\/\",\"logo\":{\"@type\":\"ImageObject\",\"inLanguage\":\"en-US\",\"@id\":\"https:\/\/www.prijedordanas.com\/#\/schema\/logo\/image\/\",\"url\":\"http:\/\/www.prijedordanas.com\/wp-content\/uploads\/2021\/12\/logopng.png\",\"contentUrl\":\"http:\/\/www.prijedordanas.com\/wp-content\/uploads\/2021\/12\/logopng.png\",\"width\":1019,\"height\":776,\"caption\":\"PrijedorDanas.com\"},\"image\":{\"@id\":\"https:\/\/www.prijedordanas.com\/#\/schema\/logo\/image\/\"},\"sameAs\":[\"https:\/\/www.facebook.com\/PrijedorDanasCom\/\"]},{\"@type\":\"Person\",\"@id\":\"https:\/\/www.prijedordanas.com\/#\/schema\/person\/4e08ccf29b506ca916ff86d46bb700e6\",\"name\":\"admin\",\"image\":{\"@type\":\"ImageObject\",\"inLanguage\":\"en-US\",\"@id\":\"https:\/\/www.prijedordanas.com\/#\/schema\/person\/image\/\",\"url\":\"https:\/\/secure.gravatar.com\/avatar\/1d3fc949d550f0b53a5f0d51e06dfd79?s=96&d=mm&r=g\",\"contentUrl\":\"https:\/\/secure.gravatar.com\/avatar\/1d3fc949d550f0b53a5f0d51e06dfd79?s=96&d=mm&r=g\",\"caption\":\"admin\"},\"url\":\"https:\/\/www.prijedordanas.com\/?author=1\"}]}<\/script>\n<!-- \/ Yoast SEO plugin. -->","yoast_head_json":{"title":"Multisektorski tim Prijedor: Zbog psihi\u010dkog nasilja u porodici izre\u010dene hitne mjere za\u0161tite - PrijedorDanas.com - Prijedorski gradski portal","robots":{"index":"index","follow":"follow","max-snippet":"max-snippet:-1","max-image-preview":"max-image-preview:large","max-video-preview":"max-video-preview:-1"},"canonical":"https:\/\/www.prijedordanas.com\/?p=218722","og_locale":"en_US","og_type":"article","og_title":"Multisektorski tim Prijedor: Zbog psihi\u010dkog nasilja u porodici izre\u010dene hitne mjere za\u0161tite - PrijedorDanas.com - Prijedorski gradski portal","og_description":"U jednom slu\u010daju psihi\u010dkog nasilja u porodici u Prijedoru izre\u010dene su hitne mjere za\u0161tite, \u0161to se mo\u017ee smatrati rezultatom uspje\u0161nog multisektorskog pristupa i dobre saradnje subjekata za\u0161tite, ocijenjeno je na [&hellip;]","og_url":"https:\/\/www.prijedordanas.com\/?p=218722","og_site_name":"PrijedorDanas.com - Prijedorski gradski portal","article_publisher":"https:\/\/www.facebook.com\/PrijedorDanasCom\/","article_published_time":"2024-01-27T08:32:20+00:00","og_image":[{"url":"https:\/\/www.prijedordanas.com\/wp-content\/uploads\/2024\/01\/multisektorski-tim-sastanak-januar2024-1-300x225.jpg"}],"author":"admin","twitter_card":"summary_large_image","twitter_misc":{"Written by":"admin","Est. reading time":"3 minutes"},"schema":{"@context":"https:\/\/schema.org","@graph":[{"@type":"Article","@id":"https:\/\/www.prijedordanas.com\/?p=218722#article","isPartOf":{"@id":"https:\/\/www.prijedordanas.com\/?p=218722"},"author":{"name":"admin","@id":"https:\/\/www.prijedordanas.com\/#\/schema\/person\/4e08ccf29b506ca916ff86d46bb700e6"},"headline":"Multisektorski tim Prijedor: Zbog psihi\u010dkog nasilja u porodici izre\u010dene hitne mjere za\u0161tite","datePublished":"2024-01-27T08:32:20+00:00","dateModified":"2024-01-27T08:32:20+00:00","mainEntityOfPage":{"@id":"https:\/\/www.prijedordanas.com\/?p=218722"},"wordCount":561,"publisher":{"@id":"https:\/\/www.prijedordanas.com\/#organization"},"articleSection":["Svakodnevno"],"inLanguage":"en-US"},{"@type":"WebPage","@id":"https:\/\/www.prijedordanas.com\/?p=218722","url":"https:\/\/www.prijedordanas.com\/?p=218722","name":"Multisektorski tim Prijedor: Zbog psihi\u010dkog nasilja u porodici izre\u010dene hitne mjere za\u0161tite - PrijedorDanas.com - Prijedorski gradski portal","isPartOf":{"@id":"https:\/\/www.prijedordanas.com\/#website"},"datePublished":"2024-01-27T08:32:20+00:00","dateModified":"2024-01-27T08:32:20+00:00","breadcrumb":{"@id":"https:\/\/www.prijedordanas.com\/?p=218722#breadcrumb"},"inLanguage":"en-US","potentialAction":[{"@type":"ReadAction","target":["https:\/\/www.prijedordanas.com\/?p=218722"]}]},{"@type":"BreadcrumbList","@id":"https:\/\/www.prijedordanas.com\/?p=218722#breadcrumb","itemListElement":[{"@type":"ListItem","position":1,"name":"Home","item":"https:\/\/www.prijedordanas.com\/"},{"@type":"ListItem","position":2,"name":"Multisektorski tim Prijedor: Zbog psihi\u010dkog nasilja u porodici izre\u010dene hitne mjere za\u0161tite"}]},{"@type":"WebSite","@id":"https:\/\/www.prijedordanas.com\/#website","url":"https:\/\/www.prijedordanas.com\/","name":"PrijedorDanas.com - Prijedorski gradski portal","description":"Portal o doga\u0111anjima u gradu Prijedoru","publisher":{"@id":"https:\/\/www.prijedordanas.com\/#organization"},"potentialAction":[{"@type":"SearchAction","target":{"@type":"EntryPoint","urlTemplate":"https:\/\/www.prijedordanas.com\/?s={search_term_string}"},"query-input":"required name=search_term_string"}],"inLanguage":"en-US"},{"@type":"Organization","@id":"https:\/\/www.prijedordanas.com\/#organization","name":"PrijedorDanas.com","url":"https:\/\/www.prijedordanas.com\/","logo":{"@type":"ImageObject","inLanguage":"en-US","@id":"https:\/\/www.prijedordanas.com\/#\/schema\/logo\/image\/","url":"http:\/\/www.prijedordanas.com\/wp-content\/uploads\/2021\/12\/logopng.png","contentUrl":"http:\/\/www.prijedordanas.com\/wp-content\/uploads\/2021\/12\/logopng.png","width":1019,"height":776,"caption":"PrijedorDanas.com"},"image":{"@id":"https:\/\/www.prijedordanas.com\/#\/schema\/logo\/image\/"},"sameAs":["https:\/\/www.facebook.com\/PrijedorDanasCom\/"]},{"@type":"Person","@id":"https:\/\/www.prijedordanas.com\/#\/schema\/person\/4e08ccf29b506ca916ff86d46bb700e6","name":"admin","image":{"@type":"ImageObject","inLanguage":"en-US","@id":"https:\/\/www.prijedordanas.com\/#\/schema\/person\/image\/","url":"https:\/\/secure.gravatar.com\/avatar\/1d3fc949d550f0b53a5f0d51e06dfd79?s=96&d=mm&r=g","contentUrl":"https:\/\/secure.gravatar.com\/avatar\/1d3fc949d550f0b53a5f0d51e06dfd79?s=96&d=mm&r=g","caption":"admin"},"url":"https:\/\/www.prijedordanas.com\/?author=1"}]}},"_links":{"self":[{"href":"https:\/\/www.prijedordanas.com\/index.php?rest_route=\/wp\/v2\/posts\/218722"}],"collection":[{"href":"https:\/\/www.prijedordanas.com\/index.php?rest_route=\/wp\/v2\/posts"}],"about":[{"href":"https:\/\/www.prijedordanas.com\/index.php?rest_route=\/wp\/v2\/types\/post"}],"author":[{"embeddable":true,"href":"https:\/\/www.prijedordanas.com\/index.php?rest_route=\/wp\/v2\/users\/1"}],"replies":[{"embeddable":true,"href":"https:\/\/www.prijedordanas.com\/index.php?rest_route=%2Fwp%2Fv2%2Fcomments&post=218722"}],"version-history":[{"count":1,"href":"https:\/\/www.prijedordanas.com\/index.php?rest_route=\/wp\/v2\/posts\/218722\/revisions"}],"predecessor-version":[{"id":218725,"href":"https:\/\/www.prijedordanas.com\/index.php?rest_route=\/wp\/v2\/posts\/218722\/revisions\/218725"}],"wp:attachment":[{"href":"https:\/\/www.prijedordanas.com\/index.php?rest_route=%2Fwp%2Fv2%2Fmedia&parent=218722"}],"wp:term":[{"taxonomy":"category","embeddable":true,"href":"https:\/\/www.prijedordanas.com\/index.php?rest_route=%2Fwp%2Fv2%2Fcategories&post=218722"},{"taxonomy":"post_tag","embeddable":true,"href":"https:\/\/www.prijedordanas.com\/index.php?rest_route=%2Fwp%2Fv2%2Ftags&post=218722"}],"curies":[{"name":"wp","href":"https:\/\/api.w.org\/{rel}","templated":true}]}}