{"id":218706,"date":"2024-01-27T08:21:33","date_gmt":"2024-01-27T07:21:33","guid":{"rendered":"https:\/\/www.prijedordanas.com\/?p=218706"},"modified":"2024-01-27T08:21:33","modified_gmt":"2024-01-27T07:21:33","slug":"bageri-su-srusili-dva-dunuma-naseg-imanja-strahujemo-za-kuce-mjestani-bistrice-tuzili-republiku-srpsku-traze-odstetu","status":"publish","type":"post","link":"https:\/\/www.prijedordanas.com\/?p=218706","title":{"rendered":"&#8220;Bageri su sru\u0161ili dva dunuma na\u0161eg imanja, strahujemo za ku\u0107e&#8221;: Mje\u0161tani Bistrice tu\u017eili Republiku Srpsku, tra\u017ee od\u0161tetu"},"content":{"rendered":"<p><a href=\"https:\/\/www.prijedordanas.com\/wp-content\/uploads\/2024\/01\/srpskainfo-mjestani-bistrice-tuzba.jpg\"><img loading=\"lazy\" decoding=\"async\" src=\"https:\/\/www.prijedordanas.com\/wp-content\/uploads\/2024\/01\/srpskainfo-mjestani-bistrice-tuzba-300x225.jpg\" alt=\"\" width=\"300\" height=\"225\" class=\"alignleft size-medium wp-image-218707\" srcset=\"https:\/\/www.prijedordanas.com\/wp-content\/uploads\/2024\/01\/srpskainfo-mjestani-bistrice-tuzba-300x225.jpg 300w, https:\/\/www.prijedordanas.com\/wp-content\/uploads\/2024\/01\/srpskainfo-mjestani-bistrice-tuzba-640x480.jpg 640w, https:\/\/www.prijedordanas.com\/wp-content\/uploads\/2024\/01\/srpskainfo-mjestani-bistrice-tuzba.jpg 667w\" sizes=\"(max-width: 300px) 100vw, 300px\" \/><\/a>Petoro Bistri\u010dana, koji \u017eive u ovom prijedorskom selu ili koji tu imaju svoja imanja, tu\u017eili su Republiku Srpsku, Grad Prijedor i firmu Drvoeksport zbog, kako tvrde, ugro\u017eavanja elementarnih ljudskih prava zagarantiranih Ustavom.<\/p>\n<p>Nelegalnim iskopavanjem lignita u ovom selu, koje provodi Drvoeksport, a koje su omogu\u0107ili, ili nisu sprije\u010dili republi\u010dki i gradski organi vlasti, ovim ljudima je ugro\u017eeno pravo na dom i na zdravu \u017eivotnu sredinu, ka\u017ee Dragana Stankovi\u0107, advokatica koja ih zastupa.<\/p>\n<p>Na pres konferenciji odr\u017eanoj u prostorijama Centra za \u017eivotnu sredinu Banjaluka, Stankovi\u0107eva je dodala da su Bistri\u010danima ugro\u017eena i pravo na ljudsko dostojanstvo i za\u0161titu zdravlja.<\/p>\n<p>Ona je pojasnila da se radi o tu\u017ebi u parni\u010dnom postupku, koja je predata Osnovnom sudu u Prijedoru.<\/p>\n<p>\u2013 Moji klijenti u tom postupku tra\u017ee nov\u010danu naknadu za nematerijalnu \u0161tetu. Koliki \u0107e biti od\u0161tetni zahtjev, zna\u0107emo nakon vje\u0161ta\u010denja, ali inicijali iznos od\u0161tete je 50.000 KM. Uz od\u0161tetu, tra\u017eimo hitnu obustavu radova, koji su nelegalni, jer Drvoeksport nema ekolo\u0161ku dozvolu za kopanje lignita \u2013 ka\u017ee Stankovi\u0107eva.<\/p>\n<p>Obustavu radova \u017eeljno i\u0161\u010dekuje i Radmila Zrni\u0107. Njeno porodi\u010dno imanje se ne nalazi na eksploata\u0107cionom podru\u010dju, ali su ga bageri Drvoeksporta potkopali i ono se uru\u0161ava.<\/p>\n<p>\u2013 Ve\u0107 su tako potkopavanjem sru\u0161ili dva duluma na\u0161eg posjeda. Tra\u017eili smo od suda jo\u0161 u decembru hitnu obustavu radova, ali ni\u0161ta nije preduzeto \u2013 ka\u017ee Zrni\u0107eva.<\/p>\n<p>Zoran Nini\u0107, jedan od tu\u017eitelja, koji se ve\u0107 mjesecima bori protiv uni\u0161tavanja svog rodnog sela otvaranjem rudnika, ka\u017ee da porodica Zrni\u0107 nije jedina ugro\u017eena.<\/p>\n<p>\u2013 I druga imanja su potkopana, a strahujemo da \u0107e se uru\u0161iti i neke ku\u0107e u selu \u2013 rekao je Nini\u0107.<\/p>\n<p><a href=\"https:\/\/srpskainfo.com\/bageri-su-srusili-dva-dunuma-naseg-imanja-strahujemo-za-kuce-mjestani-bistrice-tuzili-republiku-srpsku-traze-odstetu\/\" rel=\"noopener\" target=\"_blank\">srpskainfo.com<\/a><\/p>\n","protected":false},"excerpt":{"rendered":"<p>Petoro Bistri\u010dana, koji \u017eive u ovom prijedorskom selu ili koji tu imaju svoja imanja, tu\u017eili su Republiku Srpsku, Grad Prijedor i firmu Drvoeksport zbog, kako tvrde, ugro\u017eavanja elementarnih ljudskih prava [&hellip;]<\/p>\n","protected":false},"author":1,"featured_media":0,"comment_status":"closed","ping_status":"open","sticky":false,"template":"","format":"standard","meta":{"_monsterinsights_skip_tracking":false,"_monsterinsights_sitenote_active":false,"_monsterinsights_sitenote_note":"","_monsterinsights_sitenote_category":0,"footnotes":""},"categories":[4],"tags":[],"yoast_head":"<!-- This site is optimized with the Yoast SEO plugin v21.6 - https:\/\/yoast.com\/wordpress\/plugins\/seo\/ -->\n<title>&quot;Bageri su sru\u0161ili dva dunuma na\u0161eg imanja, strahujemo za ku\u0107e&quot;: Mje\u0161tani Bistrice tu\u017eili Republiku Srpsku, tra\u017ee od\u0161tetu - PrijedorDanas.com - Prijedorski gradski portal<\/title>\n<meta name=\"robots\" content=\"index, follow, max-snippet:-1, max-image-preview:large, max-video-preview:-1\" \/>\n<link rel=\"canonical\" href=\"https:\/\/www.prijedordanas.com\/?p=218706\" \/>\n<meta property=\"og:locale\" content=\"en_US\" \/>\n<meta property=\"og:type\" content=\"article\" \/>\n<meta property=\"og:title\" content=\"&quot;Bageri su sru\u0161ili dva dunuma na\u0161eg imanja, strahujemo za ku\u0107e&quot;: Mje\u0161tani Bistrice tu\u017eili Republiku Srpsku, tra\u017ee od\u0161tetu - PrijedorDanas.com - Prijedorski gradski portal\" \/>\n<meta property=\"og:description\" content=\"Petoro Bistri\u010dana, koji \u017eive u ovom prijedorskom selu ili koji tu imaju svoja imanja, tu\u017eili su Republiku Srpsku, Grad Prijedor i firmu Drvoeksport zbog, kako tvrde, ugro\u017eavanja elementarnih ljudskih prava [&hellip;]\" \/>\n<meta property=\"og:url\" content=\"https:\/\/www.prijedordanas.com\/?p=218706\" \/>\n<meta property=\"og:site_name\" content=\"PrijedorDanas.com - Prijedorski gradski portal\" \/>\n<meta property=\"article:publisher\" content=\"https:\/\/www.facebook.com\/PrijedorDanasCom\/\" \/>\n<meta property=\"article:published_time\" content=\"2024-01-27T07:21:33+00:00\" \/>\n<meta property=\"og:image\" content=\"https:\/\/www.prijedordanas.com\/wp-content\/uploads\/2024\/01\/srpskainfo-mjestani-bistrice-tuzba-300x225.jpg\" \/>\n<meta name=\"author\" content=\"admin\" \/>\n<meta name=\"twitter:card\" content=\"summary_large_image\" \/>\n<meta name=\"twitter:label1\" content=\"Written by\" \/>\n\t<meta name=\"twitter:data1\" content=\"admin\" \/>\n<script type=\"application\/ld+json\" class=\"yoast-schema-graph\">{\"@context\":\"https:\/\/schema.org\",\"@graph\":[{\"@type\":\"Article\",\"@id\":\"https:\/\/www.prijedordanas.com\/?p=218706#article\",\"isPartOf\":{\"@id\":\"https:\/\/www.prijedordanas.com\/?p=218706\"},\"author\":{\"name\":\"admin\",\"@id\":\"https:\/\/www.prijedordanas.com\/#\/schema\/person\/4e08ccf29b506ca916ff86d46bb700e6\"},\"headline\":\"&#8220;Bageri su sru\u0161ili dva dunuma na\u0161eg imanja, strahujemo za ku\u0107e&#8221;: Mje\u0161tani Bistrice tu\u017eili Republiku Srpsku, tra\u017ee od\u0161tetu\",\"datePublished\":\"2024-01-27T07:21:33+00:00\",\"dateModified\":\"2024-01-27T07:21:33+00:00\",\"mainEntityOfPage\":{\"@id\":\"https:\/\/www.prijedordanas.com\/?p=218706\"},\"wordCount\":324,\"publisher\":{\"@id\":\"https:\/\/www.prijedordanas.com\/#organization\"},\"articleSection\":[\"Dru\u0161tvo\"],\"inLanguage\":\"en-US\"},{\"@type\":\"WebPage\",\"@id\":\"https:\/\/www.prijedordanas.com\/?p=218706\",\"url\":\"https:\/\/www.prijedordanas.com\/?p=218706\",\"name\":\"\\\"Bageri su sru\u0161ili dva dunuma na\u0161eg imanja, strahujemo za ku\u0107e\\\": Mje\u0161tani Bistrice tu\u017eili Republiku Srpsku, tra\u017ee od\u0161tetu - PrijedorDanas.com - Prijedorski gradski portal\",\"isPartOf\":{\"@id\":\"https:\/\/www.prijedordanas.com\/#website\"},\"datePublished\":\"2024-01-27T07:21:33+00:00\",\"dateModified\":\"2024-01-27T07:21:33+00:00\",\"breadcrumb\":{\"@id\":\"https:\/\/www.prijedordanas.com\/?p=218706#breadcrumb\"},\"inLanguage\":\"en-US\",\"potentialAction\":[{\"@type\":\"ReadAction\",\"target\":[\"https:\/\/www.prijedordanas.com\/?p=218706\"]}]},{\"@type\":\"BreadcrumbList\",\"@id\":\"https:\/\/www.prijedordanas.com\/?p=218706#breadcrumb\",\"itemListElement\":[{\"@type\":\"ListItem\",\"position\":1,\"name\":\"Home\",\"item\":\"https:\/\/www.prijedordanas.com\/\"},{\"@type\":\"ListItem\",\"position\":2,\"name\":\"&#8220;Bageri su sru\u0161ili dva dunuma na\u0161eg imanja, strahujemo za ku\u0107e&#8221;: Mje\u0161tani Bistrice tu\u017eili Republiku Srpsku, tra\u017ee od\u0161tetu\"}]},{\"@type\":\"WebSite\",\"@id\":\"https:\/\/www.prijedordanas.com\/#website\",\"url\":\"https:\/\/www.prijedordanas.com\/\",\"name\":\"PrijedorDanas.com - Prijedorski gradski portal\",\"description\":\"Portal o doga\u0111anjima u gradu Prijedoru\",\"publisher\":{\"@id\":\"https:\/\/www.prijedordanas.com\/#organization\"},\"potentialAction\":[{\"@type\":\"SearchAction\",\"target\":{\"@type\":\"EntryPoint\",\"urlTemplate\":\"https:\/\/www.prijedordanas.com\/?s={search_term_string}\"},\"query-input\":\"required name=search_term_string\"}],\"inLanguage\":\"en-US\"},{\"@type\":\"Organization\",\"@id\":\"https:\/\/www.prijedordanas.com\/#organization\",\"name\":\"PrijedorDanas.com\",\"url\":\"https:\/\/www.prijedordanas.com\/\",\"logo\":{\"@type\":\"ImageObject\",\"inLanguage\":\"en-US\",\"@id\":\"https:\/\/www.prijedordanas.com\/#\/schema\/logo\/image\/\",\"url\":\"http:\/\/www.prijedordanas.com\/wp-content\/uploads\/2021\/12\/logopng.png\",\"contentUrl\":\"http:\/\/www.prijedordanas.com\/wp-content\/uploads\/2021\/12\/logopng.png\",\"width\":1019,\"height\":776,\"caption\":\"PrijedorDanas.com\"},\"image\":{\"@id\":\"https:\/\/www.prijedordanas.com\/#\/schema\/logo\/image\/\"},\"sameAs\":[\"https:\/\/www.facebook.com\/PrijedorDanasCom\/\"]},{\"@type\":\"Person\",\"@id\":\"https:\/\/www.prijedordanas.com\/#\/schema\/person\/4e08ccf29b506ca916ff86d46bb700e6\",\"name\":\"admin\",\"image\":{\"@type\":\"ImageObject\",\"inLanguage\":\"en-US\",\"@id\":\"https:\/\/www.prijedordanas.com\/#\/schema\/person\/image\/\",\"url\":\"https:\/\/secure.gravatar.com\/avatar\/1d3fc949d550f0b53a5f0d51e06dfd79?s=96&d=mm&r=g\",\"contentUrl\":\"https:\/\/secure.gravatar.com\/avatar\/1d3fc949d550f0b53a5f0d51e06dfd79?s=96&d=mm&r=g\",\"caption\":\"admin\"},\"url\":\"https:\/\/www.prijedordanas.com\/?author=1\"}]}<\/script>\n<!-- \/ Yoast SEO plugin. -->","yoast_head_json":{"title":"\"Bageri su sru\u0161ili dva dunuma na\u0161eg imanja, strahujemo za ku\u0107e\": Mje\u0161tani Bistrice tu\u017eili Republiku Srpsku, tra\u017ee od\u0161tetu - PrijedorDanas.com - Prijedorski gradski portal","robots":{"index":"index","follow":"follow","max-snippet":"max-snippet:-1","max-image-preview":"max-image-preview:large","max-video-preview":"max-video-preview:-1"},"canonical":"https:\/\/www.prijedordanas.com\/?p=218706","og_locale":"en_US","og_type":"article","og_title":"\"Bageri su sru\u0161ili dva dunuma na\u0161eg imanja, strahujemo za ku\u0107e\": Mje\u0161tani Bistrice tu\u017eili Republiku Srpsku, tra\u017ee od\u0161tetu - PrijedorDanas.com - Prijedorski gradski portal","og_description":"Petoro Bistri\u010dana, koji \u017eive u ovom prijedorskom selu ili koji tu imaju svoja imanja, tu\u017eili su Republiku Srpsku, Grad Prijedor i firmu Drvoeksport zbog, kako tvrde, ugro\u017eavanja elementarnih ljudskih prava [&hellip;]","og_url":"https:\/\/www.prijedordanas.com\/?p=218706","og_site_name":"PrijedorDanas.com - Prijedorski gradski portal","article_publisher":"https:\/\/www.facebook.com\/PrijedorDanasCom\/","article_published_time":"2024-01-27T07:21:33+00:00","og_image":[{"url":"https:\/\/www.prijedordanas.com\/wp-content\/uploads\/2024\/01\/srpskainfo-mjestani-bistrice-tuzba-300x225.jpg"}],"author":"admin","twitter_card":"summary_large_image","twitter_misc":{"Written by":"admin"},"schema":{"@context":"https:\/\/schema.org","@graph":[{"@type":"Article","@id":"https:\/\/www.prijedordanas.com\/?p=218706#article","isPartOf":{"@id":"https:\/\/www.prijedordanas.com\/?p=218706"},"author":{"name":"admin","@id":"https:\/\/www.prijedordanas.com\/#\/schema\/person\/4e08ccf29b506ca916ff86d46bb700e6"},"headline":"&#8220;Bageri su sru\u0161ili dva dunuma na\u0161eg imanja, strahujemo za ku\u0107e&#8221;: Mje\u0161tani Bistrice tu\u017eili Republiku Srpsku, tra\u017ee od\u0161tetu","datePublished":"2024-01-27T07:21:33+00:00","dateModified":"2024-01-27T07:21:33+00:00","mainEntityOfPage":{"@id":"https:\/\/www.prijedordanas.com\/?p=218706"},"wordCount":324,"publisher":{"@id":"https:\/\/www.prijedordanas.com\/#organization"},"articleSection":["Dru\u0161tvo"],"inLanguage":"en-US"},{"@type":"WebPage","@id":"https:\/\/www.prijedordanas.com\/?p=218706","url":"https:\/\/www.prijedordanas.com\/?p=218706","name":"\"Bageri su sru\u0161ili dva dunuma na\u0161eg imanja, strahujemo za ku\u0107e\": Mje\u0161tani Bistrice tu\u017eili Republiku Srpsku, tra\u017ee od\u0161tetu - PrijedorDanas.com - Prijedorski gradski portal","isPartOf":{"@id":"https:\/\/www.prijedordanas.com\/#website"},"datePublished":"2024-01-27T07:21:33+00:00","dateModified":"2024-01-27T07:21:33+00:00","breadcrumb":{"@id":"https:\/\/www.prijedordanas.com\/?p=218706#breadcrumb"},"inLanguage":"en-US","potentialAction":[{"@type":"ReadAction","target":["https:\/\/www.prijedordanas.com\/?p=218706"]}]},{"@type":"BreadcrumbList","@id":"https:\/\/www.prijedordanas.com\/?p=218706#breadcrumb","itemListElement":[{"@type":"ListItem","position":1,"name":"Home","item":"https:\/\/www.prijedordanas.com\/"},{"@type":"ListItem","position":2,"name":"&#8220;Bageri su sru\u0161ili dva dunuma na\u0161eg imanja, strahujemo za ku\u0107e&#8221;: Mje\u0161tani Bistrice tu\u017eili Republiku Srpsku, tra\u017ee od\u0161tetu"}]},{"@type":"WebSite","@id":"https:\/\/www.prijedordanas.com\/#website","url":"https:\/\/www.prijedordanas.com\/","name":"PrijedorDanas.com - Prijedorski gradski portal","description":"Portal o doga\u0111anjima u gradu Prijedoru","publisher":{"@id":"https:\/\/www.prijedordanas.com\/#organization"},"potentialAction":[{"@type":"SearchAction","target":{"@type":"EntryPoint","urlTemplate":"https:\/\/www.prijedordanas.com\/?s={search_term_string}"},"query-input":"required name=search_term_string"}],"inLanguage":"en-US"},{"@type":"Organization","@id":"https:\/\/www.prijedordanas.com\/#organization","name":"PrijedorDanas.com","url":"https:\/\/www.prijedordanas.com\/","logo":{"@type":"ImageObject","inLanguage":"en-US","@id":"https:\/\/www.prijedordanas.com\/#\/schema\/logo\/image\/","url":"http:\/\/www.prijedordanas.com\/wp-content\/uploads\/2021\/12\/logopng.png","contentUrl":"http:\/\/www.prijedordanas.com\/wp-content\/uploads\/2021\/12\/logopng.png","width":1019,"height":776,"caption":"PrijedorDanas.com"},"image":{"@id":"https:\/\/www.prijedordanas.com\/#\/schema\/logo\/image\/"},"sameAs":["https:\/\/www.facebook.com\/PrijedorDanasCom\/"]},{"@type":"Person","@id":"https:\/\/www.prijedordanas.com\/#\/schema\/person\/4e08ccf29b506ca916ff86d46bb700e6","name":"admin","image":{"@type":"ImageObject","inLanguage":"en-US","@id":"https:\/\/www.prijedordanas.com\/#\/schema\/person\/image\/","url":"https:\/\/secure.gravatar.com\/avatar\/1d3fc949d550f0b53a5f0d51e06dfd79?s=96&d=mm&r=g","contentUrl":"https:\/\/secure.gravatar.com\/avatar\/1d3fc949d550f0b53a5f0d51e06dfd79?s=96&d=mm&r=g","caption":"admin"},"url":"https:\/\/www.prijedordanas.com\/?author=1"}]}},"_links":{"self":[{"href":"https:\/\/www.prijedordanas.com\/index.php?rest_route=\/wp\/v2\/posts\/218706"}],"collection":[{"href":"https:\/\/www.prijedordanas.com\/index.php?rest_route=\/wp\/v2\/posts"}],"about":[{"href":"https:\/\/www.prijedordanas.com\/index.php?rest_route=\/wp\/v2\/types\/post"}],"author":[{"embeddable":true,"href":"https:\/\/www.prijedordanas.com\/index.php?rest_route=\/wp\/v2\/users\/1"}],"replies":[{"embeddable":true,"href":"https:\/\/www.prijedordanas.com\/index.php?rest_route=%2Fwp%2Fv2%2Fcomments&post=218706"}],"version-history":[{"count":1,"href":"https:\/\/www.prijedordanas.com\/index.php?rest_route=\/wp\/v2\/posts\/218706\/revisions"}],"predecessor-version":[{"id":218708,"href":"https:\/\/www.prijedordanas.com\/index.php?rest_route=\/wp\/v2\/posts\/218706\/revisions\/218708"}],"wp:attachment":[{"href":"https:\/\/www.prijedordanas.com\/index.php?rest_route=%2Fwp%2Fv2%2Fmedia&parent=218706"}],"wp:term":[{"taxonomy":"category","embeddable":true,"href":"https:\/\/www.prijedordanas.com\/index.php?rest_route=%2Fwp%2Fv2%2Fcategories&post=218706"},{"taxonomy":"post_tag","embeddable":true,"href":"https:\/\/www.prijedordanas.com\/index.php?rest_route=%2Fwp%2Fv2%2Ftags&post=218706"}],"curies":[{"name":"wp","href":"https:\/\/api.w.org\/{rel}","templated":true}]}}