{"id":218626,"date":"2024-01-26T10:55:54","date_gmt":"2024-01-26T09:55:54","guid":{"rendered":"https:\/\/www.prijedordanas.com\/?p=218626"},"modified":"2024-01-26T16:45:21","modified_gmt":"2024-01-26T15:45:21","slug":"prijedor-svetosavska-nagrada-podsticaj-za-jos-bolji-rad-foto","status":"publish","type":"post","link":"https:\/\/www.prijedordanas.com\/?p=218626","title":{"rendered":"Prijedor: Svetosavska nagrada podsticaj za jo\u0161 bolji rad &#8211; FOTO\/VIDEO"},"content":{"rendered":"<p><a href=\"https:\/\/www.prijedordanas.com\/wp-content\/uploads\/2024\/01\/svetosavska-nagrada-2024-marina-knezevic.jpg\"><img loading=\"lazy\" decoding=\"async\" class=\"alignleft size-medium wp-image-218627\" src=\"https:\/\/www.prijedordanas.com\/wp-content\/uploads\/2024\/01\/svetosavska-nagrada-2024-marina-knezevic-300x225.jpg\" alt=\"\" width=\"300\" height=\"225\" srcset=\"https:\/\/www.prijedordanas.com\/wp-content\/uploads\/2024\/01\/svetosavska-nagrada-2024-marina-knezevic-300x225.jpg 300w, https:\/\/www.prijedordanas.com\/wp-content\/uploads\/2024\/01\/svetosavska-nagrada-2024-marina-knezevic-640x480.jpg 640w, https:\/\/www.prijedordanas.com\/wp-content\/uploads\/2024\/01\/svetosavska-nagrada-2024-marina-knezevic.jpg 667w\" sizes=\"(max-width: 300px) 100vw, 300px\" \/><\/a>Me\u0111u odabranima u Republici Srpskoj koji su na po\u010detku godine dobili Svetosavsku nagradu nalazi se i \u010detvoro prosvjetnih radnika iz Prijedora.<\/p>\n<p>Me\u0111u njima je i u\u010diteljica Marina Kne\u017eevi\u0107, koja desetak godina u Osnovnoj \u0161koli \u201eJovan Cviji\u0107\u201c u Brezi\u010danima sa osmijehom na licu u\u010denike vodi kroz tajne znanja i \u017eivota.<\/p>\n<p>Ka\u017ee da je prosvjetni radnik najljep\u0161i poziv na svijetu jer rad sa djecom oplemenjuje du\u0161u.<\/p>\n<p>\u201cPoziv u\u010ditelja mo\u017eda i nije toliko po\u0161tovan u dru\u0161tvu kako je u drugim zemljama, tako da dobiti Svetosavsku nagradu je zaista velika stvar. Posebno \u0161to se tu vrednuju sve aktivnosti koje u\u010ditelj radi sa svojim u\u010denicima, ali i ndividualno usavr\u0161avaju\u0107i se, rade\u0107i na sebi i uklju\u010duju\u0107i se u razredne projekte i obrazovne politike u koje mo\u017eemo da se uklju\u010dimo\u201d, ka\u017ee Kne\u017eevi\u0107eva.<\/p>\n<p><a href=\"https:\/\/www.prijedordanas.com\/wp-content\/uploads\/2024\/01\/svetosavska-nagrada-2024-vesna-malencic.jpg\"><img loading=\"lazy\" decoding=\"async\" class=\"alignleft size-medium wp-image-218628\" src=\"https:\/\/www.prijedordanas.com\/wp-content\/uploads\/2024\/01\/svetosavska-nagrada-2024-vesna-malencic-300x169.jpg\" alt=\"\" width=\"300\" height=\"169\" srcset=\"https:\/\/www.prijedordanas.com\/wp-content\/uploads\/2024\/01\/svetosavska-nagrada-2024-vesna-malencic-300x169.jpg 300w, https:\/\/www.prijedordanas.com\/wp-content\/uploads\/2024\/01\/svetosavska-nagrada-2024-vesna-malencic.jpg 600w\" sizes=\"(max-width: 300px) 100vw, 300px\" \/><\/a>Nastavnik razredne nastave Vesna Malen\u010di\u0107 u prosvjeti je 26 godina.<\/p>\n<p>Znanje i iskustvo prenosi u\u010denicima u Osnovnoj \u0161koli \u201cVuk Karad\u017ei\u0107\u201d u Omarskoj.<\/p>\n<p>Ka\u017ee da joj je, pored priznanja koje je dobila od Ministarstva prosvjete i kulture, posebno odlikovanje to \u0161to su je za Svetosvsku nagradu predlo\u017eile radne kolege.<\/p>\n<p>\u201cSvetosavska nagrada je najvi\u0161e priznanje u prosvjeti. Zna\u010dajna je zato \u0161to se dobija samo jednom. Zna\u010dajna mi je zbog dana kada se dodjeljuje, prosvjetitelja kome je namijenjena. Predstavlja mi podsticaj za dalji rad i usavr\u0161avanje\u201d, isti\u010de Malen\u010di\u0107eva.<\/p>\n<p><a href=\"https:\/\/www.prijedordanas.com\/wp-content\/uploads\/2024\/01\/svetosavska-nagrada-2024-branko-andjic.jpg\"><img loading=\"lazy\" decoding=\"async\" class=\"alignleft size-medium wp-image-218629\" src=\"https:\/\/www.prijedordanas.com\/wp-content\/uploads\/2024\/01\/svetosavska-nagrada-2024-branko-andjic-300x170.jpg\" alt=\"\" width=\"300\" height=\"170\" srcset=\"https:\/\/www.prijedordanas.com\/wp-content\/uploads\/2024\/01\/svetosavska-nagrada-2024-branko-andjic-300x170.jpg 300w, https:\/\/www.prijedordanas.com\/wp-content\/uploads\/2024\/01\/svetosavska-nagrada-2024-branko-andjic.jpg 600w\" sizes=\"(max-width: 300px) 100vw, 300px\" \/><\/a>Branko An\u0111i\u0107 je psiholog u Osnovnoj \u0161koli Vuk Karad\u017ei\u0107 u Omarskoj.<\/p>\n<p>Deceniju i po dru\u017ei se sa u\u010denicima i trudi se da im pomogne u rje\u0161avanju i malih i velikih problema koje donosi savremeni na\u010din \u017eivota i brzi tehnolo\u0161ki napredak. Ka\u017ee da ga je Svetosavska nagrada dotakla i ispunila na poseban na\u010din.<\/p>\n<p>\u201cNagrada koju sam dobio za mene je bila pozitivno iznena\u0111enje i nagrada za dosada\u0161nji trud i rad koji sam iskazao u radu u vaspitno obrazovnom sistemu. Iskren da budem, nisam o\u010dekivao i ba\u0161 me prijatno iznenadila, tako da sam stvarno sretan, ispunjen i na neki na\u010din dobio sam jedan vid profesionalne satisfakcije za mojih petnaest i po godina rada\u201d, ka\u017ee An\u0111i\u0107.<\/p>\n<p><a href=\"https:\/\/www.prijedordanas.com\/wp-content\/uploads\/2024\/01\/svetosavska-nagrada-2024-slavica-knezevic.jpg\"><img loading=\"lazy\" decoding=\"async\" src=\"https:\/\/www.prijedordanas.com\/wp-content\/uploads\/2024\/01\/svetosavska-nagrada-2024-slavica-knezevic-300x169.jpg\" alt=\"\" width=\"300\" height=\"169\" class=\"alignleft size-medium wp-image-218630\" srcset=\"https:\/\/www.prijedordanas.com\/wp-content\/uploads\/2024\/01\/svetosavska-nagrada-2024-slavica-knezevic-300x169.jpg 300w, https:\/\/www.prijedordanas.com\/wp-content\/uploads\/2024\/01\/svetosavska-nagrada-2024-slavica-knezevic.jpg 600w\" sizes=\"(max-width: 300px) 100vw, 300px\" \/><\/a>Me\u0111u dobitnicima Svetosavske nagrade iz oblasti srednjeg obrazovanja i vaspitanja, sasvim zaslu\u017eeno je i Slavica Kne\u017eevi\u0107, profesor matematike i informatike u Elektrotehni\u010dkoj \u0161koli Prijedor.<\/p>\n<p>U ovoj \u0161koli ona deceniju i po u\u010denicima odagnava strah od matematike.<\/p>\n<p>Ka\u017ee da joj nagrada mnogo zna\u010di i podsti\u010de je da se jo\u0161 vi\u0161e posveti, pogotovo talentovanim u\u010denicima sa kojima na takmi\u010denjima osvaja nagrade.<\/p>\n<p>Ona smatra da se u prosvjeti do autoriteta dolazi znanjem, a ne strahovladom.<\/p>\n<p>\u201cNekako mislim da se izgubila ta distanca izme\u0111u profesora i u\u010denika, koje je postojala kada sam ja bila u\u010denik. Iskreno, meni je drago zbg toga. Mislim da profesor mo\u017ee da odr\u017eava autoritet svojim znanjem, a ne strahovladom na \u010dasu. Kad uspijete da postignete takav odnos, u\u010denici mogu da vam se obrate sa svojim problemima i onda nije nu\u017eno da budete jako strogi na \u010dasu. Mislim da oni cijene trud i rad i cijene kad vide da profesor posjeduje znanje koje mu treba da predaje svoj predmet\u201d, katregori\u010dna je Kne\u017eevi\u0107eva.<\/p>\n<p>Zajedni\u010dka poruka nagra\u0111enih prosvjetnih radnika je da je Svetosavska nagrada kao zvijezda koja svojim sjajem pokazuje put u jo\u0161 ve\u0107u odgovornost i predanost poslu.<\/p>\n<p><strong><a href=\"https:\/\/kozarski.com\/svetosavska-nagrada-podsticaj-za-jos-bolji-rad\/\" target=\"_blank\" rel=\"noopener\">kozarski.com<\/a><\/strong><\/p>\n<p><iframe loading=\"lazy\" title=\"SVETOSAVSKA NAGRADA PODSTICAJ ZA JO\u0160 BOLJI RAD\" width=\"500\" height=\"281\" src=\"https:\/\/www.youtube.com\/embed\/Bb4lo_xxVp4?feature=oembed\" frameborder=\"0\" allow=\"accelerometer; autoplay; clipboard-write; encrypted-media; gyroscope; picture-in-picture; web-share\" allowfullscreen><\/iframe><\/p>\n","protected":false},"excerpt":{"rendered":"<p>Me\u0111u odabranima u Republici Srpskoj koji su na po\u010detku godine dobili Svetosavsku nagradu nalazi se i \u010detvoro prosvjetnih radnika iz Prijedora. Me\u0111u njima je i u\u010diteljica Marina Kne\u017eevi\u0107, koja desetak [&hellip;]<\/p>\n","protected":false},"author":1,"featured_media":0,"comment_status":"closed","ping_status":"open","sticky":false,"template":"","format":"standard","meta":{"_monsterinsights_skip_tracking":false,"_monsterinsights_sitenote_active":false,"_monsterinsights_sitenote_note":"","_monsterinsights_sitenote_category":0,"footnotes":""},"categories":[4],"tags":[],"yoast_head":"<!-- This site is optimized with the Yoast SEO plugin v21.6 - https:\/\/yoast.com\/wordpress\/plugins\/seo\/ -->\n<title>Prijedor: Svetosavska nagrada podsticaj za jo\u0161 bolji rad - FOTO\/VIDEO - PrijedorDanas.com - Prijedorski gradski portal<\/title>\n<meta name=\"robots\" content=\"index, follow, max-snippet:-1, max-image-preview:large, max-video-preview:-1\" \/>\n<link rel=\"canonical\" href=\"https:\/\/www.prijedordanas.com\/?p=218626\" \/>\n<meta property=\"og:locale\" content=\"en_US\" \/>\n<meta property=\"og:type\" content=\"article\" \/>\n<meta property=\"og:title\" content=\"Prijedor: Svetosavska nagrada podsticaj za jo\u0161 bolji rad - FOTO\/VIDEO - PrijedorDanas.com - Prijedorski gradski portal\" \/>\n<meta property=\"og:description\" content=\"Me\u0111u odabranima u Republici Srpskoj koji su na po\u010detku godine dobili Svetosavsku nagradu nalazi se i \u010detvoro prosvjetnih radnika iz Prijedora. Me\u0111u njima je i u\u010diteljica Marina Kne\u017eevi\u0107, koja desetak [&hellip;]\" \/>\n<meta property=\"og:url\" content=\"https:\/\/www.prijedordanas.com\/?p=218626\" \/>\n<meta property=\"og:site_name\" content=\"PrijedorDanas.com - Prijedorski gradski portal\" \/>\n<meta property=\"article:publisher\" content=\"https:\/\/www.facebook.com\/PrijedorDanasCom\/\" \/>\n<meta property=\"article:published_time\" content=\"2024-01-26T09:55:54+00:00\" \/>\n<meta property=\"article:modified_time\" content=\"2024-01-26T15:45:21+00:00\" \/>\n<meta property=\"og:image\" content=\"https:\/\/www.prijedordanas.com\/wp-content\/uploads\/2024\/01\/svetosavska-nagrada-2024-marina-knezevic-300x225.jpg\" \/>\n<meta name=\"author\" content=\"admin\" \/>\n<meta name=\"twitter:card\" content=\"summary_large_image\" \/>\n<meta name=\"twitter:label1\" content=\"Written by\" \/>\n\t<meta name=\"twitter:data1\" content=\"admin\" \/>\n\t<meta name=\"twitter:label2\" content=\"Est. reading time\" \/>\n\t<meta name=\"twitter:data2\" content=\"4 minutes\" \/>\n<script type=\"application\/ld+json\" class=\"yoast-schema-graph\">{\"@context\":\"https:\/\/schema.org\",\"@graph\":[{\"@type\":\"Article\",\"@id\":\"https:\/\/www.prijedordanas.com\/?p=218626#article\",\"isPartOf\":{\"@id\":\"https:\/\/www.prijedordanas.com\/?p=218626\"},\"author\":{\"name\":\"admin\",\"@id\":\"https:\/\/www.prijedordanas.com\/#\/schema\/person\/4e08ccf29b506ca916ff86d46bb700e6\"},\"headline\":\"Prijedor: Svetosavska nagrada podsticaj za jo\u0161 bolji rad &#8211; FOTO\/VIDEO\",\"datePublished\":\"2024-01-26T09:55:54+00:00\",\"dateModified\":\"2024-01-26T15:45:21+00:00\",\"mainEntityOfPage\":{\"@id\":\"https:\/\/www.prijedordanas.com\/?p=218626\"},\"wordCount\":607,\"publisher\":{\"@id\":\"https:\/\/www.prijedordanas.com\/#organization\"},\"articleSection\":[\"Dru\u0161tvo\"],\"inLanguage\":\"en-US\"},{\"@type\":\"WebPage\",\"@id\":\"https:\/\/www.prijedordanas.com\/?p=218626\",\"url\":\"https:\/\/www.prijedordanas.com\/?p=218626\",\"name\":\"Prijedor: Svetosavska nagrada podsticaj za jo\u0161 bolji rad - FOTO\/VIDEO - PrijedorDanas.com - Prijedorski gradski portal\",\"isPartOf\":{\"@id\":\"https:\/\/www.prijedordanas.com\/#website\"},\"datePublished\":\"2024-01-26T09:55:54+00:00\",\"dateModified\":\"2024-01-26T15:45:21+00:00\",\"breadcrumb\":{\"@id\":\"https:\/\/www.prijedordanas.com\/?p=218626#breadcrumb\"},\"inLanguage\":\"en-US\",\"potentialAction\":[{\"@type\":\"ReadAction\",\"target\":[\"https:\/\/www.prijedordanas.com\/?p=218626\"]}]},{\"@type\":\"BreadcrumbList\",\"@id\":\"https:\/\/www.prijedordanas.com\/?p=218626#breadcrumb\",\"itemListElement\":[{\"@type\":\"ListItem\",\"position\":1,\"name\":\"Home\",\"item\":\"https:\/\/www.prijedordanas.com\/\"},{\"@type\":\"ListItem\",\"position\":2,\"name\":\"Prijedor: Svetosavska nagrada podsticaj za jo\u0161 bolji rad &#8211; FOTO\/VIDEO\"}]},{\"@type\":\"WebSite\",\"@id\":\"https:\/\/www.prijedordanas.com\/#website\",\"url\":\"https:\/\/www.prijedordanas.com\/\",\"name\":\"PrijedorDanas.com - Prijedorski gradski portal\",\"description\":\"Portal o doga\u0111anjima u gradu Prijedoru\",\"publisher\":{\"@id\":\"https:\/\/www.prijedordanas.com\/#organization\"},\"potentialAction\":[{\"@type\":\"SearchAction\",\"target\":{\"@type\":\"EntryPoint\",\"urlTemplate\":\"https:\/\/www.prijedordanas.com\/?s={search_term_string}\"},\"query-input\":\"required name=search_term_string\"}],\"inLanguage\":\"en-US\"},{\"@type\":\"Organization\",\"@id\":\"https:\/\/www.prijedordanas.com\/#organization\",\"name\":\"PrijedorDanas.com\",\"url\":\"https:\/\/www.prijedordanas.com\/\",\"logo\":{\"@type\":\"ImageObject\",\"inLanguage\":\"en-US\",\"@id\":\"https:\/\/www.prijedordanas.com\/#\/schema\/logo\/image\/\",\"url\":\"http:\/\/www.prijedordanas.com\/wp-content\/uploads\/2021\/12\/logopng.png\",\"contentUrl\":\"http:\/\/www.prijedordanas.com\/wp-content\/uploads\/2021\/12\/logopng.png\",\"width\":1019,\"height\":776,\"caption\":\"PrijedorDanas.com\"},\"image\":{\"@id\":\"https:\/\/www.prijedordanas.com\/#\/schema\/logo\/image\/\"},\"sameAs\":[\"https:\/\/www.facebook.com\/PrijedorDanasCom\/\"]},{\"@type\":\"Person\",\"@id\":\"https:\/\/www.prijedordanas.com\/#\/schema\/person\/4e08ccf29b506ca916ff86d46bb700e6\",\"name\":\"admin\",\"image\":{\"@type\":\"ImageObject\",\"inLanguage\":\"en-US\",\"@id\":\"https:\/\/www.prijedordanas.com\/#\/schema\/person\/image\/\",\"url\":\"https:\/\/secure.gravatar.com\/avatar\/1d3fc949d550f0b53a5f0d51e06dfd79?s=96&d=mm&r=g\",\"contentUrl\":\"https:\/\/secure.gravatar.com\/avatar\/1d3fc949d550f0b53a5f0d51e06dfd79?s=96&d=mm&r=g\",\"caption\":\"admin\"},\"url\":\"https:\/\/www.prijedordanas.com\/?author=1\"}]}<\/script>\n<!-- \/ Yoast SEO plugin. -->","yoast_head_json":{"title":"Prijedor: Svetosavska nagrada podsticaj za jo\u0161 bolji rad - FOTO\/VIDEO - PrijedorDanas.com - Prijedorski gradski portal","robots":{"index":"index","follow":"follow","max-snippet":"max-snippet:-1","max-image-preview":"max-image-preview:large","max-video-preview":"max-video-preview:-1"},"canonical":"https:\/\/www.prijedordanas.com\/?p=218626","og_locale":"en_US","og_type":"article","og_title":"Prijedor: Svetosavska nagrada podsticaj za jo\u0161 bolji rad - FOTO\/VIDEO - PrijedorDanas.com - Prijedorski gradski portal","og_description":"Me\u0111u odabranima u Republici Srpskoj koji su na po\u010detku godine dobili Svetosavsku nagradu nalazi se i \u010detvoro prosvjetnih radnika iz Prijedora. Me\u0111u njima je i u\u010diteljica Marina Kne\u017eevi\u0107, koja desetak [&hellip;]","og_url":"https:\/\/www.prijedordanas.com\/?p=218626","og_site_name":"PrijedorDanas.com - Prijedorski gradski portal","article_publisher":"https:\/\/www.facebook.com\/PrijedorDanasCom\/","article_published_time":"2024-01-26T09:55:54+00:00","article_modified_time":"2024-01-26T15:45:21+00:00","og_image":[{"url":"https:\/\/www.prijedordanas.com\/wp-content\/uploads\/2024\/01\/svetosavska-nagrada-2024-marina-knezevic-300x225.jpg"}],"author":"admin","twitter_card":"summary_large_image","twitter_misc":{"Written by":"admin","Est. reading time":"4 minutes"},"schema":{"@context":"https:\/\/schema.org","@graph":[{"@type":"Article","@id":"https:\/\/www.prijedordanas.com\/?p=218626#article","isPartOf":{"@id":"https:\/\/www.prijedordanas.com\/?p=218626"},"author":{"name":"admin","@id":"https:\/\/www.prijedordanas.com\/#\/schema\/person\/4e08ccf29b506ca916ff86d46bb700e6"},"headline":"Prijedor: Svetosavska nagrada podsticaj za jo\u0161 bolji rad &#8211; FOTO\/VIDEO","datePublished":"2024-01-26T09:55:54+00:00","dateModified":"2024-01-26T15:45:21+00:00","mainEntityOfPage":{"@id":"https:\/\/www.prijedordanas.com\/?p=218626"},"wordCount":607,"publisher":{"@id":"https:\/\/www.prijedordanas.com\/#organization"},"articleSection":["Dru\u0161tvo"],"inLanguage":"en-US"},{"@type":"WebPage","@id":"https:\/\/www.prijedordanas.com\/?p=218626","url":"https:\/\/www.prijedordanas.com\/?p=218626","name":"Prijedor: Svetosavska nagrada podsticaj za jo\u0161 bolji rad - FOTO\/VIDEO - PrijedorDanas.com - Prijedorski gradski portal","isPartOf":{"@id":"https:\/\/www.prijedordanas.com\/#website"},"datePublished":"2024-01-26T09:55:54+00:00","dateModified":"2024-01-26T15:45:21+00:00","breadcrumb":{"@id":"https:\/\/www.prijedordanas.com\/?p=218626#breadcrumb"},"inLanguage":"en-US","potentialAction":[{"@type":"ReadAction","target":["https:\/\/www.prijedordanas.com\/?p=218626"]}]},{"@type":"BreadcrumbList","@id":"https:\/\/www.prijedordanas.com\/?p=218626#breadcrumb","itemListElement":[{"@type":"ListItem","position":1,"name":"Home","item":"https:\/\/www.prijedordanas.com\/"},{"@type":"ListItem","position":2,"name":"Prijedor: Svetosavska nagrada podsticaj za jo\u0161 bolji rad &#8211; FOTO\/VIDEO"}]},{"@type":"WebSite","@id":"https:\/\/www.prijedordanas.com\/#website","url":"https:\/\/www.prijedordanas.com\/","name":"PrijedorDanas.com - Prijedorski gradski portal","description":"Portal o doga\u0111anjima u gradu Prijedoru","publisher":{"@id":"https:\/\/www.prijedordanas.com\/#organization"},"potentialAction":[{"@type":"SearchAction","target":{"@type":"EntryPoint","urlTemplate":"https:\/\/www.prijedordanas.com\/?s={search_term_string}"},"query-input":"required name=search_term_string"}],"inLanguage":"en-US"},{"@type":"Organization","@id":"https:\/\/www.prijedordanas.com\/#organization","name":"PrijedorDanas.com","url":"https:\/\/www.prijedordanas.com\/","logo":{"@type":"ImageObject","inLanguage":"en-US","@id":"https:\/\/www.prijedordanas.com\/#\/schema\/logo\/image\/","url":"http:\/\/www.prijedordanas.com\/wp-content\/uploads\/2021\/12\/logopng.png","contentUrl":"http:\/\/www.prijedordanas.com\/wp-content\/uploads\/2021\/12\/logopng.png","width":1019,"height":776,"caption":"PrijedorDanas.com"},"image":{"@id":"https:\/\/www.prijedordanas.com\/#\/schema\/logo\/image\/"},"sameAs":["https:\/\/www.facebook.com\/PrijedorDanasCom\/"]},{"@type":"Person","@id":"https:\/\/www.prijedordanas.com\/#\/schema\/person\/4e08ccf29b506ca916ff86d46bb700e6","name":"admin","image":{"@type":"ImageObject","inLanguage":"en-US","@id":"https:\/\/www.prijedordanas.com\/#\/schema\/person\/image\/","url":"https:\/\/secure.gravatar.com\/avatar\/1d3fc949d550f0b53a5f0d51e06dfd79?s=96&d=mm&r=g","contentUrl":"https:\/\/secure.gravatar.com\/avatar\/1d3fc949d550f0b53a5f0d51e06dfd79?s=96&d=mm&r=g","caption":"admin"},"url":"https:\/\/www.prijedordanas.com\/?author=1"}]}},"_links":{"self":[{"href":"https:\/\/www.prijedordanas.com\/index.php?rest_route=\/wp\/v2\/posts\/218626"}],"collection":[{"href":"https:\/\/www.prijedordanas.com\/index.php?rest_route=\/wp\/v2\/posts"}],"about":[{"href":"https:\/\/www.prijedordanas.com\/index.php?rest_route=\/wp\/v2\/types\/post"}],"author":[{"embeddable":true,"href":"https:\/\/www.prijedordanas.com\/index.php?rest_route=\/wp\/v2\/users\/1"}],"replies":[{"embeddable":true,"href":"https:\/\/www.prijedordanas.com\/index.php?rest_route=%2Fwp%2Fv2%2Fcomments&post=218626"}],"version-history":[{"count":2,"href":"https:\/\/www.prijedordanas.com\/index.php?rest_route=\/wp\/v2\/posts\/218626\/revisions"}],"predecessor-version":[{"id":218674,"href":"https:\/\/www.prijedordanas.com\/index.php?rest_route=\/wp\/v2\/posts\/218626\/revisions\/218674"}],"wp:attachment":[{"href":"https:\/\/www.prijedordanas.com\/index.php?rest_route=%2Fwp%2Fv2%2Fmedia&parent=218626"}],"wp:term":[{"taxonomy":"category","embeddable":true,"href":"https:\/\/www.prijedordanas.com\/index.php?rest_route=%2Fwp%2Fv2%2Fcategories&post=218626"},{"taxonomy":"post_tag","embeddable":true,"href":"https:\/\/www.prijedordanas.com\/index.php?rest_route=%2Fwp%2Fv2%2Ftags&post=218626"}],"curies":[{"name":"wp","href":"https:\/\/api.w.org\/{rel}","templated":true}]}}