{"id":218623,"date":"2024-01-26T10:42:37","date_gmt":"2024-01-26T09:42:37","guid":{"rendered":"https:\/\/www.prijedordanas.com\/?p=218623"},"modified":"2024-01-26T10:42:37","modified_gmt":"2024-01-26T09:42:37","slug":"na-dobosu-pumpa-kompanije-dusanic-u-prijedoru-pocetna-cijena-195-miliona-km","status":"publish","type":"post","link":"https:\/\/www.prijedordanas.com\/?p=218623","title":{"rendered":"Na dobo\u0161u pumpa \u201cKompanije Du\u0161ani\u0107\u201d u Prijedoru: Po\u010detna cijena 1,95 miliona KM"},"content":{"rendered":"<p><a href=\"https:\/\/www.prijedordanas.com\/wp-content\/uploads\/2024\/01\/glas-pumpa-dusanic-prijedor.jpg\"><img loading=\"lazy\" decoding=\"async\" src=\"https:\/\/www.prijedordanas.com\/wp-content\/uploads\/2024\/01\/glas-pumpa-dusanic-prijedor-300x225.jpg\" alt=\"\" width=\"300\" height=\"225\" class=\"alignleft size-medium wp-image-218624\" srcset=\"https:\/\/www.prijedordanas.com\/wp-content\/uploads\/2024\/01\/glas-pumpa-dusanic-prijedor-300x225.jpg 300w, https:\/\/www.prijedordanas.com\/wp-content\/uploads\/2024\/01\/glas-pumpa-dusanic-prijedor-640x480.jpg 640w, https:\/\/www.prijedordanas.com\/wp-content\/uploads\/2024\/01\/glas-pumpa-dusanic-prijedor.jpg 667w\" sizes=\"(max-width: 300px) 100vw, 300px\" \/><\/a>Dio imovine prnjavorske \u201cKompanije Du\u0161ani\u0107\u201d u ste\u010daju, koji se nalazi u Prijedoru, ponu\u0111en je na dobo\u0161, a po\u010detna cijena je 1,95 miliona maraka.<\/p>\n<p>Rije\u010d je o zemlji\u0161tu na kojem se nalazi benzinska pumpa, prodajni prostor i skladi\u0161te-hala sa dvori\u0161tem, sve ogra\u0111eno industrijskom ogradom.<\/p>\n<p>Prodaja imovine, koja je smje\u0161tena uz regionalni put Prijedor &#8211; Sanski Most, planirana je 6. februara u 14 \u010dasova u prostorijama Okru\u017enog privrednog suda u Banjaluci.  <\/p>\n<p>Ste\u010dajni upravnik \u201cKompanije Du\u0161ani\u0107\u201d Nata\u0161a Kosi\u0107 kazala je za \u201cGlas Srpske\u201d da \u0107e se na licitaciji na\u0107i benzinska pumpa kapaciteta 80.000 litara sa prodajnim prostorom za autogalanteriju i mini market, ali objekat trenutno nije u funkciji i nema potrebne dozvole za rad.<\/p>\n<p>&#8211; Na istoj parceli postoji zatvoreno skladi\u0161te i ogra\u0111en betonirani plato kao otvoreno skladi\u0161te. Imovina ste\u010dajnog du\u017enika prodaje se \u201cu paketu\u201d, kao jedna cjelina &#8211; kazala je Kosi\u0107eva, dodaju\u0107i da se ova imovina na prvoj licitaciji ne\u0107e prodati ispod po\u010detne cijene.<\/p>\n<p>Kad je rije\u010d o imovini \u201cKompanije Du\u0161ani\u0107\u201d u Modri\u010di, Kosi\u0107eva ka\u017ee da je licitacija odr\u017eana u decembru pro\u0161le godine bila neuspje\u0161na, jer nije bilo zainteresovanih kupaca, a razlog je, smatra, cijena od 2,1 milion KM.<\/p>\n<p>Prema njenim rije\u010dima, vlasnik Petar Du\u0161ani\u0107 je u me\u0111uvremenu poku\u0161ao da zaustavi prodaju tog objekta, zbog \u010dega su dobili privremenu zabranu prodaje, na koju su se \u017ealili.<\/p>\n<p>&#8211; Ro\u010di\u0161te je odr\u017eano prije nekoliko dana, tako da o\u010dekujemo novu odluku kako bismo mogli benzinsku pumpu u Modri\u010di ponovo staviti na prodaju. Du\u0161ani\u0107 je htio da sprije\u010di prodaju te pumpe, navode\u0107i da ima hipoteku na tom objektu. S obzirom da to nije uspio da doka\u017ee nisam priznala potra\u017eivanja tako da \u0107e sud odlu\u010diti &#8211; kazala je Kosi\u0107eva, dodaju\u0107i da bi cijena na sljede\u0107oj licitaciji trebalo da bude upola ni\u017ea.<\/p>\n<p>Ona je podsjetila da je prijedlog za ste\u010daj preduze\u0107a u vlasni\u0161tvu porodice prnjavorskog biznismena Petra Du\u0161ani\u0107a podnesen jo\u0161 polovinom 2018. godine te da je odluka o otvaranju ste\u010daja donesena tek lani.<\/p>\n<p>Vrijednost imovine \u201cKompanije Du\u0161ani\u0107\u201d u ste\u010daju procijenjena je na \u010detiri miliona maraka, dok ukupna prijavljena potra\u017eivanja iznose 14 miliona KM. Tako\u0111e, postoji i imovina u vidu akcija u drugim privrednim dru\u0161tvima, ali rije\u010d je o ne\u0161to manjim iznosima.<\/p>\n<p>Najve\u0107i povjerilac je, prema ranijim izjavama Kosi\u0107eve, Uprava za indirektno oporezivanje (UIO) BiH koja potra\u017euje milion maraka. Razlu\u010dni povjerioci su UIO BiH, Poreska uprava RS i Rafinerija ulja Modri\u010da. Kada je rije\u010d o radnicima, ona je istakla da su prijavljeni samo supru\u017enici Mira i Petar Du\u0161ani\u0107, odnosno vlasnici pomenutog preduze\u0107a, koji imaju potra\u017eivanja za plate \u0161to im je priznato.<\/p>\n<p>Uslovi<\/p>\n<p>Kako je navedeno u oglasu o prodaji imovine ste\u010dajnog du\u017enika na podru\u010dju Prijedora, pravo u\u010de\u0161\u0107a imaju sva pravna i fizi\u010dka lica, koja do 4. februara do 15 \u010dasova uplate depozit od 50.000 maraka. Licitacija \u0107e biti odr\u017eana i ako prisustvuje samo jedan ponu\u0111a\u010d.<\/p>\n<p>Glas Srpske<\/p>\n","protected":false},"excerpt":{"rendered":"<p>Dio imovine prnjavorske \u201cKompanije Du\u0161ani\u0107\u201d u ste\u010daju, koji se nalazi u Prijedoru, ponu\u0111en je na dobo\u0161, a po\u010detna cijena je 1,95 miliona maraka. Rije\u010d je o zemlji\u0161tu na kojem se [&hellip;]<\/p>\n","protected":false},"author":1,"featured_media":0,"comment_status":"closed","ping_status":"open","sticky":false,"template":"","format":"standard","meta":{"_monsterinsights_skip_tracking":false,"_monsterinsights_sitenote_active":false,"_monsterinsights_sitenote_note":"","_monsterinsights_sitenote_category":0,"footnotes":""},"categories":[8],"tags":[],"yoast_head":"<!-- This site is optimized with the Yoast SEO plugin v21.6 - https:\/\/yoast.com\/wordpress\/plugins\/seo\/ -->\n<title>Na dobo\u0161u pumpa \u201cKompanije Du\u0161ani\u0107\u201d u Prijedoru: Po\u010detna cijena 1,95 miliona KM - PrijedorDanas.com - Prijedorski gradski portal<\/title>\n<meta name=\"robots\" content=\"index, follow, max-snippet:-1, max-image-preview:large, max-video-preview:-1\" \/>\n<link rel=\"canonical\" href=\"https:\/\/www.prijedordanas.com\/?p=218623\" \/>\n<meta property=\"og:locale\" content=\"en_US\" \/>\n<meta property=\"og:type\" content=\"article\" \/>\n<meta property=\"og:title\" content=\"Na dobo\u0161u pumpa \u201cKompanije Du\u0161ani\u0107\u201d u Prijedoru: Po\u010detna cijena 1,95 miliona KM - PrijedorDanas.com - Prijedorski gradski portal\" \/>\n<meta property=\"og:description\" content=\"Dio imovine prnjavorske \u201cKompanije Du\u0161ani\u0107\u201d u ste\u010daju, koji se nalazi u Prijedoru, ponu\u0111en je na dobo\u0161, a po\u010detna cijena je 1,95 miliona maraka. Rije\u010d je o zemlji\u0161tu na kojem se [&hellip;]\" \/>\n<meta property=\"og:url\" content=\"https:\/\/www.prijedordanas.com\/?p=218623\" \/>\n<meta property=\"og:site_name\" content=\"PrijedorDanas.com - Prijedorski gradski portal\" \/>\n<meta property=\"article:publisher\" content=\"https:\/\/www.facebook.com\/PrijedorDanasCom\/\" \/>\n<meta property=\"article:published_time\" content=\"2024-01-26T09:42:37+00:00\" \/>\n<meta property=\"og:image\" content=\"https:\/\/www.prijedordanas.com\/wp-content\/uploads\/2024\/01\/glas-pumpa-dusanic-prijedor-300x225.jpg\" \/>\n<meta name=\"author\" content=\"admin\" \/>\n<meta name=\"twitter:card\" content=\"summary_large_image\" \/>\n<meta name=\"twitter:label1\" content=\"Written by\" \/>\n\t<meta name=\"twitter:data1\" content=\"admin\" \/>\n<script type=\"application\/ld+json\" class=\"yoast-schema-graph\">{\"@context\":\"https:\/\/schema.org\",\"@graph\":[{\"@type\":\"Article\",\"@id\":\"https:\/\/www.prijedordanas.com\/?p=218623#article\",\"isPartOf\":{\"@id\":\"https:\/\/www.prijedordanas.com\/?p=218623\"},\"author\":{\"name\":\"admin\",\"@id\":\"https:\/\/www.prijedordanas.com\/#\/schema\/person\/4e08ccf29b506ca916ff86d46bb700e6\"},\"headline\":\"Na dobo\u0161u pumpa \u201cKompanije Du\u0161ani\u0107\u201d u Prijedoru: Po\u010detna cijena 1,95 miliona KM\",\"datePublished\":\"2024-01-26T09:42:37+00:00\",\"dateModified\":\"2024-01-26T09:42:37+00:00\",\"mainEntityOfPage\":{\"@id\":\"https:\/\/www.prijedordanas.com\/?p=218623\"},\"wordCount\":540,\"publisher\":{\"@id\":\"https:\/\/www.prijedordanas.com\/#organization\"},\"articleSection\":[\"Svakodnevno\"],\"inLanguage\":\"en-US\"},{\"@type\":\"WebPage\",\"@id\":\"https:\/\/www.prijedordanas.com\/?p=218623\",\"url\":\"https:\/\/www.prijedordanas.com\/?p=218623\",\"name\":\"Na dobo\u0161u pumpa \u201cKompanije Du\u0161ani\u0107\u201d u Prijedoru: Po\u010detna cijena 1,95 miliona KM - PrijedorDanas.com - Prijedorski gradski portal\",\"isPartOf\":{\"@id\":\"https:\/\/www.prijedordanas.com\/#website\"},\"datePublished\":\"2024-01-26T09:42:37+00:00\",\"dateModified\":\"2024-01-26T09:42:37+00:00\",\"breadcrumb\":{\"@id\":\"https:\/\/www.prijedordanas.com\/?p=218623#breadcrumb\"},\"inLanguage\":\"en-US\",\"potentialAction\":[{\"@type\":\"ReadAction\",\"target\":[\"https:\/\/www.prijedordanas.com\/?p=218623\"]}]},{\"@type\":\"BreadcrumbList\",\"@id\":\"https:\/\/www.prijedordanas.com\/?p=218623#breadcrumb\",\"itemListElement\":[{\"@type\":\"ListItem\",\"position\":1,\"name\":\"Home\",\"item\":\"https:\/\/www.prijedordanas.com\/\"},{\"@type\":\"ListItem\",\"position\":2,\"name\":\"Na dobo\u0161u pumpa \u201cKompanije Du\u0161ani\u0107\u201d u Prijedoru: Po\u010detna cijena 1,95 miliona KM\"}]},{\"@type\":\"WebSite\",\"@id\":\"https:\/\/www.prijedordanas.com\/#website\",\"url\":\"https:\/\/www.prijedordanas.com\/\",\"name\":\"PrijedorDanas.com - Prijedorski gradski portal\",\"description\":\"Portal o doga\u0111anjima u gradu Prijedoru\",\"publisher\":{\"@id\":\"https:\/\/www.prijedordanas.com\/#organization\"},\"potentialAction\":[{\"@type\":\"SearchAction\",\"target\":{\"@type\":\"EntryPoint\",\"urlTemplate\":\"https:\/\/www.prijedordanas.com\/?s={search_term_string}\"},\"query-input\":\"required name=search_term_string\"}],\"inLanguage\":\"en-US\"},{\"@type\":\"Organization\",\"@id\":\"https:\/\/www.prijedordanas.com\/#organization\",\"name\":\"PrijedorDanas.com\",\"url\":\"https:\/\/www.prijedordanas.com\/\",\"logo\":{\"@type\":\"ImageObject\",\"inLanguage\":\"en-US\",\"@id\":\"https:\/\/www.prijedordanas.com\/#\/schema\/logo\/image\/\",\"url\":\"http:\/\/www.prijedordanas.com\/wp-content\/uploads\/2021\/12\/logopng.png\",\"contentUrl\":\"http:\/\/www.prijedordanas.com\/wp-content\/uploads\/2021\/12\/logopng.png\",\"width\":1019,\"height\":776,\"caption\":\"PrijedorDanas.com\"},\"image\":{\"@id\":\"https:\/\/www.prijedordanas.com\/#\/schema\/logo\/image\/\"},\"sameAs\":[\"https:\/\/www.facebook.com\/PrijedorDanasCom\/\"]},{\"@type\":\"Person\",\"@id\":\"https:\/\/www.prijedordanas.com\/#\/schema\/person\/4e08ccf29b506ca916ff86d46bb700e6\",\"name\":\"admin\",\"image\":{\"@type\":\"ImageObject\",\"inLanguage\":\"en-US\",\"@id\":\"https:\/\/www.prijedordanas.com\/#\/schema\/person\/image\/\",\"url\":\"https:\/\/secure.gravatar.com\/avatar\/1d3fc949d550f0b53a5f0d51e06dfd79?s=96&d=mm&r=g\",\"contentUrl\":\"https:\/\/secure.gravatar.com\/avatar\/1d3fc949d550f0b53a5f0d51e06dfd79?s=96&d=mm&r=g\",\"caption\":\"admin\"},\"url\":\"https:\/\/www.prijedordanas.com\/?author=1\"}]}<\/script>\n<!-- \/ Yoast SEO plugin. -->","yoast_head_json":{"title":"Na dobo\u0161u pumpa \u201cKompanije Du\u0161ani\u0107\u201d u Prijedoru: Po\u010detna cijena 1,95 miliona KM - PrijedorDanas.com - Prijedorski gradski portal","robots":{"index":"index","follow":"follow","max-snippet":"max-snippet:-1","max-image-preview":"max-image-preview:large","max-video-preview":"max-video-preview:-1"},"canonical":"https:\/\/www.prijedordanas.com\/?p=218623","og_locale":"en_US","og_type":"article","og_title":"Na dobo\u0161u pumpa \u201cKompanije Du\u0161ani\u0107\u201d u Prijedoru: Po\u010detna cijena 1,95 miliona KM - PrijedorDanas.com - Prijedorski gradski portal","og_description":"Dio imovine prnjavorske \u201cKompanije Du\u0161ani\u0107\u201d u ste\u010daju, koji se nalazi u Prijedoru, ponu\u0111en je na dobo\u0161, a po\u010detna cijena je 1,95 miliona maraka. Rije\u010d je o zemlji\u0161tu na kojem se [&hellip;]","og_url":"https:\/\/www.prijedordanas.com\/?p=218623","og_site_name":"PrijedorDanas.com - Prijedorski gradski portal","article_publisher":"https:\/\/www.facebook.com\/PrijedorDanasCom\/","article_published_time":"2024-01-26T09:42:37+00:00","og_image":[{"url":"https:\/\/www.prijedordanas.com\/wp-content\/uploads\/2024\/01\/glas-pumpa-dusanic-prijedor-300x225.jpg"}],"author":"admin","twitter_card":"summary_large_image","twitter_misc":{"Written by":"admin"},"schema":{"@context":"https:\/\/schema.org","@graph":[{"@type":"Article","@id":"https:\/\/www.prijedordanas.com\/?p=218623#article","isPartOf":{"@id":"https:\/\/www.prijedordanas.com\/?p=218623"},"author":{"name":"admin","@id":"https:\/\/www.prijedordanas.com\/#\/schema\/person\/4e08ccf29b506ca916ff86d46bb700e6"},"headline":"Na dobo\u0161u pumpa \u201cKompanije Du\u0161ani\u0107\u201d u Prijedoru: Po\u010detna cijena 1,95 miliona KM","datePublished":"2024-01-26T09:42:37+00:00","dateModified":"2024-01-26T09:42:37+00:00","mainEntityOfPage":{"@id":"https:\/\/www.prijedordanas.com\/?p=218623"},"wordCount":540,"publisher":{"@id":"https:\/\/www.prijedordanas.com\/#organization"},"articleSection":["Svakodnevno"],"inLanguage":"en-US"},{"@type":"WebPage","@id":"https:\/\/www.prijedordanas.com\/?p=218623","url":"https:\/\/www.prijedordanas.com\/?p=218623","name":"Na dobo\u0161u pumpa \u201cKompanije Du\u0161ani\u0107\u201d u Prijedoru: Po\u010detna cijena 1,95 miliona KM - PrijedorDanas.com - Prijedorski gradski portal","isPartOf":{"@id":"https:\/\/www.prijedordanas.com\/#website"},"datePublished":"2024-01-26T09:42:37+00:00","dateModified":"2024-01-26T09:42:37+00:00","breadcrumb":{"@id":"https:\/\/www.prijedordanas.com\/?p=218623#breadcrumb"},"inLanguage":"en-US","potentialAction":[{"@type":"ReadAction","target":["https:\/\/www.prijedordanas.com\/?p=218623"]}]},{"@type":"BreadcrumbList","@id":"https:\/\/www.prijedordanas.com\/?p=218623#breadcrumb","itemListElement":[{"@type":"ListItem","position":1,"name":"Home","item":"https:\/\/www.prijedordanas.com\/"},{"@type":"ListItem","position":2,"name":"Na dobo\u0161u pumpa \u201cKompanije Du\u0161ani\u0107\u201d u Prijedoru: Po\u010detna cijena 1,95 miliona KM"}]},{"@type":"WebSite","@id":"https:\/\/www.prijedordanas.com\/#website","url":"https:\/\/www.prijedordanas.com\/","name":"PrijedorDanas.com - Prijedorski gradski portal","description":"Portal o doga\u0111anjima u gradu Prijedoru","publisher":{"@id":"https:\/\/www.prijedordanas.com\/#organization"},"potentialAction":[{"@type":"SearchAction","target":{"@type":"EntryPoint","urlTemplate":"https:\/\/www.prijedordanas.com\/?s={search_term_string}"},"query-input":"required name=search_term_string"}],"inLanguage":"en-US"},{"@type":"Organization","@id":"https:\/\/www.prijedordanas.com\/#organization","name":"PrijedorDanas.com","url":"https:\/\/www.prijedordanas.com\/","logo":{"@type":"ImageObject","inLanguage":"en-US","@id":"https:\/\/www.prijedordanas.com\/#\/schema\/logo\/image\/","url":"http:\/\/www.prijedordanas.com\/wp-content\/uploads\/2021\/12\/logopng.png","contentUrl":"http:\/\/www.prijedordanas.com\/wp-content\/uploads\/2021\/12\/logopng.png","width":1019,"height":776,"caption":"PrijedorDanas.com"},"image":{"@id":"https:\/\/www.prijedordanas.com\/#\/schema\/logo\/image\/"},"sameAs":["https:\/\/www.facebook.com\/PrijedorDanasCom\/"]},{"@type":"Person","@id":"https:\/\/www.prijedordanas.com\/#\/schema\/person\/4e08ccf29b506ca916ff86d46bb700e6","name":"admin","image":{"@type":"ImageObject","inLanguage":"en-US","@id":"https:\/\/www.prijedordanas.com\/#\/schema\/person\/image\/","url":"https:\/\/secure.gravatar.com\/avatar\/1d3fc949d550f0b53a5f0d51e06dfd79?s=96&d=mm&r=g","contentUrl":"https:\/\/secure.gravatar.com\/avatar\/1d3fc949d550f0b53a5f0d51e06dfd79?s=96&d=mm&r=g","caption":"admin"},"url":"https:\/\/www.prijedordanas.com\/?author=1"}]}},"_links":{"self":[{"href":"https:\/\/www.prijedordanas.com\/index.php?rest_route=\/wp\/v2\/posts\/218623"}],"collection":[{"href":"https:\/\/www.prijedordanas.com\/index.php?rest_route=\/wp\/v2\/posts"}],"about":[{"href":"https:\/\/www.prijedordanas.com\/index.php?rest_route=\/wp\/v2\/types\/post"}],"author":[{"embeddable":true,"href":"https:\/\/www.prijedordanas.com\/index.php?rest_route=\/wp\/v2\/users\/1"}],"replies":[{"embeddable":true,"href":"https:\/\/www.prijedordanas.com\/index.php?rest_route=%2Fwp%2Fv2%2Fcomments&post=218623"}],"version-history":[{"count":1,"href":"https:\/\/www.prijedordanas.com\/index.php?rest_route=\/wp\/v2\/posts\/218623\/revisions"}],"predecessor-version":[{"id":218625,"href":"https:\/\/www.prijedordanas.com\/index.php?rest_route=\/wp\/v2\/posts\/218623\/revisions\/218625"}],"wp:attachment":[{"href":"https:\/\/www.prijedordanas.com\/index.php?rest_route=%2Fwp%2Fv2%2Fmedia&parent=218623"}],"wp:term":[{"taxonomy":"category","embeddable":true,"href":"https:\/\/www.prijedordanas.com\/index.php?rest_route=%2Fwp%2Fv2%2Fcategories&post=218623"},{"taxonomy":"post_tag","embeddable":true,"href":"https:\/\/www.prijedordanas.com\/index.php?rest_route=%2Fwp%2Fv2%2Ftags&post=218623"}],"curies":[{"name":"wp","href":"https:\/\/api.w.org\/{rel}","templated":true}]}}