{"id":218572,"date":"2024-01-25T13:06:06","date_gmt":"2024-01-25T12:06:06","guid":{"rendered":"https:\/\/www.prijedordanas.com\/?p=218572"},"modified":"2024-01-25T13:06:06","modified_gmt":"2024-01-25T12:06:06","slug":"prijedorcanin-naoruzan-upao-u-apoteku-u-banjaluci-i-vikao-daj-trodone","status":"publish","type":"post","link":"https:\/\/www.prijedordanas.com\/?p=218572","title":{"rendered":"Prijedor\u010danin naoru\u017ean upao u apoteku u Banjaluci i vikao &#8220;daj trodone!&#8221;"},"content":{"rendered":"<p><a href=\"https:\/\/www.prijedordanas.com\/wp-content\/uploads\/2024\/01\/shutterstock-pistolj-tablete.jpg\"><img loading=\"lazy\" decoding=\"async\" src=\"https:\/\/www.prijedordanas.com\/wp-content\/uploads\/2024\/01\/shutterstock-pistolj-tablete-300x225.jpg\" alt=\"\" width=\"300\" height=\"225\" class=\"alignleft size-medium wp-image-218573\" srcset=\"https:\/\/www.prijedordanas.com\/wp-content\/uploads\/2024\/01\/shutterstock-pistolj-tablete-300x225.jpg 300w, https:\/\/www.prijedordanas.com\/wp-content\/uploads\/2024\/01\/shutterstock-pistolj-tablete-640x480.jpg 640w, https:\/\/www.prijedordanas.com\/wp-content\/uploads\/2024\/01\/shutterstock-pistolj-tablete.jpg 667w\" sizes=\"(max-width: 300px) 100vw, 300px\" \/><\/a>Viktor Jovanovi\u0107 (39) iz Prijedora optu\u017een je da je u novembru pro\u0161le godine maskiran i naoru\u017ean pi\u0161toljem po\u010dinio razbojni\u0161tvo u apoteci u Banjaluci.<\/p>\n<p>Optu\u017enicu protiv njega je podiglo Okru\u017eno javno tu\u017eila\u0161tvo Banjaluka, a potvrdio Okru\u017eni sud u ovom gradu.<\/p>\n<p>Kako se navodi u optu\u017enici, razbojni\u0161tvo se desilo 25. novembra 2023. godine u 17.30 \u010dasova u apoteci u Ulici Jovana Du\u010di\u0107a u Banjaluci.<\/p>\n<p>Optu\u017eeni je bio maskiran sa kapulja\u010dom na glavi i crnom medicinskom maskom preko usta i nosa, a na rukama je imao plave medicinske rukavice i bio je naoru\u017ean startnim pi\u0161toljem<\/p>\n<p>&#8220;U\u0161ao je u apoteku gdje je o\u0161te\u0107ena radnica S.P. bila sama i upozorio je da ne poku\u0161ava ni\u0161ta jer ima pi\u0161tolj. Pitao ju je \u201egdje je sef\u201c i tra\u017eio da mu preda pare. Kada je vidjela pi\u0161tolj u rukama osumnji\u010denog, koji je stajao odmah uz nju, iz straha za svoj \u017eivot iz ladice pulta je izvadila papirne nov\u010danice u iznosu od 720 KM&#8221;, pi\u0161e u optu\u017enici.<\/p>\n<p>Kada mu je dala novac, optu\u017eeni je povikao: \u201cDaj trodone, daj trodone!\u201c<\/p>\n<p>&#8220;Kada mu je radnica odgovorila da ne dr\u017ee trodone, sa pi\u0161toljem u ruci tra\u017eio je da odu u stra\u017enji dio prostorije gdje se nalazila metalna kasa (u kojoj se \u010duvaju medikamenti za lije\u010denje od zavisnosti), a koja je bila djelimi\u010dno otvorena. Naredio je radnici da mu preda sve \u010detiri bo\u010dice medikamenta \u201eoramorph\u201c. Nakon \u0161to mu je o\u0161te\u0107ena iz straha za \u017eivot dala jednu fla\u0161icu, on je uzeo i ostale tri, a zatim je uzeo i medikamente \u201eksalol\u201c &#8220;, navodi se u optu\u017enici.<\/p>\n<p>Potom joj je, sa pi\u0161toljem u ruci, zaprijetio da ne smije pozvati policiju i sa plijenom pobjegao iz apoteke. Dodaje se da je zatim presko\u010dio za\u0161titnu metalnu ogradu visine oko 1,5 metara i u\u0161ao u krug biv\u0161e \u201elinike za hirurgiju.<\/p>\n<p>&#8220;Tu je, iskoristiv\u0161i neosvijetljenost lokacije, odbacio crnu masku i presvukao se, a potom se pje\u0161ke uputio u smjeru naselja Obili\u0107evo&#8221;, navedeno je u optu\u017enici.<\/p>\n<p><a href=\"https:\/\/mondo.ba\/Info\/Crna-hronika\/a1273640\/Prijedorcanijn-opljackao-apoteku-u-Banjaluci.html\" rel=\"noopener\" target=\"_blank\">mondo.ba<\/a><\/p>\n","protected":false},"excerpt":{"rendered":"<p>Viktor Jovanovi\u0107 (39) iz Prijedora optu\u017een je da je u novembru pro\u0161le godine maskiran i naoru\u017ean pi\u0161toljem po\u010dinio razbojni\u0161tvo u apoteci u Banjaluci. Optu\u017enicu protiv njega je podiglo Okru\u017eno javno [&hellip;]<\/p>\n","protected":false},"author":1,"featured_media":0,"comment_status":"closed","ping_status":"open","sticky":false,"template":"","format":"standard","meta":{"_monsterinsights_skip_tracking":false,"_monsterinsights_sitenote_active":false,"_monsterinsights_sitenote_note":"","_monsterinsights_sitenote_category":0,"footnotes":""},"categories":[5],"tags":[],"yoast_head":"<!-- This site is optimized with the Yoast SEO plugin v21.6 - https:\/\/yoast.com\/wordpress\/plugins\/seo\/ -->\n<title>Prijedor\u010danin naoru\u017ean upao u apoteku u Banjaluci i vikao &quot;daj trodone!&quot; - PrijedorDanas.com - Prijedorski gradski portal<\/title>\n<meta name=\"robots\" content=\"index, follow, max-snippet:-1, max-image-preview:large, max-video-preview:-1\" \/>\n<link rel=\"canonical\" href=\"https:\/\/www.prijedordanas.com\/?p=218572\" \/>\n<meta property=\"og:locale\" content=\"en_US\" \/>\n<meta property=\"og:type\" content=\"article\" \/>\n<meta property=\"og:title\" content=\"Prijedor\u010danin naoru\u017ean upao u apoteku u Banjaluci i vikao &quot;daj trodone!&quot; - PrijedorDanas.com - Prijedorski gradski portal\" \/>\n<meta property=\"og:description\" content=\"Viktor Jovanovi\u0107 (39) iz Prijedora optu\u017een je da je u novembru pro\u0161le godine maskiran i naoru\u017ean pi\u0161toljem po\u010dinio razbojni\u0161tvo u apoteci u Banjaluci. Optu\u017enicu protiv njega je podiglo Okru\u017eno javno [&hellip;]\" \/>\n<meta property=\"og:url\" content=\"https:\/\/www.prijedordanas.com\/?p=218572\" \/>\n<meta property=\"og:site_name\" content=\"PrijedorDanas.com - Prijedorski gradski portal\" \/>\n<meta property=\"article:publisher\" content=\"https:\/\/www.facebook.com\/PrijedorDanasCom\/\" \/>\n<meta property=\"article:published_time\" content=\"2024-01-25T12:06:06+00:00\" \/>\n<meta property=\"og:image\" content=\"https:\/\/www.prijedordanas.com\/wp-content\/uploads\/2024\/01\/shutterstock-pistolj-tablete-300x225.jpg\" \/>\n<meta name=\"author\" content=\"admin\" \/>\n<meta name=\"twitter:card\" content=\"summary_large_image\" \/>\n<meta name=\"twitter:label1\" content=\"Written by\" \/>\n\t<meta name=\"twitter:data1\" content=\"admin\" \/>\n<script type=\"application\/ld+json\" class=\"yoast-schema-graph\">{\"@context\":\"https:\/\/schema.org\",\"@graph\":[{\"@type\":\"Article\",\"@id\":\"https:\/\/www.prijedordanas.com\/?p=218572#article\",\"isPartOf\":{\"@id\":\"https:\/\/www.prijedordanas.com\/?p=218572\"},\"author\":{\"name\":\"admin\",\"@id\":\"https:\/\/www.prijedordanas.com\/#\/schema\/person\/4e08ccf29b506ca916ff86d46bb700e6\"},\"headline\":\"Prijedor\u010danin naoru\u017ean upao u apoteku u Banjaluci i vikao &#8220;daj trodone!&#8221;\",\"datePublished\":\"2024-01-25T12:06:06+00:00\",\"dateModified\":\"2024-01-25T12:06:06+00:00\",\"mainEntityOfPage\":{\"@id\":\"https:\/\/www.prijedordanas.com\/?p=218572\"},\"wordCount\":377,\"publisher\":{\"@id\":\"https:\/\/www.prijedordanas.com\/#organization\"},\"articleSection\":[\"Hronika\"],\"inLanguage\":\"en-US\"},{\"@type\":\"WebPage\",\"@id\":\"https:\/\/www.prijedordanas.com\/?p=218572\",\"url\":\"https:\/\/www.prijedordanas.com\/?p=218572\",\"name\":\"Prijedor\u010danin naoru\u017ean upao u apoteku u Banjaluci i vikao \\\"daj trodone!\\\" - PrijedorDanas.com - Prijedorski gradski portal\",\"isPartOf\":{\"@id\":\"https:\/\/www.prijedordanas.com\/#website\"},\"datePublished\":\"2024-01-25T12:06:06+00:00\",\"dateModified\":\"2024-01-25T12:06:06+00:00\",\"breadcrumb\":{\"@id\":\"https:\/\/www.prijedordanas.com\/?p=218572#breadcrumb\"},\"inLanguage\":\"en-US\",\"potentialAction\":[{\"@type\":\"ReadAction\",\"target\":[\"https:\/\/www.prijedordanas.com\/?p=218572\"]}]},{\"@type\":\"BreadcrumbList\",\"@id\":\"https:\/\/www.prijedordanas.com\/?p=218572#breadcrumb\",\"itemListElement\":[{\"@type\":\"ListItem\",\"position\":1,\"name\":\"Home\",\"item\":\"https:\/\/www.prijedordanas.com\/\"},{\"@type\":\"ListItem\",\"position\":2,\"name\":\"Prijedor\u010danin naoru\u017ean upao u apoteku u Banjaluci i vikao &#8220;daj trodone!&#8221;\"}]},{\"@type\":\"WebSite\",\"@id\":\"https:\/\/www.prijedordanas.com\/#website\",\"url\":\"https:\/\/www.prijedordanas.com\/\",\"name\":\"PrijedorDanas.com - Prijedorski gradski portal\",\"description\":\"Portal o doga\u0111anjima u gradu Prijedoru\",\"publisher\":{\"@id\":\"https:\/\/www.prijedordanas.com\/#organization\"},\"potentialAction\":[{\"@type\":\"SearchAction\",\"target\":{\"@type\":\"EntryPoint\",\"urlTemplate\":\"https:\/\/www.prijedordanas.com\/?s={search_term_string}\"},\"query-input\":\"required name=search_term_string\"}],\"inLanguage\":\"en-US\"},{\"@type\":\"Organization\",\"@id\":\"https:\/\/www.prijedordanas.com\/#organization\",\"name\":\"PrijedorDanas.com\",\"url\":\"https:\/\/www.prijedordanas.com\/\",\"logo\":{\"@type\":\"ImageObject\",\"inLanguage\":\"en-US\",\"@id\":\"https:\/\/www.prijedordanas.com\/#\/schema\/logo\/image\/\",\"url\":\"http:\/\/www.prijedordanas.com\/wp-content\/uploads\/2021\/12\/logopng.png\",\"contentUrl\":\"http:\/\/www.prijedordanas.com\/wp-content\/uploads\/2021\/12\/logopng.png\",\"width\":1019,\"height\":776,\"caption\":\"PrijedorDanas.com\"},\"image\":{\"@id\":\"https:\/\/www.prijedordanas.com\/#\/schema\/logo\/image\/\"},\"sameAs\":[\"https:\/\/www.facebook.com\/PrijedorDanasCom\/\"]},{\"@type\":\"Person\",\"@id\":\"https:\/\/www.prijedordanas.com\/#\/schema\/person\/4e08ccf29b506ca916ff86d46bb700e6\",\"name\":\"admin\",\"image\":{\"@type\":\"ImageObject\",\"inLanguage\":\"en-US\",\"@id\":\"https:\/\/www.prijedordanas.com\/#\/schema\/person\/image\/\",\"url\":\"https:\/\/secure.gravatar.com\/avatar\/1d3fc949d550f0b53a5f0d51e06dfd79?s=96&d=mm&r=g\",\"contentUrl\":\"https:\/\/secure.gravatar.com\/avatar\/1d3fc949d550f0b53a5f0d51e06dfd79?s=96&d=mm&r=g\",\"caption\":\"admin\"},\"url\":\"https:\/\/www.prijedordanas.com\/?author=1\"}]}<\/script>\n<!-- \/ Yoast SEO plugin. -->","yoast_head_json":{"title":"Prijedor\u010danin naoru\u017ean upao u apoteku u Banjaluci i vikao \"daj trodone!\" - PrijedorDanas.com - Prijedorski gradski portal","robots":{"index":"index","follow":"follow","max-snippet":"max-snippet:-1","max-image-preview":"max-image-preview:large","max-video-preview":"max-video-preview:-1"},"canonical":"https:\/\/www.prijedordanas.com\/?p=218572","og_locale":"en_US","og_type":"article","og_title":"Prijedor\u010danin naoru\u017ean upao u apoteku u Banjaluci i vikao \"daj trodone!\" - PrijedorDanas.com - Prijedorski gradski portal","og_description":"Viktor Jovanovi\u0107 (39) iz Prijedora optu\u017een je da je u novembru pro\u0161le godine maskiran i naoru\u017ean pi\u0161toljem po\u010dinio razbojni\u0161tvo u apoteci u Banjaluci. Optu\u017enicu protiv njega je podiglo Okru\u017eno javno [&hellip;]","og_url":"https:\/\/www.prijedordanas.com\/?p=218572","og_site_name":"PrijedorDanas.com - Prijedorski gradski portal","article_publisher":"https:\/\/www.facebook.com\/PrijedorDanasCom\/","article_published_time":"2024-01-25T12:06:06+00:00","og_image":[{"url":"https:\/\/www.prijedordanas.com\/wp-content\/uploads\/2024\/01\/shutterstock-pistolj-tablete-300x225.jpg"}],"author":"admin","twitter_card":"summary_large_image","twitter_misc":{"Written by":"admin"},"schema":{"@context":"https:\/\/schema.org","@graph":[{"@type":"Article","@id":"https:\/\/www.prijedordanas.com\/?p=218572#article","isPartOf":{"@id":"https:\/\/www.prijedordanas.com\/?p=218572"},"author":{"name":"admin","@id":"https:\/\/www.prijedordanas.com\/#\/schema\/person\/4e08ccf29b506ca916ff86d46bb700e6"},"headline":"Prijedor\u010danin naoru\u017ean upao u apoteku u Banjaluci i vikao &#8220;daj trodone!&#8221;","datePublished":"2024-01-25T12:06:06+00:00","dateModified":"2024-01-25T12:06:06+00:00","mainEntityOfPage":{"@id":"https:\/\/www.prijedordanas.com\/?p=218572"},"wordCount":377,"publisher":{"@id":"https:\/\/www.prijedordanas.com\/#organization"},"articleSection":["Hronika"],"inLanguage":"en-US"},{"@type":"WebPage","@id":"https:\/\/www.prijedordanas.com\/?p=218572","url":"https:\/\/www.prijedordanas.com\/?p=218572","name":"Prijedor\u010danin naoru\u017ean upao u apoteku u Banjaluci i vikao \"daj trodone!\" - PrijedorDanas.com - Prijedorski gradski portal","isPartOf":{"@id":"https:\/\/www.prijedordanas.com\/#website"},"datePublished":"2024-01-25T12:06:06+00:00","dateModified":"2024-01-25T12:06:06+00:00","breadcrumb":{"@id":"https:\/\/www.prijedordanas.com\/?p=218572#breadcrumb"},"inLanguage":"en-US","potentialAction":[{"@type":"ReadAction","target":["https:\/\/www.prijedordanas.com\/?p=218572"]}]},{"@type":"BreadcrumbList","@id":"https:\/\/www.prijedordanas.com\/?p=218572#breadcrumb","itemListElement":[{"@type":"ListItem","position":1,"name":"Home","item":"https:\/\/www.prijedordanas.com\/"},{"@type":"ListItem","position":2,"name":"Prijedor\u010danin naoru\u017ean upao u apoteku u Banjaluci i vikao &#8220;daj trodone!&#8221;"}]},{"@type":"WebSite","@id":"https:\/\/www.prijedordanas.com\/#website","url":"https:\/\/www.prijedordanas.com\/","name":"PrijedorDanas.com - Prijedorski gradski portal","description":"Portal o doga\u0111anjima u gradu Prijedoru","publisher":{"@id":"https:\/\/www.prijedordanas.com\/#organization"},"potentialAction":[{"@type":"SearchAction","target":{"@type":"EntryPoint","urlTemplate":"https:\/\/www.prijedordanas.com\/?s={search_term_string}"},"query-input":"required name=search_term_string"}],"inLanguage":"en-US"},{"@type":"Organization","@id":"https:\/\/www.prijedordanas.com\/#organization","name":"PrijedorDanas.com","url":"https:\/\/www.prijedordanas.com\/","logo":{"@type":"ImageObject","inLanguage":"en-US","@id":"https:\/\/www.prijedordanas.com\/#\/schema\/logo\/image\/","url":"http:\/\/www.prijedordanas.com\/wp-content\/uploads\/2021\/12\/logopng.png","contentUrl":"http:\/\/www.prijedordanas.com\/wp-content\/uploads\/2021\/12\/logopng.png","width":1019,"height":776,"caption":"PrijedorDanas.com"},"image":{"@id":"https:\/\/www.prijedordanas.com\/#\/schema\/logo\/image\/"},"sameAs":["https:\/\/www.facebook.com\/PrijedorDanasCom\/"]},{"@type":"Person","@id":"https:\/\/www.prijedordanas.com\/#\/schema\/person\/4e08ccf29b506ca916ff86d46bb700e6","name":"admin","image":{"@type":"ImageObject","inLanguage":"en-US","@id":"https:\/\/www.prijedordanas.com\/#\/schema\/person\/image\/","url":"https:\/\/secure.gravatar.com\/avatar\/1d3fc949d550f0b53a5f0d51e06dfd79?s=96&d=mm&r=g","contentUrl":"https:\/\/secure.gravatar.com\/avatar\/1d3fc949d550f0b53a5f0d51e06dfd79?s=96&d=mm&r=g","caption":"admin"},"url":"https:\/\/www.prijedordanas.com\/?author=1"}]}},"_links":{"self":[{"href":"https:\/\/www.prijedordanas.com\/index.php?rest_route=\/wp\/v2\/posts\/218572"}],"collection":[{"href":"https:\/\/www.prijedordanas.com\/index.php?rest_route=\/wp\/v2\/posts"}],"about":[{"href":"https:\/\/www.prijedordanas.com\/index.php?rest_route=\/wp\/v2\/types\/post"}],"author":[{"embeddable":true,"href":"https:\/\/www.prijedordanas.com\/index.php?rest_route=\/wp\/v2\/users\/1"}],"replies":[{"embeddable":true,"href":"https:\/\/www.prijedordanas.com\/index.php?rest_route=%2Fwp%2Fv2%2Fcomments&post=218572"}],"version-history":[{"count":1,"href":"https:\/\/www.prijedordanas.com\/index.php?rest_route=\/wp\/v2\/posts\/218572\/revisions"}],"predecessor-version":[{"id":218574,"href":"https:\/\/www.prijedordanas.com\/index.php?rest_route=\/wp\/v2\/posts\/218572\/revisions\/218574"}],"wp:attachment":[{"href":"https:\/\/www.prijedordanas.com\/index.php?rest_route=%2Fwp%2Fv2%2Fmedia&parent=218572"}],"wp:term":[{"taxonomy":"category","embeddable":true,"href":"https:\/\/www.prijedordanas.com\/index.php?rest_route=%2Fwp%2Fv2%2Fcategories&post=218572"},{"taxonomy":"post_tag","embeddable":true,"href":"https:\/\/www.prijedordanas.com\/index.php?rest_route=%2Fwp%2Fv2%2Ftags&post=218572"}],"curies":[{"name":"wp","href":"https:\/\/api.w.org\/{rel}","templated":true}]}}