{"id":218546,"date":"2024-01-25T10:11:06","date_gmt":"2024-01-25T09:11:06","guid":{"rendered":"https:\/\/www.prijedordanas.com\/?p=218546"},"modified":"2024-01-25T10:11:06","modified_gmt":"2024-01-25T09:11:06","slug":"specijalisticki-centar-dr-predojevic-prijedor-za-prvih-sest-mjeseci-broj-pruzenih-usluga-dostigao-trogodisnji-plan","status":"publish","type":"post","link":"https:\/\/www.prijedordanas.com\/?p=218546","title":{"rendered":"Specijalisti\u010dki centar \u201eDr Predojevi\u0107\u201c Prijedor: Za prvih \u0161est mjeseci broj pru\u017eenih usluga dostigao trogodi\u0161nji plan"},"content":{"rendered":"<p><a href=\"https:\/\/www.prijedordanas.com\/wp-content\/uploads\/2024\/01\/specijalisticki-centar-dr-predojevic-1.jpg\"><img loading=\"lazy\" decoding=\"async\" class=\"alignleft size-medium wp-image-218549\" src=\"https:\/\/www.prijedordanas.com\/wp-content\/uploads\/2024\/01\/specijalisticki-centar-dr-predojevic-1-300x225.jpg\" alt=\"\" width=\"300\" height=\"225\" srcset=\"https:\/\/www.prijedordanas.com\/wp-content\/uploads\/2024\/01\/specijalisticki-centar-dr-predojevic-1-300x225.jpg 300w, https:\/\/www.prijedordanas.com\/wp-content\/uploads\/2024\/01\/specijalisticki-centar-dr-predojevic-1-640x480.jpg 640w, https:\/\/www.prijedordanas.com\/wp-content\/uploads\/2024\/01\/specijalisticki-centar-dr-predojevic-1.jpg 667w\" sizes=\"(max-width: 300px) 100vw, 300px\" \/><\/a>Za prvih \u0161est mjeseci rada Specijalisti\u010dki centar \u201eDr Predojevi\u0107\u201c Prijedor dostigao je broj pru\u017eenih zdravstvenih usluga koji su vlasnici i osniva\u010di ove zdravstvene ustanove planirali za period od dvije do tri godine.<\/p>\n<p>\u201eI to nije broj pregleda koji smo o\u010dekivali, nego, iskren da budem, kojem smo se nadali. To nam je siguran pokazatelj da smo za veoma kratko vrijeme zadobili povjerenje gra\u0111ana. Sve \u0107emo uraditi da ga i opravdamo i sa\u010duvamo \u2013 kvalitetnim radom i po\u0161tenim odnosom prema pacijentu\u201c, izjavio je za portal <a href=\"http:\/\/&lt;a href=\" target=\"_blank\" rel=\"noopener noreferrer\">www.prijedordanas.com<\/a>&#8221; rel=&#8221;noopener&#8221; target=&#8221;_blank&#8221;&gt;prijedordanas.com Goran Predojevi\u0107, ljekar subspecijalista gastroenterohepatologije koji rukovodi centrom.<\/p>\n<p>On je naveo da nisu u pitanju samo sugra\u0111ani, ve\u0107 pacijenti iz O\u0161tre Luke, Sanskog Mosta, Klju\u010da, Kozarske Dubice, Kostajnice, Novog Grada, Hrvatske Kostajnice i Siska, koji su ovu ustanovu prepoznali kao kredibilnu i referentnu.<\/p>\n<p><a href=\"https:\/\/www.prijedordanas.com\/wp-content\/uploads\/2024\/01\/specijalisticki-centar-dr-predojevic-2.jpg\"><img loading=\"lazy\" decoding=\"async\" class=\"alignleft size-medium wp-image-218550\" src=\"https:\/\/www.prijedordanas.com\/wp-content\/uploads\/2024\/01\/specijalisticki-centar-dr-predojevic-2-300x225.jpg\" alt=\"\" width=\"300\" height=\"225\" srcset=\"https:\/\/www.prijedordanas.com\/wp-content\/uploads\/2024\/01\/specijalisticki-centar-dr-predojevic-2-300x225.jpg 300w, https:\/\/www.prijedordanas.com\/wp-content\/uploads\/2024\/01\/specijalisticki-centar-dr-predojevic-2-640x480.jpg 640w, https:\/\/www.prijedordanas.com\/wp-content\/uploads\/2024\/01\/specijalisticki-centar-dr-predojevic-2.jpg 667w\" sizes=\"(max-width: 300px) 100vw, 300px\" \/><\/a>\u201ePoruka koju \u0161aljemo jeste: idemo dalje. Po\u010dinjemo se pozicionirati kao lider u ovoj regiji u odre\u0111enim oblastima. Oslu\u0161kuju\u0107i potrebe pacijenata ve\u0107 u ovoj godini \u0161irimo i prostor i djelatnost\u201c, poru\u010dio je Predojevi\u0107.<\/p>\n<p>Prema njegovim rije\u010dima, uz sada\u0161nji prostor u toku je izgradnja novog, ve\u0107eg od postoje\u0107eg. Zajedno \u0107e imati blizu 300 kvadratnih metara povr\u0161ine. O\u010dekuje se da taj novi dio po\u010dne s radom u toku ove godine, jer \u0107e i prije zavr\u0161etka zgrade po\u010deti adaptacija prostora prema projektu unutra\u0161njeg ure\u0111enja koji je u pripremi.<\/p>\n<p>\u201eTo smo odlu\u010dili jer smo uvidjeli da postoji potreba za odre\u0111enim procedurama. Zna\u010di, ono \u0161to pacijentu treba, a ne mo\u017ee da uradi. A toga je mnogo. Prioriteti \u0107e biti radiolo\u0161ka dijagnostika gdje \u0107emo imati dodatnu ultrazvu\u010dnu dijagnostiku, mamografiju i CT, \u0161to \u0107e biti prvi CT aparat u privatnom sektoru u cijeloj regiji. Trenutno postoje na na\u0161oj regiji dva CT aparata u javnim ustanovama, ali se to pokazalo kao nedovoljno za potrebe na\u0161e regije, pa veliki broj pacijenata ide u Banjaluku. Planiramo postati vode\u0107i centar za lije\u010denje hemoroidalne bolesti, gdje je u planu dodatna edukacija i nabavka najsavremenije laserske opreme. Zatim \u0107emo otvoriti ginekolo\u0161ku slu\u017ebu, te laboratoriju u kojoj \u0107ete mo\u0107i uraditi sve mogu\u0107e analize\u201c, najavio je Predojevi\u0107.<\/p>\n<p><a href=\"https:\/\/www.prijedordanas.com\/wp-content\/uploads\/2024\/01\/specijalisticki-centar-dr-predojevic-3.jpg\"><img loading=\"lazy\" decoding=\"async\" class=\"alignleft size-medium wp-image-218551\" src=\"https:\/\/www.prijedordanas.com\/wp-content\/uploads\/2024\/01\/specijalisticki-centar-dr-predojevic-3-300x225.jpg\" alt=\"\" width=\"300\" height=\"225\" srcset=\"https:\/\/www.prijedordanas.com\/wp-content\/uploads\/2024\/01\/specijalisticki-centar-dr-predojevic-3-300x225.jpg 300w, https:\/\/www.prijedordanas.com\/wp-content\/uploads\/2024\/01\/specijalisticki-centar-dr-predojevic-3-640x480.jpg 640w, https:\/\/www.prijedordanas.com\/wp-content\/uploads\/2024\/01\/specijalisticki-centar-dr-predojevic-3.jpg 667w\" sizes=\"(max-width: 300px) 100vw, 300px\" \/><\/a>On je naglasio da je ova zdravstvena ustanova i do sada nabavljala najsavremeniju opremu i da \u0107e tako \u010diniti i ubudu\u0107e.<\/p>\n<p>\u201eTako biramo i doktore. Uzalud najbolji aparati ako ih nema ko kvalitetno o\u010ditati. Zovem ljude \u010diji su mi nalazi prolazili kroz ruke proteklih 15 godina koliko sam radio u prijedorskoj bolnici. Kuriozitet je da ovdje sa mnom sada rade gotovo svi oni koji su mene do\u010dekali na internom kao specijalizanta: dr Nada Lazi\u0107, dr Vesna Jela\u010da, dr Ljubomir Vukovi\u0107, dr Tihomir Matija\u0161, dr Vlado Vujovi\u0107, \u0161to mi je izuzetna \u010dast\u201c, istakao je Predojevi\u0107.<\/p>\n<p>On je kazao da se potvr\u0111uje pravilo da je najbolja reklama ona koja ide od usta do usta, \u0161ta pacijenti \u010duju jedni od drugih.<\/p>\n<p><a href=\"https:\/\/www.prijedordanas.com\/wp-content\/uploads\/2024\/01\/specijalisticki-centar-dr-predojevic-5.jpg\"><img loading=\"lazy\" decoding=\"async\" src=\"https:\/\/www.prijedordanas.com\/wp-content\/uploads\/2024\/01\/specijalisticki-centar-dr-predojevic-5-300x200.jpg\" alt=\"\" width=\"300\" height=\"200\" class=\"alignleft size-medium wp-image-218552\" srcset=\"https:\/\/www.prijedordanas.com\/wp-content\/uploads\/2024\/01\/specijalisticki-centar-dr-predojevic-5-300x200.jpg 300w, https:\/\/www.prijedordanas.com\/wp-content\/uploads\/2024\/01\/specijalisticki-centar-dr-predojevic-5-480x320.jpg 480w, https:\/\/www.prijedordanas.com\/wp-content\/uploads\/2024\/01\/specijalisticki-centar-dr-predojevic-5.jpg 600w\" sizes=\"(max-width: 300px) 100vw, 300px\" \/><\/a>\u201eSistem rada ovdje je druga\u010diji i ima vi\u0161e vremena da se posveti svakom pacijentu. A pacijent je najbitniji jer zbog njih i postojimo\u201c, zaklju\u010dio je <a href=\"https:\/\/www.prijedordanas.com\/?p=147540\" target=\"_blank\" rel=\"noopener\">Predojevi\u0107<\/a>.<\/p>\n<p>Specijalisti\u010dki centar \u201eDr Predojevi\u0107\u201c otvoren je po\u010detkom juna 2023. Nalazi se u Radni\u010dkoj ulici, preko puta teniskih terena. Pokriva pedijatriju, kardiologiju i internisti\u010dki dio sa svim specijalnostima, kroz konsultantsko-specijalisti\u010dku za\u0161titu tu su reumatolog, nefrolog, endokrinolog, hematolog, otorinolaringolog, dermatolog, neurolog, psihijatar, specijalista medicine rada, psiholog, pulmolog, urolog, vaskularni hirurg, hirurg, ortoped, dje\u010dji kardiolog, <a href=\"https:\/\/www.prijedordanas.com\/?p=210342\" target=\"_blank\" rel=\"noopener\">neuropedijatar<\/a> i fizijatar, a ima i laboratoriju i ultrazvu\u010dnu dijagnostiku.<\/p>\n<p>&#8211; Zakupljen medijski prostor &#8211;<\/p>\n<p>Tekst i foto \u2013 Katarina Pani\u0107 &#8211; <a href=\"https:\/\/www.prijedordanas.com\" target=\"_blank\" rel=\"noopener noreferrer\">www.prijedordanas.com<\/a><\/p>\n<p><a href=\"https:\/\/www.prijedordanas.com\/wp-content\/uploads\/2024\/01\/specijalisticki-centar-dr-predojevic-4.jpg\"><img loading=\"lazy\" decoding=\"async\" src=\"https:\/\/www.prijedordanas.com\/wp-content\/uploads\/2024\/01\/specijalisticki-centar-dr-predojevic-4-300x225.jpg\" alt=\"\" width=\"300\" height=\"225\" class=\"alignleft size-medium wp-image-218553\" srcset=\"https:\/\/www.prijedordanas.com\/wp-content\/uploads\/2024\/01\/specijalisticki-centar-dr-predojevic-4-300x225.jpg 300w, https:\/\/www.prijedordanas.com\/wp-content\/uploads\/2024\/01\/specijalisticki-centar-dr-predojevic-4-640x480.jpg 640w, https:\/\/www.prijedordanas.com\/wp-content\/uploads\/2024\/01\/specijalisticki-centar-dr-predojevic-4.jpg 667w\" sizes=\"(max-width: 300px) 100vw, 300px\" \/><\/a><\/p>\n","protected":false},"excerpt":{"rendered":"<p>Za prvih \u0161est mjeseci rada Specijalisti\u010dki centar \u201eDr Predojevi\u0107\u201c Prijedor dostigao je broj pru\u017eenih zdravstvenih usluga koji su vlasnici i osniva\u010di ove zdravstvene ustanove planirali za period od dvije do [&hellip;]<\/p>\n","protected":false},"author":1,"featured_media":0,"comment_status":"closed","ping_status":"open","sticky":false,"template":"","format":"standard","meta":{"_monsterinsights_skip_tracking":false,"_monsterinsights_sitenote_active":false,"_monsterinsights_sitenote_note":"","_monsterinsights_sitenote_category":0,"footnotes":""},"categories":[4],"tags":[],"yoast_head":"<!-- This site is optimized with the Yoast SEO plugin v21.6 - https:\/\/yoast.com\/wordpress\/plugins\/seo\/ -->\n<title>Specijalisti\u010dki centar \u201eDr Predojevi\u0107\u201c Prijedor: Za prvih \u0161est mjeseci broj pru\u017eenih usluga dostigao trogodi\u0161nji plan - PrijedorDanas.com - Prijedorski gradski portal<\/title>\n<meta name=\"robots\" content=\"index, follow, max-snippet:-1, max-image-preview:large, max-video-preview:-1\" \/>\n<link rel=\"canonical\" href=\"https:\/\/www.prijedordanas.com\/?p=218546\" \/>\n<meta property=\"og:locale\" content=\"en_US\" \/>\n<meta property=\"og:type\" content=\"article\" \/>\n<meta property=\"og:title\" content=\"Specijalisti\u010dki centar \u201eDr Predojevi\u0107\u201c Prijedor: Za prvih \u0161est mjeseci broj pru\u017eenih usluga dostigao trogodi\u0161nji plan - PrijedorDanas.com - Prijedorski gradski portal\" \/>\n<meta property=\"og:description\" content=\"Za prvih \u0161est mjeseci rada Specijalisti\u010dki centar \u201eDr Predojevi\u0107\u201c Prijedor dostigao je broj pru\u017eenih zdravstvenih usluga koji su vlasnici i osniva\u010di ove zdravstvene ustanove planirali za period od dvije do [&hellip;]\" \/>\n<meta property=\"og:url\" content=\"https:\/\/www.prijedordanas.com\/?p=218546\" \/>\n<meta property=\"og:site_name\" content=\"PrijedorDanas.com - Prijedorski gradski portal\" \/>\n<meta property=\"article:publisher\" content=\"https:\/\/www.facebook.com\/PrijedorDanasCom\/\" \/>\n<meta property=\"article:published_time\" content=\"2024-01-25T09:11:06+00:00\" \/>\n<meta property=\"og:image\" content=\"https:\/\/www.prijedordanas.com\/wp-content\/uploads\/2024\/01\/specijalisticki-centar-dr-predojevic-1-300x225.jpg\" \/>\n<meta name=\"author\" content=\"admin\" \/>\n<meta name=\"twitter:card\" content=\"summary_large_image\" \/>\n<meta name=\"twitter:label1\" content=\"Written by\" \/>\n\t<meta name=\"twitter:data1\" content=\"admin\" \/>\n\t<meta name=\"twitter:label2\" content=\"Est. reading time\" \/>\n\t<meta name=\"twitter:data2\" content=\"3 minutes\" \/>\n<script type=\"application\/ld+json\" class=\"yoast-schema-graph\">{\"@context\":\"https:\/\/schema.org\",\"@graph\":[{\"@type\":\"Article\",\"@id\":\"https:\/\/www.prijedordanas.com\/?p=218546#article\",\"isPartOf\":{\"@id\":\"https:\/\/www.prijedordanas.com\/?p=218546\"},\"author\":{\"name\":\"admin\",\"@id\":\"https:\/\/www.prijedordanas.com\/#\/schema\/person\/4e08ccf29b506ca916ff86d46bb700e6\"},\"headline\":\"Specijalisti\u010dki centar \u201eDr Predojevi\u0107\u201c Prijedor: Za prvih \u0161est mjeseci broj pru\u017eenih usluga dostigao trogodi\u0161nji plan\",\"datePublished\":\"2024-01-25T09:11:06+00:00\",\"dateModified\":\"2024-01-25T09:11:06+00:00\",\"mainEntityOfPage\":{\"@id\":\"https:\/\/www.prijedordanas.com\/?p=218546\"},\"wordCount\":627,\"publisher\":{\"@id\":\"https:\/\/www.prijedordanas.com\/#organization\"},\"articleSection\":[\"Dru\u0161tvo\"],\"inLanguage\":\"en-US\"},{\"@type\":\"WebPage\",\"@id\":\"https:\/\/www.prijedordanas.com\/?p=218546\",\"url\":\"https:\/\/www.prijedordanas.com\/?p=218546\",\"name\":\"Specijalisti\u010dki centar \u201eDr Predojevi\u0107\u201c Prijedor: Za prvih \u0161est mjeseci broj pru\u017eenih usluga dostigao trogodi\u0161nji plan - PrijedorDanas.com - Prijedorski gradski portal\",\"isPartOf\":{\"@id\":\"https:\/\/www.prijedordanas.com\/#website\"},\"datePublished\":\"2024-01-25T09:11:06+00:00\",\"dateModified\":\"2024-01-25T09:11:06+00:00\",\"breadcrumb\":{\"@id\":\"https:\/\/www.prijedordanas.com\/?p=218546#breadcrumb\"},\"inLanguage\":\"en-US\",\"potentialAction\":[{\"@type\":\"ReadAction\",\"target\":[\"https:\/\/www.prijedordanas.com\/?p=218546\"]}]},{\"@type\":\"BreadcrumbList\",\"@id\":\"https:\/\/www.prijedordanas.com\/?p=218546#breadcrumb\",\"itemListElement\":[{\"@type\":\"ListItem\",\"position\":1,\"name\":\"Home\",\"item\":\"https:\/\/www.prijedordanas.com\/\"},{\"@type\":\"ListItem\",\"position\":2,\"name\":\"Specijalisti\u010dki centar \u201eDr Predojevi\u0107\u201c Prijedor: Za prvih \u0161est mjeseci broj pru\u017eenih usluga dostigao trogodi\u0161nji plan\"}]},{\"@type\":\"WebSite\",\"@id\":\"https:\/\/www.prijedordanas.com\/#website\",\"url\":\"https:\/\/www.prijedordanas.com\/\",\"name\":\"PrijedorDanas.com - Prijedorski gradski portal\",\"description\":\"Portal o doga\u0111anjima u gradu Prijedoru\",\"publisher\":{\"@id\":\"https:\/\/www.prijedordanas.com\/#organization\"},\"potentialAction\":[{\"@type\":\"SearchAction\",\"target\":{\"@type\":\"EntryPoint\",\"urlTemplate\":\"https:\/\/www.prijedordanas.com\/?s={search_term_string}\"},\"query-input\":\"required name=search_term_string\"}],\"inLanguage\":\"en-US\"},{\"@type\":\"Organization\",\"@id\":\"https:\/\/www.prijedordanas.com\/#organization\",\"name\":\"PrijedorDanas.com\",\"url\":\"https:\/\/www.prijedordanas.com\/\",\"logo\":{\"@type\":\"ImageObject\",\"inLanguage\":\"en-US\",\"@id\":\"https:\/\/www.prijedordanas.com\/#\/schema\/logo\/image\/\",\"url\":\"http:\/\/www.prijedordanas.com\/wp-content\/uploads\/2021\/12\/logopng.png\",\"contentUrl\":\"http:\/\/www.prijedordanas.com\/wp-content\/uploads\/2021\/12\/logopng.png\",\"width\":1019,\"height\":776,\"caption\":\"PrijedorDanas.com\"},\"image\":{\"@id\":\"https:\/\/www.prijedordanas.com\/#\/schema\/logo\/image\/\"},\"sameAs\":[\"https:\/\/www.facebook.com\/PrijedorDanasCom\/\"]},{\"@type\":\"Person\",\"@id\":\"https:\/\/www.prijedordanas.com\/#\/schema\/person\/4e08ccf29b506ca916ff86d46bb700e6\",\"name\":\"admin\",\"image\":{\"@type\":\"ImageObject\",\"inLanguage\":\"en-US\",\"@id\":\"https:\/\/www.prijedordanas.com\/#\/schema\/person\/image\/\",\"url\":\"https:\/\/secure.gravatar.com\/avatar\/1d3fc949d550f0b53a5f0d51e06dfd79?s=96&d=mm&r=g\",\"contentUrl\":\"https:\/\/secure.gravatar.com\/avatar\/1d3fc949d550f0b53a5f0d51e06dfd79?s=96&d=mm&r=g\",\"caption\":\"admin\"},\"url\":\"https:\/\/www.prijedordanas.com\/?author=1\"}]}<\/script>\n<!-- \/ Yoast SEO plugin. -->","yoast_head_json":{"title":"Specijalisti\u010dki centar \u201eDr Predojevi\u0107\u201c Prijedor: Za prvih \u0161est mjeseci broj pru\u017eenih usluga dostigao trogodi\u0161nji plan - PrijedorDanas.com - Prijedorski gradski portal","robots":{"index":"index","follow":"follow","max-snippet":"max-snippet:-1","max-image-preview":"max-image-preview:large","max-video-preview":"max-video-preview:-1"},"canonical":"https:\/\/www.prijedordanas.com\/?p=218546","og_locale":"en_US","og_type":"article","og_title":"Specijalisti\u010dki centar \u201eDr Predojevi\u0107\u201c Prijedor: Za prvih \u0161est mjeseci broj pru\u017eenih usluga dostigao trogodi\u0161nji plan - PrijedorDanas.com - Prijedorski gradski portal","og_description":"Za prvih \u0161est mjeseci rada Specijalisti\u010dki centar \u201eDr Predojevi\u0107\u201c Prijedor dostigao je broj pru\u017eenih zdravstvenih usluga koji su vlasnici i osniva\u010di ove zdravstvene ustanove planirali za period od dvije do [&hellip;]","og_url":"https:\/\/www.prijedordanas.com\/?p=218546","og_site_name":"PrijedorDanas.com - Prijedorski gradski portal","article_publisher":"https:\/\/www.facebook.com\/PrijedorDanasCom\/","article_published_time":"2024-01-25T09:11:06+00:00","og_image":[{"url":"https:\/\/www.prijedordanas.com\/wp-content\/uploads\/2024\/01\/specijalisticki-centar-dr-predojevic-1-300x225.jpg"}],"author":"admin","twitter_card":"summary_large_image","twitter_misc":{"Written by":"admin","Est. reading time":"3 minutes"},"schema":{"@context":"https:\/\/schema.org","@graph":[{"@type":"Article","@id":"https:\/\/www.prijedordanas.com\/?p=218546#article","isPartOf":{"@id":"https:\/\/www.prijedordanas.com\/?p=218546"},"author":{"name":"admin","@id":"https:\/\/www.prijedordanas.com\/#\/schema\/person\/4e08ccf29b506ca916ff86d46bb700e6"},"headline":"Specijalisti\u010dki centar \u201eDr Predojevi\u0107\u201c Prijedor: Za prvih \u0161est mjeseci broj pru\u017eenih usluga dostigao trogodi\u0161nji plan","datePublished":"2024-01-25T09:11:06+00:00","dateModified":"2024-01-25T09:11:06+00:00","mainEntityOfPage":{"@id":"https:\/\/www.prijedordanas.com\/?p=218546"},"wordCount":627,"publisher":{"@id":"https:\/\/www.prijedordanas.com\/#organization"},"articleSection":["Dru\u0161tvo"],"inLanguage":"en-US"},{"@type":"WebPage","@id":"https:\/\/www.prijedordanas.com\/?p=218546","url":"https:\/\/www.prijedordanas.com\/?p=218546","name":"Specijalisti\u010dki centar \u201eDr Predojevi\u0107\u201c Prijedor: Za prvih \u0161est mjeseci broj pru\u017eenih usluga dostigao trogodi\u0161nji plan - PrijedorDanas.com - Prijedorski gradski portal","isPartOf":{"@id":"https:\/\/www.prijedordanas.com\/#website"},"datePublished":"2024-01-25T09:11:06+00:00","dateModified":"2024-01-25T09:11:06+00:00","breadcrumb":{"@id":"https:\/\/www.prijedordanas.com\/?p=218546#breadcrumb"},"inLanguage":"en-US","potentialAction":[{"@type":"ReadAction","target":["https:\/\/www.prijedordanas.com\/?p=218546"]}]},{"@type":"BreadcrumbList","@id":"https:\/\/www.prijedordanas.com\/?p=218546#breadcrumb","itemListElement":[{"@type":"ListItem","position":1,"name":"Home","item":"https:\/\/www.prijedordanas.com\/"},{"@type":"ListItem","position":2,"name":"Specijalisti\u010dki centar \u201eDr Predojevi\u0107\u201c Prijedor: Za prvih \u0161est mjeseci broj pru\u017eenih usluga dostigao trogodi\u0161nji plan"}]},{"@type":"WebSite","@id":"https:\/\/www.prijedordanas.com\/#website","url":"https:\/\/www.prijedordanas.com\/","name":"PrijedorDanas.com - Prijedorski gradski portal","description":"Portal o doga\u0111anjima u gradu Prijedoru","publisher":{"@id":"https:\/\/www.prijedordanas.com\/#organization"},"potentialAction":[{"@type":"SearchAction","target":{"@type":"EntryPoint","urlTemplate":"https:\/\/www.prijedordanas.com\/?s={search_term_string}"},"query-input":"required name=search_term_string"}],"inLanguage":"en-US"},{"@type":"Organization","@id":"https:\/\/www.prijedordanas.com\/#organization","name":"PrijedorDanas.com","url":"https:\/\/www.prijedordanas.com\/","logo":{"@type":"ImageObject","inLanguage":"en-US","@id":"https:\/\/www.prijedordanas.com\/#\/schema\/logo\/image\/","url":"http:\/\/www.prijedordanas.com\/wp-content\/uploads\/2021\/12\/logopng.png","contentUrl":"http:\/\/www.prijedordanas.com\/wp-content\/uploads\/2021\/12\/logopng.png","width":1019,"height":776,"caption":"PrijedorDanas.com"},"image":{"@id":"https:\/\/www.prijedordanas.com\/#\/schema\/logo\/image\/"},"sameAs":["https:\/\/www.facebook.com\/PrijedorDanasCom\/"]},{"@type":"Person","@id":"https:\/\/www.prijedordanas.com\/#\/schema\/person\/4e08ccf29b506ca916ff86d46bb700e6","name":"admin","image":{"@type":"ImageObject","inLanguage":"en-US","@id":"https:\/\/www.prijedordanas.com\/#\/schema\/person\/image\/","url":"https:\/\/secure.gravatar.com\/avatar\/1d3fc949d550f0b53a5f0d51e06dfd79?s=96&d=mm&r=g","contentUrl":"https:\/\/secure.gravatar.com\/avatar\/1d3fc949d550f0b53a5f0d51e06dfd79?s=96&d=mm&r=g","caption":"admin"},"url":"https:\/\/www.prijedordanas.com\/?author=1"}]}},"_links":{"self":[{"href":"https:\/\/www.prijedordanas.com\/index.php?rest_route=\/wp\/v2\/posts\/218546"}],"collection":[{"href":"https:\/\/www.prijedordanas.com\/index.php?rest_route=\/wp\/v2\/posts"}],"about":[{"href":"https:\/\/www.prijedordanas.com\/index.php?rest_route=\/wp\/v2\/types\/post"}],"author":[{"embeddable":true,"href":"https:\/\/www.prijedordanas.com\/index.php?rest_route=\/wp\/v2\/users\/1"}],"replies":[{"embeddable":true,"href":"https:\/\/www.prijedordanas.com\/index.php?rest_route=%2Fwp%2Fv2%2Fcomments&post=218546"}],"version-history":[{"count":2,"href":"https:\/\/www.prijedordanas.com\/index.php?rest_route=\/wp\/v2\/posts\/218546\/revisions"}],"predecessor-version":[{"id":218554,"href":"https:\/\/www.prijedordanas.com\/index.php?rest_route=\/wp\/v2\/posts\/218546\/revisions\/218554"}],"wp:attachment":[{"href":"https:\/\/www.prijedordanas.com\/index.php?rest_route=%2Fwp%2Fv2%2Fmedia&parent=218546"}],"wp:term":[{"taxonomy":"category","embeddable":true,"href":"https:\/\/www.prijedordanas.com\/index.php?rest_route=%2Fwp%2Fv2%2Fcategories&post=218546"},{"taxonomy":"post_tag","embeddable":true,"href":"https:\/\/www.prijedordanas.com\/index.php?rest_route=%2Fwp%2Fv2%2Ftags&post=218546"}],"curies":[{"name":"wp","href":"https:\/\/api.w.org\/{rel}","templated":true}]}}