{"id":217742,"date":"2024-01-10T18:43:45","date_gmt":"2024-01-10T17:43:45","guid":{"rendered":"https:\/\/www.prijedordanas.com\/?p=217742"},"modified":"2024-01-10T18:43:45","modified_gmt":"2024-01-10T17:43:45","slug":"samo-prigusivac-i-u-celo-granicnom-policajcu-prijete-ubistvom-jer-je-od-vozaca-zatrazio-da-skine-grb-s-ljiljanima-slucaj-prijavljen-pu-prijedor","status":"publish","type":"post","link":"https:\/\/www.prijedordanas.com\/?p=217742","title":{"rendered":"\u201cSamo prigu\u0161iva\u010d i u \u010delo\u201d: Grani\u010dnom policajcu prijete ubistvom jer je od voza\u010da zatra\u017eio da skine grb s ljiljanima, slu\u010daj prijavljen PU Prijedor"},"content":{"rendered":"<p><a href=\"https:\/\/www.prijedordanas.com\/wp-content\/uploads\/2024\/01\/srpskainfo-gp-kostajnica.jpg\"><img loading=\"lazy\" decoding=\"async\" src=\"https:\/\/www.prijedordanas.com\/wp-content\/uploads\/2024\/01\/srpskainfo-gp-kostajnica-300x225.jpg\" alt=\"\" width=\"300\" height=\"225\" class=\"alignleft size-medium wp-image-217743\" srcset=\"https:\/\/www.prijedordanas.com\/wp-content\/uploads\/2024\/01\/srpskainfo-gp-kostajnica-300x225.jpg 300w, https:\/\/www.prijedordanas.com\/wp-content\/uploads\/2024\/01\/srpskainfo-gp-kostajnica-640x480.jpg 640w, https:\/\/www.prijedordanas.com\/wp-content\/uploads\/2024\/01\/srpskainfo-gp-kostajnica.jpg 667w\" sizes=\"(max-width: 300px) 100vw, 300px\" \/><\/a>\u201cSamo prigu\u0161iva\u010d i u \u010delo\u201d Grani\u010dnom policajcu iz Kostajnice prijete ubistvom jer je od voza\u010da zatra\u017eio da skine grb s ljiljanima<br \/>\nPripadnik Grani\u010dne policije BiH u Kostajnici trpi \u0161ikaniranje i dobija prijetnje zbog toga \u0161to je od voza\u010da zatra\u017eio da pri ulasku u BiH odnosno Republiku Srpsku sa automobila skine grb s ljiljanima i ma\u010devima, kako bi izbjegao me\u0111unacionalno uznemiravanje.<\/p>\n<p>Incident se desio za vrijeme bo\u017ei\u0107nih praznika na grani\u010dnom prelazu Kostajnica.<\/p>\n<p>Voza\u010d, izvjesni Elvis iz Njema\u010dke, za portal Crna hronika je ispri\u010dao da je do\u017eivio neprijatnosti od carinika koga je oslovio sa Bojan. Kako tvrdi, policajac ga je natjerao da odlijepi naljepnicu koja se nalazila na gepeku njegovog automobila i da skine zastavicu koja je visila ispod retrovizora u automobilu. Sa njim su u vozilu bili supruga i dijete.<\/p>\n<p>-Kada smo stigli kod carinika, zamolio me da parkiram vozilo sa desne strane i onda otvorim prtlja\u017eni prostor. To je provjerio carinik. Tada me je obavijestio da sada zove policiju Republike Srpske i da me oni sada hapse jer na autu imam simbole koji nisu u skladu sa zakonom Republike Srpske. Carinik me je natjerao da otkinem simbol sa vozila kao rje\u0161enje. Naravno, da bih izbjegao hap\u0161enje, odmah sam uklonio simbole bez otpora. Zato \u0161to su i moj petomjese\u010dni sin i moja \u017eena po\u010deli da pla\u010du i nisam \u017eelio da na\u0161 prvi zajedni\u010dki odmor u BiH po\u010dinje tako \u2013 tvrdi Elvis.<\/p>\n<p>Me\u0111utim, cijeli slu\u010daj je vrlo brzo dobio i nastavak. Grani\u010dni policajac ne \u017eeli o ovom slu\u010daju da razgovara, ali od njemu bliskih osoba saznajemo da je nakon incidenta dobio prijetnje, prvo od Elvisovog oca, koji je navodno do\u0161ao iz Bronzanog Majdana u Kostajnicu.<\/p>\n<p>Tako\u0111e, nakon \u0161to je Elvisova pri\u010da objavljena na nekoliko portala, uslijedili su u\u017ea\u0161avaju\u0107i komentari, pa i prijetnje smr\u0107u pripadniku Grani\u010dne policije BiH.<\/p>\n<p>\u201cSamo prigu\u0161iva\u010d i u \u010delo napraviti rupu. Pa neka ima promahu i zavr\u0161en posao\u201d, \u201cDa je nai\u0161ao na nekoga ko je malo otka\u010den! Uzme fino tand\u017earu nani\u0161ani i drito u \u010delo\u201d \u2013 samo su neki od komentara.<\/p>\n<p>Kako Srpskainfo saznaje, policajac je prijetnje prijavio Policijskoj upravi Prijedor i napravio slu\u017ebenu zabilje\u0161ku ka Grani\u010dnoj policiji BiH.<\/p>\n<p><a href=\"https:\/\/srpskainfo.com\/samo-prigusivac-i-u-celo-granicnom-policajcu-iz-kostajnice-prijete-ubistvom-jer-je-od-vozaca-zatrazio-da-skine-grb-s-ljiljanima\/\" rel=\"noopener\" target=\"_blank\">srpskainfo.com<\/a><\/p>\n","protected":false},"excerpt":{"rendered":"<p>\u201cSamo prigu\u0161iva\u010d i u \u010delo\u201d Grani\u010dnom policajcu iz Kostajnice prijete ubistvom jer je od voza\u010da zatra\u017eio da skine grb s ljiljanima Pripadnik Grani\u010dne policije BiH u Kostajnici trpi \u0161ikaniranje i [&hellip;]<\/p>\n","protected":false},"author":1,"featured_media":0,"comment_status":"closed","ping_status":"open","sticky":false,"template":"","format":"standard","meta":{"_monsterinsights_skip_tracking":false,"_monsterinsights_sitenote_active":false,"_monsterinsights_sitenote_note":"","_monsterinsights_sitenote_category":0,"footnotes":""},"categories":[5],"tags":[],"yoast_head":"<!-- This site is optimized with the Yoast SEO plugin v21.6 - https:\/\/yoast.com\/wordpress\/plugins\/seo\/ -->\n<title>\u201cSamo prigu\u0161iva\u010d i u \u010delo\u201d: Grani\u010dnom policajcu prijete ubistvom jer je od voza\u010da zatra\u017eio da skine grb s ljiljanima, slu\u010daj prijavljen PU Prijedor - PrijedorDanas.com - Prijedorski gradski portal<\/title>\n<meta name=\"robots\" content=\"index, follow, max-snippet:-1, max-image-preview:large, max-video-preview:-1\" \/>\n<link rel=\"canonical\" href=\"https:\/\/www.prijedordanas.com\/?p=217742\" \/>\n<meta property=\"og:locale\" content=\"en_US\" \/>\n<meta property=\"og:type\" content=\"article\" \/>\n<meta property=\"og:title\" content=\"\u201cSamo prigu\u0161iva\u010d i u \u010delo\u201d: Grani\u010dnom policajcu prijete ubistvom jer je od voza\u010da zatra\u017eio da skine grb s ljiljanima, slu\u010daj prijavljen PU Prijedor - PrijedorDanas.com - Prijedorski gradski portal\" \/>\n<meta property=\"og:description\" content=\"\u201cSamo prigu\u0161iva\u010d i u \u010delo\u201d Grani\u010dnom policajcu iz Kostajnice prijete ubistvom jer je od voza\u010da zatra\u017eio da skine grb s ljiljanima Pripadnik Grani\u010dne policije BiH u Kostajnici trpi \u0161ikaniranje i [&hellip;]\" \/>\n<meta property=\"og:url\" content=\"https:\/\/www.prijedordanas.com\/?p=217742\" \/>\n<meta property=\"og:site_name\" content=\"PrijedorDanas.com - Prijedorski gradski portal\" \/>\n<meta property=\"article:publisher\" content=\"https:\/\/www.facebook.com\/PrijedorDanasCom\/\" \/>\n<meta property=\"article:published_time\" content=\"2024-01-10T17:43:45+00:00\" \/>\n<meta property=\"og:image\" content=\"https:\/\/www.prijedordanas.com\/wp-content\/uploads\/2024\/01\/srpskainfo-gp-kostajnica-300x225.jpg\" \/>\n<meta name=\"author\" content=\"admin\" \/>\n<meta name=\"twitter:card\" content=\"summary_large_image\" \/>\n<meta name=\"twitter:label1\" content=\"Written by\" \/>\n\t<meta name=\"twitter:data1\" content=\"admin\" \/>\n<script type=\"application\/ld+json\" class=\"yoast-schema-graph\">{\"@context\":\"https:\/\/schema.org\",\"@graph\":[{\"@type\":\"Article\",\"@id\":\"https:\/\/www.prijedordanas.com\/?p=217742#article\",\"isPartOf\":{\"@id\":\"https:\/\/www.prijedordanas.com\/?p=217742\"},\"author\":{\"name\":\"admin\",\"@id\":\"https:\/\/www.prijedordanas.com\/#\/schema\/person\/4e08ccf29b506ca916ff86d46bb700e6\"},\"headline\":\"\u201cSamo prigu\u0161iva\u010d i u \u010delo\u201d: Grani\u010dnom policajcu prijete ubistvom jer je od voza\u010da zatra\u017eio da skine grb s ljiljanima, slu\u010daj prijavljen PU Prijedor\",\"datePublished\":\"2024-01-10T17:43:45+00:00\",\"dateModified\":\"2024-01-10T17:43:45+00:00\",\"mainEntityOfPage\":{\"@id\":\"https:\/\/www.prijedordanas.com\/?p=217742\"},\"wordCount\":422,\"publisher\":{\"@id\":\"https:\/\/www.prijedordanas.com\/#organization\"},\"articleSection\":[\"Hronika\"],\"inLanguage\":\"en-US\"},{\"@type\":\"WebPage\",\"@id\":\"https:\/\/www.prijedordanas.com\/?p=217742\",\"url\":\"https:\/\/www.prijedordanas.com\/?p=217742\",\"name\":\"\u201cSamo prigu\u0161iva\u010d i u \u010delo\u201d: Grani\u010dnom policajcu prijete ubistvom jer je od voza\u010da zatra\u017eio da skine grb s ljiljanima, slu\u010daj prijavljen PU Prijedor - PrijedorDanas.com - Prijedorski gradski portal\",\"isPartOf\":{\"@id\":\"https:\/\/www.prijedordanas.com\/#website\"},\"datePublished\":\"2024-01-10T17:43:45+00:00\",\"dateModified\":\"2024-01-10T17:43:45+00:00\",\"breadcrumb\":{\"@id\":\"https:\/\/www.prijedordanas.com\/?p=217742#breadcrumb\"},\"inLanguage\":\"en-US\",\"potentialAction\":[{\"@type\":\"ReadAction\",\"target\":[\"https:\/\/www.prijedordanas.com\/?p=217742\"]}]},{\"@type\":\"BreadcrumbList\",\"@id\":\"https:\/\/www.prijedordanas.com\/?p=217742#breadcrumb\",\"itemListElement\":[{\"@type\":\"ListItem\",\"position\":1,\"name\":\"Home\",\"item\":\"https:\/\/www.prijedordanas.com\/\"},{\"@type\":\"ListItem\",\"position\":2,\"name\":\"\u201cSamo prigu\u0161iva\u010d i u \u010delo\u201d: Grani\u010dnom policajcu prijete ubistvom jer je od voza\u010da zatra\u017eio da skine grb s ljiljanima, slu\u010daj prijavljen PU Prijedor\"}]},{\"@type\":\"WebSite\",\"@id\":\"https:\/\/www.prijedordanas.com\/#website\",\"url\":\"https:\/\/www.prijedordanas.com\/\",\"name\":\"PrijedorDanas.com - Prijedorski gradski portal\",\"description\":\"Portal o doga\u0111anjima u gradu Prijedoru\",\"publisher\":{\"@id\":\"https:\/\/www.prijedordanas.com\/#organization\"},\"potentialAction\":[{\"@type\":\"SearchAction\",\"target\":{\"@type\":\"EntryPoint\",\"urlTemplate\":\"https:\/\/www.prijedordanas.com\/?s={search_term_string}\"},\"query-input\":\"required name=search_term_string\"}],\"inLanguage\":\"en-US\"},{\"@type\":\"Organization\",\"@id\":\"https:\/\/www.prijedordanas.com\/#organization\",\"name\":\"PrijedorDanas.com\",\"url\":\"https:\/\/www.prijedordanas.com\/\",\"logo\":{\"@type\":\"ImageObject\",\"inLanguage\":\"en-US\",\"@id\":\"https:\/\/www.prijedordanas.com\/#\/schema\/logo\/image\/\",\"url\":\"http:\/\/www.prijedordanas.com\/wp-content\/uploads\/2021\/12\/logopng.png\",\"contentUrl\":\"http:\/\/www.prijedordanas.com\/wp-content\/uploads\/2021\/12\/logopng.png\",\"width\":1019,\"height\":776,\"caption\":\"PrijedorDanas.com\"},\"image\":{\"@id\":\"https:\/\/www.prijedordanas.com\/#\/schema\/logo\/image\/\"},\"sameAs\":[\"https:\/\/www.facebook.com\/PrijedorDanasCom\/\"]},{\"@type\":\"Person\",\"@id\":\"https:\/\/www.prijedordanas.com\/#\/schema\/person\/4e08ccf29b506ca916ff86d46bb700e6\",\"name\":\"admin\",\"image\":{\"@type\":\"ImageObject\",\"inLanguage\":\"en-US\",\"@id\":\"https:\/\/www.prijedordanas.com\/#\/schema\/person\/image\/\",\"url\":\"https:\/\/secure.gravatar.com\/avatar\/1d3fc949d550f0b53a5f0d51e06dfd79?s=96&d=mm&r=g\",\"contentUrl\":\"https:\/\/secure.gravatar.com\/avatar\/1d3fc949d550f0b53a5f0d51e06dfd79?s=96&d=mm&r=g\",\"caption\":\"admin\"},\"url\":\"https:\/\/www.prijedordanas.com\/?author=1\"}]}<\/script>\n<!-- \/ Yoast SEO plugin. -->","yoast_head_json":{"title":"\u201cSamo prigu\u0161iva\u010d i u \u010delo\u201d: Grani\u010dnom policajcu prijete ubistvom jer je od voza\u010da zatra\u017eio da skine grb s ljiljanima, slu\u010daj prijavljen PU Prijedor - PrijedorDanas.com - Prijedorski gradski portal","robots":{"index":"index","follow":"follow","max-snippet":"max-snippet:-1","max-image-preview":"max-image-preview:large","max-video-preview":"max-video-preview:-1"},"canonical":"https:\/\/www.prijedordanas.com\/?p=217742","og_locale":"en_US","og_type":"article","og_title":"\u201cSamo prigu\u0161iva\u010d i u \u010delo\u201d: Grani\u010dnom policajcu prijete ubistvom jer je od voza\u010da zatra\u017eio da skine grb s ljiljanima, slu\u010daj prijavljen PU Prijedor - PrijedorDanas.com - Prijedorski gradski portal","og_description":"\u201cSamo prigu\u0161iva\u010d i u \u010delo\u201d Grani\u010dnom policajcu iz Kostajnice prijete ubistvom jer je od voza\u010da zatra\u017eio da skine grb s ljiljanima Pripadnik Grani\u010dne policije BiH u Kostajnici trpi \u0161ikaniranje i [&hellip;]","og_url":"https:\/\/www.prijedordanas.com\/?p=217742","og_site_name":"PrijedorDanas.com - Prijedorski gradski portal","article_publisher":"https:\/\/www.facebook.com\/PrijedorDanasCom\/","article_published_time":"2024-01-10T17:43:45+00:00","og_image":[{"url":"https:\/\/www.prijedordanas.com\/wp-content\/uploads\/2024\/01\/srpskainfo-gp-kostajnica-300x225.jpg"}],"author":"admin","twitter_card":"summary_large_image","twitter_misc":{"Written by":"admin"},"schema":{"@context":"https:\/\/schema.org","@graph":[{"@type":"Article","@id":"https:\/\/www.prijedordanas.com\/?p=217742#article","isPartOf":{"@id":"https:\/\/www.prijedordanas.com\/?p=217742"},"author":{"name":"admin","@id":"https:\/\/www.prijedordanas.com\/#\/schema\/person\/4e08ccf29b506ca916ff86d46bb700e6"},"headline":"\u201cSamo prigu\u0161iva\u010d i u \u010delo\u201d: Grani\u010dnom policajcu prijete ubistvom jer je od voza\u010da zatra\u017eio da skine grb s ljiljanima, slu\u010daj prijavljen PU Prijedor","datePublished":"2024-01-10T17:43:45+00:00","dateModified":"2024-01-10T17:43:45+00:00","mainEntityOfPage":{"@id":"https:\/\/www.prijedordanas.com\/?p=217742"},"wordCount":422,"publisher":{"@id":"https:\/\/www.prijedordanas.com\/#organization"},"articleSection":["Hronika"],"inLanguage":"en-US"},{"@type":"WebPage","@id":"https:\/\/www.prijedordanas.com\/?p=217742","url":"https:\/\/www.prijedordanas.com\/?p=217742","name":"\u201cSamo prigu\u0161iva\u010d i u \u010delo\u201d: Grani\u010dnom policajcu prijete ubistvom jer je od voza\u010da zatra\u017eio da skine grb s ljiljanima, slu\u010daj prijavljen PU Prijedor - PrijedorDanas.com - Prijedorski gradski portal","isPartOf":{"@id":"https:\/\/www.prijedordanas.com\/#website"},"datePublished":"2024-01-10T17:43:45+00:00","dateModified":"2024-01-10T17:43:45+00:00","breadcrumb":{"@id":"https:\/\/www.prijedordanas.com\/?p=217742#breadcrumb"},"inLanguage":"en-US","potentialAction":[{"@type":"ReadAction","target":["https:\/\/www.prijedordanas.com\/?p=217742"]}]},{"@type":"BreadcrumbList","@id":"https:\/\/www.prijedordanas.com\/?p=217742#breadcrumb","itemListElement":[{"@type":"ListItem","position":1,"name":"Home","item":"https:\/\/www.prijedordanas.com\/"},{"@type":"ListItem","position":2,"name":"\u201cSamo prigu\u0161iva\u010d i u \u010delo\u201d: Grani\u010dnom policajcu prijete ubistvom jer je od voza\u010da zatra\u017eio da skine grb s ljiljanima, slu\u010daj prijavljen PU Prijedor"}]},{"@type":"WebSite","@id":"https:\/\/www.prijedordanas.com\/#website","url":"https:\/\/www.prijedordanas.com\/","name":"PrijedorDanas.com - Prijedorski gradski portal","description":"Portal o doga\u0111anjima u gradu Prijedoru","publisher":{"@id":"https:\/\/www.prijedordanas.com\/#organization"},"potentialAction":[{"@type":"SearchAction","target":{"@type":"EntryPoint","urlTemplate":"https:\/\/www.prijedordanas.com\/?s={search_term_string}"},"query-input":"required name=search_term_string"}],"inLanguage":"en-US"},{"@type":"Organization","@id":"https:\/\/www.prijedordanas.com\/#organization","name":"PrijedorDanas.com","url":"https:\/\/www.prijedordanas.com\/","logo":{"@type":"ImageObject","inLanguage":"en-US","@id":"https:\/\/www.prijedordanas.com\/#\/schema\/logo\/image\/","url":"http:\/\/www.prijedordanas.com\/wp-content\/uploads\/2021\/12\/logopng.png","contentUrl":"http:\/\/www.prijedordanas.com\/wp-content\/uploads\/2021\/12\/logopng.png","width":1019,"height":776,"caption":"PrijedorDanas.com"},"image":{"@id":"https:\/\/www.prijedordanas.com\/#\/schema\/logo\/image\/"},"sameAs":["https:\/\/www.facebook.com\/PrijedorDanasCom\/"]},{"@type":"Person","@id":"https:\/\/www.prijedordanas.com\/#\/schema\/person\/4e08ccf29b506ca916ff86d46bb700e6","name":"admin","image":{"@type":"ImageObject","inLanguage":"en-US","@id":"https:\/\/www.prijedordanas.com\/#\/schema\/person\/image\/","url":"https:\/\/secure.gravatar.com\/avatar\/1d3fc949d550f0b53a5f0d51e06dfd79?s=96&d=mm&r=g","contentUrl":"https:\/\/secure.gravatar.com\/avatar\/1d3fc949d550f0b53a5f0d51e06dfd79?s=96&d=mm&r=g","caption":"admin"},"url":"https:\/\/www.prijedordanas.com\/?author=1"}]}},"_links":{"self":[{"href":"https:\/\/www.prijedordanas.com\/index.php?rest_route=\/wp\/v2\/posts\/217742"}],"collection":[{"href":"https:\/\/www.prijedordanas.com\/index.php?rest_route=\/wp\/v2\/posts"}],"about":[{"href":"https:\/\/www.prijedordanas.com\/index.php?rest_route=\/wp\/v2\/types\/post"}],"author":[{"embeddable":true,"href":"https:\/\/www.prijedordanas.com\/index.php?rest_route=\/wp\/v2\/users\/1"}],"replies":[{"embeddable":true,"href":"https:\/\/www.prijedordanas.com\/index.php?rest_route=%2Fwp%2Fv2%2Fcomments&post=217742"}],"version-history":[{"count":1,"href":"https:\/\/www.prijedordanas.com\/index.php?rest_route=\/wp\/v2\/posts\/217742\/revisions"}],"predecessor-version":[{"id":217744,"href":"https:\/\/www.prijedordanas.com\/index.php?rest_route=\/wp\/v2\/posts\/217742\/revisions\/217744"}],"wp:attachment":[{"href":"https:\/\/www.prijedordanas.com\/index.php?rest_route=%2Fwp%2Fv2%2Fmedia&parent=217742"}],"wp:term":[{"taxonomy":"category","embeddable":true,"href":"https:\/\/www.prijedordanas.com\/index.php?rest_route=%2Fwp%2Fv2%2Fcategories&post=217742"},{"taxonomy":"post_tag","embeddable":true,"href":"https:\/\/www.prijedordanas.com\/index.php?rest_route=%2Fwp%2Fv2%2Ftags&post=217742"}],"curies":[{"name":"wp","href":"https:\/\/api.w.org\/{rel}","templated":true}]}}