{"id":217374,"date":"2024-01-03T21:22:31","date_gmt":"2024-01-03T20:22:31","guid":{"rendered":"https:\/\/www.prijedordanas.com\/?p=217374"},"modified":"2024-01-04T18:43:03","modified_gmt":"2024-01-04T17:43:03","slug":"martic-optuzba-na-racun-prijedorskih-vatrogasaca-nanijela-stetu-pozivu-vatrogasaca-uopste-foto-video","status":"publish","type":"post","link":"https:\/\/www.prijedordanas.com\/?p=217374","title":{"rendered":"Marti\u0107: Optu\u017eba na ra\u010dun prijedorskih vatrogasaca nanijela \u0161tetu pozivu vatrogasaca uop\u0161te &#8211; FOTO\/VIDEO"},"content":{"rendered":"<p><a href=\"https:\/\/www.prijedordanas.com\/wp-content\/uploads\/2024\/01\/tvsjpd-pres-3januar-1.jpg\"><img loading=\"lazy\" decoding=\"async\" class=\"alignleft size-medium wp-image-217375\" src=\"https:\/\/www.prijedordanas.com\/wp-content\/uploads\/2024\/01\/tvsjpd-pres-3januar-1-300x225.jpg\" alt=\"\" width=\"300\" height=\"225\" srcset=\"https:\/\/www.prijedordanas.com\/wp-content\/uploads\/2024\/01\/tvsjpd-pres-3januar-1-300x225.jpg 300w, https:\/\/www.prijedordanas.com\/wp-content\/uploads\/2024\/01\/tvsjpd-pres-3januar-1-640x480.jpg 640w, https:\/\/www.prijedordanas.com\/wp-content\/uploads\/2024\/01\/tvsjpd-pres-3januar-1.jpg 667w\" sizes=\"(max-width: 300px) 100vw, 300px\" \/><\/a>Teritorijalna vatrogasno-spasila\u010dka jedinica Prijedor kroz svojih 140 godina rada nije imala nijednu optu\u017ebu, izra\u017eava \u017ealjenje zbog nedavne optu\u017ebe na ra\u010dun vatrogasaca da su tokom intervencije otu\u0111ili novac iz objekta u kojem su gasili po\u017ear i pozdravlja rad policije na rasvjetljavanju la\u017ene optu\u017ebe, kao i korektnost medija prilikom izvje\u0161tvanja o ovom slu\u010daju, izjavio je danas starje\u0161ina prijedorskih vatrogasaca Radovan Martic\u0301.<\/p>\n<p>\u201eMoram da ka\u017eem da je ova optu\u017eba nanijela \u0161tetu ne samo na\u0161oj jedinici nego pozivu vatrogasaca uop\u0161te, cijeloj vatrogasnoj zajednici i samoj Gradskoj upravi jer smo i mi radnici Gradske uprave. Izra\u017eavamo duboko razo\u010darenje u sugra\u0111anina koji je tom la\u017enom optu\u017ebom ustvari poku\u0161ao da diskredituje na\u0161u jedinicu\u201c, rekao je Martic\u0301 na konferenciji za medije u Prijedoru.<\/p>\n<p><a href=\"https:\/\/www.prijedordanas.com\/wp-content\/uploads\/2024\/01\/tvsjpd-pres-3januar-3.jpg\"><img loading=\"lazy\" decoding=\"async\" class=\"alignleft size-medium wp-image-217376\" src=\"https:\/\/www.prijedordanas.com\/wp-content\/uploads\/2024\/01\/tvsjpd-pres-3januar-3-300x225.jpg\" alt=\"\" width=\"300\" height=\"225\" srcset=\"https:\/\/www.prijedordanas.com\/wp-content\/uploads\/2024\/01\/tvsjpd-pres-3januar-3-300x225.jpg 300w, https:\/\/www.prijedordanas.com\/wp-content\/uploads\/2024\/01\/tvsjpd-pres-3januar-3-640x480.jpg 640w, https:\/\/www.prijedordanas.com\/wp-content\/uploads\/2024\/01\/tvsjpd-pres-3januar-3.jpg 667w\" sizes=\"(max-width: 300px) 100vw, 300px\" \/><\/a>On je naveo da su 16. novembra u 8.56 \u010dasova vatrogasci zaprimili dojavu o po\u017earu na stambenom objektu u Ulici kralja Aleksandra, u najkrac\u0301em roku iza\u0161li na teren i ugasili po\u017ear, a da je pred sam kraj intervencije vlasnik objekta optu\u017eio vatrogasce da su mu ukrali 8.360 KM.<\/p>\n<p>\u201eU danima nakon toga, zna\u010di, provedena je jedna obimna istraga, \u010dak su i na\u0161i vatrogasci spasioci i\u0161li na poligraf u Banjaluku. I jo\u0161 jednom ponavljam, rezultati istrage govore da je optu\u017eba bila la\u017ena odnosno da niko od vatrogasaca nije otu\u0111io nikakav novac i istraga je pokazala da je jedan \u010dlan domac\u0301instva otu\u0111io taj novac\u201c, istakao je Martic\u0301.<\/p>\n<p>On je rekao da je u intervenciji u\u010destvovalo \u0161est vatrogasaca i da je svih \u0161est i\u0161lo na poligraf.<\/p>\n<p><a href=\"https:\/\/www.prijedordanas.com\/wp-content\/uploads\/2024\/01\/tvsjpd-pres-3januar-2.jpg\"><img loading=\"lazy\" decoding=\"async\" class=\"alignleft size-medium wp-image-217377\" src=\"https:\/\/www.prijedordanas.com\/wp-content\/uploads\/2024\/01\/tvsjpd-pres-3januar-2-300x225.jpg\" alt=\"\" width=\"300\" height=\"225\" srcset=\"https:\/\/www.prijedordanas.com\/wp-content\/uploads\/2024\/01\/tvsjpd-pres-3januar-2-300x225.jpg 300w, https:\/\/www.prijedordanas.com\/wp-content\/uploads\/2024\/01\/tvsjpd-pres-3januar-2-640x480.jpg 640w, https:\/\/www.prijedordanas.com\/wp-content\/uploads\/2024\/01\/tvsjpd-pres-3januar-2.jpg 667w\" sizes=\"(max-width: 300px) 100vw, 300px\" \/><\/a>\u201eU tom momentu ja sam bio tamo, po\u0161to kod svih zna\u010dajnijih po\u017eara izlazim ja na lice mjesta, i kad je obavije\u0161tena policija, rekli su nam da mo\u017eemo napustiti mjesto, zna\u010di, spakovati svoju opremu i udaljiti se s mjesta doga\u0111aja\u201c, dodao je Martic\u0301.<\/p>\n<p>Pres konferenciji prisustvovao je gradona\u010delnik Prijedora Slobodan Javor, a iz njegovog kabineta saop\u0161teno je da izra\u017eava zahvalnost i punu podr\u0161ku radu TVSJ Prijedor i njenim pripadnicima i najo\u0161trije osu\u0111uje prijavu i postupak vlasnika objekta koji je oklevetao prijedorske vatrogasce.<\/p>\n<p>\u201eRaduje me \u010dinjenica da su nadle\u017eni organi po prijavi postupili u rekordnom roku i rasvijetlili navedeni doga\u0111aj i utvrdili da je prijava bila la\u017ena. Iskreno se nadam da se ovako ne\u0161to vi\u0161e nikada nec\u0301e ponoviti u Prijedoru\u201c, navedeno je u saop\u0161tenju.<\/p>\n<p><a href=\"https:\/\/www.prijedordanas.com\/wp-content\/uploads\/2024\/01\/tvsjpd-pres-3januar-4.jpg\"><img loading=\"lazy\" decoding=\"async\" src=\"https:\/\/www.prijedordanas.com\/wp-content\/uploads\/2024\/01\/tvsjpd-pres-3januar-4-300x225.jpg\" alt=\"\" width=\"300\" height=\"225\" class=\"alignleft size-medium wp-image-217378\" srcset=\"https:\/\/www.prijedordanas.com\/wp-content\/uploads\/2024\/01\/tvsjpd-pres-3januar-4-300x225.jpg 300w, https:\/\/www.prijedordanas.com\/wp-content\/uploads\/2024\/01\/tvsjpd-pres-3januar-4-640x480.jpg 640w, https:\/\/www.prijedordanas.com\/wp-content\/uploads\/2024\/01\/tvsjpd-pres-3januar-4.jpg 667w\" sizes=\"(max-width: 300px) 100vw, 300px\" \/><\/a>Policijska uprava \/PU\/ Prijedor saop\u0161tila je 29. decembra pro\u0161le godine da je protiv lica D.V. i G.V. iz Prijedora Okru\u017enom javnom tu\u017eila\u0161tvu Prijedor dostavila izvje\u0161taj za po\u010dinjeno krivi\u010dno djelo la\u017eno prijavljivanje krivi\u010dnog djela.<\/p>\n<p>Policija je 16. novembra 2023. godine zaprimila prijavu od D.V. da mu je tokom intervencije vatrogasaca u kuc\u0301i na ga\u0161enju po\u017eara otu\u0111eno 8.360 KM, a poslije je utvrdila da je G.V, \u010dlan porodice prijavitelja, tokom po\u017eara iz kuc\u0301e iznijela novac koji su naknadno policijski slu\u017ebenici prona\u0161li.<\/p>\n<p>SRNA<\/p>\n<p><iframe loading=\"lazy\" title=\"LA\u017dNOM PRIJAVOM NANESENA \u0160TETA CIJELOJ VATROGASNOJ ZAJEDNICI\" width=\"500\" height=\"281\" src=\"https:\/\/www.youtube.com\/embed\/G06nF9-o8aQ?feature=oembed\" frameborder=\"0\" allow=\"accelerometer; autoplay; clipboard-write; encrypted-media; gyroscope; picture-in-picture; web-share\" allowfullscreen><\/iframe><\/p>\n","protected":false},"excerpt":{"rendered":"<p>Teritorijalna vatrogasno-spasila\u010dka jedinica Prijedor kroz svojih 140 godina rada nije imala nijednu optu\u017ebu, izra\u017eava \u017ealjenje zbog nedavne optu\u017ebe na ra\u010dun vatrogasaca da su tokom intervencije otu\u0111ili novac iz objekta u [&hellip;]<\/p>\n","protected":false},"author":1,"featured_media":0,"comment_status":"closed","ping_status":"open","sticky":false,"template":"","format":"standard","meta":{"_monsterinsights_skip_tracking":false,"_monsterinsights_sitenote_active":false,"_monsterinsights_sitenote_note":"","_monsterinsights_sitenote_category":0,"footnotes":""},"categories":[4],"tags":[],"yoast_head":"<!-- This site is optimized with the Yoast SEO plugin v21.6 - https:\/\/yoast.com\/wordpress\/plugins\/seo\/ -->\n<title>Marti\u0107: Optu\u017eba na ra\u010dun prijedorskih vatrogasaca nanijela \u0161tetu pozivu vatrogasaca uop\u0161te - FOTO\/VIDEO - PrijedorDanas.com - Prijedorski gradski portal<\/title>\n<meta name=\"robots\" content=\"index, follow, max-snippet:-1, max-image-preview:large, max-video-preview:-1\" \/>\n<link rel=\"canonical\" href=\"https:\/\/www.prijedordanas.com\/?p=217374\" \/>\n<meta property=\"og:locale\" content=\"en_US\" \/>\n<meta property=\"og:type\" content=\"article\" \/>\n<meta property=\"og:title\" content=\"Marti\u0107: Optu\u017eba na ra\u010dun prijedorskih vatrogasaca nanijela \u0161tetu pozivu vatrogasaca uop\u0161te - FOTO\/VIDEO - PrijedorDanas.com - Prijedorski gradski portal\" \/>\n<meta property=\"og:description\" content=\"Teritorijalna vatrogasno-spasila\u010dka jedinica Prijedor kroz svojih 140 godina rada nije imala nijednu optu\u017ebu, izra\u017eava \u017ealjenje zbog nedavne optu\u017ebe na ra\u010dun vatrogasaca da su tokom intervencije otu\u0111ili novac iz objekta u [&hellip;]\" \/>\n<meta property=\"og:url\" content=\"https:\/\/www.prijedordanas.com\/?p=217374\" \/>\n<meta property=\"og:site_name\" content=\"PrijedorDanas.com - Prijedorski gradski portal\" \/>\n<meta property=\"article:publisher\" content=\"https:\/\/www.facebook.com\/PrijedorDanasCom\/\" \/>\n<meta property=\"article:published_time\" content=\"2024-01-03T20:22:31+00:00\" \/>\n<meta property=\"article:modified_time\" content=\"2024-01-04T17:43:03+00:00\" \/>\n<meta property=\"og:image\" content=\"https:\/\/www.prijedordanas.com\/wp-content\/uploads\/2024\/01\/tvsjpd-pres-3januar-1-300x225.jpg\" \/>\n<meta name=\"author\" content=\"admin\" \/>\n<meta name=\"twitter:card\" content=\"summary_large_image\" \/>\n<meta name=\"twitter:label1\" content=\"Written by\" \/>\n\t<meta name=\"twitter:data1\" content=\"admin\" \/>\n\t<meta name=\"twitter:label2\" content=\"Est. reading time\" \/>\n\t<meta name=\"twitter:data2\" content=\"3 minutes\" \/>\n<script type=\"application\/ld+json\" class=\"yoast-schema-graph\">{\"@context\":\"https:\/\/schema.org\",\"@graph\":[{\"@type\":\"Article\",\"@id\":\"https:\/\/www.prijedordanas.com\/?p=217374#article\",\"isPartOf\":{\"@id\":\"https:\/\/www.prijedordanas.com\/?p=217374\"},\"author\":{\"name\":\"admin\",\"@id\":\"https:\/\/www.prijedordanas.com\/#\/schema\/person\/4e08ccf29b506ca916ff86d46bb700e6\"},\"headline\":\"Marti\u0107: Optu\u017eba na ra\u010dun prijedorskih vatrogasaca nanijela \u0161tetu pozivu vatrogasaca uop\u0161te &#8211; FOTO\/VIDEO\",\"datePublished\":\"2024-01-03T20:22:31+00:00\",\"dateModified\":\"2024-01-04T17:43:03+00:00\",\"mainEntityOfPage\":{\"@id\":\"https:\/\/www.prijedordanas.com\/?p=217374\"},\"wordCount\":541,\"publisher\":{\"@id\":\"https:\/\/www.prijedordanas.com\/#organization\"},\"articleSection\":[\"Dru\u0161tvo\"],\"inLanguage\":\"en-US\"},{\"@type\":\"WebPage\",\"@id\":\"https:\/\/www.prijedordanas.com\/?p=217374\",\"url\":\"https:\/\/www.prijedordanas.com\/?p=217374\",\"name\":\"Marti\u0107: Optu\u017eba na ra\u010dun prijedorskih vatrogasaca nanijela \u0161tetu pozivu vatrogasaca uop\u0161te - FOTO\/VIDEO - PrijedorDanas.com - Prijedorski gradski portal\",\"isPartOf\":{\"@id\":\"https:\/\/www.prijedordanas.com\/#website\"},\"datePublished\":\"2024-01-03T20:22:31+00:00\",\"dateModified\":\"2024-01-04T17:43:03+00:00\",\"breadcrumb\":{\"@id\":\"https:\/\/www.prijedordanas.com\/?p=217374#breadcrumb\"},\"inLanguage\":\"en-US\",\"potentialAction\":[{\"@type\":\"ReadAction\",\"target\":[\"https:\/\/www.prijedordanas.com\/?p=217374\"]}]},{\"@type\":\"BreadcrumbList\",\"@id\":\"https:\/\/www.prijedordanas.com\/?p=217374#breadcrumb\",\"itemListElement\":[{\"@type\":\"ListItem\",\"position\":1,\"name\":\"Home\",\"item\":\"https:\/\/www.prijedordanas.com\/\"},{\"@type\":\"ListItem\",\"position\":2,\"name\":\"Marti\u0107: Optu\u017eba na ra\u010dun prijedorskih vatrogasaca nanijela \u0161tetu pozivu vatrogasaca uop\u0161te &#8211; FOTO\/VIDEO\"}]},{\"@type\":\"WebSite\",\"@id\":\"https:\/\/www.prijedordanas.com\/#website\",\"url\":\"https:\/\/www.prijedordanas.com\/\",\"name\":\"PrijedorDanas.com - Prijedorski gradski portal\",\"description\":\"Portal o doga\u0111anjima u gradu Prijedoru\",\"publisher\":{\"@id\":\"https:\/\/www.prijedordanas.com\/#organization\"},\"potentialAction\":[{\"@type\":\"SearchAction\",\"target\":{\"@type\":\"EntryPoint\",\"urlTemplate\":\"https:\/\/www.prijedordanas.com\/?s={search_term_string}\"},\"query-input\":\"required name=search_term_string\"}],\"inLanguage\":\"en-US\"},{\"@type\":\"Organization\",\"@id\":\"https:\/\/www.prijedordanas.com\/#organization\",\"name\":\"PrijedorDanas.com\",\"url\":\"https:\/\/www.prijedordanas.com\/\",\"logo\":{\"@type\":\"ImageObject\",\"inLanguage\":\"en-US\",\"@id\":\"https:\/\/www.prijedordanas.com\/#\/schema\/logo\/image\/\",\"url\":\"http:\/\/www.prijedordanas.com\/wp-content\/uploads\/2021\/12\/logopng.png\",\"contentUrl\":\"http:\/\/www.prijedordanas.com\/wp-content\/uploads\/2021\/12\/logopng.png\",\"width\":1019,\"height\":776,\"caption\":\"PrijedorDanas.com\"},\"image\":{\"@id\":\"https:\/\/www.prijedordanas.com\/#\/schema\/logo\/image\/\"},\"sameAs\":[\"https:\/\/www.facebook.com\/PrijedorDanasCom\/\"]},{\"@type\":\"Person\",\"@id\":\"https:\/\/www.prijedordanas.com\/#\/schema\/person\/4e08ccf29b506ca916ff86d46bb700e6\",\"name\":\"admin\",\"image\":{\"@type\":\"ImageObject\",\"inLanguage\":\"en-US\",\"@id\":\"https:\/\/www.prijedordanas.com\/#\/schema\/person\/image\/\",\"url\":\"https:\/\/secure.gravatar.com\/avatar\/1d3fc949d550f0b53a5f0d51e06dfd79?s=96&d=mm&r=g\",\"contentUrl\":\"https:\/\/secure.gravatar.com\/avatar\/1d3fc949d550f0b53a5f0d51e06dfd79?s=96&d=mm&r=g\",\"caption\":\"admin\"},\"url\":\"https:\/\/www.prijedordanas.com\/?author=1\"}]}<\/script>\n<!-- \/ Yoast SEO plugin. -->","yoast_head_json":{"title":"Marti\u0107: Optu\u017eba na ra\u010dun prijedorskih vatrogasaca nanijela \u0161tetu pozivu vatrogasaca uop\u0161te - FOTO\/VIDEO - PrijedorDanas.com - Prijedorski gradski portal","robots":{"index":"index","follow":"follow","max-snippet":"max-snippet:-1","max-image-preview":"max-image-preview:large","max-video-preview":"max-video-preview:-1"},"canonical":"https:\/\/www.prijedordanas.com\/?p=217374","og_locale":"en_US","og_type":"article","og_title":"Marti\u0107: Optu\u017eba na ra\u010dun prijedorskih vatrogasaca nanijela \u0161tetu pozivu vatrogasaca uop\u0161te - FOTO\/VIDEO - PrijedorDanas.com - Prijedorski gradski portal","og_description":"Teritorijalna vatrogasno-spasila\u010dka jedinica Prijedor kroz svojih 140 godina rada nije imala nijednu optu\u017ebu, izra\u017eava \u017ealjenje zbog nedavne optu\u017ebe na ra\u010dun vatrogasaca da su tokom intervencije otu\u0111ili novac iz objekta u [&hellip;]","og_url":"https:\/\/www.prijedordanas.com\/?p=217374","og_site_name":"PrijedorDanas.com - Prijedorski gradski portal","article_publisher":"https:\/\/www.facebook.com\/PrijedorDanasCom\/","article_published_time":"2024-01-03T20:22:31+00:00","article_modified_time":"2024-01-04T17:43:03+00:00","og_image":[{"url":"https:\/\/www.prijedordanas.com\/wp-content\/uploads\/2024\/01\/tvsjpd-pres-3januar-1-300x225.jpg"}],"author":"admin","twitter_card":"summary_large_image","twitter_misc":{"Written by":"admin","Est. reading time":"3 minutes"},"schema":{"@context":"https:\/\/schema.org","@graph":[{"@type":"Article","@id":"https:\/\/www.prijedordanas.com\/?p=217374#article","isPartOf":{"@id":"https:\/\/www.prijedordanas.com\/?p=217374"},"author":{"name":"admin","@id":"https:\/\/www.prijedordanas.com\/#\/schema\/person\/4e08ccf29b506ca916ff86d46bb700e6"},"headline":"Marti\u0107: Optu\u017eba na ra\u010dun prijedorskih vatrogasaca nanijela \u0161tetu pozivu vatrogasaca uop\u0161te &#8211; FOTO\/VIDEO","datePublished":"2024-01-03T20:22:31+00:00","dateModified":"2024-01-04T17:43:03+00:00","mainEntityOfPage":{"@id":"https:\/\/www.prijedordanas.com\/?p=217374"},"wordCount":541,"publisher":{"@id":"https:\/\/www.prijedordanas.com\/#organization"},"articleSection":["Dru\u0161tvo"],"inLanguage":"en-US"},{"@type":"WebPage","@id":"https:\/\/www.prijedordanas.com\/?p=217374","url":"https:\/\/www.prijedordanas.com\/?p=217374","name":"Marti\u0107: Optu\u017eba na ra\u010dun prijedorskih vatrogasaca nanijela \u0161tetu pozivu vatrogasaca uop\u0161te - FOTO\/VIDEO - PrijedorDanas.com - Prijedorski gradski portal","isPartOf":{"@id":"https:\/\/www.prijedordanas.com\/#website"},"datePublished":"2024-01-03T20:22:31+00:00","dateModified":"2024-01-04T17:43:03+00:00","breadcrumb":{"@id":"https:\/\/www.prijedordanas.com\/?p=217374#breadcrumb"},"inLanguage":"en-US","potentialAction":[{"@type":"ReadAction","target":["https:\/\/www.prijedordanas.com\/?p=217374"]}]},{"@type":"BreadcrumbList","@id":"https:\/\/www.prijedordanas.com\/?p=217374#breadcrumb","itemListElement":[{"@type":"ListItem","position":1,"name":"Home","item":"https:\/\/www.prijedordanas.com\/"},{"@type":"ListItem","position":2,"name":"Marti\u0107: Optu\u017eba na ra\u010dun prijedorskih vatrogasaca nanijela \u0161tetu pozivu vatrogasaca uop\u0161te &#8211; FOTO\/VIDEO"}]},{"@type":"WebSite","@id":"https:\/\/www.prijedordanas.com\/#website","url":"https:\/\/www.prijedordanas.com\/","name":"PrijedorDanas.com - Prijedorski gradski portal","description":"Portal o doga\u0111anjima u gradu Prijedoru","publisher":{"@id":"https:\/\/www.prijedordanas.com\/#organization"},"potentialAction":[{"@type":"SearchAction","target":{"@type":"EntryPoint","urlTemplate":"https:\/\/www.prijedordanas.com\/?s={search_term_string}"},"query-input":"required name=search_term_string"}],"inLanguage":"en-US"},{"@type":"Organization","@id":"https:\/\/www.prijedordanas.com\/#organization","name":"PrijedorDanas.com","url":"https:\/\/www.prijedordanas.com\/","logo":{"@type":"ImageObject","inLanguage":"en-US","@id":"https:\/\/www.prijedordanas.com\/#\/schema\/logo\/image\/","url":"http:\/\/www.prijedordanas.com\/wp-content\/uploads\/2021\/12\/logopng.png","contentUrl":"http:\/\/www.prijedordanas.com\/wp-content\/uploads\/2021\/12\/logopng.png","width":1019,"height":776,"caption":"PrijedorDanas.com"},"image":{"@id":"https:\/\/www.prijedordanas.com\/#\/schema\/logo\/image\/"},"sameAs":["https:\/\/www.facebook.com\/PrijedorDanasCom\/"]},{"@type":"Person","@id":"https:\/\/www.prijedordanas.com\/#\/schema\/person\/4e08ccf29b506ca916ff86d46bb700e6","name":"admin","image":{"@type":"ImageObject","inLanguage":"en-US","@id":"https:\/\/www.prijedordanas.com\/#\/schema\/person\/image\/","url":"https:\/\/secure.gravatar.com\/avatar\/1d3fc949d550f0b53a5f0d51e06dfd79?s=96&d=mm&r=g","contentUrl":"https:\/\/secure.gravatar.com\/avatar\/1d3fc949d550f0b53a5f0d51e06dfd79?s=96&d=mm&r=g","caption":"admin"},"url":"https:\/\/www.prijedordanas.com\/?author=1"}]}},"_links":{"self":[{"href":"https:\/\/www.prijedordanas.com\/index.php?rest_route=\/wp\/v2\/posts\/217374"}],"collection":[{"href":"https:\/\/www.prijedordanas.com\/index.php?rest_route=\/wp\/v2\/posts"}],"about":[{"href":"https:\/\/www.prijedordanas.com\/index.php?rest_route=\/wp\/v2\/types\/post"}],"author":[{"embeddable":true,"href":"https:\/\/www.prijedordanas.com\/index.php?rest_route=\/wp\/v2\/users\/1"}],"replies":[{"embeddable":true,"href":"https:\/\/www.prijedordanas.com\/index.php?rest_route=%2Fwp%2Fv2%2Fcomments&post=217374"}],"version-history":[{"count":1,"href":"https:\/\/www.prijedordanas.com\/index.php?rest_route=\/wp\/v2\/posts\/217374\/revisions"}],"predecessor-version":[{"id":217379,"href":"https:\/\/www.prijedordanas.com\/index.php?rest_route=\/wp\/v2\/posts\/217374\/revisions\/217379"}],"wp:attachment":[{"href":"https:\/\/www.prijedordanas.com\/index.php?rest_route=%2Fwp%2Fv2%2Fmedia&parent=217374"}],"wp:term":[{"taxonomy":"category","embeddable":true,"href":"https:\/\/www.prijedordanas.com\/index.php?rest_route=%2Fwp%2Fv2%2Fcategories&post=217374"},{"taxonomy":"post_tag","embeddable":true,"href":"https:\/\/www.prijedordanas.com\/index.php?rest_route=%2Fwp%2Fv2%2Ftags&post=217374"}],"curies":[{"name":"wp","href":"https:\/\/api.w.org\/{rel}","templated":true}]}}