{"id":217263,"date":"2024-01-02T08:01:59","date_gmt":"2024-01-02T07:01:59","guid":{"rendered":"https:\/\/www.prijedordanas.com\/?p=217263"},"modified":"2024-01-02T08:01:59","modified_gmt":"2024-01-02T07:01:59","slug":"pjevac-nesad-selman-iskreno-o-muzickoj-karijeri-zivotu-i-planovima-ja-sam-jedan-od-rijetkih-sretnika","status":"publish","type":"post","link":"https:\/\/www.prijedordanas.com\/?p=217263","title":{"rendered":"Pjeva\u010d Ne\u0161ad Selman iskreno o muzi\u010dkoj karijeri, \u017eivotu i planovima: \u201cJa sam jedan od rijetkih sretnika!\u201d"},"content":{"rendered":"<p><a href=\"https:\/\/www.prijedordanas.com\/wp-content\/uploads\/2024\/01\/nesad-selman-1.jpg\"><img loading=\"lazy\" decoding=\"async\" class=\"alignleft size-medium wp-image-217264\" src=\"https:\/\/www.prijedordanas.com\/wp-content\/uploads\/2024\/01\/nesad-selman-1-300x225.jpg\" alt=\"\" width=\"300\" height=\"225\" srcset=\"https:\/\/www.prijedordanas.com\/wp-content\/uploads\/2024\/01\/nesad-selman-1-300x225.jpg 300w, https:\/\/www.prijedordanas.com\/wp-content\/uploads\/2024\/01\/nesad-selman-1-640x480.jpg 640w, https:\/\/www.prijedordanas.com\/wp-content\/uploads\/2024\/01\/nesad-selman-1.jpg 667w\" sizes=\"(max-width: 300px) 100vw, 300px\" \/><\/a>Ne\u0161ad Selman, po prirodi skroman \u010dovjek an\u0111eoskog glasa, na veliku radost Prijedor\u010dana, sve \u010de\u0161\u0107e gostuje u Prijedoru sa svojim bendom. U pauzi svirke, ispri\u010dao nam je za\u0161to nikada nije odustao od muzike, a od novinarstva jeste. Govorio je iskreno o dosada\u0161njoj karijeri i najavio da \u0107e publiku uskoro obradovati novim pjesmama.<\/p>\n<p>Ne\u0161ad Selman, Prijedor\u010danin sa sarajevskom adresom, publici u BiH poznat je po odli\u010dnim klupskim svirkama sa svojim bendom. Mnogi ga pamte kao pobjednika muzi\u010dkog takmi\u010denja OBN \u201eMusic Talents\u201d 2005. godine. U to vrijeme imao je zna\u010dajnu podr\u0161ku velike balkanske zvijezde To\u0161eta Proeskog.<\/p>\n<p>\u201eDobiti pohvalu od To\u0161eta, meni kao devetnaestogodi\u0161njaku zna\u010dilo je mnogo. On mi je bio uzor u svakom pogledu i bilo je neprocjenjivo iskustvo i \u010dast dijeliti pozornicu na njegovim koncertima \u0161irom BiH\u201c, ka\u017ee Ne\u0161ad.<\/p>\n<p>Nakon pobjede na ovom takmi\u010denju, objavio je prvi studijski album \u201eTrag\u201c, a onda se u jednom trenutku, kad se to od njega najmanje o\u010dekivalo, povukao i nestao sa muzi\u010dke scene. Kako ka\u017ee, ne zna ni on za\u0161to. Tada je radio na autorskim pjesmama i nije toliko \u010desto nastupao kao danas. Isti\u010de da su bavl\u0458enje autorskim pjesmama i javni nastupi sa bendom, dva potpuno razli\u010dita zanimanja. U ovom drugom se prona\u0161ao, ka\u017ee, druga su vremena. Sada, kao iskusan muzi\u010dar, u\u017eiva u svirkama sa bendom i ne misli praviti nikakve pauze, kao s po\u010detka karijere.<\/p>\n<p>Ne\u0161ad je nesu\u0111eni novinar. \u017durnalistiku je upisao, ali je nikad nije zavr\u0161io i nije imao priliku da se ozbil\u0458nije bavi novinarstvom. Ljubav prema muzici bila je ja\u010da.<\/p>\n<p>\u201eKao zreo \u010dovjek, danas druga\u010dijim o\u010dima gledam na svoje stvarala\u0161tvo u muzici. Nikada se nisam rastajao s muzikom, samo sam se povukao iz javnog \u017eivota. Ne volim javna gostovanja, ukoliko nemam ne\u0161to novo autorski da ponudim publici. Kako dugo nisam ne\u0161to snimio, smatrao sam da ne treba ni pretjerano da se pojavl\u0458ujem u medijima. Uskoro \u0107e se i to promijeniti, jer imam nekoliko novih pjesma na kojima trenutno radim\u201c, ka\u017ee Ne\u0161ad.<\/p>\n<p><a href=\"https:\/\/www.prijedordanas.com\/wp-content\/uploads\/2024\/01\/nesad-selman-2.jpg\"><img loading=\"lazy\" decoding=\"async\" src=\"https:\/\/www.prijedordanas.com\/wp-content\/uploads\/2024\/01\/nesad-selman-2-236x300.jpg\" alt=\"\" width=\"236\" height=\"300\" class=\"alignleft size-medium wp-image-217265\" srcset=\"https:\/\/www.prijedordanas.com\/wp-content\/uploads\/2024\/01\/nesad-selman-2-236x300.jpg 236w, https:\/\/www.prijedordanas.com\/wp-content\/uploads\/2024\/01\/nesad-selman-2.jpg 471w\" sizes=\"(max-width: 236px) 100vw, 236px\" \/><\/a>Danas \u017eivi i radi u Sarajevu sa porodicom, a nas je interesovalo kako je sarajevska raja prihvatila Prijedor\u010danina.<\/p>\n<p>\u201eU po\u010detku, trebalo mi je vremena da se naviknem. Danas je sve OK. U Sarajevu sam zasnovao porodicu i dobio sina Maka. Tako\u0111e, roditel\u0458i i sestra ve\u0107 dugo \u017eive u Sarajevu. Dom je tamo gdje ti je i porodica. Ipak, Sarajevo ne mo\u017ee zamijeniti Prijedor, ali je i ono blizu srca. Jedino je problem \u0161to je daleko od Prijedora.\u201c<\/p>\n<p>Ne\u0161ad je karijeru po\u010deo na muzi\u010dkom takmi\u010denju. Smatra da je to danas dobra prilika za napredovanje, ali, po njegovom mi\u0161l\u0458enju, nije dovol\u0458no, jer treba puno rada da bi te publika prihvatila i zavol\u0458ela. S obzirom da su u zadnjih dvadesetak godina muzi\u010dka takmi\u010denja na ovim prostorima intenzivna, smatra da interesovanje talentovanih muzi\u010dara opada, ali i da se u svakom \u0161ouu pojavi nekoliko takmi\u010dara vrijednih pa\u017enje. Mladim pjeva\u010dima savjetuje da, ukoliko \u017eele ozbil\u0458niju karijeru, moraju mnogo da rade, a \u0161ou sam po sebi samo je odsko\u010dna daska. O novom muzi\u010dkom pravcu nema lijepo mi\u0161l\u0458enje.<\/p>\n<p>\u201eTrap muzika mi se uop\u0161te ne dopada. Svjestan sam da svako vrijeme ima svoju muziku i da je ona odraz dana\u0161njeg vremena i sistema vrijednosti. Naravno da i u takvoj muzici ima kvalitetnih izvo\u0111a\u010da, ali generalno, tu ima previ\u0161e \u0161unda i ki\u010da. Najvi\u0161e mi smetaju tekstovi koji su neprimjereni za uzrast koji takvu muziku slu\u0161a, a najvi\u0161e je slu\u0161aju malol\u0458etnici\u201c, pri\u010da Selman.<\/p>\n<p>U muzici je, po njegovom mi\u0161l\u0458enju, jako bitan iks-faktor, harizma ili kako god to zvali, jer muzika nije samo sviranje ili ispjevavanje ta\u010dnih tonova. Bez iskrene emocije ne mo\u017ee se ni\u0161ta, pa ni u muzici. Tu, ka\u017ee on, nastupa iks-faktor. To publika uglavnom prepozna i nagradi. Trenutno radi na novim pjesmama. Jedna je, ka\u017ee, gotova, a uskoro \u0107e i druga, na tre\u0107oj tek po\u010dinje da radi. Autor prve pjesme je Alen Leme\u0161evi\u0107, dugogodi\u0161nji gitarista Dine Merlina i Harija Mata Harija.<\/p>\n<p>\u201eSa Alenom se poznajem dugi niz godina i tek sad smo \u2018kliknuli\u2019 i uspostavili sjajnu saradnju. Pored toga \u0161to je odli\u010dan gitarista i muzi\u010dar, on je i vrhunski vokal. Sli\u010dnog smo senzibiliteta, pa je uradio pjesme koje odgovaraju mom vokalu. Jedva \u010dekamo da ih pustimo u eter. Po\u010detkom godine publika \u0107e \u010duti prvu pjesmu\u201c, ka\u017ee Selman.<\/p>\n<p>\u201eImam tu sre\u0107u da su u bendu prijatel\u0458i, pored toga \u0161to su vrhunski muzi\u010dari. Prvo sam upoznao pijanistu Adisa Vugu, jo\u0161 dok sam nastupao na \u2018Talentima\u2019 2005. godine. Gitarista D\u017eenan Selmanagi\u0107 je i kum mom sinu Maku. N\u0458ih dvojica su, izme\u0111u ostalog, dugo vremena svirali u grupi \u2018Hari Mata Hari\u2019. Vrhunski mladi bubanjar je Adi Avdi\u0107, za saksofonom i klarinetom je Mirza Frl\u0458ak, a najnoviji \u010dlan benda je Aldin \u0160ehi\u0107, na bas gitari. Radujem se svakom nastupu i putovanju sa njima.\u201c<\/p>\n<p>Kako ka\u017ee, uvijek je pravo vrijeme za gostovanje u svom rodnom gradu. Prijedor\u010dani rado idu na sve njegove nastupe, prvenstveno zbog iskrene emocije u pjesmama koje izvodi.<\/p>\n<p>\u201cTrebalo mi je petnaestak godina da nastupim u Prijedoru sa svojim bendom. Prvi put se desilo u \u2018Marini\u2019 pro\u0161le godine. To je mjesto u koje sam izlazio jo\u0161 kao srednjo\u0161kolac. Posebne emocije me ve\u017eu za taj kafi\u0107. \u0160to se repertoara ti\u010de, obi\u010dno izaberem nekih deset pjesama, a kasnije se vodim po osje\u0107aju. Svaka pjesma ima svoje razloge za\u0161to se svira u odre\u0111enom trenutku. Mislim da je to kl\u0458u\u010dno za pravl\u0458enje dobre atmosfere\u201d, isti\u010de na\u0161 sagovornik.<\/p>\n<p>Mladim pjeva\u010dima poru\u010duje isto \u0161to i sebi, da budu svoji i slu\u0161aju svoje srce. Naravno, da vrijedno rade, da se trude, budu hrabri i spremni na izazove, jer bez toga, kao i u svakoj bran\u0161i, ne\u0107e posti\u0107i mnogo.<\/p>\n<p>Po prirodi skroman i izuzetno talentovan, Ne\u0161ad je, ka\u017ee, uvijek zahvalan na svemu \u0161to dobija. Godina koju ispra\u0107amo ocjenjuje kao uspje\u0161nu. U Novoj godini \u0107e objaviti tri pjesme, \u0161to ga posebno raduje.<\/p>\n<p>\u201cImam puno ugovorenih nastupa i bi\u0107e posla. Jako je bitno da \u010dovjek u\u017eiva u onome \u0161to radi, jo\u0161 ako od toga mo\u017ee pristojno da \u017eivi, onda je to pun pogodak. Ja sam jedan od rijetkih sretnika\u201d, iskreno ka\u017ee Ne\u0161ad Selman.<\/p>\n<p>PORUKA MALOM NE\u0160ADU<\/p>\n<p>Na pitanje \u0161ta bi danas, kao 36-godi\u0161njak sa odre\u0111enim iskustvom u muzici, poru\u010dio malom Ne\u0161adu, odgovara:<\/p>\n<p>\u201cDragi mali Ne\u0161o, uvijek budi svoj i slu\u0161aj srce. Radi samo ono \u0161to te ispunjava. Vje\u017ebaj svirati gitaru ili klavir. Jo\u0161 dok si mlad, po\u010dni komponovati svoje pjesme, jer poslije \u0107e biti kasno.\u201d<\/p>\n<p><strong><a href=\"https:\/\/kozarski.com\/pjevac-nesad-selman-iskreno-o-muzickoj-karijeri-zivotu-i-planovima-ja-sam-jedan-od-rijetkih-sretnika\/\" target=\"_blank\" rel=\"noopener\">kozarski.com<\/a><\/strong><\/p>\n","protected":false},"excerpt":{"rendered":"<p>Ne\u0161ad Selman, po prirodi skroman \u010dovjek an\u0111eoskog glasa, na veliku radost Prijedor\u010dana, sve \u010de\u0161\u0107e gostuje u Prijedoru sa svojim bendom. U pauzi svirke, ispri\u010dao nam je za\u0161to nikada nije odustao [&hellip;]<\/p>\n","protected":false},"author":1,"featured_media":0,"comment_status":"closed","ping_status":"open","sticky":false,"template":"","format":"standard","meta":{"_monsterinsights_skip_tracking":false,"_monsterinsights_sitenote_active":false,"_monsterinsights_sitenote_note":"","_monsterinsights_sitenote_category":0,"footnotes":""},"categories":[3],"tags":[],"yoast_head":"<!-- This site is optimized with the Yoast SEO plugin v21.6 - https:\/\/yoast.com\/wordpress\/plugins\/seo\/ -->\n<title>Pjeva\u010d Ne\u0161ad Selman iskreno o muzi\u010dkoj karijeri, \u017eivotu i planovima: \u201cJa sam jedan od rijetkih sretnika!\u201d - PrijedorDanas.com - Prijedorski gradski portal<\/title>\n<meta name=\"robots\" content=\"index, follow, max-snippet:-1, max-image-preview:large, max-video-preview:-1\" \/>\n<link rel=\"canonical\" href=\"https:\/\/www.prijedordanas.com\/?p=217263\" \/>\n<meta property=\"og:locale\" content=\"en_US\" \/>\n<meta property=\"og:type\" content=\"article\" \/>\n<meta property=\"og:title\" content=\"Pjeva\u010d Ne\u0161ad Selman iskreno o muzi\u010dkoj karijeri, \u017eivotu i planovima: \u201cJa sam jedan od rijetkih sretnika!\u201d - PrijedorDanas.com - Prijedorski gradski portal\" \/>\n<meta property=\"og:description\" content=\"Ne\u0161ad Selman, po prirodi skroman \u010dovjek an\u0111eoskog glasa, na veliku radost Prijedor\u010dana, sve \u010de\u0161\u0107e gostuje u Prijedoru sa svojim bendom. U pauzi svirke, ispri\u010dao nam je za\u0161to nikada nije odustao [&hellip;]\" \/>\n<meta property=\"og:url\" content=\"https:\/\/www.prijedordanas.com\/?p=217263\" \/>\n<meta property=\"og:site_name\" content=\"PrijedorDanas.com - Prijedorski gradski portal\" \/>\n<meta property=\"article:publisher\" content=\"https:\/\/www.facebook.com\/PrijedorDanasCom\/\" \/>\n<meta property=\"article:published_time\" content=\"2024-01-02T07:01:59+00:00\" \/>\n<meta property=\"og:image\" content=\"https:\/\/www.prijedordanas.com\/wp-content\/uploads\/2024\/01\/nesad-selman-1-300x225.jpg\" \/>\n<meta name=\"author\" content=\"admin\" \/>\n<meta name=\"twitter:card\" content=\"summary_large_image\" \/>\n<meta name=\"twitter:label1\" content=\"Written by\" \/>\n\t<meta name=\"twitter:data1\" content=\"admin\" \/>\n\t<meta name=\"twitter:label2\" content=\"Est. reading time\" \/>\n\t<meta name=\"twitter:data2\" content=\"5 minutes\" \/>\n<script type=\"application\/ld+json\" class=\"yoast-schema-graph\">{\"@context\":\"https:\/\/schema.org\",\"@graph\":[{\"@type\":\"Article\",\"@id\":\"https:\/\/www.prijedordanas.com\/?p=217263#article\",\"isPartOf\":{\"@id\":\"https:\/\/www.prijedordanas.com\/?p=217263\"},\"author\":{\"name\":\"admin\",\"@id\":\"https:\/\/www.prijedordanas.com\/#\/schema\/person\/4e08ccf29b506ca916ff86d46bb700e6\"},\"headline\":\"Pjeva\u010d Ne\u0161ad Selman iskreno o muzi\u010dkoj karijeri, \u017eivotu i planovima: \u201cJa sam jedan od rijetkih sretnika!\u201d\",\"datePublished\":\"2024-01-02T07:01:59+00:00\",\"dateModified\":\"2024-01-02T07:01:59+00:00\",\"mainEntityOfPage\":{\"@id\":\"https:\/\/www.prijedordanas.com\/?p=217263\"},\"wordCount\":1192,\"publisher\":{\"@id\":\"https:\/\/www.prijedordanas.com\/#organization\"},\"articleSection\":[\"\u017divot\"],\"inLanguage\":\"en-US\"},{\"@type\":\"WebPage\",\"@id\":\"https:\/\/www.prijedordanas.com\/?p=217263\",\"url\":\"https:\/\/www.prijedordanas.com\/?p=217263\",\"name\":\"Pjeva\u010d Ne\u0161ad Selman iskreno o muzi\u010dkoj karijeri, \u017eivotu i planovima: \u201cJa sam jedan od rijetkih sretnika!\u201d - PrijedorDanas.com - Prijedorski gradski portal\",\"isPartOf\":{\"@id\":\"https:\/\/www.prijedordanas.com\/#website\"},\"datePublished\":\"2024-01-02T07:01:59+00:00\",\"dateModified\":\"2024-01-02T07:01:59+00:00\",\"breadcrumb\":{\"@id\":\"https:\/\/www.prijedordanas.com\/?p=217263#breadcrumb\"},\"inLanguage\":\"en-US\",\"potentialAction\":[{\"@type\":\"ReadAction\",\"target\":[\"https:\/\/www.prijedordanas.com\/?p=217263\"]}]},{\"@type\":\"BreadcrumbList\",\"@id\":\"https:\/\/www.prijedordanas.com\/?p=217263#breadcrumb\",\"itemListElement\":[{\"@type\":\"ListItem\",\"position\":1,\"name\":\"Home\",\"item\":\"https:\/\/www.prijedordanas.com\/\"},{\"@type\":\"ListItem\",\"position\":2,\"name\":\"Pjeva\u010d Ne\u0161ad Selman iskreno o muzi\u010dkoj karijeri, \u017eivotu i planovima: \u201cJa sam jedan od rijetkih sretnika!\u201d\"}]},{\"@type\":\"WebSite\",\"@id\":\"https:\/\/www.prijedordanas.com\/#website\",\"url\":\"https:\/\/www.prijedordanas.com\/\",\"name\":\"PrijedorDanas.com - Prijedorski gradski portal\",\"description\":\"Portal o doga\u0111anjima u gradu Prijedoru\",\"publisher\":{\"@id\":\"https:\/\/www.prijedordanas.com\/#organization\"},\"potentialAction\":[{\"@type\":\"SearchAction\",\"target\":{\"@type\":\"EntryPoint\",\"urlTemplate\":\"https:\/\/www.prijedordanas.com\/?s={search_term_string}\"},\"query-input\":\"required name=search_term_string\"}],\"inLanguage\":\"en-US\"},{\"@type\":\"Organization\",\"@id\":\"https:\/\/www.prijedordanas.com\/#organization\",\"name\":\"PrijedorDanas.com\",\"url\":\"https:\/\/www.prijedordanas.com\/\",\"logo\":{\"@type\":\"ImageObject\",\"inLanguage\":\"en-US\",\"@id\":\"https:\/\/www.prijedordanas.com\/#\/schema\/logo\/image\/\",\"url\":\"http:\/\/www.prijedordanas.com\/wp-content\/uploads\/2021\/12\/logopng.png\",\"contentUrl\":\"http:\/\/www.prijedordanas.com\/wp-content\/uploads\/2021\/12\/logopng.png\",\"width\":1019,\"height\":776,\"caption\":\"PrijedorDanas.com\"},\"image\":{\"@id\":\"https:\/\/www.prijedordanas.com\/#\/schema\/logo\/image\/\"},\"sameAs\":[\"https:\/\/www.facebook.com\/PrijedorDanasCom\/\"]},{\"@type\":\"Person\",\"@id\":\"https:\/\/www.prijedordanas.com\/#\/schema\/person\/4e08ccf29b506ca916ff86d46bb700e6\",\"name\":\"admin\",\"image\":{\"@type\":\"ImageObject\",\"inLanguage\":\"en-US\",\"@id\":\"https:\/\/www.prijedordanas.com\/#\/schema\/person\/image\/\",\"url\":\"https:\/\/secure.gravatar.com\/avatar\/1d3fc949d550f0b53a5f0d51e06dfd79?s=96&d=mm&r=g\",\"contentUrl\":\"https:\/\/secure.gravatar.com\/avatar\/1d3fc949d550f0b53a5f0d51e06dfd79?s=96&d=mm&r=g\",\"caption\":\"admin\"},\"url\":\"https:\/\/www.prijedordanas.com\/?author=1\"}]}<\/script>\n<!-- \/ Yoast SEO plugin. -->","yoast_head_json":{"title":"Pjeva\u010d Ne\u0161ad Selman iskreno o muzi\u010dkoj karijeri, \u017eivotu i planovima: \u201cJa sam jedan od rijetkih sretnika!\u201d - PrijedorDanas.com - Prijedorski gradski portal","robots":{"index":"index","follow":"follow","max-snippet":"max-snippet:-1","max-image-preview":"max-image-preview:large","max-video-preview":"max-video-preview:-1"},"canonical":"https:\/\/www.prijedordanas.com\/?p=217263","og_locale":"en_US","og_type":"article","og_title":"Pjeva\u010d Ne\u0161ad Selman iskreno o muzi\u010dkoj karijeri, \u017eivotu i planovima: \u201cJa sam jedan od rijetkih sretnika!\u201d - PrijedorDanas.com - Prijedorski gradski portal","og_description":"Ne\u0161ad Selman, po prirodi skroman \u010dovjek an\u0111eoskog glasa, na veliku radost Prijedor\u010dana, sve \u010de\u0161\u0107e gostuje u Prijedoru sa svojim bendom. U pauzi svirke, ispri\u010dao nam je za\u0161to nikada nije odustao [&hellip;]","og_url":"https:\/\/www.prijedordanas.com\/?p=217263","og_site_name":"PrijedorDanas.com - Prijedorski gradski portal","article_publisher":"https:\/\/www.facebook.com\/PrijedorDanasCom\/","article_published_time":"2024-01-02T07:01:59+00:00","og_image":[{"url":"https:\/\/www.prijedordanas.com\/wp-content\/uploads\/2024\/01\/nesad-selman-1-300x225.jpg"}],"author":"admin","twitter_card":"summary_large_image","twitter_misc":{"Written by":"admin","Est. reading time":"5 minutes"},"schema":{"@context":"https:\/\/schema.org","@graph":[{"@type":"Article","@id":"https:\/\/www.prijedordanas.com\/?p=217263#article","isPartOf":{"@id":"https:\/\/www.prijedordanas.com\/?p=217263"},"author":{"name":"admin","@id":"https:\/\/www.prijedordanas.com\/#\/schema\/person\/4e08ccf29b506ca916ff86d46bb700e6"},"headline":"Pjeva\u010d Ne\u0161ad Selman iskreno o muzi\u010dkoj karijeri, \u017eivotu i planovima: \u201cJa sam jedan od rijetkih sretnika!\u201d","datePublished":"2024-01-02T07:01:59+00:00","dateModified":"2024-01-02T07:01:59+00:00","mainEntityOfPage":{"@id":"https:\/\/www.prijedordanas.com\/?p=217263"},"wordCount":1192,"publisher":{"@id":"https:\/\/www.prijedordanas.com\/#organization"},"articleSection":["\u017divot"],"inLanguage":"en-US"},{"@type":"WebPage","@id":"https:\/\/www.prijedordanas.com\/?p=217263","url":"https:\/\/www.prijedordanas.com\/?p=217263","name":"Pjeva\u010d Ne\u0161ad Selman iskreno o muzi\u010dkoj karijeri, \u017eivotu i planovima: \u201cJa sam jedan od rijetkih sretnika!\u201d - PrijedorDanas.com - Prijedorski gradski portal","isPartOf":{"@id":"https:\/\/www.prijedordanas.com\/#website"},"datePublished":"2024-01-02T07:01:59+00:00","dateModified":"2024-01-02T07:01:59+00:00","breadcrumb":{"@id":"https:\/\/www.prijedordanas.com\/?p=217263#breadcrumb"},"inLanguage":"en-US","potentialAction":[{"@type":"ReadAction","target":["https:\/\/www.prijedordanas.com\/?p=217263"]}]},{"@type":"BreadcrumbList","@id":"https:\/\/www.prijedordanas.com\/?p=217263#breadcrumb","itemListElement":[{"@type":"ListItem","position":1,"name":"Home","item":"https:\/\/www.prijedordanas.com\/"},{"@type":"ListItem","position":2,"name":"Pjeva\u010d Ne\u0161ad Selman iskreno o muzi\u010dkoj karijeri, \u017eivotu i planovima: \u201cJa sam jedan od rijetkih sretnika!\u201d"}]},{"@type":"WebSite","@id":"https:\/\/www.prijedordanas.com\/#website","url":"https:\/\/www.prijedordanas.com\/","name":"PrijedorDanas.com - Prijedorski gradski portal","description":"Portal o doga\u0111anjima u gradu Prijedoru","publisher":{"@id":"https:\/\/www.prijedordanas.com\/#organization"},"potentialAction":[{"@type":"SearchAction","target":{"@type":"EntryPoint","urlTemplate":"https:\/\/www.prijedordanas.com\/?s={search_term_string}"},"query-input":"required name=search_term_string"}],"inLanguage":"en-US"},{"@type":"Organization","@id":"https:\/\/www.prijedordanas.com\/#organization","name":"PrijedorDanas.com","url":"https:\/\/www.prijedordanas.com\/","logo":{"@type":"ImageObject","inLanguage":"en-US","@id":"https:\/\/www.prijedordanas.com\/#\/schema\/logo\/image\/","url":"http:\/\/www.prijedordanas.com\/wp-content\/uploads\/2021\/12\/logopng.png","contentUrl":"http:\/\/www.prijedordanas.com\/wp-content\/uploads\/2021\/12\/logopng.png","width":1019,"height":776,"caption":"PrijedorDanas.com"},"image":{"@id":"https:\/\/www.prijedordanas.com\/#\/schema\/logo\/image\/"},"sameAs":["https:\/\/www.facebook.com\/PrijedorDanasCom\/"]},{"@type":"Person","@id":"https:\/\/www.prijedordanas.com\/#\/schema\/person\/4e08ccf29b506ca916ff86d46bb700e6","name":"admin","image":{"@type":"ImageObject","inLanguage":"en-US","@id":"https:\/\/www.prijedordanas.com\/#\/schema\/person\/image\/","url":"https:\/\/secure.gravatar.com\/avatar\/1d3fc949d550f0b53a5f0d51e06dfd79?s=96&d=mm&r=g","contentUrl":"https:\/\/secure.gravatar.com\/avatar\/1d3fc949d550f0b53a5f0d51e06dfd79?s=96&d=mm&r=g","caption":"admin"},"url":"https:\/\/www.prijedordanas.com\/?author=1"}]}},"_links":{"self":[{"href":"https:\/\/www.prijedordanas.com\/index.php?rest_route=\/wp\/v2\/posts\/217263"}],"collection":[{"href":"https:\/\/www.prijedordanas.com\/index.php?rest_route=\/wp\/v2\/posts"}],"about":[{"href":"https:\/\/www.prijedordanas.com\/index.php?rest_route=\/wp\/v2\/types\/post"}],"author":[{"embeddable":true,"href":"https:\/\/www.prijedordanas.com\/index.php?rest_route=\/wp\/v2\/users\/1"}],"replies":[{"embeddable":true,"href":"https:\/\/www.prijedordanas.com\/index.php?rest_route=%2Fwp%2Fv2%2Fcomments&post=217263"}],"version-history":[{"count":1,"href":"https:\/\/www.prijedordanas.com\/index.php?rest_route=\/wp\/v2\/posts\/217263\/revisions"}],"predecessor-version":[{"id":217266,"href":"https:\/\/www.prijedordanas.com\/index.php?rest_route=\/wp\/v2\/posts\/217263\/revisions\/217266"}],"wp:attachment":[{"href":"https:\/\/www.prijedordanas.com\/index.php?rest_route=%2Fwp%2Fv2%2Fmedia&parent=217263"}],"wp:term":[{"taxonomy":"category","embeddable":true,"href":"https:\/\/www.prijedordanas.com\/index.php?rest_route=%2Fwp%2Fv2%2Fcategories&post=217263"},{"taxonomy":"post_tag","embeddable":true,"href":"https:\/\/www.prijedordanas.com\/index.php?rest_route=%2Fwp%2Fv2%2Ftags&post=217263"}],"curies":[{"name":"wp","href":"https:\/\/api.w.org\/{rel}","templated":true}]}}