{"id":217127,"date":"2023-12-31T13:02:18","date_gmt":"2023-12-31T12:02:18","guid":{"rendered":"https:\/\/www.prijedordanas.com\/?p=217127"},"modified":"2023-12-31T13:02:18","modified_gmt":"2023-12-31T12:02:18","slug":"sjecanja-ljubisa-aramanda-andrea-aramanda","status":"publish","type":"post","link":"https:\/\/www.prijedordanas.com\/?p=217127","title":{"rendered":"Sje\u0107anja \u2013 Ljubi\u0161a Aramanda\/Andrea Aramanda"},"content":{"rendered":"<p><a href=\"https:\/\/www.prijedordanas.com\/wp-content\/uploads\/2023\/01\/aramanda-ljubisa-andrea-1.jpg\"><img loading=\"lazy\" decoding=\"async\" src=\"https:\/\/www.prijedordanas.com\/wp-content\/uploads\/2023\/01\/aramanda-ljubisa-andrea-1-208x300.jpg\" alt=\"\" width=\"208\" height=\"300\" class=\"alignleft size-medium wp-image-197842\" srcset=\"https:\/\/www.prijedordanas.com\/wp-content\/uploads\/2023\/01\/aramanda-ljubisa-andrea-1-208x300.jpg 208w, https:\/\/www.prijedordanas.com\/wp-content\/uploads\/2023\/01\/aramanda-ljubisa-andrea-1.jpg 451w\" sizes=\"(max-width: 208px) 100vw, 208px\" \/><\/a>Ovog 31. decembra 2023. godine navr\u0161ava se godinu dana kako su nas napustili Andrea i Ljubi\u0161a Aramanda.<\/p>\n<p>Sa \u017eeljom da se, barem na kratko, jo\u0161 jednom sjetimo o kakvom \u010dovjeku se radilo, a Ljubi\u0161a je bio i vazduhoplovac i planinar i humanista, \u010dovjek rijetko vi\u0111ene energije, donosimo vam posljednji pozdrav sa ispra\u0107aja na njihov vje\u010dni po\u010dinak 03.01.2023. godine.<\/p>\n<p>In memoriam<br \/>\nAndrea Aramanda 29.3.1999. &#8211; 31.12.2022.<br \/>\nLjubi\u0161a Aramanda 13.10.1975. &#8211; 31.12.2022.<\/p>\n<p>O\u017ealo\u0161\u0107ena porodice, po\u0161tovani prijatelji na\u0161ih Andree i Ljubi\u0161e!<\/p>\n<p>Ljubi\u0161a je 20 godina bio veoma aktivan \u010dlan Planinarskog dru\u0161tva &#8220;Klekova\u010da&#8221;. Nekoliko puta je biran za \u010dlana Upravnog odbora a trenutno je bio na mjestu \u010dlana Nadzornog odbora. Kao na\u0161 predstavnik bio je u upravnim tijelima Planinarskog saveza Republike Srpske i u tri mandata predsjednik Saveza.<\/p>\n<p>Najbitnija funkcija na kojoj je bio je biti voljeni sin, suprug i otac. Iza njega su mnoge poho\u0111ene planine i planinski vrhovi. U ljepote planinarstva je uveo svoju porodicu i mnoge ljude oko sebe. Andrea ga je \u010desto pratila. Skromna djevojka koja nije puno govrila ali je puno pokazivala. Brinuo se o njoj i ona o njemu pokazuju\u0107i oboje tu posebnu vezu oca i k\u0107erke. Sa kim ima ljep\u0161e podjeliti sre\u0107u i ljepotu nego sa porodicom i dragim ljudima?! <\/p>\n<p>Prva smo poslijeratna genaracija planinarskih vodi\u010da te je bio pokreta\u010d bezbroj akcija i aktivnosti ali samo sa ciljem da ljudi budu sretni i na okupu. Posjedovao je tu sposobnost da te privoli na ne\u0161to od \u010dega ima\u0161 strah zato \u0161to je nepoznato a kasnije shvati\u0161 kako si sretan i \u0161ta si mogao da propusti\u0161.<\/p>\n<p>Kako je uvijek htio da budu na okupu sudbina je tako htjela i da otputuju zajedno u vje\u010dnost.<\/p>\n<p>Kako se oprostiti od nekoga koga si zagrlio prije par trenutaka?<\/p>\n<p>Kako se oprostiti od osmijeha?<\/p>\n<p>Kako se oprostiti od nekoga ko ti ka\u017ee: hajdemo uraditi ovo ili ono?<\/p>\n<p>Kako se oprostiti od nekoga kod koga je sve moglo i ni\u0161ta nije bilo nemogu\u0107e?<\/p>\n<p>Kako se oprostiti od nekoga kome nije bilo problem pustiti suzu za razliku od ostalih balkanskih mu\u0161karaca?<\/p>\n<p>Kako se oprostiti od nekoga koji je mnoge stvari radio u korist svoje \u0161tete samo da bi drugima bilo bolje?<\/p>\n<p>Ne\u0107emo se oprostiti. Samo \u0107emo odlo\u017eiti vi\u0111enje do nekog sljede\u0107eg uspona a do tada \u0107e\u0161 nas paziti kru\u017ee\u0107i avionom oko neke nebeske planine.<\/p>\n<p>Neka im je vje\u0161na slava i hvala!<\/p>\n<p>U Prijedoru, 3.1.2023. godine<br \/>\nMarko Sari\u0107<\/p>\n","protected":false},"excerpt":{"rendered":"<p>Ovog 31. decembra 2023. godine navr\u0161ava se godinu dana kako su nas napustili Andrea i Ljubi\u0161a Aramanda. Sa \u017eeljom da se, barem na kratko, jo\u0161 jednom sjetimo o kakvom \u010dovjeku [&hellip;]<\/p>\n","protected":false},"author":1,"featured_media":0,"comment_status":"closed","ping_status":"open","sticky":false,"template":"","format":"standard","meta":{"_monsterinsights_skip_tracking":false,"_monsterinsights_sitenote_active":false,"_monsterinsights_sitenote_note":"","_monsterinsights_sitenote_category":0,"footnotes":""},"categories":[3],"tags":[],"yoast_head":"<!-- This site is optimized with the Yoast SEO plugin v21.6 - https:\/\/yoast.com\/wordpress\/plugins\/seo\/ -->\n<title>Sje\u0107anja \u2013 Ljubi\u0161a Aramanda\/Andrea Aramanda - PrijedorDanas.com - Prijedorski gradski portal<\/title>\n<meta name=\"robots\" content=\"index, follow, max-snippet:-1, max-image-preview:large, max-video-preview:-1\" \/>\n<link rel=\"canonical\" href=\"https:\/\/www.prijedordanas.com\/?p=217127\" \/>\n<meta property=\"og:locale\" content=\"en_US\" \/>\n<meta property=\"og:type\" content=\"article\" \/>\n<meta property=\"og:title\" content=\"Sje\u0107anja \u2013 Ljubi\u0161a Aramanda\/Andrea Aramanda - PrijedorDanas.com - Prijedorski gradski portal\" \/>\n<meta property=\"og:description\" content=\"Ovog 31. decembra 2023. godine navr\u0161ava se godinu dana kako su nas napustili Andrea i Ljubi\u0161a Aramanda. Sa \u017eeljom da se, barem na kratko, jo\u0161 jednom sjetimo o kakvom \u010dovjeku [&hellip;]\" \/>\n<meta property=\"og:url\" content=\"https:\/\/www.prijedordanas.com\/?p=217127\" \/>\n<meta property=\"og:site_name\" content=\"PrijedorDanas.com - Prijedorski gradski portal\" \/>\n<meta property=\"article:publisher\" content=\"https:\/\/www.facebook.com\/PrijedorDanasCom\/\" \/>\n<meta property=\"article:published_time\" content=\"2023-12-31T12:02:18+00:00\" \/>\n<meta property=\"og:image\" content=\"https:\/\/www.prijedordanas.com\/wp-content\/uploads\/2023\/01\/aramanda-ljubisa-andrea-1-208x300.jpg\" \/>\n<meta name=\"author\" content=\"admin\" \/>\n<meta name=\"twitter:card\" content=\"summary_large_image\" \/>\n<meta name=\"twitter:label1\" content=\"Written by\" \/>\n\t<meta name=\"twitter:data1\" content=\"admin\" \/>\n<script type=\"application\/ld+json\" class=\"yoast-schema-graph\">{\"@context\":\"https:\/\/schema.org\",\"@graph\":[{\"@type\":\"Article\",\"@id\":\"https:\/\/www.prijedordanas.com\/?p=217127#article\",\"isPartOf\":{\"@id\":\"https:\/\/www.prijedordanas.com\/?p=217127\"},\"author\":{\"name\":\"admin\",\"@id\":\"https:\/\/www.prijedordanas.com\/#\/schema\/person\/4e08ccf29b506ca916ff86d46bb700e6\"},\"headline\":\"Sje\u0107anja \u2013 Ljubi\u0161a Aramanda\/Andrea Aramanda\",\"datePublished\":\"2023-12-31T12:02:18+00:00\",\"dateModified\":\"2023-12-31T12:02:18+00:00\",\"mainEntityOfPage\":{\"@id\":\"https:\/\/www.prijedordanas.com\/?p=217127\"},\"wordCount\":425,\"publisher\":{\"@id\":\"https:\/\/www.prijedordanas.com\/#organization\"},\"articleSection\":[\"\u017divot\"],\"inLanguage\":\"en-US\"},{\"@type\":\"WebPage\",\"@id\":\"https:\/\/www.prijedordanas.com\/?p=217127\",\"url\":\"https:\/\/www.prijedordanas.com\/?p=217127\",\"name\":\"Sje\u0107anja \u2013 Ljubi\u0161a Aramanda\/Andrea Aramanda - PrijedorDanas.com - Prijedorski gradski portal\",\"isPartOf\":{\"@id\":\"https:\/\/www.prijedordanas.com\/#website\"},\"datePublished\":\"2023-12-31T12:02:18+00:00\",\"dateModified\":\"2023-12-31T12:02:18+00:00\",\"breadcrumb\":{\"@id\":\"https:\/\/www.prijedordanas.com\/?p=217127#breadcrumb\"},\"inLanguage\":\"en-US\",\"potentialAction\":[{\"@type\":\"ReadAction\",\"target\":[\"https:\/\/www.prijedordanas.com\/?p=217127\"]}]},{\"@type\":\"BreadcrumbList\",\"@id\":\"https:\/\/www.prijedordanas.com\/?p=217127#breadcrumb\",\"itemListElement\":[{\"@type\":\"ListItem\",\"position\":1,\"name\":\"Home\",\"item\":\"https:\/\/www.prijedordanas.com\/\"},{\"@type\":\"ListItem\",\"position\":2,\"name\":\"Sje\u0107anja \u2013 Ljubi\u0161a Aramanda\/Andrea Aramanda\"}]},{\"@type\":\"WebSite\",\"@id\":\"https:\/\/www.prijedordanas.com\/#website\",\"url\":\"https:\/\/www.prijedordanas.com\/\",\"name\":\"PrijedorDanas.com - Prijedorski gradski portal\",\"description\":\"Portal o doga\u0111anjima u gradu Prijedoru\",\"publisher\":{\"@id\":\"https:\/\/www.prijedordanas.com\/#organization\"},\"potentialAction\":[{\"@type\":\"SearchAction\",\"target\":{\"@type\":\"EntryPoint\",\"urlTemplate\":\"https:\/\/www.prijedordanas.com\/?s={search_term_string}\"},\"query-input\":\"required name=search_term_string\"}],\"inLanguage\":\"en-US\"},{\"@type\":\"Organization\",\"@id\":\"https:\/\/www.prijedordanas.com\/#organization\",\"name\":\"PrijedorDanas.com\",\"url\":\"https:\/\/www.prijedordanas.com\/\",\"logo\":{\"@type\":\"ImageObject\",\"inLanguage\":\"en-US\",\"@id\":\"https:\/\/www.prijedordanas.com\/#\/schema\/logo\/image\/\",\"url\":\"http:\/\/www.prijedordanas.com\/wp-content\/uploads\/2021\/12\/logopng.png\",\"contentUrl\":\"http:\/\/www.prijedordanas.com\/wp-content\/uploads\/2021\/12\/logopng.png\",\"width\":1019,\"height\":776,\"caption\":\"PrijedorDanas.com\"},\"image\":{\"@id\":\"https:\/\/www.prijedordanas.com\/#\/schema\/logo\/image\/\"},\"sameAs\":[\"https:\/\/www.facebook.com\/PrijedorDanasCom\/\"]},{\"@type\":\"Person\",\"@id\":\"https:\/\/www.prijedordanas.com\/#\/schema\/person\/4e08ccf29b506ca916ff86d46bb700e6\",\"name\":\"admin\",\"image\":{\"@type\":\"ImageObject\",\"inLanguage\":\"en-US\",\"@id\":\"https:\/\/www.prijedordanas.com\/#\/schema\/person\/image\/\",\"url\":\"https:\/\/secure.gravatar.com\/avatar\/1d3fc949d550f0b53a5f0d51e06dfd79?s=96&d=mm&r=g\",\"contentUrl\":\"https:\/\/secure.gravatar.com\/avatar\/1d3fc949d550f0b53a5f0d51e06dfd79?s=96&d=mm&r=g\",\"caption\":\"admin\"},\"url\":\"https:\/\/www.prijedordanas.com\/?author=1\"}]}<\/script>\n<!-- \/ Yoast SEO plugin. -->","yoast_head_json":{"title":"Sje\u0107anja \u2013 Ljubi\u0161a Aramanda\/Andrea Aramanda - PrijedorDanas.com - Prijedorski gradski portal","robots":{"index":"index","follow":"follow","max-snippet":"max-snippet:-1","max-image-preview":"max-image-preview:large","max-video-preview":"max-video-preview:-1"},"canonical":"https:\/\/www.prijedordanas.com\/?p=217127","og_locale":"en_US","og_type":"article","og_title":"Sje\u0107anja \u2013 Ljubi\u0161a Aramanda\/Andrea Aramanda - PrijedorDanas.com - Prijedorski gradski portal","og_description":"Ovog 31. decembra 2023. godine navr\u0161ava se godinu dana kako su nas napustili Andrea i Ljubi\u0161a Aramanda. Sa \u017eeljom da se, barem na kratko, jo\u0161 jednom sjetimo o kakvom \u010dovjeku [&hellip;]","og_url":"https:\/\/www.prijedordanas.com\/?p=217127","og_site_name":"PrijedorDanas.com - Prijedorski gradski portal","article_publisher":"https:\/\/www.facebook.com\/PrijedorDanasCom\/","article_published_time":"2023-12-31T12:02:18+00:00","og_image":[{"url":"https:\/\/www.prijedordanas.com\/wp-content\/uploads\/2023\/01\/aramanda-ljubisa-andrea-1-208x300.jpg"}],"author":"admin","twitter_card":"summary_large_image","twitter_misc":{"Written by":"admin"},"schema":{"@context":"https:\/\/schema.org","@graph":[{"@type":"Article","@id":"https:\/\/www.prijedordanas.com\/?p=217127#article","isPartOf":{"@id":"https:\/\/www.prijedordanas.com\/?p=217127"},"author":{"name":"admin","@id":"https:\/\/www.prijedordanas.com\/#\/schema\/person\/4e08ccf29b506ca916ff86d46bb700e6"},"headline":"Sje\u0107anja \u2013 Ljubi\u0161a Aramanda\/Andrea Aramanda","datePublished":"2023-12-31T12:02:18+00:00","dateModified":"2023-12-31T12:02:18+00:00","mainEntityOfPage":{"@id":"https:\/\/www.prijedordanas.com\/?p=217127"},"wordCount":425,"publisher":{"@id":"https:\/\/www.prijedordanas.com\/#organization"},"articleSection":["\u017divot"],"inLanguage":"en-US"},{"@type":"WebPage","@id":"https:\/\/www.prijedordanas.com\/?p=217127","url":"https:\/\/www.prijedordanas.com\/?p=217127","name":"Sje\u0107anja \u2013 Ljubi\u0161a Aramanda\/Andrea Aramanda - PrijedorDanas.com - Prijedorski gradski portal","isPartOf":{"@id":"https:\/\/www.prijedordanas.com\/#website"},"datePublished":"2023-12-31T12:02:18+00:00","dateModified":"2023-12-31T12:02:18+00:00","breadcrumb":{"@id":"https:\/\/www.prijedordanas.com\/?p=217127#breadcrumb"},"inLanguage":"en-US","potentialAction":[{"@type":"ReadAction","target":["https:\/\/www.prijedordanas.com\/?p=217127"]}]},{"@type":"BreadcrumbList","@id":"https:\/\/www.prijedordanas.com\/?p=217127#breadcrumb","itemListElement":[{"@type":"ListItem","position":1,"name":"Home","item":"https:\/\/www.prijedordanas.com\/"},{"@type":"ListItem","position":2,"name":"Sje\u0107anja \u2013 Ljubi\u0161a Aramanda\/Andrea Aramanda"}]},{"@type":"WebSite","@id":"https:\/\/www.prijedordanas.com\/#website","url":"https:\/\/www.prijedordanas.com\/","name":"PrijedorDanas.com - Prijedorski gradski portal","description":"Portal o doga\u0111anjima u gradu Prijedoru","publisher":{"@id":"https:\/\/www.prijedordanas.com\/#organization"},"potentialAction":[{"@type":"SearchAction","target":{"@type":"EntryPoint","urlTemplate":"https:\/\/www.prijedordanas.com\/?s={search_term_string}"},"query-input":"required name=search_term_string"}],"inLanguage":"en-US"},{"@type":"Organization","@id":"https:\/\/www.prijedordanas.com\/#organization","name":"PrijedorDanas.com","url":"https:\/\/www.prijedordanas.com\/","logo":{"@type":"ImageObject","inLanguage":"en-US","@id":"https:\/\/www.prijedordanas.com\/#\/schema\/logo\/image\/","url":"http:\/\/www.prijedordanas.com\/wp-content\/uploads\/2021\/12\/logopng.png","contentUrl":"http:\/\/www.prijedordanas.com\/wp-content\/uploads\/2021\/12\/logopng.png","width":1019,"height":776,"caption":"PrijedorDanas.com"},"image":{"@id":"https:\/\/www.prijedordanas.com\/#\/schema\/logo\/image\/"},"sameAs":["https:\/\/www.facebook.com\/PrijedorDanasCom\/"]},{"@type":"Person","@id":"https:\/\/www.prijedordanas.com\/#\/schema\/person\/4e08ccf29b506ca916ff86d46bb700e6","name":"admin","image":{"@type":"ImageObject","inLanguage":"en-US","@id":"https:\/\/www.prijedordanas.com\/#\/schema\/person\/image\/","url":"https:\/\/secure.gravatar.com\/avatar\/1d3fc949d550f0b53a5f0d51e06dfd79?s=96&d=mm&r=g","contentUrl":"https:\/\/secure.gravatar.com\/avatar\/1d3fc949d550f0b53a5f0d51e06dfd79?s=96&d=mm&r=g","caption":"admin"},"url":"https:\/\/www.prijedordanas.com\/?author=1"}]}},"_links":{"self":[{"href":"https:\/\/www.prijedordanas.com\/index.php?rest_route=\/wp\/v2\/posts\/217127"}],"collection":[{"href":"https:\/\/www.prijedordanas.com\/index.php?rest_route=\/wp\/v2\/posts"}],"about":[{"href":"https:\/\/www.prijedordanas.com\/index.php?rest_route=\/wp\/v2\/types\/post"}],"author":[{"embeddable":true,"href":"https:\/\/www.prijedordanas.com\/index.php?rest_route=\/wp\/v2\/users\/1"}],"replies":[{"embeddable":true,"href":"https:\/\/www.prijedordanas.com\/index.php?rest_route=%2Fwp%2Fv2%2Fcomments&post=217127"}],"version-history":[{"count":1,"href":"https:\/\/www.prijedordanas.com\/index.php?rest_route=\/wp\/v2\/posts\/217127\/revisions"}],"predecessor-version":[{"id":217128,"href":"https:\/\/www.prijedordanas.com\/index.php?rest_route=\/wp\/v2\/posts\/217127\/revisions\/217128"}],"wp:attachment":[{"href":"https:\/\/www.prijedordanas.com\/index.php?rest_route=%2Fwp%2Fv2%2Fmedia&parent=217127"}],"wp:term":[{"taxonomy":"category","embeddable":true,"href":"https:\/\/www.prijedordanas.com\/index.php?rest_route=%2Fwp%2Fv2%2Fcategories&post=217127"},{"taxonomy":"post_tag","embeddable":true,"href":"https:\/\/www.prijedordanas.com\/index.php?rest_route=%2Fwp%2Fv2%2Ftags&post=217127"}],"curies":[{"name":"wp","href":"https:\/\/api.w.org\/{rel}","templated":true}]}}