{"id":217081,"date":"2023-12-30T22:29:28","date_gmt":"2023-12-30T21:29:28","guid":{"rendered":"https:\/\/www.prijedordanas.com\/?p=217081"},"modified":"2023-12-30T22:29:28","modified_gmt":"2023-12-30T21:29:28","slug":"slabiji-zemljotres-kod-banjaluke-jaci-kod-zenice-osjetili-se-i-na-podrucju-prijedora","status":"publish","type":"post","link":"https:\/\/www.prijedordanas.com\/?p=217081","title":{"rendered":"Slabiji zemljotres kod Banjaluke, ja\u010di kod Zenice: Osjetili se i na podru\u010dju Prijedora"},"content":{"rendered":"<p><a href=\"https:\/\/www.prijedordanas.com\/wp-content\/uploads\/2022\/04\/ilustracija-zemljotres.jpg\"><img loading=\"lazy\" decoding=\"async\" class=\"alignleft size-medium wp-image-184718\" src=\"https:\/\/www.prijedordanas.com\/wp-content\/uploads\/2022\/04\/ilustracija-zemljotres-300x225.jpg\" alt=\"\" width=\"300\" height=\"225\" srcset=\"https:\/\/www.prijedordanas.com\/wp-content\/uploads\/2022\/04\/ilustracija-zemljotres-300x225.jpg 300w, https:\/\/www.prijedordanas.com\/wp-content\/uploads\/2022\/04\/ilustracija-zemljotres-640x480.jpg 640w, https:\/\/www.prijedordanas.com\/wp-content\/uploads\/2022\/04\/ilustracija-zemljotres.jpg 667w\" sizes=\"(max-width: 300px) 100vw, 300px\" \/><\/a>Podru\u010dje Bosne i Hercegovine ve\u010deras su pogodila dva zemljotresa.<\/p>\n<p>Prvi je bio ja\u010dine oko 2,9 stepeni po Rihteru sa epicentrom kod Banjaluke a dogodio se oko 18 \u010dasova.<\/p>\n<p>Drugi, magnitude 4,7 stepeni po Rihteru desio se oko 21:43 \u010dasova sa epicentrom kod Zenice.<\/p>\n<p>Prema rije\u010dima \u010ditalaca na\u0161eg internet portala, oba zemljotresa su se osjetila i na podru\u010dju Prijedora.<\/p>\n<p>Onaj prvi \u010diji je epicentar bio u blizini Banjaluke najvi\u0161e se osjetio na podru\u010dju Omarske i okolnih naselja.<\/p>\n<p>Ovaj drugi mogli su da osjete na podru\u010dju cijelog grada.<\/p>\n<p>-Iza\u0111em u grad poslije posla da malo pro\u0161etam i odmah se zemlja trese &#8211; pi\u0161e na facebooku na\u0161 sugra\u0111anin.<\/p>\n<p>-Zgrada u kojoj \u017eivim se ve\u010deras dobro zaljuljala. Nije mi bilo svejedno \u2013 ka\u017ee na\u0161a sugra\u0111anka koja \u017eivi na vi\u0161im spratovima u naselju Pe\u0107ani.<\/p>\n<p>Tekst &#8211; <a href=\"https:\/\/www.prijedordanas.com\/\" target=\"_blank\" rel=\"noopener\">prijedordanas.com<\/a><\/p>\n<p><a href=\"https:\/\/www.prijedordanas.com\/wp-content\/uploads\/2023\/12\/zemljotres-30decembar-banjaluka.jpg\"><img loading=\"lazy\" decoding=\"async\" src=\"https:\/\/www.prijedordanas.com\/wp-content\/uploads\/2023\/12\/zemljotres-30decembar-banjaluka-216x300.jpg\" alt=\"\" width=\"216\" height=\"300\" class=\"alignleft size-medium wp-image-217082\" srcset=\"https:\/\/www.prijedordanas.com\/wp-content\/uploads\/2023\/12\/zemljotres-30decembar-banjaluka-216x300.jpg 216w, https:\/\/www.prijedordanas.com\/wp-content\/uploads\/2023\/12\/zemljotres-30decembar-banjaluka.jpg 451w\" sizes=\"(max-width: 216px) 100vw, 216px\" \/><\/a> <a href=\"https:\/\/www.prijedordanas.com\/wp-content\/uploads\/2023\/12\/zemljotres-30decembar-zenica.jpg\"><img loading=\"lazy\" decoding=\"async\" src=\"https:\/\/www.prijedordanas.com\/wp-content\/uploads\/2023\/12\/zemljotres-30decembar-zenica-220x300.jpg\" alt=\"\" width=\"220\" height=\"300\" class=\"alignleft size-medium wp-image-217083\" srcset=\"https:\/\/www.prijedordanas.com\/wp-content\/uploads\/2023\/12\/zemljotres-30decembar-zenica-220x300.jpg 220w, https:\/\/www.prijedordanas.com\/wp-content\/uploads\/2023\/12\/zemljotres-30decembar-zenica.jpg 454w\" sizes=\"(max-width: 220px) 100vw, 220px\" \/><\/a><\/p>\n","protected":false},"excerpt":{"rendered":"<p>Podru\u010dje Bosne i Hercegovine ve\u010deras su pogodila dva zemljotresa. Prvi je bio ja\u010dine oko 2,9 stepeni po Rihteru sa epicentrom kod Banjaluke a dogodio se oko 18 \u010dasova. Drugi, magnitude [&hellip;]<\/p>\n","protected":false},"author":1,"featured_media":0,"comment_status":"closed","ping_status":"open","sticky":false,"template":"","format":"standard","meta":{"_monsterinsights_skip_tracking":false,"_monsterinsights_sitenote_active":false,"_monsterinsights_sitenote_note":"","_monsterinsights_sitenote_category":0,"footnotes":""},"categories":[4],"tags":[],"yoast_head":"<!-- This site is optimized with the Yoast SEO plugin v21.6 - https:\/\/yoast.com\/wordpress\/plugins\/seo\/ -->\n<title>Slabiji zemljotres kod Banjaluke, ja\u010di kod Zenice: Osjetili se i na podru\u010dju Prijedora - PrijedorDanas.com - Prijedorski gradski portal<\/title>\n<meta name=\"robots\" content=\"index, follow, max-snippet:-1, max-image-preview:large, max-video-preview:-1\" \/>\n<link rel=\"canonical\" href=\"https:\/\/www.prijedordanas.com\/?p=217081\" \/>\n<meta property=\"og:locale\" content=\"en_US\" \/>\n<meta property=\"og:type\" content=\"article\" \/>\n<meta property=\"og:title\" content=\"Slabiji zemljotres kod Banjaluke, ja\u010di kod Zenice: Osjetili se i na podru\u010dju Prijedora - PrijedorDanas.com - Prijedorski gradski portal\" \/>\n<meta property=\"og:description\" content=\"Podru\u010dje Bosne i Hercegovine ve\u010deras su pogodila dva zemljotresa. Prvi je bio ja\u010dine oko 2,9 stepeni po Rihteru sa epicentrom kod Banjaluke a dogodio se oko 18 \u010dasova. Drugi, magnitude [&hellip;]\" \/>\n<meta property=\"og:url\" content=\"https:\/\/www.prijedordanas.com\/?p=217081\" \/>\n<meta property=\"og:site_name\" content=\"PrijedorDanas.com - Prijedorski gradski portal\" \/>\n<meta property=\"article:publisher\" content=\"https:\/\/www.facebook.com\/PrijedorDanasCom\/\" \/>\n<meta property=\"article:published_time\" content=\"2023-12-30T21:29:28+00:00\" \/>\n<meta property=\"og:image\" content=\"https:\/\/www.prijedordanas.com\/wp-content\/uploads\/2022\/04\/ilustracija-zemljotres-300x225.jpg\" \/>\n<meta name=\"author\" content=\"admin\" \/>\n<meta name=\"twitter:card\" content=\"summary_large_image\" \/>\n<meta name=\"twitter:label1\" content=\"Written by\" \/>\n\t<meta name=\"twitter:data1\" content=\"admin\" \/>\n\t<meta name=\"twitter:label2\" content=\"Est. reading time\" \/>\n\t<meta name=\"twitter:data2\" content=\"1 minute\" \/>\n<script type=\"application\/ld+json\" class=\"yoast-schema-graph\">{\"@context\":\"https:\/\/schema.org\",\"@graph\":[{\"@type\":\"Article\",\"@id\":\"https:\/\/www.prijedordanas.com\/?p=217081#article\",\"isPartOf\":{\"@id\":\"https:\/\/www.prijedordanas.com\/?p=217081\"},\"author\":{\"name\":\"admin\",\"@id\":\"https:\/\/www.prijedordanas.com\/#\/schema\/person\/4e08ccf29b506ca916ff86d46bb700e6\"},\"headline\":\"Slabiji zemljotres kod Banjaluke, ja\u010di kod Zenice: Osjetili se i na podru\u010dju Prijedora\",\"datePublished\":\"2023-12-30T21:29:28+00:00\",\"dateModified\":\"2023-12-30T21:29:28+00:00\",\"mainEntityOfPage\":{\"@id\":\"https:\/\/www.prijedordanas.com\/?p=217081\"},\"wordCount\":162,\"publisher\":{\"@id\":\"https:\/\/www.prijedordanas.com\/#organization\"},\"articleSection\":[\"Dru\u0161tvo\"],\"inLanguage\":\"en-US\"},{\"@type\":\"WebPage\",\"@id\":\"https:\/\/www.prijedordanas.com\/?p=217081\",\"url\":\"https:\/\/www.prijedordanas.com\/?p=217081\",\"name\":\"Slabiji zemljotres kod Banjaluke, ja\u010di kod Zenice: Osjetili se i na podru\u010dju Prijedora - PrijedorDanas.com - Prijedorski gradski portal\",\"isPartOf\":{\"@id\":\"https:\/\/www.prijedordanas.com\/#website\"},\"datePublished\":\"2023-12-30T21:29:28+00:00\",\"dateModified\":\"2023-12-30T21:29:28+00:00\",\"breadcrumb\":{\"@id\":\"https:\/\/www.prijedordanas.com\/?p=217081#breadcrumb\"},\"inLanguage\":\"en-US\",\"potentialAction\":[{\"@type\":\"ReadAction\",\"target\":[\"https:\/\/www.prijedordanas.com\/?p=217081\"]}]},{\"@type\":\"BreadcrumbList\",\"@id\":\"https:\/\/www.prijedordanas.com\/?p=217081#breadcrumb\",\"itemListElement\":[{\"@type\":\"ListItem\",\"position\":1,\"name\":\"Home\",\"item\":\"https:\/\/www.prijedordanas.com\/\"},{\"@type\":\"ListItem\",\"position\":2,\"name\":\"Slabiji zemljotres kod Banjaluke, ja\u010di kod Zenice: Osjetili se i na podru\u010dju Prijedora\"}]},{\"@type\":\"WebSite\",\"@id\":\"https:\/\/www.prijedordanas.com\/#website\",\"url\":\"https:\/\/www.prijedordanas.com\/\",\"name\":\"PrijedorDanas.com - Prijedorski gradski portal\",\"description\":\"Portal o doga\u0111anjima u gradu Prijedoru\",\"publisher\":{\"@id\":\"https:\/\/www.prijedordanas.com\/#organization\"},\"potentialAction\":[{\"@type\":\"SearchAction\",\"target\":{\"@type\":\"EntryPoint\",\"urlTemplate\":\"https:\/\/www.prijedordanas.com\/?s={search_term_string}\"},\"query-input\":\"required name=search_term_string\"}],\"inLanguage\":\"en-US\"},{\"@type\":\"Organization\",\"@id\":\"https:\/\/www.prijedordanas.com\/#organization\",\"name\":\"PrijedorDanas.com\",\"url\":\"https:\/\/www.prijedordanas.com\/\",\"logo\":{\"@type\":\"ImageObject\",\"inLanguage\":\"en-US\",\"@id\":\"https:\/\/www.prijedordanas.com\/#\/schema\/logo\/image\/\",\"url\":\"http:\/\/www.prijedordanas.com\/wp-content\/uploads\/2021\/12\/logopng.png\",\"contentUrl\":\"http:\/\/www.prijedordanas.com\/wp-content\/uploads\/2021\/12\/logopng.png\",\"width\":1019,\"height\":776,\"caption\":\"PrijedorDanas.com\"},\"image\":{\"@id\":\"https:\/\/www.prijedordanas.com\/#\/schema\/logo\/image\/\"},\"sameAs\":[\"https:\/\/www.facebook.com\/PrijedorDanasCom\/\"]},{\"@type\":\"Person\",\"@id\":\"https:\/\/www.prijedordanas.com\/#\/schema\/person\/4e08ccf29b506ca916ff86d46bb700e6\",\"name\":\"admin\",\"image\":{\"@type\":\"ImageObject\",\"inLanguage\":\"en-US\",\"@id\":\"https:\/\/www.prijedordanas.com\/#\/schema\/person\/image\/\",\"url\":\"https:\/\/secure.gravatar.com\/avatar\/1d3fc949d550f0b53a5f0d51e06dfd79?s=96&d=mm&r=g\",\"contentUrl\":\"https:\/\/secure.gravatar.com\/avatar\/1d3fc949d550f0b53a5f0d51e06dfd79?s=96&d=mm&r=g\",\"caption\":\"admin\"},\"url\":\"https:\/\/www.prijedordanas.com\/?author=1\"}]}<\/script>\n<!-- \/ Yoast SEO plugin. -->","yoast_head_json":{"title":"Slabiji zemljotres kod Banjaluke, ja\u010di kod Zenice: Osjetili se i na podru\u010dju Prijedora - PrijedorDanas.com - Prijedorski gradski portal","robots":{"index":"index","follow":"follow","max-snippet":"max-snippet:-1","max-image-preview":"max-image-preview:large","max-video-preview":"max-video-preview:-1"},"canonical":"https:\/\/www.prijedordanas.com\/?p=217081","og_locale":"en_US","og_type":"article","og_title":"Slabiji zemljotres kod Banjaluke, ja\u010di kod Zenice: Osjetili se i na podru\u010dju Prijedora - PrijedorDanas.com - Prijedorski gradski portal","og_description":"Podru\u010dje Bosne i Hercegovine ve\u010deras su pogodila dva zemljotresa. Prvi je bio ja\u010dine oko 2,9 stepeni po Rihteru sa epicentrom kod Banjaluke a dogodio se oko 18 \u010dasova. Drugi, magnitude [&hellip;]","og_url":"https:\/\/www.prijedordanas.com\/?p=217081","og_site_name":"PrijedorDanas.com - Prijedorski gradski portal","article_publisher":"https:\/\/www.facebook.com\/PrijedorDanasCom\/","article_published_time":"2023-12-30T21:29:28+00:00","og_image":[{"url":"https:\/\/www.prijedordanas.com\/wp-content\/uploads\/2022\/04\/ilustracija-zemljotres-300x225.jpg"}],"author":"admin","twitter_card":"summary_large_image","twitter_misc":{"Written by":"admin","Est. reading time":"1 minute"},"schema":{"@context":"https:\/\/schema.org","@graph":[{"@type":"Article","@id":"https:\/\/www.prijedordanas.com\/?p=217081#article","isPartOf":{"@id":"https:\/\/www.prijedordanas.com\/?p=217081"},"author":{"name":"admin","@id":"https:\/\/www.prijedordanas.com\/#\/schema\/person\/4e08ccf29b506ca916ff86d46bb700e6"},"headline":"Slabiji zemljotres kod Banjaluke, ja\u010di kod Zenice: Osjetili se i na podru\u010dju Prijedora","datePublished":"2023-12-30T21:29:28+00:00","dateModified":"2023-12-30T21:29:28+00:00","mainEntityOfPage":{"@id":"https:\/\/www.prijedordanas.com\/?p=217081"},"wordCount":162,"publisher":{"@id":"https:\/\/www.prijedordanas.com\/#organization"},"articleSection":["Dru\u0161tvo"],"inLanguage":"en-US"},{"@type":"WebPage","@id":"https:\/\/www.prijedordanas.com\/?p=217081","url":"https:\/\/www.prijedordanas.com\/?p=217081","name":"Slabiji zemljotres kod Banjaluke, ja\u010di kod Zenice: Osjetili se i na podru\u010dju Prijedora - PrijedorDanas.com - Prijedorski gradski portal","isPartOf":{"@id":"https:\/\/www.prijedordanas.com\/#website"},"datePublished":"2023-12-30T21:29:28+00:00","dateModified":"2023-12-30T21:29:28+00:00","breadcrumb":{"@id":"https:\/\/www.prijedordanas.com\/?p=217081#breadcrumb"},"inLanguage":"en-US","potentialAction":[{"@type":"ReadAction","target":["https:\/\/www.prijedordanas.com\/?p=217081"]}]},{"@type":"BreadcrumbList","@id":"https:\/\/www.prijedordanas.com\/?p=217081#breadcrumb","itemListElement":[{"@type":"ListItem","position":1,"name":"Home","item":"https:\/\/www.prijedordanas.com\/"},{"@type":"ListItem","position":2,"name":"Slabiji zemljotres kod Banjaluke, ja\u010di kod Zenice: Osjetili se i na podru\u010dju Prijedora"}]},{"@type":"WebSite","@id":"https:\/\/www.prijedordanas.com\/#website","url":"https:\/\/www.prijedordanas.com\/","name":"PrijedorDanas.com - Prijedorski gradski portal","description":"Portal o doga\u0111anjima u gradu Prijedoru","publisher":{"@id":"https:\/\/www.prijedordanas.com\/#organization"},"potentialAction":[{"@type":"SearchAction","target":{"@type":"EntryPoint","urlTemplate":"https:\/\/www.prijedordanas.com\/?s={search_term_string}"},"query-input":"required name=search_term_string"}],"inLanguage":"en-US"},{"@type":"Organization","@id":"https:\/\/www.prijedordanas.com\/#organization","name":"PrijedorDanas.com","url":"https:\/\/www.prijedordanas.com\/","logo":{"@type":"ImageObject","inLanguage":"en-US","@id":"https:\/\/www.prijedordanas.com\/#\/schema\/logo\/image\/","url":"http:\/\/www.prijedordanas.com\/wp-content\/uploads\/2021\/12\/logopng.png","contentUrl":"http:\/\/www.prijedordanas.com\/wp-content\/uploads\/2021\/12\/logopng.png","width":1019,"height":776,"caption":"PrijedorDanas.com"},"image":{"@id":"https:\/\/www.prijedordanas.com\/#\/schema\/logo\/image\/"},"sameAs":["https:\/\/www.facebook.com\/PrijedorDanasCom\/"]},{"@type":"Person","@id":"https:\/\/www.prijedordanas.com\/#\/schema\/person\/4e08ccf29b506ca916ff86d46bb700e6","name":"admin","image":{"@type":"ImageObject","inLanguage":"en-US","@id":"https:\/\/www.prijedordanas.com\/#\/schema\/person\/image\/","url":"https:\/\/secure.gravatar.com\/avatar\/1d3fc949d550f0b53a5f0d51e06dfd79?s=96&d=mm&r=g","contentUrl":"https:\/\/secure.gravatar.com\/avatar\/1d3fc949d550f0b53a5f0d51e06dfd79?s=96&d=mm&r=g","caption":"admin"},"url":"https:\/\/www.prijedordanas.com\/?author=1"}]}},"_links":{"self":[{"href":"https:\/\/www.prijedordanas.com\/index.php?rest_route=\/wp\/v2\/posts\/217081"}],"collection":[{"href":"https:\/\/www.prijedordanas.com\/index.php?rest_route=\/wp\/v2\/posts"}],"about":[{"href":"https:\/\/www.prijedordanas.com\/index.php?rest_route=\/wp\/v2\/types\/post"}],"author":[{"embeddable":true,"href":"https:\/\/www.prijedordanas.com\/index.php?rest_route=\/wp\/v2\/users\/1"}],"replies":[{"embeddable":true,"href":"https:\/\/www.prijedordanas.com\/index.php?rest_route=%2Fwp%2Fv2%2Fcomments&post=217081"}],"version-history":[{"count":1,"href":"https:\/\/www.prijedordanas.com\/index.php?rest_route=\/wp\/v2\/posts\/217081\/revisions"}],"predecessor-version":[{"id":217084,"href":"https:\/\/www.prijedordanas.com\/index.php?rest_route=\/wp\/v2\/posts\/217081\/revisions\/217084"}],"wp:attachment":[{"href":"https:\/\/www.prijedordanas.com\/index.php?rest_route=%2Fwp%2Fv2%2Fmedia&parent=217081"}],"wp:term":[{"taxonomy":"category","embeddable":true,"href":"https:\/\/www.prijedordanas.com\/index.php?rest_route=%2Fwp%2Fv2%2Fcategories&post=217081"},{"taxonomy":"post_tag","embeddable":true,"href":"https:\/\/www.prijedordanas.com\/index.php?rest_route=%2Fwp%2Fv2%2Ftags&post=217081"}],"curies":[{"name":"wp","href":"https:\/\/api.w.org\/{rel}","templated":true}]}}