{"id":217057,"date":"2023-12-30T10:05:29","date_gmt":"2023-12-30T09:05:29","guid":{"rendered":"https:\/\/www.prijedordanas.com\/?p=217057"},"modified":"2023-12-30T10:05:29","modified_gmt":"2023-12-30T09:05:29","slug":"gradonacelnik-slobodan-javor-prijedor-je-postao-veliko-gradiliste","status":"publish","type":"post","link":"https:\/\/www.prijedordanas.com\/?p=217057","title":{"rendered":"Gradona\u010delnik Slobodan Javor: Prijedor je postao veliko gradili\u0161te"},"content":{"rendered":"<p><a href=\"https:\/\/www.prijedordanas.com\/wp-content\/uploads\/2023\/12\/kozarski-gradonacelnik-javor-intervju.jpg\"><img loading=\"lazy\" decoding=\"async\" src=\"https:\/\/www.prijedordanas.com\/wp-content\/uploads\/2023\/12\/kozarski-gradonacelnik-javor-intervju-300x225.jpg\" alt=\"\" width=\"300\" height=\"225\" class=\"alignleft size-medium wp-image-217058\" srcset=\"https:\/\/www.prijedordanas.com\/wp-content\/uploads\/2023\/12\/kozarski-gradonacelnik-javor-intervju-300x225.jpg 300w, https:\/\/www.prijedordanas.com\/wp-content\/uploads\/2023\/12\/kozarski-gradonacelnik-javor-intervju-640x480.jpg 640w, https:\/\/www.prijedordanas.com\/wp-content\/uploads\/2023\/12\/kozarski-gradonacelnik-javor-intervju.jpg 667w\" sizes=\"(max-width: 300px) 100vw, 300px\" \/><\/a>\u201cPrijedor je postao jedno veliko gradili\u0161te, tako da o\u010dekujem da \u0107e to gradili\u0161te nastaviti sa \u0161irenjem. Sasvim sigurno bi\u0107e zavr\u0161ena izgradnja konstruktivne faze vrti\u0107a na Pe\u0107anima, kao i druga faza radova na Dvorani u Omarskoj. U toku su radovi na potpunoj zamjeni parketa u Sportskoj dvorani \u2018Mladost\u2019. Ulica mitropolita Petra Zimonji\u0107a u nasel\u0458u Pe\u0107ani bi\u0107e zavr\u0161ena\u201d, rekao je ovo u intervjuu za \u201eKozarski vjesnik\u201d gradona\u010delnik Prijedora Slobodan Javor.<\/p>\n<p>\u2022 Kako, kao gradona\u010delnik Prijedora, ocjenjujete ovu godinu? \u0160ta je najbitnije \u0161to je ura\u0111eno?<\/p>\n<p>\u2013 Godina nije bila laka, pred nama je bilo puno izazova sa kojima smo se morali suo\u010diti i tra\u017eiti adekvatna rje\u0161enja. Bud\u017eet je bio stabilan, potra\u017eivanja su bila velika, kao i na\u0161a \u017eel\u0458a da udovol\u0458imo zahtjevima \u0161to vi\u0161e subjekata koji su nam se obra\u0107ali. Zato ka\u017eemo da nije bilo lako, ali apsolutno stojimo iza ocjene da je godina bila uspje\u0161na. Kada pogledamo unazad, uradili smo dosta na putnoj infrastrukturi, po\u010dela je realizacija odre\u0111enih projekata, me\u0111utim ono gdje smo napravili veliki iskorak je razgovor s l\u0458udima. Mene je ganulo kao \u010dovjeka, kada smo pozvali sve predstavnike sportskih klubova u gradu na sastanak da \u010dujemo njihove prijedloge usl\u0458ed pove\u0107anja i raspodjele sredstava, i znate \u0161ta su rekli, da nikada nisu na ovaj na\u010din uva\u017eeni i priml\u0458eni u Gradsku upravu, \u0161to je za mene bila pora\u017eavaju\u0107a \u010dinjenica. Ako pratite moj rad, mo\u017eete da vidite da sam svakodnevno na terenu s l\u0458udima, dolaze u moj kabinet, razgovaramo, dogovaramo. To isto \u010dine i moji saradnici. Nije mogu\u0107e sve posti\u0107i sad i odmah, nekada je prekratak dan za sve obaveze. Pogledajte kako je Prijedor izgledao nekad, pitao se jedan \u010dovjek, njih nekoliko donosilo je odluke, toga danas nema. \u0160ta god odlu\u010dimo, prvo razgovaramo sa l\u0458udima kojih se ti\u010de odluka. To je bogatstvo, l\u0458udi su bogatstvo Prijedora! Kada pitate \u0161ta je najbitnije ura\u0111eno, odgovor je samo jedan, postigli smo dugoro\u010dne dogovore i dijalog s na\u0161im sugra\u0111anima: od penzionera, boraca, privrednika, sportista do cjelokupne dru\u0161tvene zajednice. Rukovodstvo grada je tu i na raspolaganju da zajedno s tim l\u0458udima kreiramo \u017eivot u Prijedoru onako kako Prijedor\u010danima odgovara.<\/p>\n<p>\u2022 Koji su bitni projekti realizovani ili je zapo\u010deta njihova realizacija?<\/p>\n<p>\u2013 Dosta je ulo\u017eeno, kao \u0161to sam ve\u0107 i rekao, u putnu infrastrukturu. Ja sam \u010dovjek koji smatra da predizborno asfaltiranje mora oti\u0107i definitivno u pro\u0161lost. Zahval\u0458uju\u0107i odli\u010dnoj saradnji sa republi\u010dkim nivoom vlasti i sredstvima koje je obezbijedila Vlada Republike Srpske u iznosu od 4.843.566 KM, na teritoriji Prijedora asfaltirana su 94 putna pravca.  Uva\u017eene su sve mjesne zajednice, a putni pravci su asfaltirani na prijedlog savjeta mjesnih zajednica. Zbog \u010dega? Pa l\u0458udi koji \u017eive tu,  najbol\u0458e znaju koja ulica je vi\u0161e nasel\u0458ena, koja manje, gdje \u017eive porodice sa djecom, kome je potreban, ba\u0161 u tom momentu, asfaltiran put. Pored toga, asfaltirano je jo\u0161 10 putnih pravaca sredstvima Grada Prijedora i Federalnog ministarstva rasel\u0458enih osoba i izbjeglica, gdje je lokalna zajednica participirala sa 311.000 KM, a Federalno ministarstvo sa 845.000 KM. Zavr\u0161eni su radovi na vodovodnom sistemu \u201eCrno vrelo\u201c \u2013 izgradnja tercijarne vodovodne mre\u017ee i ku\u0107nih prikl\u0458u\u010daka u 11 nasel\u0458a u iznosu od oko 9.000.000 KM. Tako\u0111e, zavr\u0161eni su radovi na izgradnji vodovodne mre\u017ee u nasel\u0458u \u010carakovo, dok je u toku izgradnja vodovodne mre\u017ee u nasel\u0458ima Veliko Palan\u010di\u0161te, Stari Vo\u0107njak i Kavani\u0161te, za \u0161ta je 2,5 miliona KM obezbijedila Vlada Republike Srpske. U zavr\u0161noj fazi su radovi na izgradnji kanalizacione mre\u017ee u Industrijskoj zoni \u201cAerodromsko nasel\u0458e\u201d, za \u0161ta je Grad izdvojio 420.000 KM. Radovi na regulaciji korita rijeke Milo\u0161evice na potezu od u\u0161\u0107a u Gomjenicu prema novom nasel\u0458u su u toku. Tako\u0111e, u toku je tenderska procedura za izgradnju kanalizacione mre\u017ee u nasel\u0458u Janji\u0107a Pumpa, dok se uvo\u0111enje izvo\u0111a\u010da u radove o\u010dekuje za izgradnju kanalizacione mre\u017ee u nasel\u0458u Krajina Celpak. \u017delim naglasiti da su u toku i tenderske procedure za rekonstrukciju vodovodne mre\u017ee u nasel\u0458u \u010cirkin Pol\u0458e faza 2, 3, 4, zatim izgradnju vodovodne mre\u017ee u nasel\u0458ima Hori\u0107i \u2013 Pa\u0111eni \u2013 \u017deger i izgradnju vodovodne mre\u017ee u Brezi\u010danima. Na\u0161 grad je dio programa socijalnog stanovanja, gdje lokalna zajednica raspola\u017ee sa 111 stanova, \u010diji je zakup jedna marka po metru kvadratnom. Mnogo je ura\u0111eno, dosta toga je u toku, a isto toliko i planiramo.<\/p>\n<p>\u2022 \u0160ta je najzna\u010dajnije \u0161to o\u010dekujete u narednoj godini?<\/p>\n<p>\u2013 Prijedor je postao jedno veliko gradili\u0161te, tako da o\u010dekujem da \u0107e to gradili\u0161te nastaviti sa \u0161irenjem. Sasvim sigurno, bi\u0107e zavr\u0161ena izgradnja konstruktivne faze vrti\u0107a na Pe\u0107anima, kao i druga faza radova na Dvorani u Omarskoj. U toku su radovi na potpunoj zamjeni parketa u Sportskoj dvorani \u201eMladost\u201c. Ulica mitropolita Petra Zimonji\u0107a u nasel\u0458u Pe\u0107ani bi\u0107e zavr\u0161ena, gdje su, kao \u0161to znate, infrastrukturni radovi  ura\u0111eni na prvoj fazi. Ovdje nije bila samo zamjena asfalta, ve\u0107 se ovom projektu ozbil\u0458no pristupilo uz izmjenu vodovodne i toplovodne mre\u017ee, a tu nekada nai\u0111ete tokom radova na nepredvi\u0111ene probleme. \u010cekamo zavr\u0161etak grejne sezone, kako bi mogli nastaviti i zavr\u0161iti radove na drugoj fazi potpune rekonstrukcije ulice. Nasel\u0458e Pe\u0107ani \u0107e nakon toga poprimiti jedan potpuno nov izgled. Nakon Ulice majora Milana Tepi\u0107a i Ulice mitropolita Petra Zimonji\u0107a,  u narednoj godini jo\u0161 jednu ulicu u centru grada o\u010dekuje potpuna rekonstrukcija, a to je Ulica Muharema Sul\u0458anovi\u0107a. Pored toga, rekonstrukcije o\u010dekuju i ulice 27. juna i Kraji\u0161kih brigada. Tu je i izgradnja saobra\u0107ajnice C 104 u Industrijskoj zoni \u201cCelpak\u201d, za \u0161ta \u0107e Grad izdvojiti 1.045.000 KM. Planirana je rekonstrukcija vodovodne mre\u017ee u nasel\u0458ima Orlova\u010da, Donji Orlovci i Donji Garevci, zatim u dijelu nasel\u0458a Urije, izgradnja prve faze kanalizacione mre\u017ee u Omarskoj, rekonstrukcija vodovodne mre\u017ee u nasel\u0458u \u010cirkin Pol\u0458e faza 5. Ovo je tek dio projekata koji \u0107e biti realizovani tokom naredne godine, ja bih radije rekao, ovo je samo nastavak ulaganja u infrastrukturu.<\/p>\n<p>\u2022 Kakvi su privredni pokazatel\u0458i u Prijedoru?<\/p>\n<p>\u2013 U na\u0161oj lokalnoj zajednici ostvareni su do sada najve\u0107i rezultati u privredi u pogledu prihoda i broja zaposlenih lica. U 2022. godini postignut je rekordan broj registrovanih pravnih lica koja su podnijela zavr\u0161ni ra\u010dun APIF-u, ukupno 485. Broj preduzetnika koji su krenuli ovim koracima je  81, dok je ukupan broj preduzetnika na teritoriji Prijedora  1.556.  Ukupan broj zaposlenih lica je 14.887. Raduje i \u010dinjenica da odre\u0111en broj preduze\u0107a koja posluju u na\u0161em gradu planira ili su ve\u0107 pokrenuli  pro\u0161irenje proizvodnje, \u0161to zna\u010di obezbje\u0111ivanje novih radnih mjesta. Kada su u pitanju nove investicije, u posl\u0458ednjih par godina radi se uglavnom o firmama iz drvoprerade, metaloprerade, industrije plastike i plasti\u010dnih masa i prera\u0111iva\u010dke industrije. Ono \u0161to \u0107e Prijedoru donijeti i privredne benefite, pribli\u017eiti nas dodatno regionu i EU, otvoriti nova i br\u017ea \u201evrata\u201c investitorima, je gradnja auto-puta prema Banjaluci, Novom Gradu i brze ceste prema Kozarskoj Dubici. Dionica auto-puta prema Banjaluci krenula je sa gradnjom iz pravca Prijedora i tu je ura\u0111eno oko \u0161est kilometara, dok su preostala dva projekta u fazi zavr\u0161enog idejnog rje\u0161enja. Grad Prijedor kroz razli\u010dite vidove podr\u0161ke podsti\u010de privrednu proizvodnju i stvaranje povol\u0458nog poslovnog ambijenta. Upravo je po\u010dela isplata u oblasti privrede i preduzetni\u0161tva i po osnovu pet pravilnika, ukupno su planirana bud\u017eetska sredstva od 569.000 KM, a ukupno realizovana sredstva iznose 537.069 KM. Iz oblasti pol\u0458oprivrede, tokom ove godine, po razli\u010ditim osnovama, ispla\u0107eno je vi\u0161e od 980.000 KM pol\u0458oprivrednim proizvo\u0111a\u010dima.<\/p>\n<p>\u2022 Bud\u017eet za 2024. godinu je usvojen, mnogo novih stavki je tu na\u0161lo svoje mjesto. Va\u0161 komentar?<\/p>\n<p>\u2013 Ono \u0161to je jako bitno je da smo nakon sprovedenih istra\u017eivanja i sagledavanja mogu\u0107nosti, obezbijedili sredstva u iznosu od 610.000 KM za nabavku ud\u017ebenika za u\u010denike od petog do devetog razreda osnovnih \u0161kola, tako da \u0107e od naredne godine svi osnovci u Prijedoru imati besplatne ud\u017ebenike. Pored toga, uveli smo i stavku za zajednice eta\u017enih vlasnika, a namjeravam da se sastanem sa predsjednicima zajednica eta\u017enih vlasnika i da odredimo korake kako i na koji na\u010din \u0107e ta sredstva biti utro\u0161ena. Naravno, ima tu jo\u0161 novina, ali godina je pred nama i ima\u0107emo prilika da razgovaramo o tome.<\/p>\n<p>\u2022 Grad ima zna\u010dajna izdvajanja za sport i kulturu. Za narednu godinu najavili ste rekordna ulaganja. Da li ste zadovol\u0458ni \u0161to se mo\u017ee pove\u0107ati izdvajanje za ove oblasti?<\/p>\n<p>\u2013 Prijedor je grad slikara, murala, kulture, ali ja slobodno mogu re\u0107i i grad sporta, mjesto gdje stasavaju pravi sportisti. To je i jedan od razloga \u0161to smo odlu\u010dili pove\u0107ati ulaganja u ove dvije oblasti. Na\u0161u djecu i omladinu treba da u\u010dimo pravim vrijednostima \u017eivota i raduje me \u010dinjenica \u0161to oni to prihvataju. Imamo l\u0458ude koji vole i najbol\u0458e rade svoj posao, bilo da su sportski ili radnici u oblasti kulture, na nama je da im damo vjetar u le\u0111a. Ve\u0107 drugu godinu stipendiramo mlade i perspektivne sportiste. Ne smijemo zaboraviti ni obrazovanje. Tokom 2023. godine stipendirali smo 255  u\u010denika i 143 studenta, za \u0161ta je bilo izdvojeno 467.400 KM. Da bi u\u010denicima odnosno njihovim roditel\u0458ima olak\u0161ali \u0161kolovanje njihove djece tokom 2023. godine za sufinansiranje \u0111a\u010dkog prevoza, izdvojili smo 99.684 KM. Uz podr\u0161ku privrednika kao partnera, izgradili smo brojna dje\u010dija igrali\u0161ta u gradu. Onoliko koliko nam dozvol\u0458ava bud\u017eetski okvir raspolo\u017eivih sredstava, ula\u017eemo u sve sfere \u017eivota u gradu i borimo se da u tom poslu budemo \u0161to realniji i sveobuhvatniji.<\/p>\n<p>\u2022 Idu\u0107e godine su lokalni izbori, kakva su Va\u0161a o\u010dekivanja? Kako, kao prvi \u010dovjek grada, ocjenjujete saradnju sa parlamentarnim strankama u Prijedoru?<\/p>\n<p>\u2013 O\u010dekivanje je krupna rije\u010d, ja sam \u010dovjek koji ne o\u010dekuje, ve\u0107 radim i radujem se svakom vidl\u0458ivom rezultatu. SNSD \u0107e imati svog kandidata za gradona\u010delnika Prijedora, a gra\u0111ani \u0107e odlu\u010diti u kojem pravcu \u017eele da grad ide u narednom mandatu. \u0160to se ti\u010de politi\u010dke klime u Prijedoru, ona je zaista na visokom nivou, sa velikim me\u0111usobnim uva\u017eavanjem, stavovima, prijedlozima. Meni je iskreno \u017eao \u0161to su odbornici koji opoziciono djeluju u Skup\u0161tini grada, spremni samo za kritiku, bez adekvatnog prijedloga da se ne\u0161to uradi ili pobol\u0458\u0161a, kroz amandmane, \u0161to sam \u010desto i javno isticao. Ja nikada nisam gledao od koga prijedlog dolazi, ako je realan, konstruktivan, idemo u realizaciju.<\/p>\n<p>\u2022 \u0160ta poru\u010dujete gra\u0111anima povodom Nove godine?<\/p>\n<p>\u2013 Prije svega, gra\u0111anima Prijedora \u017eelim dobro zdravl\u0458e, prosperitet, li\u010dnu i porodi\u010dnu sre\u0107u. Da i naredne godine nastavimo tempom gradnje i razvoja Prijedora, sa \u017eel\u0458om da na\u0161a lokalna zajednica bude stabilna, jaka i prepoznatl\u0458iva.<\/p>\n<p><strong><a href=\"https:\/\/kozarski.com\/gradonacelnik-slobodan-javor-prijedor-je-postao-veliko-gradiliste\/\" rel=\"noopener\" target=\"_blank\">kozarski.com<\/a><\/strong><\/p>\n","protected":false},"excerpt":{"rendered":"<p>\u201cPrijedor je postao jedno veliko gradili\u0161te, tako da o\u010dekujem da \u0107e to gradili\u0161te nastaviti sa \u0161irenjem. Sasvim sigurno bi\u0107e zavr\u0161ena izgradnja konstruktivne faze vrti\u0107a na Pe\u0107anima, kao i druga faza [&hellip;]<\/p>\n","protected":false},"author":1,"featured_media":0,"comment_status":"closed","ping_status":"open","sticky":false,"template":"","format":"standard","meta":{"_monsterinsights_skip_tracking":false,"_monsterinsights_sitenote_active":false,"_monsterinsights_sitenote_note":"","_monsterinsights_sitenote_category":0,"footnotes":""},"categories":[4],"tags":[],"yoast_head":"<!-- This site is optimized with the Yoast SEO plugin v21.6 - https:\/\/yoast.com\/wordpress\/plugins\/seo\/ -->\n<title>Gradona\u010delnik Slobodan Javor: Prijedor je postao veliko gradili\u0161te - PrijedorDanas.com - Prijedorski gradski portal<\/title>\n<meta name=\"robots\" content=\"index, follow, max-snippet:-1, max-image-preview:large, max-video-preview:-1\" \/>\n<link rel=\"canonical\" href=\"https:\/\/www.prijedordanas.com\/?p=217057\" \/>\n<meta property=\"og:locale\" content=\"en_US\" \/>\n<meta property=\"og:type\" content=\"article\" \/>\n<meta property=\"og:title\" content=\"Gradona\u010delnik Slobodan Javor: Prijedor je postao veliko gradili\u0161te - PrijedorDanas.com - Prijedorski gradski portal\" \/>\n<meta property=\"og:description\" content=\"\u201cPrijedor je postao jedno veliko gradili\u0161te, tako da o\u010dekujem da \u0107e to gradili\u0161te nastaviti sa \u0161irenjem. Sasvim sigurno bi\u0107e zavr\u0161ena izgradnja konstruktivne faze vrti\u0107a na Pe\u0107anima, kao i druga faza [&hellip;]\" \/>\n<meta property=\"og:url\" content=\"https:\/\/www.prijedordanas.com\/?p=217057\" \/>\n<meta property=\"og:site_name\" content=\"PrijedorDanas.com - Prijedorski gradski portal\" \/>\n<meta property=\"article:publisher\" content=\"https:\/\/www.facebook.com\/PrijedorDanasCom\/\" \/>\n<meta property=\"article:published_time\" content=\"2023-12-30T09:05:29+00:00\" \/>\n<meta property=\"og:image\" content=\"https:\/\/www.prijedordanas.com\/wp-content\/uploads\/2023\/12\/kozarski-gradonacelnik-javor-intervju-300x225.jpg\" \/>\n<meta name=\"author\" content=\"admin\" \/>\n<meta name=\"twitter:card\" content=\"summary_large_image\" \/>\n<meta name=\"twitter:label1\" content=\"Written by\" \/>\n\t<meta name=\"twitter:data1\" content=\"admin\" \/>\n<script type=\"application\/ld+json\" class=\"yoast-schema-graph\">{\"@context\":\"https:\/\/schema.org\",\"@graph\":[{\"@type\":\"Article\",\"@id\":\"https:\/\/www.prijedordanas.com\/?p=217057#article\",\"isPartOf\":{\"@id\":\"https:\/\/www.prijedordanas.com\/?p=217057\"},\"author\":{\"name\":\"admin\",\"@id\":\"https:\/\/www.prijedordanas.com\/#\/schema\/person\/4e08ccf29b506ca916ff86d46bb700e6\"},\"headline\":\"Gradona\u010delnik Slobodan Javor: Prijedor je postao veliko gradili\u0161te\",\"datePublished\":\"2023-12-30T09:05:29+00:00\",\"dateModified\":\"2023-12-30T09:05:29+00:00\",\"mainEntityOfPage\":{\"@id\":\"https:\/\/www.prijedordanas.com\/?p=217057\"},\"wordCount\":1860,\"publisher\":{\"@id\":\"https:\/\/www.prijedordanas.com\/#organization\"},\"articleSection\":[\"Dru\u0161tvo\"],\"inLanguage\":\"en-US\"},{\"@type\":\"WebPage\",\"@id\":\"https:\/\/www.prijedordanas.com\/?p=217057\",\"url\":\"https:\/\/www.prijedordanas.com\/?p=217057\",\"name\":\"Gradona\u010delnik Slobodan Javor: Prijedor je postao veliko gradili\u0161te - PrijedorDanas.com - Prijedorski gradski portal\",\"isPartOf\":{\"@id\":\"https:\/\/www.prijedordanas.com\/#website\"},\"datePublished\":\"2023-12-30T09:05:29+00:00\",\"dateModified\":\"2023-12-30T09:05:29+00:00\",\"breadcrumb\":{\"@id\":\"https:\/\/www.prijedordanas.com\/?p=217057#breadcrumb\"},\"inLanguage\":\"en-US\",\"potentialAction\":[{\"@type\":\"ReadAction\",\"target\":[\"https:\/\/www.prijedordanas.com\/?p=217057\"]}]},{\"@type\":\"BreadcrumbList\",\"@id\":\"https:\/\/www.prijedordanas.com\/?p=217057#breadcrumb\",\"itemListElement\":[{\"@type\":\"ListItem\",\"position\":1,\"name\":\"Home\",\"item\":\"https:\/\/www.prijedordanas.com\/\"},{\"@type\":\"ListItem\",\"position\":2,\"name\":\"Gradona\u010delnik Slobodan Javor: Prijedor je postao veliko gradili\u0161te\"}]},{\"@type\":\"WebSite\",\"@id\":\"https:\/\/www.prijedordanas.com\/#website\",\"url\":\"https:\/\/www.prijedordanas.com\/\",\"name\":\"PrijedorDanas.com - Prijedorski gradski portal\",\"description\":\"Portal o doga\u0111anjima u gradu Prijedoru\",\"publisher\":{\"@id\":\"https:\/\/www.prijedordanas.com\/#organization\"},\"potentialAction\":[{\"@type\":\"SearchAction\",\"target\":{\"@type\":\"EntryPoint\",\"urlTemplate\":\"https:\/\/www.prijedordanas.com\/?s={search_term_string}\"},\"query-input\":\"required name=search_term_string\"}],\"inLanguage\":\"en-US\"},{\"@type\":\"Organization\",\"@id\":\"https:\/\/www.prijedordanas.com\/#organization\",\"name\":\"PrijedorDanas.com\",\"url\":\"https:\/\/www.prijedordanas.com\/\",\"logo\":{\"@type\":\"ImageObject\",\"inLanguage\":\"en-US\",\"@id\":\"https:\/\/www.prijedordanas.com\/#\/schema\/logo\/image\/\",\"url\":\"http:\/\/www.prijedordanas.com\/wp-content\/uploads\/2021\/12\/logopng.png\",\"contentUrl\":\"http:\/\/www.prijedordanas.com\/wp-content\/uploads\/2021\/12\/logopng.png\",\"width\":1019,\"height\":776,\"caption\":\"PrijedorDanas.com\"},\"image\":{\"@id\":\"https:\/\/www.prijedordanas.com\/#\/schema\/logo\/image\/\"},\"sameAs\":[\"https:\/\/www.facebook.com\/PrijedorDanasCom\/\"]},{\"@type\":\"Person\",\"@id\":\"https:\/\/www.prijedordanas.com\/#\/schema\/person\/4e08ccf29b506ca916ff86d46bb700e6\",\"name\":\"admin\",\"image\":{\"@type\":\"ImageObject\",\"inLanguage\":\"en-US\",\"@id\":\"https:\/\/www.prijedordanas.com\/#\/schema\/person\/image\/\",\"url\":\"https:\/\/secure.gravatar.com\/avatar\/1d3fc949d550f0b53a5f0d51e06dfd79?s=96&d=mm&r=g\",\"contentUrl\":\"https:\/\/secure.gravatar.com\/avatar\/1d3fc949d550f0b53a5f0d51e06dfd79?s=96&d=mm&r=g\",\"caption\":\"admin\"},\"url\":\"https:\/\/www.prijedordanas.com\/?author=1\"}]}<\/script>\n<!-- \/ Yoast SEO plugin. -->","yoast_head_json":{"title":"Gradona\u010delnik Slobodan Javor: Prijedor je postao veliko gradili\u0161te - PrijedorDanas.com - Prijedorski gradski portal","robots":{"index":"index","follow":"follow","max-snippet":"max-snippet:-1","max-image-preview":"max-image-preview:large","max-video-preview":"max-video-preview:-1"},"canonical":"https:\/\/www.prijedordanas.com\/?p=217057","og_locale":"en_US","og_type":"article","og_title":"Gradona\u010delnik Slobodan Javor: Prijedor je postao veliko gradili\u0161te - PrijedorDanas.com - Prijedorski gradski portal","og_description":"\u201cPrijedor je postao jedno veliko gradili\u0161te, tako da o\u010dekujem da \u0107e to gradili\u0161te nastaviti sa \u0161irenjem. Sasvim sigurno bi\u0107e zavr\u0161ena izgradnja konstruktivne faze vrti\u0107a na Pe\u0107anima, kao i druga faza [&hellip;]","og_url":"https:\/\/www.prijedordanas.com\/?p=217057","og_site_name":"PrijedorDanas.com - Prijedorski gradski portal","article_publisher":"https:\/\/www.facebook.com\/PrijedorDanasCom\/","article_published_time":"2023-12-30T09:05:29+00:00","og_image":[{"url":"https:\/\/www.prijedordanas.com\/wp-content\/uploads\/2023\/12\/kozarski-gradonacelnik-javor-intervju-300x225.jpg"}],"author":"admin","twitter_card":"summary_large_image","twitter_misc":{"Written by":"admin"},"schema":{"@context":"https:\/\/schema.org","@graph":[{"@type":"Article","@id":"https:\/\/www.prijedordanas.com\/?p=217057#article","isPartOf":{"@id":"https:\/\/www.prijedordanas.com\/?p=217057"},"author":{"name":"admin","@id":"https:\/\/www.prijedordanas.com\/#\/schema\/person\/4e08ccf29b506ca916ff86d46bb700e6"},"headline":"Gradona\u010delnik Slobodan Javor: Prijedor je postao veliko gradili\u0161te","datePublished":"2023-12-30T09:05:29+00:00","dateModified":"2023-12-30T09:05:29+00:00","mainEntityOfPage":{"@id":"https:\/\/www.prijedordanas.com\/?p=217057"},"wordCount":1860,"publisher":{"@id":"https:\/\/www.prijedordanas.com\/#organization"},"articleSection":["Dru\u0161tvo"],"inLanguage":"en-US"},{"@type":"WebPage","@id":"https:\/\/www.prijedordanas.com\/?p=217057","url":"https:\/\/www.prijedordanas.com\/?p=217057","name":"Gradona\u010delnik Slobodan Javor: Prijedor je postao veliko gradili\u0161te - PrijedorDanas.com - Prijedorski gradski portal","isPartOf":{"@id":"https:\/\/www.prijedordanas.com\/#website"},"datePublished":"2023-12-30T09:05:29+00:00","dateModified":"2023-12-30T09:05:29+00:00","breadcrumb":{"@id":"https:\/\/www.prijedordanas.com\/?p=217057#breadcrumb"},"inLanguage":"en-US","potentialAction":[{"@type":"ReadAction","target":["https:\/\/www.prijedordanas.com\/?p=217057"]}]},{"@type":"BreadcrumbList","@id":"https:\/\/www.prijedordanas.com\/?p=217057#breadcrumb","itemListElement":[{"@type":"ListItem","position":1,"name":"Home","item":"https:\/\/www.prijedordanas.com\/"},{"@type":"ListItem","position":2,"name":"Gradona\u010delnik Slobodan Javor: Prijedor je postao veliko gradili\u0161te"}]},{"@type":"WebSite","@id":"https:\/\/www.prijedordanas.com\/#website","url":"https:\/\/www.prijedordanas.com\/","name":"PrijedorDanas.com - Prijedorski gradski portal","description":"Portal o doga\u0111anjima u gradu Prijedoru","publisher":{"@id":"https:\/\/www.prijedordanas.com\/#organization"},"potentialAction":[{"@type":"SearchAction","target":{"@type":"EntryPoint","urlTemplate":"https:\/\/www.prijedordanas.com\/?s={search_term_string}"},"query-input":"required name=search_term_string"}],"inLanguage":"en-US"},{"@type":"Organization","@id":"https:\/\/www.prijedordanas.com\/#organization","name":"PrijedorDanas.com","url":"https:\/\/www.prijedordanas.com\/","logo":{"@type":"ImageObject","inLanguage":"en-US","@id":"https:\/\/www.prijedordanas.com\/#\/schema\/logo\/image\/","url":"http:\/\/www.prijedordanas.com\/wp-content\/uploads\/2021\/12\/logopng.png","contentUrl":"http:\/\/www.prijedordanas.com\/wp-content\/uploads\/2021\/12\/logopng.png","width":1019,"height":776,"caption":"PrijedorDanas.com"},"image":{"@id":"https:\/\/www.prijedordanas.com\/#\/schema\/logo\/image\/"},"sameAs":["https:\/\/www.facebook.com\/PrijedorDanasCom\/"]},{"@type":"Person","@id":"https:\/\/www.prijedordanas.com\/#\/schema\/person\/4e08ccf29b506ca916ff86d46bb700e6","name":"admin","image":{"@type":"ImageObject","inLanguage":"en-US","@id":"https:\/\/www.prijedordanas.com\/#\/schema\/person\/image\/","url":"https:\/\/secure.gravatar.com\/avatar\/1d3fc949d550f0b53a5f0d51e06dfd79?s=96&d=mm&r=g","contentUrl":"https:\/\/secure.gravatar.com\/avatar\/1d3fc949d550f0b53a5f0d51e06dfd79?s=96&d=mm&r=g","caption":"admin"},"url":"https:\/\/www.prijedordanas.com\/?author=1"}]}},"_links":{"self":[{"href":"https:\/\/www.prijedordanas.com\/index.php?rest_route=\/wp\/v2\/posts\/217057"}],"collection":[{"href":"https:\/\/www.prijedordanas.com\/index.php?rest_route=\/wp\/v2\/posts"}],"about":[{"href":"https:\/\/www.prijedordanas.com\/index.php?rest_route=\/wp\/v2\/types\/post"}],"author":[{"embeddable":true,"href":"https:\/\/www.prijedordanas.com\/index.php?rest_route=\/wp\/v2\/users\/1"}],"replies":[{"embeddable":true,"href":"https:\/\/www.prijedordanas.com\/index.php?rest_route=%2Fwp%2Fv2%2Fcomments&post=217057"}],"version-history":[{"count":1,"href":"https:\/\/www.prijedordanas.com\/index.php?rest_route=\/wp\/v2\/posts\/217057\/revisions"}],"predecessor-version":[{"id":217059,"href":"https:\/\/www.prijedordanas.com\/index.php?rest_route=\/wp\/v2\/posts\/217057\/revisions\/217059"}],"wp:attachment":[{"href":"https:\/\/www.prijedordanas.com\/index.php?rest_route=%2Fwp%2Fv2%2Fmedia&parent=217057"}],"wp:term":[{"taxonomy":"category","embeddable":true,"href":"https:\/\/www.prijedordanas.com\/index.php?rest_route=%2Fwp%2Fv2%2Fcategories&post=217057"},{"taxonomy":"post_tag","embeddable":true,"href":"https:\/\/www.prijedordanas.com\/index.php?rest_route=%2Fwp%2Fv2%2Ftags&post=217057"}],"curies":[{"name":"wp","href":"https:\/\/api.w.org\/{rel}","templated":true}]}}