{"id":216987,"date":"2023-12-29T10:56:25","date_gmt":"2023-12-29T09:56:25","guid":{"rendered":"https:\/\/www.prijedordanas.com\/?p=216987"},"modified":"2023-12-29T10:56:25","modified_gmt":"2023-12-29T09:56:25","slug":"prijedorcanin-nakon-pozara-optuzio-vatrogasce-za-kradu-novca-koji-je-uzela-njegova-zena","status":"publish","type":"post","link":"https:\/\/www.prijedordanas.com\/?p=216987","title":{"rendered":"Prijedor\u010danin nakon po\u017eara optu\u017eio vatrogasce za kra\u0111u novca koji je uzela njegova \u017eena!"},"content":{"rendered":"<p><a href=\"https:\/\/www.prijedordanas.com\/wp-content\/uploads\/2023\/12\/atvbl-policija-rs.jpg\"><img loading=\"lazy\" decoding=\"async\" src=\"https:\/\/www.prijedordanas.com\/wp-content\/uploads\/2023\/12\/atvbl-policija-rs-300x225.jpg\" alt=\"\" width=\"300\" height=\"225\" class=\"alignleft size-medium wp-image-216988\" srcset=\"https:\/\/www.prijedordanas.com\/wp-content\/uploads\/2023\/12\/atvbl-policija-rs-300x225.jpg 300w, https:\/\/www.prijedordanas.com\/wp-content\/uploads\/2023\/12\/atvbl-policija-rs-640x480.jpg 640w, https:\/\/www.prijedordanas.com\/wp-content\/uploads\/2023\/12\/atvbl-policija-rs.jpg 667w\" sizes=\"(max-width: 300px) 100vw, 300px\" \/><\/a>Prijedor\u010danin D.V. i njegova supruga G.V. la\u017eno su prijavili da su im, prilikom ga\u0161enja po\u017eara u ku\u0107i, vatrogasci ukrali 8.360 KM!?<\/p>\n<p>Kako saznaje ATV zbog ove la\u017ene prijave nekoliko vatrogasaca su, ni krivi ni du\u017eni, do\u017eivjeli velike neugodnosti. Saslu\u0161avani su u policiji, ispitivani na poligrafu, a sve kako bi poku\u0161ali da se \u201doperu\u201d od la\u017ene optu\u017ebe.<\/p>\n<p>Za to vrijeme bra\u010dni par je oti\u0161ao korak dalje, pa su \u010dak inscenirali da neko poku\u0161ava da ih ucjenjuje kako bi im vratio novac. Ispostavilo se da su sami sebi slali poruke ucjenjiva\u010dkog sadr\u017eaja&#8230;<\/p>\n<p>Zbog ovog slu\u010daja PU Prijedor je protiv supru\u017enika D.V. i G.V. ju\u010de dostavila izvje\u0161taj Okru\u017enom javnom tu\u017eila\u0161tvu u Prijedoru zbog sumnje da su po\u010dinili krivi\u010dno djelo la\u017eno prijavljivanje.<\/p>\n<p>\u201dPolicija je 16. novembra zaprimila prijavu od D.V. iz Prijedora da mu je tokom intervencije vatrogasaca u ku\u0107i na ga\u0161enju po\u017eara otu\u0111en novac u iznosu od 8.360 KM. Preduzetim mjerama i radnjama utvr\u0111eno je da je \u010dlan porodice prijavitelja G.V. tokom po\u017eara iznijela sporni novac iz unutra\u0161njosti ku\u0107e\u201d, navode u policiji. <\/p>\n<p>Dodaju da je naknadno od strane policijskih slu\u017ebenika prona\u0111en sporni novac u kompletnom iznosu i utvr\u0111eno je da su D.V. i G.V. po\u010dinili krivi\u010dno djelo la\u017eno prijavljivanje krivi\u010dnog djela, \u0161to je prijavljeno tu\u017eila\u0161tvu.<\/p>\n<p>Nezvani\u010dno saznajemo da u trenutku prijave D.V. nije bio svjestan da je njegova supruga iznijela novac iz ku\u0107e. Me\u0111utim, ona mu je to kasnije saop\u0161tila, ali umjesto da jave istra\u017enim organima da je novac prona\u0111en odlu\u010dili su da se \u201dprave \u0415nglezi\u201d, komplikuju\u0107i \u017eivot nekolicini vatrogasaca, ali i samim sebi.<\/p>\n<p>U poku\u0161aju spletkarenja su se toliko zapetljali da su inscenirali poku\u0161aj ucjene, \u0161to su tako\u0111e la\u017eno prijavili i doveli se u situaciju da \u0107e oboje krivi\u010dno odgovarati.<\/p>\n<p>atvbl.rs<\/p>\n","protected":false},"excerpt":{"rendered":"<p>Prijedor\u010danin D.V. i njegova supruga G.V. la\u017eno su prijavili da su im, prilikom ga\u0161enja po\u017eara u ku\u0107i, vatrogasci ukrali 8.360 KM!? Kako saznaje ATV zbog ove la\u017ene prijave nekoliko vatrogasaca [&hellip;]<\/p>\n","protected":false},"author":1,"featured_media":0,"comment_status":"closed","ping_status":"open","sticky":false,"template":"","format":"standard","meta":{"_monsterinsights_skip_tracking":false,"_monsterinsights_sitenote_active":false,"_monsterinsights_sitenote_note":"","_monsterinsights_sitenote_category":0,"footnotes":""},"categories":[5],"tags":[],"yoast_head":"<!-- This site is optimized with the Yoast SEO plugin v21.6 - https:\/\/yoast.com\/wordpress\/plugins\/seo\/ -->\n<title>Prijedor\u010danin nakon po\u017eara optu\u017eio vatrogasce za kra\u0111u novca koji je uzela njegova \u017eena! - PrijedorDanas.com - Prijedorski gradski portal<\/title>\n<meta name=\"robots\" content=\"index, follow, max-snippet:-1, max-image-preview:large, max-video-preview:-1\" \/>\n<link rel=\"canonical\" href=\"https:\/\/www.prijedordanas.com\/?p=216987\" \/>\n<meta property=\"og:locale\" content=\"en_US\" \/>\n<meta property=\"og:type\" content=\"article\" \/>\n<meta property=\"og:title\" content=\"Prijedor\u010danin nakon po\u017eara optu\u017eio vatrogasce za kra\u0111u novca koji je uzela njegova \u017eena! - PrijedorDanas.com - Prijedorski gradski portal\" \/>\n<meta property=\"og:description\" content=\"Prijedor\u010danin D.V. i njegova supruga G.V. la\u017eno su prijavili da su im, prilikom ga\u0161enja po\u017eara u ku\u0107i, vatrogasci ukrali 8.360 KM!? Kako saznaje ATV zbog ove la\u017ene prijave nekoliko vatrogasaca [&hellip;]\" \/>\n<meta property=\"og:url\" content=\"https:\/\/www.prijedordanas.com\/?p=216987\" \/>\n<meta property=\"og:site_name\" content=\"PrijedorDanas.com - Prijedorski gradski portal\" \/>\n<meta property=\"article:publisher\" content=\"https:\/\/www.facebook.com\/PrijedorDanasCom\/\" \/>\n<meta property=\"article:published_time\" content=\"2023-12-29T09:56:25+00:00\" \/>\n<meta property=\"og:image\" content=\"https:\/\/www.prijedordanas.com\/wp-content\/uploads\/2023\/12\/atvbl-policija-rs-300x225.jpg\" \/>\n<meta name=\"author\" content=\"admin\" \/>\n<meta name=\"twitter:card\" content=\"summary_large_image\" \/>\n<meta name=\"twitter:label1\" content=\"Written by\" \/>\n\t<meta name=\"twitter:data1\" content=\"admin\" \/>\n<script type=\"application\/ld+json\" class=\"yoast-schema-graph\">{\"@context\":\"https:\/\/schema.org\",\"@graph\":[{\"@type\":\"Article\",\"@id\":\"https:\/\/www.prijedordanas.com\/?p=216987#article\",\"isPartOf\":{\"@id\":\"https:\/\/www.prijedordanas.com\/?p=216987\"},\"author\":{\"name\":\"admin\",\"@id\":\"https:\/\/www.prijedordanas.com\/#\/schema\/person\/4e08ccf29b506ca916ff86d46bb700e6\"},\"headline\":\"Prijedor\u010danin nakon po\u017eara optu\u017eio vatrogasce za kra\u0111u novca koji je uzela njegova \u017eena!\",\"datePublished\":\"2023-12-29T09:56:25+00:00\",\"dateModified\":\"2023-12-29T09:56:25+00:00\",\"mainEntityOfPage\":{\"@id\":\"https:\/\/www.prijedordanas.com\/?p=216987\"},\"wordCount\":360,\"publisher\":{\"@id\":\"https:\/\/www.prijedordanas.com\/#organization\"},\"articleSection\":[\"Hronika\"],\"inLanguage\":\"en-US\"},{\"@type\":\"WebPage\",\"@id\":\"https:\/\/www.prijedordanas.com\/?p=216987\",\"url\":\"https:\/\/www.prijedordanas.com\/?p=216987\",\"name\":\"Prijedor\u010danin nakon po\u017eara optu\u017eio vatrogasce za kra\u0111u novca koji je uzela njegova \u017eena! - PrijedorDanas.com - Prijedorski gradski portal\",\"isPartOf\":{\"@id\":\"https:\/\/www.prijedordanas.com\/#website\"},\"datePublished\":\"2023-12-29T09:56:25+00:00\",\"dateModified\":\"2023-12-29T09:56:25+00:00\",\"breadcrumb\":{\"@id\":\"https:\/\/www.prijedordanas.com\/?p=216987#breadcrumb\"},\"inLanguage\":\"en-US\",\"potentialAction\":[{\"@type\":\"ReadAction\",\"target\":[\"https:\/\/www.prijedordanas.com\/?p=216987\"]}]},{\"@type\":\"BreadcrumbList\",\"@id\":\"https:\/\/www.prijedordanas.com\/?p=216987#breadcrumb\",\"itemListElement\":[{\"@type\":\"ListItem\",\"position\":1,\"name\":\"Home\",\"item\":\"https:\/\/www.prijedordanas.com\/\"},{\"@type\":\"ListItem\",\"position\":2,\"name\":\"Prijedor\u010danin nakon po\u017eara optu\u017eio vatrogasce za kra\u0111u novca koji je uzela njegova \u017eena!\"}]},{\"@type\":\"WebSite\",\"@id\":\"https:\/\/www.prijedordanas.com\/#website\",\"url\":\"https:\/\/www.prijedordanas.com\/\",\"name\":\"PrijedorDanas.com - Prijedorski gradski portal\",\"description\":\"Portal o doga\u0111anjima u gradu Prijedoru\",\"publisher\":{\"@id\":\"https:\/\/www.prijedordanas.com\/#organization\"},\"potentialAction\":[{\"@type\":\"SearchAction\",\"target\":{\"@type\":\"EntryPoint\",\"urlTemplate\":\"https:\/\/www.prijedordanas.com\/?s={search_term_string}\"},\"query-input\":\"required name=search_term_string\"}],\"inLanguage\":\"en-US\"},{\"@type\":\"Organization\",\"@id\":\"https:\/\/www.prijedordanas.com\/#organization\",\"name\":\"PrijedorDanas.com\",\"url\":\"https:\/\/www.prijedordanas.com\/\",\"logo\":{\"@type\":\"ImageObject\",\"inLanguage\":\"en-US\",\"@id\":\"https:\/\/www.prijedordanas.com\/#\/schema\/logo\/image\/\",\"url\":\"http:\/\/www.prijedordanas.com\/wp-content\/uploads\/2021\/12\/logopng.png\",\"contentUrl\":\"http:\/\/www.prijedordanas.com\/wp-content\/uploads\/2021\/12\/logopng.png\",\"width\":1019,\"height\":776,\"caption\":\"PrijedorDanas.com\"},\"image\":{\"@id\":\"https:\/\/www.prijedordanas.com\/#\/schema\/logo\/image\/\"},\"sameAs\":[\"https:\/\/www.facebook.com\/PrijedorDanasCom\/\"]},{\"@type\":\"Person\",\"@id\":\"https:\/\/www.prijedordanas.com\/#\/schema\/person\/4e08ccf29b506ca916ff86d46bb700e6\",\"name\":\"admin\",\"image\":{\"@type\":\"ImageObject\",\"inLanguage\":\"en-US\",\"@id\":\"https:\/\/www.prijedordanas.com\/#\/schema\/person\/image\/\",\"url\":\"https:\/\/secure.gravatar.com\/avatar\/1d3fc949d550f0b53a5f0d51e06dfd79?s=96&d=mm&r=g\",\"contentUrl\":\"https:\/\/secure.gravatar.com\/avatar\/1d3fc949d550f0b53a5f0d51e06dfd79?s=96&d=mm&r=g\",\"caption\":\"admin\"},\"url\":\"https:\/\/www.prijedordanas.com\/?author=1\"}]}<\/script>\n<!-- \/ Yoast SEO plugin. -->","yoast_head_json":{"title":"Prijedor\u010danin nakon po\u017eara optu\u017eio vatrogasce za kra\u0111u novca koji je uzela njegova \u017eena! - PrijedorDanas.com - Prijedorski gradski portal","robots":{"index":"index","follow":"follow","max-snippet":"max-snippet:-1","max-image-preview":"max-image-preview:large","max-video-preview":"max-video-preview:-1"},"canonical":"https:\/\/www.prijedordanas.com\/?p=216987","og_locale":"en_US","og_type":"article","og_title":"Prijedor\u010danin nakon po\u017eara optu\u017eio vatrogasce za kra\u0111u novca koji je uzela njegova \u017eena! - PrijedorDanas.com - Prijedorski gradski portal","og_description":"Prijedor\u010danin D.V. i njegova supruga G.V. la\u017eno su prijavili da su im, prilikom ga\u0161enja po\u017eara u ku\u0107i, vatrogasci ukrali 8.360 KM!? Kako saznaje ATV zbog ove la\u017ene prijave nekoliko vatrogasaca [&hellip;]","og_url":"https:\/\/www.prijedordanas.com\/?p=216987","og_site_name":"PrijedorDanas.com - Prijedorski gradski portal","article_publisher":"https:\/\/www.facebook.com\/PrijedorDanasCom\/","article_published_time":"2023-12-29T09:56:25+00:00","og_image":[{"url":"https:\/\/www.prijedordanas.com\/wp-content\/uploads\/2023\/12\/atvbl-policija-rs-300x225.jpg"}],"author":"admin","twitter_card":"summary_large_image","twitter_misc":{"Written by":"admin"},"schema":{"@context":"https:\/\/schema.org","@graph":[{"@type":"Article","@id":"https:\/\/www.prijedordanas.com\/?p=216987#article","isPartOf":{"@id":"https:\/\/www.prijedordanas.com\/?p=216987"},"author":{"name":"admin","@id":"https:\/\/www.prijedordanas.com\/#\/schema\/person\/4e08ccf29b506ca916ff86d46bb700e6"},"headline":"Prijedor\u010danin nakon po\u017eara optu\u017eio vatrogasce za kra\u0111u novca koji je uzela njegova \u017eena!","datePublished":"2023-12-29T09:56:25+00:00","dateModified":"2023-12-29T09:56:25+00:00","mainEntityOfPage":{"@id":"https:\/\/www.prijedordanas.com\/?p=216987"},"wordCount":360,"publisher":{"@id":"https:\/\/www.prijedordanas.com\/#organization"},"articleSection":["Hronika"],"inLanguage":"en-US"},{"@type":"WebPage","@id":"https:\/\/www.prijedordanas.com\/?p=216987","url":"https:\/\/www.prijedordanas.com\/?p=216987","name":"Prijedor\u010danin nakon po\u017eara optu\u017eio vatrogasce za kra\u0111u novca koji je uzela njegova \u017eena! - PrijedorDanas.com - Prijedorski gradski portal","isPartOf":{"@id":"https:\/\/www.prijedordanas.com\/#website"},"datePublished":"2023-12-29T09:56:25+00:00","dateModified":"2023-12-29T09:56:25+00:00","breadcrumb":{"@id":"https:\/\/www.prijedordanas.com\/?p=216987#breadcrumb"},"inLanguage":"en-US","potentialAction":[{"@type":"ReadAction","target":["https:\/\/www.prijedordanas.com\/?p=216987"]}]},{"@type":"BreadcrumbList","@id":"https:\/\/www.prijedordanas.com\/?p=216987#breadcrumb","itemListElement":[{"@type":"ListItem","position":1,"name":"Home","item":"https:\/\/www.prijedordanas.com\/"},{"@type":"ListItem","position":2,"name":"Prijedor\u010danin nakon po\u017eara optu\u017eio vatrogasce za kra\u0111u novca koji je uzela njegova \u017eena!"}]},{"@type":"WebSite","@id":"https:\/\/www.prijedordanas.com\/#website","url":"https:\/\/www.prijedordanas.com\/","name":"PrijedorDanas.com - Prijedorski gradski portal","description":"Portal o doga\u0111anjima u gradu Prijedoru","publisher":{"@id":"https:\/\/www.prijedordanas.com\/#organization"},"potentialAction":[{"@type":"SearchAction","target":{"@type":"EntryPoint","urlTemplate":"https:\/\/www.prijedordanas.com\/?s={search_term_string}"},"query-input":"required name=search_term_string"}],"inLanguage":"en-US"},{"@type":"Organization","@id":"https:\/\/www.prijedordanas.com\/#organization","name":"PrijedorDanas.com","url":"https:\/\/www.prijedordanas.com\/","logo":{"@type":"ImageObject","inLanguage":"en-US","@id":"https:\/\/www.prijedordanas.com\/#\/schema\/logo\/image\/","url":"http:\/\/www.prijedordanas.com\/wp-content\/uploads\/2021\/12\/logopng.png","contentUrl":"http:\/\/www.prijedordanas.com\/wp-content\/uploads\/2021\/12\/logopng.png","width":1019,"height":776,"caption":"PrijedorDanas.com"},"image":{"@id":"https:\/\/www.prijedordanas.com\/#\/schema\/logo\/image\/"},"sameAs":["https:\/\/www.facebook.com\/PrijedorDanasCom\/"]},{"@type":"Person","@id":"https:\/\/www.prijedordanas.com\/#\/schema\/person\/4e08ccf29b506ca916ff86d46bb700e6","name":"admin","image":{"@type":"ImageObject","inLanguage":"en-US","@id":"https:\/\/www.prijedordanas.com\/#\/schema\/person\/image\/","url":"https:\/\/secure.gravatar.com\/avatar\/1d3fc949d550f0b53a5f0d51e06dfd79?s=96&d=mm&r=g","contentUrl":"https:\/\/secure.gravatar.com\/avatar\/1d3fc949d550f0b53a5f0d51e06dfd79?s=96&d=mm&r=g","caption":"admin"},"url":"https:\/\/www.prijedordanas.com\/?author=1"}]}},"_links":{"self":[{"href":"https:\/\/www.prijedordanas.com\/index.php?rest_route=\/wp\/v2\/posts\/216987"}],"collection":[{"href":"https:\/\/www.prijedordanas.com\/index.php?rest_route=\/wp\/v2\/posts"}],"about":[{"href":"https:\/\/www.prijedordanas.com\/index.php?rest_route=\/wp\/v2\/types\/post"}],"author":[{"embeddable":true,"href":"https:\/\/www.prijedordanas.com\/index.php?rest_route=\/wp\/v2\/users\/1"}],"replies":[{"embeddable":true,"href":"https:\/\/www.prijedordanas.com\/index.php?rest_route=%2Fwp%2Fv2%2Fcomments&post=216987"}],"version-history":[{"count":1,"href":"https:\/\/www.prijedordanas.com\/index.php?rest_route=\/wp\/v2\/posts\/216987\/revisions"}],"predecessor-version":[{"id":216989,"href":"https:\/\/www.prijedordanas.com\/index.php?rest_route=\/wp\/v2\/posts\/216987\/revisions\/216989"}],"wp:attachment":[{"href":"https:\/\/www.prijedordanas.com\/index.php?rest_route=%2Fwp%2Fv2%2Fmedia&parent=216987"}],"wp:term":[{"taxonomy":"category","embeddable":true,"href":"https:\/\/www.prijedordanas.com\/index.php?rest_route=%2Fwp%2Fv2%2Fcategories&post=216987"},{"taxonomy":"post_tag","embeddable":true,"href":"https:\/\/www.prijedordanas.com\/index.php?rest_route=%2Fwp%2Fv2%2Ftags&post=216987"}],"curies":[{"name":"wp","href":"https:\/\/api.w.org\/{rel}","templated":true}]}}