{"id":216945,"date":"2023-12-29T10:29:27","date_gmt":"2023-12-29T09:29:27","guid":{"rendered":"https:\/\/www.prijedordanas.com\/?p=216945"},"modified":"2023-12-29T10:29:27","modified_gmt":"2023-12-29T09:29:27","slug":"grad-prijedor-radno-vrijeme-za-1-2-i-9-januar-2024-godine","status":"publish","type":"post","link":"https:\/\/www.prijedordanas.com\/?p=216945","title":{"rendered":"Grad Prijedor: Radno vrijeme za 1, 2. i 9. januar 2024. godine"},"content":{"rendered":"<p><a href=\"https:\/\/www.prijedordanas.com\/wp-content\/uploads\/2023\/12\/glavni-trg-prijedor-decembar2023-2.jpg\"><img loading=\"lazy\" decoding=\"async\" src=\"https:\/\/www.prijedordanas.com\/wp-content\/uploads\/2023\/12\/glavni-trg-prijedor-decembar2023-2-300x225.jpg\" alt=\"\" width=\"300\" height=\"225\" class=\"alignleft size-medium wp-image-216978\" srcset=\"https:\/\/www.prijedordanas.com\/wp-content\/uploads\/2023\/12\/glavni-trg-prijedor-decembar2023-2-300x225.jpg 300w, https:\/\/www.prijedordanas.com\/wp-content\/uploads\/2023\/12\/glavni-trg-prijedor-decembar2023-2-640x480.jpg 640w, https:\/\/www.prijedordanas.com\/wp-content\/uploads\/2023\/12\/glavni-trg-prijedor-decembar2023-2.jpg 667w\" sizes=\"(max-width: 300px) 100vw, 300px\" \/><\/a>Na osnovu \u010dlana 2. i \u010dlana 5. ta\u010dka 3. Zakona o praznicima Republike Srpske, (\u201cSl.glasnik RS\u201d, broj: 43\/07), \u010dlana 7. i \u010dlana 8. Odluke o odre\u0111ivanju radnog vremena pravnim licima i preduzetnicima koji obavljaju trgova\u010dku, zanatsku i uslu\u017enu djelatnost na podru\u010dju grada Prijedora (\u201cSl.glasnik grada Prijedora\u201d broj: 14\/19 i 15\/21), \u010dlana 82. stav 3. Zakona o lokalnoj samoupravi (\u201cSl.glasnik RS\u201d broj : 97\/16 , 36\/19 i 61\/21), i \u010dlana 89. Statuta grada Prijedora (\u201cSlu\u017ebeni glasnik grada Prijedora\u201d, broj: 12\/17), Gradona\u010delnik Prijedora, d o n o s i :<\/p>\n<p>Z A K Lj U \u010c A K<\/p>\n<p>1.Prvi dan praznika Nove godine, 01.01.2024. godine (ponedjeljak), je neradni dan, osim za subjekte pobrojane u ta\u010dki 4. ovog Zaklju\u010dka.<\/p>\n<p>2.U utorak 02.01.2024. godine u vremenu od 08,00 do 13,00 \u010dasova mogu da rade pravna lica i preduzetnici koji obavljaju trgovinsku, zanatsku i uslu\u017enu djelatnost, osim subjekata iz ta\u010dke 4. koji rade u vremenu kako je odre\u0111eno tom ta\u010dkom.<\/p>\n<p>3.Dan Republike Srpske, 09.01.2024. godine (utorak), je neradni dan, osim za subjekte pobrojane u ta\u010dki 4. ovog Zaklju\u010dka.<\/p>\n<p>4.Apoteke, benzinske pumpne stanice i prodavnice na benzinskim pumpnim stanicama, subjekti koji se bave djelatnostima proizvodnje i prodaje hljeba, peciva, svje\u017ee tjestenine, konditorskih proizvoda i kola\u010da, trgova\u010dke radnje tipa \u201cdragstor\u201d, trgova\u010dke radnje koje se nalaze u sklopu stani\u010dnih objekata i ugostiteljski objekti mogu raditi redovno radno vrijeme za vrijeme trajanja republi\u010dkih praznika.<\/p>\n<p>5.Cvje\u0107are, prodavnice pogrebne i pripadaju\u0107e opreme mogu da rade, za vrijeme navedenih republi\u010dkih praznika, u vremenu od 08,00 do 13,00 \u010dasova.<\/p>\n<p>6.Ukoliko se zbog unaprijed ugovorenih obaveza prema kupcima uka\u017ee potreba za rad na dan republi\u010dkog praznika, privredni subjekti koji imaju registrovanu proizvodnu djelatnost, treba pismeno, uz obrazlo\u017eenje razloga za rad, da se obrate Podru\u010dnoj Zanatsko-preduzetni\u010dkoj komori Prijedor Zanatsko preduzetni\u010dko udru\u017eenje Prijedor ili Privrednoj komori RS \u2013 Podru\u010dna privredna komora Banja Luka kancelarija Prijedor najkasnije pet (5) dana prije tra\u017eenog datuma.<\/p>\n<p>7.Poslodavac je du\u017ean radnicima, koji \u0107e raditi na dane navedenih republi\u010dkih praznika, omogu\u0107iti ostvarivanje prava u skladu sa propisima o radu.<\/p>\n<p>8.Ovaj Zaklju\u010dak stupa na snagu danom dono\u0161enja.<\/p>\n<p>prijedorgrad.org<\/p>\n","protected":false},"excerpt":{"rendered":"<p>Na osnovu \u010dlana 2. i \u010dlana 5. ta\u010dka 3. Zakona o praznicima Republike Srpske, (\u201cSl.glasnik RS\u201d, broj: 43\/07), \u010dlana 7. i \u010dlana 8. Odluke o odre\u0111ivanju radnog vremena pravnim licima [&hellip;]<\/p>\n","protected":false},"author":1,"featured_media":0,"comment_status":"closed","ping_status":"open","sticky":false,"template":"","format":"standard","meta":{"_monsterinsights_skip_tracking":false,"_monsterinsights_sitenote_active":false,"_monsterinsights_sitenote_note":"","_monsterinsights_sitenote_category":0,"footnotes":""},"categories":[4],"tags":[],"yoast_head":"<!-- This site is optimized with the Yoast SEO plugin v21.6 - https:\/\/yoast.com\/wordpress\/plugins\/seo\/ -->\n<title>Grad Prijedor: Radno vrijeme za 1, 2. i 9. januar 2024. godine - PrijedorDanas.com - Prijedorski gradski portal<\/title>\n<meta name=\"robots\" content=\"index, follow, max-snippet:-1, max-image-preview:large, max-video-preview:-1\" \/>\n<link rel=\"canonical\" href=\"https:\/\/www.prijedordanas.com\/?p=216945\" \/>\n<meta property=\"og:locale\" content=\"en_US\" \/>\n<meta property=\"og:type\" content=\"article\" \/>\n<meta property=\"og:title\" content=\"Grad Prijedor: Radno vrijeme za 1, 2. i 9. januar 2024. godine - PrijedorDanas.com - Prijedorski gradski portal\" \/>\n<meta property=\"og:description\" content=\"Na osnovu \u010dlana 2. i \u010dlana 5. ta\u010dka 3. Zakona o praznicima Republike Srpske, (\u201cSl.glasnik RS\u201d, broj: 43\/07), \u010dlana 7. i \u010dlana 8. Odluke o odre\u0111ivanju radnog vremena pravnim licima [&hellip;]\" \/>\n<meta property=\"og:url\" content=\"https:\/\/www.prijedordanas.com\/?p=216945\" \/>\n<meta property=\"og:site_name\" content=\"PrijedorDanas.com - Prijedorski gradski portal\" \/>\n<meta property=\"article:publisher\" content=\"https:\/\/www.facebook.com\/PrijedorDanasCom\/\" \/>\n<meta property=\"article:published_time\" content=\"2023-12-29T09:29:27+00:00\" \/>\n<meta property=\"og:image\" content=\"https:\/\/www.prijedordanas.com\/wp-content\/uploads\/2023\/12\/glavni-trg-prijedor-decembar2023-2-300x225.jpg\" \/>\n<meta name=\"author\" content=\"admin\" \/>\n<meta name=\"twitter:card\" content=\"summary_large_image\" \/>\n<meta name=\"twitter:label1\" content=\"Written by\" \/>\n\t<meta name=\"twitter:data1\" content=\"admin\" \/>\n\t<meta name=\"twitter:label2\" content=\"Est. reading time\" \/>\n\t<meta name=\"twitter:data2\" content=\"2 minutes\" \/>\n<script type=\"application\/ld+json\" class=\"yoast-schema-graph\">{\"@context\":\"https:\/\/schema.org\",\"@graph\":[{\"@type\":\"Article\",\"@id\":\"https:\/\/www.prijedordanas.com\/?p=216945#article\",\"isPartOf\":{\"@id\":\"https:\/\/www.prijedordanas.com\/?p=216945\"},\"author\":{\"name\":\"admin\",\"@id\":\"https:\/\/www.prijedordanas.com\/#\/schema\/person\/4e08ccf29b506ca916ff86d46bb700e6\"},\"headline\":\"Grad Prijedor: Radno vrijeme za 1, 2. i 9. januar 2024. godine\",\"datePublished\":\"2023-12-29T09:29:27+00:00\",\"dateModified\":\"2023-12-29T09:29:27+00:00\",\"mainEntityOfPage\":{\"@id\":\"https:\/\/www.prijedordanas.com\/?p=216945\"},\"wordCount\":354,\"publisher\":{\"@id\":\"https:\/\/www.prijedordanas.com\/#organization\"},\"articleSection\":[\"Dru\u0161tvo\"],\"inLanguage\":\"en-US\"},{\"@type\":\"WebPage\",\"@id\":\"https:\/\/www.prijedordanas.com\/?p=216945\",\"url\":\"https:\/\/www.prijedordanas.com\/?p=216945\",\"name\":\"Grad Prijedor: Radno vrijeme za 1, 2. i 9. januar 2024. godine - PrijedorDanas.com - Prijedorski gradski portal\",\"isPartOf\":{\"@id\":\"https:\/\/www.prijedordanas.com\/#website\"},\"datePublished\":\"2023-12-29T09:29:27+00:00\",\"dateModified\":\"2023-12-29T09:29:27+00:00\",\"breadcrumb\":{\"@id\":\"https:\/\/www.prijedordanas.com\/?p=216945#breadcrumb\"},\"inLanguage\":\"en-US\",\"potentialAction\":[{\"@type\":\"ReadAction\",\"target\":[\"https:\/\/www.prijedordanas.com\/?p=216945\"]}]},{\"@type\":\"BreadcrumbList\",\"@id\":\"https:\/\/www.prijedordanas.com\/?p=216945#breadcrumb\",\"itemListElement\":[{\"@type\":\"ListItem\",\"position\":1,\"name\":\"Home\",\"item\":\"https:\/\/www.prijedordanas.com\/\"},{\"@type\":\"ListItem\",\"position\":2,\"name\":\"Grad Prijedor: Radno vrijeme za 1, 2. i 9. januar 2024. godine\"}]},{\"@type\":\"WebSite\",\"@id\":\"https:\/\/www.prijedordanas.com\/#website\",\"url\":\"https:\/\/www.prijedordanas.com\/\",\"name\":\"PrijedorDanas.com - Prijedorski gradski portal\",\"description\":\"Portal o doga\u0111anjima u gradu Prijedoru\",\"publisher\":{\"@id\":\"https:\/\/www.prijedordanas.com\/#organization\"},\"potentialAction\":[{\"@type\":\"SearchAction\",\"target\":{\"@type\":\"EntryPoint\",\"urlTemplate\":\"https:\/\/www.prijedordanas.com\/?s={search_term_string}\"},\"query-input\":\"required name=search_term_string\"}],\"inLanguage\":\"en-US\"},{\"@type\":\"Organization\",\"@id\":\"https:\/\/www.prijedordanas.com\/#organization\",\"name\":\"PrijedorDanas.com\",\"url\":\"https:\/\/www.prijedordanas.com\/\",\"logo\":{\"@type\":\"ImageObject\",\"inLanguage\":\"en-US\",\"@id\":\"https:\/\/www.prijedordanas.com\/#\/schema\/logo\/image\/\",\"url\":\"http:\/\/www.prijedordanas.com\/wp-content\/uploads\/2021\/12\/logopng.png\",\"contentUrl\":\"http:\/\/www.prijedordanas.com\/wp-content\/uploads\/2021\/12\/logopng.png\",\"width\":1019,\"height\":776,\"caption\":\"PrijedorDanas.com\"},\"image\":{\"@id\":\"https:\/\/www.prijedordanas.com\/#\/schema\/logo\/image\/\"},\"sameAs\":[\"https:\/\/www.facebook.com\/PrijedorDanasCom\/\"]},{\"@type\":\"Person\",\"@id\":\"https:\/\/www.prijedordanas.com\/#\/schema\/person\/4e08ccf29b506ca916ff86d46bb700e6\",\"name\":\"admin\",\"image\":{\"@type\":\"ImageObject\",\"inLanguage\":\"en-US\",\"@id\":\"https:\/\/www.prijedordanas.com\/#\/schema\/person\/image\/\",\"url\":\"https:\/\/secure.gravatar.com\/avatar\/1d3fc949d550f0b53a5f0d51e06dfd79?s=96&d=mm&r=g\",\"contentUrl\":\"https:\/\/secure.gravatar.com\/avatar\/1d3fc949d550f0b53a5f0d51e06dfd79?s=96&d=mm&r=g\",\"caption\":\"admin\"},\"url\":\"https:\/\/www.prijedordanas.com\/?author=1\"}]}<\/script>\n<!-- \/ Yoast SEO plugin. -->","yoast_head_json":{"title":"Grad Prijedor: Radno vrijeme za 1, 2. i 9. januar 2024. godine - PrijedorDanas.com - Prijedorski gradski portal","robots":{"index":"index","follow":"follow","max-snippet":"max-snippet:-1","max-image-preview":"max-image-preview:large","max-video-preview":"max-video-preview:-1"},"canonical":"https:\/\/www.prijedordanas.com\/?p=216945","og_locale":"en_US","og_type":"article","og_title":"Grad Prijedor: Radno vrijeme za 1, 2. i 9. januar 2024. godine - PrijedorDanas.com - Prijedorski gradski portal","og_description":"Na osnovu \u010dlana 2. i \u010dlana 5. ta\u010dka 3. Zakona o praznicima Republike Srpske, (\u201cSl.glasnik RS\u201d, broj: 43\/07), \u010dlana 7. i \u010dlana 8. Odluke o odre\u0111ivanju radnog vremena pravnim licima [&hellip;]","og_url":"https:\/\/www.prijedordanas.com\/?p=216945","og_site_name":"PrijedorDanas.com - Prijedorski gradski portal","article_publisher":"https:\/\/www.facebook.com\/PrijedorDanasCom\/","article_published_time":"2023-12-29T09:29:27+00:00","og_image":[{"url":"https:\/\/www.prijedordanas.com\/wp-content\/uploads\/2023\/12\/glavni-trg-prijedor-decembar2023-2-300x225.jpg"}],"author":"admin","twitter_card":"summary_large_image","twitter_misc":{"Written by":"admin","Est. reading time":"2 minutes"},"schema":{"@context":"https:\/\/schema.org","@graph":[{"@type":"Article","@id":"https:\/\/www.prijedordanas.com\/?p=216945#article","isPartOf":{"@id":"https:\/\/www.prijedordanas.com\/?p=216945"},"author":{"name":"admin","@id":"https:\/\/www.prijedordanas.com\/#\/schema\/person\/4e08ccf29b506ca916ff86d46bb700e6"},"headline":"Grad Prijedor: Radno vrijeme za 1, 2. i 9. januar 2024. godine","datePublished":"2023-12-29T09:29:27+00:00","dateModified":"2023-12-29T09:29:27+00:00","mainEntityOfPage":{"@id":"https:\/\/www.prijedordanas.com\/?p=216945"},"wordCount":354,"publisher":{"@id":"https:\/\/www.prijedordanas.com\/#organization"},"articleSection":["Dru\u0161tvo"],"inLanguage":"en-US"},{"@type":"WebPage","@id":"https:\/\/www.prijedordanas.com\/?p=216945","url":"https:\/\/www.prijedordanas.com\/?p=216945","name":"Grad Prijedor: Radno vrijeme za 1, 2. i 9. januar 2024. godine - PrijedorDanas.com - Prijedorski gradski portal","isPartOf":{"@id":"https:\/\/www.prijedordanas.com\/#website"},"datePublished":"2023-12-29T09:29:27+00:00","dateModified":"2023-12-29T09:29:27+00:00","breadcrumb":{"@id":"https:\/\/www.prijedordanas.com\/?p=216945#breadcrumb"},"inLanguage":"en-US","potentialAction":[{"@type":"ReadAction","target":["https:\/\/www.prijedordanas.com\/?p=216945"]}]},{"@type":"BreadcrumbList","@id":"https:\/\/www.prijedordanas.com\/?p=216945#breadcrumb","itemListElement":[{"@type":"ListItem","position":1,"name":"Home","item":"https:\/\/www.prijedordanas.com\/"},{"@type":"ListItem","position":2,"name":"Grad Prijedor: Radno vrijeme za 1, 2. i 9. januar 2024. godine"}]},{"@type":"WebSite","@id":"https:\/\/www.prijedordanas.com\/#website","url":"https:\/\/www.prijedordanas.com\/","name":"PrijedorDanas.com - Prijedorski gradski portal","description":"Portal o doga\u0111anjima u gradu Prijedoru","publisher":{"@id":"https:\/\/www.prijedordanas.com\/#organization"},"potentialAction":[{"@type":"SearchAction","target":{"@type":"EntryPoint","urlTemplate":"https:\/\/www.prijedordanas.com\/?s={search_term_string}"},"query-input":"required name=search_term_string"}],"inLanguage":"en-US"},{"@type":"Organization","@id":"https:\/\/www.prijedordanas.com\/#organization","name":"PrijedorDanas.com","url":"https:\/\/www.prijedordanas.com\/","logo":{"@type":"ImageObject","inLanguage":"en-US","@id":"https:\/\/www.prijedordanas.com\/#\/schema\/logo\/image\/","url":"http:\/\/www.prijedordanas.com\/wp-content\/uploads\/2021\/12\/logopng.png","contentUrl":"http:\/\/www.prijedordanas.com\/wp-content\/uploads\/2021\/12\/logopng.png","width":1019,"height":776,"caption":"PrijedorDanas.com"},"image":{"@id":"https:\/\/www.prijedordanas.com\/#\/schema\/logo\/image\/"},"sameAs":["https:\/\/www.facebook.com\/PrijedorDanasCom\/"]},{"@type":"Person","@id":"https:\/\/www.prijedordanas.com\/#\/schema\/person\/4e08ccf29b506ca916ff86d46bb700e6","name":"admin","image":{"@type":"ImageObject","inLanguage":"en-US","@id":"https:\/\/www.prijedordanas.com\/#\/schema\/person\/image\/","url":"https:\/\/secure.gravatar.com\/avatar\/1d3fc949d550f0b53a5f0d51e06dfd79?s=96&d=mm&r=g","contentUrl":"https:\/\/secure.gravatar.com\/avatar\/1d3fc949d550f0b53a5f0d51e06dfd79?s=96&d=mm&r=g","caption":"admin"},"url":"https:\/\/www.prijedordanas.com\/?author=1"}]}},"_links":{"self":[{"href":"https:\/\/www.prijedordanas.com\/index.php?rest_route=\/wp\/v2\/posts\/216945"}],"collection":[{"href":"https:\/\/www.prijedordanas.com\/index.php?rest_route=\/wp\/v2\/posts"}],"about":[{"href":"https:\/\/www.prijedordanas.com\/index.php?rest_route=\/wp\/v2\/types\/post"}],"author":[{"embeddable":true,"href":"https:\/\/www.prijedordanas.com\/index.php?rest_route=\/wp\/v2\/users\/1"}],"replies":[{"embeddable":true,"href":"https:\/\/www.prijedordanas.com\/index.php?rest_route=%2Fwp%2Fv2%2Fcomments&post=216945"}],"version-history":[{"count":3,"href":"https:\/\/www.prijedordanas.com\/index.php?rest_route=\/wp\/v2\/posts\/216945\/revisions"}],"predecessor-version":[{"id":216986,"href":"https:\/\/www.prijedordanas.com\/index.php?rest_route=\/wp\/v2\/posts\/216945\/revisions\/216986"}],"wp:attachment":[{"href":"https:\/\/www.prijedordanas.com\/index.php?rest_route=%2Fwp%2Fv2%2Fmedia&parent=216945"}],"wp:term":[{"taxonomy":"category","embeddable":true,"href":"https:\/\/www.prijedordanas.com\/index.php?rest_route=%2Fwp%2Fv2%2Fcategories&post=216945"},{"taxonomy":"post_tag","embeddable":true,"href":"https:\/\/www.prijedordanas.com\/index.php?rest_route=%2Fwp%2Fv2%2Ftags&post=216945"}],"curies":[{"name":"wp","href":"https:\/\/api.w.org\/{rel}","templated":true}]}}