{"id":216929,"date":"2023-12-28T17:31:18","date_gmt":"2023-12-28T16:31:18","guid":{"rendered":"https:\/\/www.prijedordanas.com\/?p=216929"},"modified":"2023-12-28T17:31:18","modified_gmt":"2023-12-28T16:31:18","slug":"hrgar-nakon-razgovora-s-gradonacelnikom-predlozicu-da-se-strajk-u-zavodu-za-izgradnju-grada-obustavi","status":"publish","type":"post","link":"https:\/\/www.prijedordanas.com\/?p=216929","title":{"rendered":"Hrgar nakon razgovora s gradona\u010delnikom: &#8220;Predlo\u017ei\u0107u da se \u0161trajk u Zavodu za izgradnju grada obustavi&#8221;"},"content":{"rendered":"<p><a href=\"https:\/\/www.prijedordanas.com\/wp-content\/uploads\/2023\/12\/kozarski-zigpd-strajk-hrgar.jpg\"><img loading=\"lazy\" decoding=\"async\" class=\"alignleft size-medium wp-image-216930\" src=\"https:\/\/www.prijedordanas.com\/wp-content\/uploads\/2023\/12\/kozarski-zigpd-strajk-hrgar-300x225.jpg\" alt=\"\" width=\"300\" height=\"225\" srcset=\"https:\/\/www.prijedordanas.com\/wp-content\/uploads\/2023\/12\/kozarski-zigpd-strajk-hrgar-300x225.jpg 300w, https:\/\/www.prijedordanas.com\/wp-content\/uploads\/2023\/12\/kozarski-zigpd-strajk-hrgar-640x480.jpg 640w, https:\/\/www.prijedordanas.com\/wp-content\/uploads\/2023\/12\/kozarski-zigpd-strajk-hrgar.jpg 667w\" sizes=\"(max-width: 300px) 100vw, 300px\" \/><\/a>Radnici Zavoda za izgradnju grada Prijedora \u010detvrti su dan u \u0161trajku upozorenja.<\/p>\n<p>Tra\u017eili su smjenu sada\u0161njeg te imenovanje novog privremenog rukovodstva, isplatu svih zaostalih primanja i uspostavljanje kvalitetnije saradnje s Gradom kao osniva\u010dem.<\/p>\n<p>Radnici su najavljivali da \u0107e 3. januara stupiti u generalni \u0161trajk, od kojeg \u0107e, po svoj prilici, odustati nakon dana\u0161njeg sastanka s gradona\u010delnikom Slobodanom Javorom.<\/p>\n<p>\u201cImali smo konkretne prijedloge i do\u0161li smo do konkretnih rje\u0161enja, samim tim, stvorili su se odre\u0111eni uslovi da se \u0161trajk u Preduze\u0107u obustavi, ali svakako \u0107emo o tome odr\u017eati sastanak u Sindikalnoj organizaciji. Moj prijedlog \u0107e biti da se \u0161trajk obustavi\u201d, jasan je Bojan Hrgar, predsjednik Sindikalne organizacije JU Zavod za izgradnju grada Prijedor.<\/p>\n<p><a href=\"https:\/\/www.prijedordanas.com\/wp-content\/uploads\/2023\/12\/kozarski-zigpd-strajk-javor.jpg\"><img loading=\"lazy\" decoding=\"async\" class=\"alignleft size-medium wp-image-216931\" src=\"https:\/\/www.prijedordanas.com\/wp-content\/uploads\/2023\/12\/kozarski-zigpd-strajk-javor-300x225.jpg\" alt=\"\" width=\"300\" height=\"225\" srcset=\"https:\/\/www.prijedordanas.com\/wp-content\/uploads\/2023\/12\/kozarski-zigpd-strajk-javor-300x225.jpg 300w, https:\/\/www.prijedordanas.com\/wp-content\/uploads\/2023\/12\/kozarski-zigpd-strajk-javor-640x480.jpg 640w, https:\/\/www.prijedordanas.com\/wp-content\/uploads\/2023\/12\/kozarski-zigpd-strajk-javor.jpg 667w\" sizes=\"(max-width: 300px) 100vw, 300px\" \/><\/a>Poja\u0161njava da je postignut dogovor da im Grad obezbijedi znatno vi\u0161e poslova, te da oni sami predlo\u017ee poslove koje bi mogli odraditi.<\/p>\n<p>\u201cPostigli smo dogovor da, ve\u0107 po\u010detkom idu\u0107e godine, budu preba\u010dena sredstva na osnovu poslova koje \u0107emo odraditi, da se isplate zaostala primanja i doprinosi, a s obzirom da direktoru (Tihomir Timarac) u martu isti\u010de mandat, smatramo da je to blizu i da \u0107e sve i\u0107i svojim tokom, kako grad i Zavod zaslu\u017euju\u201d, navodi Hrgar.<\/p>\n<p>Gradona\u010delnik Slobodan Javor izjavio je, nakon sastanka s predstavnicima Sindikata ovog preduze\u0107a, da razumije radnike i da problem nije novijeg datuma, kako u vezi sa komunikacijom rukovodstva s radnicima, tako i po pitanju plata koje im duguju.<\/p>\n<p><a href=\"https:\/\/www.prijedordanas.com\/wp-content\/uploads\/2023\/12\/kozarski-zigpd-strajk.jpg\"><img loading=\"lazy\" decoding=\"async\" src=\"https:\/\/www.prijedordanas.com\/wp-content\/uploads\/2023\/12\/kozarski-zigpd-strajk-300x225.jpg\" alt=\"\" width=\"300\" height=\"225\" class=\"alignleft size-medium wp-image-216932\" srcset=\"https:\/\/www.prijedordanas.com\/wp-content\/uploads\/2023\/12\/kozarski-zigpd-strajk-300x225.jpg 300w, https:\/\/www.prijedordanas.com\/wp-content\/uploads\/2023\/12\/kozarski-zigpd-strajk-640x480.jpg 640w, https:\/\/www.prijedordanas.com\/wp-content\/uploads\/2023\/12\/kozarski-zigpd-strajk.jpg 667w\" sizes=\"(max-width: 300px) 100vw, 300px\" \/><\/a>\u201cKraj je godine, idu novogodi\u0161nji i bo\u017ei\u0107ni praznici, a radnici nemaju platu. Trenutno jednu, a pitanje da li \u0107e dobiti i decembarsku. Razgovarali smo o na\u010dinu kako prevazi\u0107i probleme, da vidimo \u0161ta je to \u0161to Grad mo\u017ee da uradi u narednoj godini. Postigli smo dogovor da Grad pove\u0107a sredstva za projektovanje u narednoj godini, da poku\u0161amo na taj na\u010din da pomognemo Preduze\u0107u, da \u0161to vi\u0161e poslova urade. Samim tim, bi\u0107e vi\u0161e prihoda, ali klju\u010d ne le\u017ei u tome. Klju\u010d spasa Preduze\u0107a je isklju\u010divo u prihodima koje \u0107e obezbijediti sam Zavod\u201d, isti\u010de Javor.<\/p>\n<p><strong><a href=\"https:\/\/kozarski.com\/hrgar-nakon-razgovora-s-gradonacelnikom-predlozicu-da-se-strajk-obustavi\/\" target=\"_blank\" rel=\"noopener\">kozarski.com<\/a><\/strong><\/p>\n","protected":false},"excerpt":{"rendered":"<p>Radnici Zavoda za izgradnju grada Prijedora \u010detvrti su dan u \u0161trajku upozorenja. Tra\u017eili su smjenu sada\u0161njeg te imenovanje novog privremenog rukovodstva, isplatu svih zaostalih primanja i uspostavljanje kvalitetnije saradnje s [&hellip;]<\/p>\n","protected":false},"author":1,"featured_media":0,"comment_status":"closed","ping_status":"open","sticky":false,"template":"","format":"standard","meta":{"_monsterinsights_skip_tracking":false,"_monsterinsights_sitenote_active":false,"_monsterinsights_sitenote_note":"","_monsterinsights_sitenote_category":0,"footnotes":""},"categories":[4],"tags":[],"yoast_head":"<!-- This site is optimized with the Yoast SEO plugin v21.6 - https:\/\/yoast.com\/wordpress\/plugins\/seo\/ -->\n<title>Hrgar nakon razgovora s gradona\u010delnikom: &quot;Predlo\u017ei\u0107u da se \u0161trajk u Zavodu za izgradnju grada obustavi&quot; - PrijedorDanas.com - Prijedorski gradski portal<\/title>\n<meta name=\"robots\" content=\"index, follow, max-snippet:-1, max-image-preview:large, max-video-preview:-1\" \/>\n<link rel=\"canonical\" href=\"https:\/\/www.prijedordanas.com\/?p=216929\" \/>\n<meta property=\"og:locale\" content=\"en_US\" \/>\n<meta property=\"og:type\" content=\"article\" \/>\n<meta property=\"og:title\" content=\"Hrgar nakon razgovora s gradona\u010delnikom: &quot;Predlo\u017ei\u0107u da se \u0161trajk u Zavodu za izgradnju grada obustavi&quot; - PrijedorDanas.com - Prijedorski gradski portal\" \/>\n<meta property=\"og:description\" content=\"Radnici Zavoda za izgradnju grada Prijedora \u010detvrti su dan u \u0161trajku upozorenja. Tra\u017eili su smjenu sada\u0161njeg te imenovanje novog privremenog rukovodstva, isplatu svih zaostalih primanja i uspostavljanje kvalitetnije saradnje s [&hellip;]\" \/>\n<meta property=\"og:url\" content=\"https:\/\/www.prijedordanas.com\/?p=216929\" \/>\n<meta property=\"og:site_name\" content=\"PrijedorDanas.com - Prijedorski gradski portal\" \/>\n<meta property=\"article:publisher\" content=\"https:\/\/www.facebook.com\/PrijedorDanasCom\/\" \/>\n<meta property=\"article:published_time\" content=\"2023-12-28T16:31:18+00:00\" \/>\n<meta property=\"og:image\" content=\"https:\/\/www.prijedordanas.com\/wp-content\/uploads\/2023\/12\/kozarski-zigpd-strajk-hrgar-300x225.jpg\" \/>\n<meta name=\"author\" content=\"admin\" \/>\n<meta name=\"twitter:card\" content=\"summary_large_image\" \/>\n<meta name=\"twitter:label1\" content=\"Written by\" \/>\n\t<meta name=\"twitter:data1\" content=\"admin\" \/>\n\t<meta name=\"twitter:label2\" content=\"Est. reading time\" \/>\n\t<meta name=\"twitter:data2\" content=\"2 minutes\" \/>\n<script type=\"application\/ld+json\" class=\"yoast-schema-graph\">{\"@context\":\"https:\/\/schema.org\",\"@graph\":[{\"@type\":\"Article\",\"@id\":\"https:\/\/www.prijedordanas.com\/?p=216929#article\",\"isPartOf\":{\"@id\":\"https:\/\/www.prijedordanas.com\/?p=216929\"},\"author\":{\"name\":\"admin\",\"@id\":\"https:\/\/www.prijedordanas.com\/#\/schema\/person\/4e08ccf29b506ca916ff86d46bb700e6\"},\"headline\":\"Hrgar nakon razgovora s gradona\u010delnikom: &#8220;Predlo\u017ei\u0107u da se \u0161trajk u Zavodu za izgradnju grada obustavi&#8221;\",\"datePublished\":\"2023-12-28T16:31:18+00:00\",\"dateModified\":\"2023-12-28T16:31:18+00:00\",\"mainEntityOfPage\":{\"@id\":\"https:\/\/www.prijedordanas.com\/?p=216929\"},\"wordCount\":374,\"publisher\":{\"@id\":\"https:\/\/www.prijedordanas.com\/#organization\"},\"articleSection\":[\"Dru\u0161tvo\"],\"inLanguage\":\"en-US\"},{\"@type\":\"WebPage\",\"@id\":\"https:\/\/www.prijedordanas.com\/?p=216929\",\"url\":\"https:\/\/www.prijedordanas.com\/?p=216929\",\"name\":\"Hrgar nakon razgovora s gradona\u010delnikom: \\\"Predlo\u017ei\u0107u da se \u0161trajk u Zavodu za izgradnju grada obustavi\\\" - PrijedorDanas.com - Prijedorski gradski portal\",\"isPartOf\":{\"@id\":\"https:\/\/www.prijedordanas.com\/#website\"},\"datePublished\":\"2023-12-28T16:31:18+00:00\",\"dateModified\":\"2023-12-28T16:31:18+00:00\",\"breadcrumb\":{\"@id\":\"https:\/\/www.prijedordanas.com\/?p=216929#breadcrumb\"},\"inLanguage\":\"en-US\",\"potentialAction\":[{\"@type\":\"ReadAction\",\"target\":[\"https:\/\/www.prijedordanas.com\/?p=216929\"]}]},{\"@type\":\"BreadcrumbList\",\"@id\":\"https:\/\/www.prijedordanas.com\/?p=216929#breadcrumb\",\"itemListElement\":[{\"@type\":\"ListItem\",\"position\":1,\"name\":\"Home\",\"item\":\"https:\/\/www.prijedordanas.com\/\"},{\"@type\":\"ListItem\",\"position\":2,\"name\":\"Hrgar nakon razgovora s gradona\u010delnikom: &#8220;Predlo\u017ei\u0107u da se \u0161trajk u Zavodu za izgradnju grada obustavi&#8221;\"}]},{\"@type\":\"WebSite\",\"@id\":\"https:\/\/www.prijedordanas.com\/#website\",\"url\":\"https:\/\/www.prijedordanas.com\/\",\"name\":\"PrijedorDanas.com - Prijedorski gradski portal\",\"description\":\"Portal o doga\u0111anjima u gradu Prijedoru\",\"publisher\":{\"@id\":\"https:\/\/www.prijedordanas.com\/#organization\"},\"potentialAction\":[{\"@type\":\"SearchAction\",\"target\":{\"@type\":\"EntryPoint\",\"urlTemplate\":\"https:\/\/www.prijedordanas.com\/?s={search_term_string}\"},\"query-input\":\"required name=search_term_string\"}],\"inLanguage\":\"en-US\"},{\"@type\":\"Organization\",\"@id\":\"https:\/\/www.prijedordanas.com\/#organization\",\"name\":\"PrijedorDanas.com\",\"url\":\"https:\/\/www.prijedordanas.com\/\",\"logo\":{\"@type\":\"ImageObject\",\"inLanguage\":\"en-US\",\"@id\":\"https:\/\/www.prijedordanas.com\/#\/schema\/logo\/image\/\",\"url\":\"http:\/\/www.prijedordanas.com\/wp-content\/uploads\/2021\/12\/logopng.png\",\"contentUrl\":\"http:\/\/www.prijedordanas.com\/wp-content\/uploads\/2021\/12\/logopng.png\",\"width\":1019,\"height\":776,\"caption\":\"PrijedorDanas.com\"},\"image\":{\"@id\":\"https:\/\/www.prijedordanas.com\/#\/schema\/logo\/image\/\"},\"sameAs\":[\"https:\/\/www.facebook.com\/PrijedorDanasCom\/\"]},{\"@type\":\"Person\",\"@id\":\"https:\/\/www.prijedordanas.com\/#\/schema\/person\/4e08ccf29b506ca916ff86d46bb700e6\",\"name\":\"admin\",\"image\":{\"@type\":\"ImageObject\",\"inLanguage\":\"en-US\",\"@id\":\"https:\/\/www.prijedordanas.com\/#\/schema\/person\/image\/\",\"url\":\"https:\/\/secure.gravatar.com\/avatar\/1d3fc949d550f0b53a5f0d51e06dfd79?s=96&d=mm&r=g\",\"contentUrl\":\"https:\/\/secure.gravatar.com\/avatar\/1d3fc949d550f0b53a5f0d51e06dfd79?s=96&d=mm&r=g\",\"caption\":\"admin\"},\"url\":\"https:\/\/www.prijedordanas.com\/?author=1\"}]}<\/script>\n<!-- \/ Yoast SEO plugin. -->","yoast_head_json":{"title":"Hrgar nakon razgovora s gradona\u010delnikom: \"Predlo\u017ei\u0107u da se \u0161trajk u Zavodu za izgradnju grada obustavi\" - PrijedorDanas.com - Prijedorski gradski portal","robots":{"index":"index","follow":"follow","max-snippet":"max-snippet:-1","max-image-preview":"max-image-preview:large","max-video-preview":"max-video-preview:-1"},"canonical":"https:\/\/www.prijedordanas.com\/?p=216929","og_locale":"en_US","og_type":"article","og_title":"Hrgar nakon razgovora s gradona\u010delnikom: \"Predlo\u017ei\u0107u da se \u0161trajk u Zavodu za izgradnju grada obustavi\" - PrijedorDanas.com - Prijedorski gradski portal","og_description":"Radnici Zavoda za izgradnju grada Prijedora \u010detvrti su dan u \u0161trajku upozorenja. Tra\u017eili su smjenu sada\u0161njeg te imenovanje novog privremenog rukovodstva, isplatu svih zaostalih primanja i uspostavljanje kvalitetnije saradnje s [&hellip;]","og_url":"https:\/\/www.prijedordanas.com\/?p=216929","og_site_name":"PrijedorDanas.com - Prijedorski gradski portal","article_publisher":"https:\/\/www.facebook.com\/PrijedorDanasCom\/","article_published_time":"2023-12-28T16:31:18+00:00","og_image":[{"url":"https:\/\/www.prijedordanas.com\/wp-content\/uploads\/2023\/12\/kozarski-zigpd-strajk-hrgar-300x225.jpg"}],"author":"admin","twitter_card":"summary_large_image","twitter_misc":{"Written by":"admin","Est. reading time":"2 minutes"},"schema":{"@context":"https:\/\/schema.org","@graph":[{"@type":"Article","@id":"https:\/\/www.prijedordanas.com\/?p=216929#article","isPartOf":{"@id":"https:\/\/www.prijedordanas.com\/?p=216929"},"author":{"name":"admin","@id":"https:\/\/www.prijedordanas.com\/#\/schema\/person\/4e08ccf29b506ca916ff86d46bb700e6"},"headline":"Hrgar nakon razgovora s gradona\u010delnikom: &#8220;Predlo\u017ei\u0107u da se \u0161trajk u Zavodu za izgradnju grada obustavi&#8221;","datePublished":"2023-12-28T16:31:18+00:00","dateModified":"2023-12-28T16:31:18+00:00","mainEntityOfPage":{"@id":"https:\/\/www.prijedordanas.com\/?p=216929"},"wordCount":374,"publisher":{"@id":"https:\/\/www.prijedordanas.com\/#organization"},"articleSection":["Dru\u0161tvo"],"inLanguage":"en-US"},{"@type":"WebPage","@id":"https:\/\/www.prijedordanas.com\/?p=216929","url":"https:\/\/www.prijedordanas.com\/?p=216929","name":"Hrgar nakon razgovora s gradona\u010delnikom: \"Predlo\u017ei\u0107u da se \u0161trajk u Zavodu za izgradnju grada obustavi\" - PrijedorDanas.com - Prijedorski gradski portal","isPartOf":{"@id":"https:\/\/www.prijedordanas.com\/#website"},"datePublished":"2023-12-28T16:31:18+00:00","dateModified":"2023-12-28T16:31:18+00:00","breadcrumb":{"@id":"https:\/\/www.prijedordanas.com\/?p=216929#breadcrumb"},"inLanguage":"en-US","potentialAction":[{"@type":"ReadAction","target":["https:\/\/www.prijedordanas.com\/?p=216929"]}]},{"@type":"BreadcrumbList","@id":"https:\/\/www.prijedordanas.com\/?p=216929#breadcrumb","itemListElement":[{"@type":"ListItem","position":1,"name":"Home","item":"https:\/\/www.prijedordanas.com\/"},{"@type":"ListItem","position":2,"name":"Hrgar nakon razgovora s gradona\u010delnikom: &#8220;Predlo\u017ei\u0107u da se \u0161trajk u Zavodu za izgradnju grada obustavi&#8221;"}]},{"@type":"WebSite","@id":"https:\/\/www.prijedordanas.com\/#website","url":"https:\/\/www.prijedordanas.com\/","name":"PrijedorDanas.com - Prijedorski gradski portal","description":"Portal o doga\u0111anjima u gradu Prijedoru","publisher":{"@id":"https:\/\/www.prijedordanas.com\/#organization"},"potentialAction":[{"@type":"SearchAction","target":{"@type":"EntryPoint","urlTemplate":"https:\/\/www.prijedordanas.com\/?s={search_term_string}"},"query-input":"required name=search_term_string"}],"inLanguage":"en-US"},{"@type":"Organization","@id":"https:\/\/www.prijedordanas.com\/#organization","name":"PrijedorDanas.com","url":"https:\/\/www.prijedordanas.com\/","logo":{"@type":"ImageObject","inLanguage":"en-US","@id":"https:\/\/www.prijedordanas.com\/#\/schema\/logo\/image\/","url":"http:\/\/www.prijedordanas.com\/wp-content\/uploads\/2021\/12\/logopng.png","contentUrl":"http:\/\/www.prijedordanas.com\/wp-content\/uploads\/2021\/12\/logopng.png","width":1019,"height":776,"caption":"PrijedorDanas.com"},"image":{"@id":"https:\/\/www.prijedordanas.com\/#\/schema\/logo\/image\/"},"sameAs":["https:\/\/www.facebook.com\/PrijedorDanasCom\/"]},{"@type":"Person","@id":"https:\/\/www.prijedordanas.com\/#\/schema\/person\/4e08ccf29b506ca916ff86d46bb700e6","name":"admin","image":{"@type":"ImageObject","inLanguage":"en-US","@id":"https:\/\/www.prijedordanas.com\/#\/schema\/person\/image\/","url":"https:\/\/secure.gravatar.com\/avatar\/1d3fc949d550f0b53a5f0d51e06dfd79?s=96&d=mm&r=g","contentUrl":"https:\/\/secure.gravatar.com\/avatar\/1d3fc949d550f0b53a5f0d51e06dfd79?s=96&d=mm&r=g","caption":"admin"},"url":"https:\/\/www.prijedordanas.com\/?author=1"}]}},"_links":{"self":[{"href":"https:\/\/www.prijedordanas.com\/index.php?rest_route=\/wp\/v2\/posts\/216929"}],"collection":[{"href":"https:\/\/www.prijedordanas.com\/index.php?rest_route=\/wp\/v2\/posts"}],"about":[{"href":"https:\/\/www.prijedordanas.com\/index.php?rest_route=\/wp\/v2\/types\/post"}],"author":[{"embeddable":true,"href":"https:\/\/www.prijedordanas.com\/index.php?rest_route=\/wp\/v2\/users\/1"}],"replies":[{"embeddable":true,"href":"https:\/\/www.prijedordanas.com\/index.php?rest_route=%2Fwp%2Fv2%2Fcomments&post=216929"}],"version-history":[{"count":1,"href":"https:\/\/www.prijedordanas.com\/index.php?rest_route=\/wp\/v2\/posts\/216929\/revisions"}],"predecessor-version":[{"id":216933,"href":"https:\/\/www.prijedordanas.com\/index.php?rest_route=\/wp\/v2\/posts\/216929\/revisions\/216933"}],"wp:attachment":[{"href":"https:\/\/www.prijedordanas.com\/index.php?rest_route=%2Fwp%2Fv2%2Fmedia&parent=216929"}],"wp:term":[{"taxonomy":"category","embeddable":true,"href":"https:\/\/www.prijedordanas.com\/index.php?rest_route=%2Fwp%2Fv2%2Fcategories&post=216929"},{"taxonomy":"post_tag","embeddable":true,"href":"https:\/\/www.prijedordanas.com\/index.php?rest_route=%2Fwp%2Fv2%2Ftags&post=216929"}],"curies":[{"name":"wp","href":"https:\/\/api.w.org\/{rel}","templated":true}]}}