{"id":216912,"date":"2023-12-28T15:56:32","date_gmt":"2023-12-28T14:56:32","guid":{"rendered":"https:\/\/www.prijedordanas.com\/?p=216912"},"modified":"2023-12-28T15:56:32","modified_gmt":"2023-12-28T14:56:32","slug":"skupstina-grada-prijedora-usvojen-budzet-za-2024-godinu-foto","status":"publish","type":"post","link":"https:\/\/www.prijedordanas.com\/?p=216912","title":{"rendered":"Skup\u0161tina grada Prijedora: Usvojen bud\u017eet za 2024. godinu &#8211; FOTO"},"content":{"rendered":"<p><a href=\"https:\/\/www.prijedordanas.com\/wp-content\/uploads\/2023\/12\/skupstina-grada-28decembar-1.jpg\"><img loading=\"lazy\" decoding=\"async\" class=\"alignleft size-medium wp-image-216914\" src=\"https:\/\/www.prijedordanas.com\/wp-content\/uploads\/2023\/12\/skupstina-grada-28decembar-1-300x225.jpg\" alt=\"\" width=\"300\" height=\"225\" srcset=\"https:\/\/www.prijedordanas.com\/wp-content\/uploads\/2023\/12\/skupstina-grada-28decembar-1-300x225.jpg 300w, https:\/\/www.prijedordanas.com\/wp-content\/uploads\/2023\/12\/skupstina-grada-28decembar-1-640x480.jpg 640w, https:\/\/www.prijedordanas.com\/wp-content\/uploads\/2023\/12\/skupstina-grada-28decembar-1.jpg 667w\" sizes=\"(max-width: 300px) 100vw, 300px\" \/><\/a>Odbornici Skup\u0161tine grada Prijedora usvojili su danas prijedlog gradskog bud\u017eeta za 2024. godinu u iznosu od 71.629.766 KM.<\/p>\n<p>\u201cBud\u017eet je dobrim dijelom socijalni, zato \u0161to je ve\u0107ina sredstava namijenjena za o\u010duvanje pojedinih preduze\u0107a, a odnosi se i na plate radnika. Kada oko 30 odsto sredstava bude odlazilo u te svrhe, a 70 odsto na davanja koja se ti\u010du razvoja grada, onda mo\u017eemo re\u0107i da imamo razvojni bud\u017eet\u201d, rekao je Slobodan Javor, gradona\u010delnik Prijedora i najavio smjenu direktora koji nisu dostavili plan rada i razvoja preduze\u0107a.<\/p>\n<p>Iz Odjeljenja za finansije grada Prijedora isti\u010du da je nakon usvojenog nacrta bud\u017eeta za idu\u0107u godinu odr\u017eana javna rasprava, gdje je predlo\u017eeno 29 zahtjeva gra\u0111ana, nevladinih organizacija i korisnika bud\u017eeta grada Prijedora. Usvojeno je 15, a 14 nije zbog nedostatka sredstava.<\/p>\n<p><a href=\"https:\/\/www.prijedordanas.com\/wp-content\/uploads\/2023\/12\/skupstina-grada-28decembar-17.jpg\"><img loading=\"lazy\" decoding=\"async\" class=\"alignleft size-medium wp-image-216915\" src=\"https:\/\/www.prijedordanas.com\/wp-content\/uploads\/2023\/12\/skupstina-grada-28decembar-17-300x200.jpg\" alt=\"\" width=\"300\" height=\"200\" srcset=\"https:\/\/www.prijedordanas.com\/wp-content\/uploads\/2023\/12\/skupstina-grada-28decembar-17-300x200.jpg 300w, https:\/\/www.prijedordanas.com\/wp-content\/uploads\/2023\/12\/skupstina-grada-28decembar-17-480x320.jpg 480w, https:\/\/www.prijedordanas.com\/wp-content\/uploads\/2023\/12\/skupstina-grada-28decembar-17.jpg 600w\" sizes=\"(max-width: 300px) 100vw, 300px\" \/><\/a>\u201c\u0160to se ti\u010de razlike prijedloga u odnosu na nacrt bud\u017eeta to je 628.000 KM. Prijedlog koji je usvojen je manji u odnosu na nacrt, zbog kapitalnih investicija. Ono \u0161to je u nacrtu bilo u ve\u0107em iznosu je investicija za kupovinu vozila TVSJ Prijedor u iznosu od 2,3 miliona KM. Me\u0111utim, stekli su se uslovi da se ta investicija realizuje na teret 2023. godine, tako da je nismo uvrstili u prijedlog za 2024. godinu. Ostaje oko 1,6 miliona KM za kapitalne investicije koje \u0107e biti finansirane iz namjenskih i kreditnih sredstava, a u bud\u017eetu su za 2024. godinu\u201d, pojasnila je Maja Kuni\u0107, na\u010delnik Odjeljenja za finansije grada Prijedora.<\/p>\n<p>Bud\u017eet je podr\u017eao 21 odbornik, niko nije bio protiv, dok su dva bila suzdr\u017eana.<\/p>\n<p><a href=\"https:\/\/www.prijedordanas.com\/wp-content\/uploads\/2023\/12\/skupstina-grada-28decembar-7.jpg\"><img loading=\"lazy\" decoding=\"async\" class=\"alignleft size-medium wp-image-216916\" src=\"https:\/\/www.prijedordanas.com\/wp-content\/uploads\/2023\/12\/skupstina-grada-28decembar-7-300x225.jpg\" alt=\"\" width=\"300\" height=\"225\" srcset=\"https:\/\/www.prijedordanas.com\/wp-content\/uploads\/2023\/12\/skupstina-grada-28decembar-7-300x225.jpg 300w, https:\/\/www.prijedordanas.com\/wp-content\/uploads\/2023\/12\/skupstina-grada-28decembar-7-640x480.jpg 640w, https:\/\/www.prijedordanas.com\/wp-content\/uploads\/2023\/12\/skupstina-grada-28decembar-7.jpg 667w\" sizes=\"(max-width: 300px) 100vw, 300px\" \/><\/a>Biljana Kne\u017eevi\u0107, samostalni odbornik u Skup\u0161tini grada Prijedora istakla je da su potrebna ve\u0107a ulaganja u privredu i poljoprivredu.<\/p>\n<p>\u201cNe mo\u017ee se graditi i i\u0107i ka boljem, bez jake privrede i poljoprivrede, ulaganja u te sektore su minorna. Nema konkretnih projekata kojima \u0107ete dobiti mogu\u0107nost da idete u prosperitet i napredak kada su u pitanju te grane da biste iz toga mogli finansirati ostale projekte u koja se ula\u017eu znatno ve\u0107a sredstva\u201d, rekla je Biljana Kne\u017eevi\u0107, samostalni odbornik u Skup\u0161tini grada Prijedora.<\/p>\n<p>Jusuf Arifagi\u0107, odbornik \u201cPokreta za Prijedor\u201d u Skup\u0161tini grada Prijedora istakao je da je bud\u017eet koncipiran prema realnim prihodima, te tokom diskusije sugerisao da se poljoprivredno zemlji\u0161te s kojima raspola\u017ee Grad Prijedor mora bolje iskorisiti.<\/p>\n<p><a href=\"https:\/\/www.prijedordanas.com\/wp-content\/uploads\/2023\/12\/skupstina-grada-28decembar-5.jpg\"><img loading=\"lazy\" decoding=\"async\" src=\"https:\/\/www.prijedordanas.com\/wp-content\/uploads\/2023\/12\/skupstina-grada-28decembar-5-300x200.jpg\" alt=\"\" width=\"300\" height=\"200\" class=\"alignleft size-medium wp-image-216917\" srcset=\"https:\/\/www.prijedordanas.com\/wp-content\/uploads\/2023\/12\/skupstina-grada-28decembar-5-300x200.jpg 300w, https:\/\/www.prijedordanas.com\/wp-content\/uploads\/2023\/12\/skupstina-grada-28decembar-5-480x320.jpg 480w, https:\/\/www.prijedordanas.com\/wp-content\/uploads\/2023\/12\/skupstina-grada-28decembar-5.jpg 600w\" sizes=\"(max-width: 300px) 100vw, 300px\" \/><\/a>\u201cStatistika ka\u017ee da se na teritoriji grada Prijedora obra\u0111uje svega 15 odsto poljoprivrednog zemlji\u0161ta. Ako bismo ga stavili u funkciju i obradili, ako bismo izdvajali ve\u0107a sredstva za podsticaje u poljoprivredi mislim da bi daleko kvalitetnije punili bud\u017eet ovog grada. Punjenje bud\u017eeta iz sektora poljoprivrede bi bilo izuzetno zna\u010dajno\u201d, rekao je Arifagi\u0107.<\/p>\n<p>Novi odbornik Skup\u0161tine grada Prijedora \u017divko Babi\u0107 \/SNSD\/ polo\u017eio je zakletvu, nakon \u0161to mu je Centralna izborna komisija BiH verifikovala mandat. Babi\u0107 je na ovo mjesto do\u0161ao nakon \u0161to je odbornik Dalibor Kos imenovan za vr\u0161ioca du\u017enosti sekretara Skup\u0161tine.<\/p>\n<p><strong><a href=\"https:\/\/kozarski.com\/usvojen-budzet-za-2024-godinu\/\" target=\"_blank\" rel=\"noopener\">kozarski.com<\/a><\/strong><\/p>\n<p><a href=\"https:\/\/www.prijedordanas.com\/wp-content\/uploads\/2023\/12\/skupstina-grada-28decembar-6.jpg\"><img loading=\"lazy\" decoding=\"async\" src=\"https:\/\/www.prijedordanas.com\/wp-content\/uploads\/2023\/12\/skupstina-grada-28decembar-6-300x200.jpg\" alt=\"\" width=\"300\" height=\"200\" class=\"alignleft size-medium wp-image-216918\" srcset=\"https:\/\/www.prijedordanas.com\/wp-content\/uploads\/2023\/12\/skupstina-grada-28decembar-6-300x200.jpg 300w, https:\/\/www.prijedordanas.com\/wp-content\/uploads\/2023\/12\/skupstina-grada-28decembar-6-480x320.jpg 480w, https:\/\/www.prijedordanas.com\/wp-content\/uploads\/2023\/12\/skupstina-grada-28decembar-6.jpg 600w\" sizes=\"(max-width: 300px) 100vw, 300px\" \/><\/a> <a href=\"https:\/\/www.prijedordanas.com\/wp-content\/uploads\/2023\/12\/skupstina-grada-28decembar-3.jpg\"><img loading=\"lazy\" decoding=\"async\" src=\"https:\/\/www.prijedordanas.com\/wp-content\/uploads\/2023\/12\/skupstina-grada-28decembar-3-300x200.jpg\" alt=\"\" width=\"300\" height=\"200\" class=\"alignleft size-medium wp-image-216919\" srcset=\"https:\/\/www.prijedordanas.com\/wp-content\/uploads\/2023\/12\/skupstina-grada-28decembar-3-300x200.jpg 300w, https:\/\/www.prijedordanas.com\/wp-content\/uploads\/2023\/12\/skupstina-grada-28decembar-3-480x320.jpg 480w, https:\/\/www.prijedordanas.com\/wp-content\/uploads\/2023\/12\/skupstina-grada-28decembar-3.jpg 600w\" sizes=\"(max-width: 300px) 100vw, 300px\" \/><\/a><\/p>\n","protected":false},"excerpt":{"rendered":"<p>Odbornici Skup\u0161tine grada Prijedora usvojili su danas prijedlog gradskog bud\u017eeta za 2024. godinu u iznosu od 71.629.766 KM. \u201cBud\u017eet je dobrim dijelom socijalni, zato \u0161to je ve\u0107ina sredstava namijenjena za [&hellip;]<\/p>\n","protected":false},"author":1,"featured_media":0,"comment_status":"closed","ping_status":"open","sticky":false,"template":"","format":"standard","meta":{"_monsterinsights_skip_tracking":false,"_monsterinsights_sitenote_active":false,"_monsterinsights_sitenote_note":"","_monsterinsights_sitenote_category":0,"footnotes":""},"categories":[4],"tags":[],"yoast_head":"<!-- This site is optimized with the Yoast SEO plugin v21.6 - https:\/\/yoast.com\/wordpress\/plugins\/seo\/ -->\n<title>Skup\u0161tina grada Prijedora: Usvojen bud\u017eet za 2024. godinu - FOTO - PrijedorDanas.com - Prijedorski gradski portal<\/title>\n<meta name=\"robots\" content=\"index, follow, max-snippet:-1, max-image-preview:large, max-video-preview:-1\" \/>\n<link rel=\"canonical\" href=\"https:\/\/www.prijedordanas.com\/?p=216912\" \/>\n<meta property=\"og:locale\" content=\"en_US\" \/>\n<meta property=\"og:type\" content=\"article\" \/>\n<meta property=\"og:title\" content=\"Skup\u0161tina grada Prijedora: Usvojen bud\u017eet za 2024. godinu - FOTO - PrijedorDanas.com - Prijedorski gradski portal\" \/>\n<meta property=\"og:description\" content=\"Odbornici Skup\u0161tine grada Prijedora usvojili su danas prijedlog gradskog bud\u017eeta za 2024. godinu u iznosu od 71.629.766 KM. \u201cBud\u017eet je dobrim dijelom socijalni, zato \u0161to je ve\u0107ina sredstava namijenjena za [&hellip;]\" \/>\n<meta property=\"og:url\" content=\"https:\/\/www.prijedordanas.com\/?p=216912\" \/>\n<meta property=\"og:site_name\" content=\"PrijedorDanas.com - Prijedorski gradski portal\" \/>\n<meta property=\"article:publisher\" content=\"https:\/\/www.facebook.com\/PrijedorDanasCom\/\" \/>\n<meta property=\"article:published_time\" content=\"2023-12-28T14:56:32+00:00\" \/>\n<meta property=\"og:image\" content=\"https:\/\/www.prijedordanas.com\/wp-content\/uploads\/2023\/12\/skupstina-grada-28decembar-1-300x225.jpg\" \/>\n<meta name=\"author\" content=\"admin\" \/>\n<meta name=\"twitter:card\" content=\"summary_large_image\" \/>\n<meta name=\"twitter:label1\" content=\"Written by\" \/>\n\t<meta name=\"twitter:data1\" content=\"admin\" \/>\n\t<meta name=\"twitter:label2\" content=\"Est. reading time\" \/>\n\t<meta name=\"twitter:data2\" content=\"3 minutes\" \/>\n<script type=\"application\/ld+json\" class=\"yoast-schema-graph\">{\"@context\":\"https:\/\/schema.org\",\"@graph\":[{\"@type\":\"Article\",\"@id\":\"https:\/\/www.prijedordanas.com\/?p=216912#article\",\"isPartOf\":{\"@id\":\"https:\/\/www.prijedordanas.com\/?p=216912\"},\"author\":{\"name\":\"admin\",\"@id\":\"https:\/\/www.prijedordanas.com\/#\/schema\/person\/4e08ccf29b506ca916ff86d46bb700e6\"},\"headline\":\"Skup\u0161tina grada Prijedora: Usvojen bud\u017eet za 2024. godinu &#8211; FOTO\",\"datePublished\":\"2023-12-28T14:56:32+00:00\",\"dateModified\":\"2023-12-28T14:56:32+00:00\",\"mainEntityOfPage\":{\"@id\":\"https:\/\/www.prijedordanas.com\/?p=216912\"},\"wordCount\":508,\"publisher\":{\"@id\":\"https:\/\/www.prijedordanas.com\/#organization\"},\"articleSection\":[\"Dru\u0161tvo\"],\"inLanguage\":\"en-US\"},{\"@type\":\"WebPage\",\"@id\":\"https:\/\/www.prijedordanas.com\/?p=216912\",\"url\":\"https:\/\/www.prijedordanas.com\/?p=216912\",\"name\":\"Skup\u0161tina grada Prijedora: Usvojen bud\u017eet za 2024. godinu - FOTO - PrijedorDanas.com - Prijedorski gradski portal\",\"isPartOf\":{\"@id\":\"https:\/\/www.prijedordanas.com\/#website\"},\"datePublished\":\"2023-12-28T14:56:32+00:00\",\"dateModified\":\"2023-12-28T14:56:32+00:00\",\"breadcrumb\":{\"@id\":\"https:\/\/www.prijedordanas.com\/?p=216912#breadcrumb\"},\"inLanguage\":\"en-US\",\"potentialAction\":[{\"@type\":\"ReadAction\",\"target\":[\"https:\/\/www.prijedordanas.com\/?p=216912\"]}]},{\"@type\":\"BreadcrumbList\",\"@id\":\"https:\/\/www.prijedordanas.com\/?p=216912#breadcrumb\",\"itemListElement\":[{\"@type\":\"ListItem\",\"position\":1,\"name\":\"Home\",\"item\":\"https:\/\/www.prijedordanas.com\/\"},{\"@type\":\"ListItem\",\"position\":2,\"name\":\"Skup\u0161tina grada Prijedora: Usvojen bud\u017eet za 2024. godinu &#8211; FOTO\"}]},{\"@type\":\"WebSite\",\"@id\":\"https:\/\/www.prijedordanas.com\/#website\",\"url\":\"https:\/\/www.prijedordanas.com\/\",\"name\":\"PrijedorDanas.com - Prijedorski gradski portal\",\"description\":\"Portal o doga\u0111anjima u gradu Prijedoru\",\"publisher\":{\"@id\":\"https:\/\/www.prijedordanas.com\/#organization\"},\"potentialAction\":[{\"@type\":\"SearchAction\",\"target\":{\"@type\":\"EntryPoint\",\"urlTemplate\":\"https:\/\/www.prijedordanas.com\/?s={search_term_string}\"},\"query-input\":\"required name=search_term_string\"}],\"inLanguage\":\"en-US\"},{\"@type\":\"Organization\",\"@id\":\"https:\/\/www.prijedordanas.com\/#organization\",\"name\":\"PrijedorDanas.com\",\"url\":\"https:\/\/www.prijedordanas.com\/\",\"logo\":{\"@type\":\"ImageObject\",\"inLanguage\":\"en-US\",\"@id\":\"https:\/\/www.prijedordanas.com\/#\/schema\/logo\/image\/\",\"url\":\"http:\/\/www.prijedordanas.com\/wp-content\/uploads\/2021\/12\/logopng.png\",\"contentUrl\":\"http:\/\/www.prijedordanas.com\/wp-content\/uploads\/2021\/12\/logopng.png\",\"width\":1019,\"height\":776,\"caption\":\"PrijedorDanas.com\"},\"image\":{\"@id\":\"https:\/\/www.prijedordanas.com\/#\/schema\/logo\/image\/\"},\"sameAs\":[\"https:\/\/www.facebook.com\/PrijedorDanasCom\/\"]},{\"@type\":\"Person\",\"@id\":\"https:\/\/www.prijedordanas.com\/#\/schema\/person\/4e08ccf29b506ca916ff86d46bb700e6\",\"name\":\"admin\",\"image\":{\"@type\":\"ImageObject\",\"inLanguage\":\"en-US\",\"@id\":\"https:\/\/www.prijedordanas.com\/#\/schema\/person\/image\/\",\"url\":\"https:\/\/secure.gravatar.com\/avatar\/1d3fc949d550f0b53a5f0d51e06dfd79?s=96&d=mm&r=g\",\"contentUrl\":\"https:\/\/secure.gravatar.com\/avatar\/1d3fc949d550f0b53a5f0d51e06dfd79?s=96&d=mm&r=g\",\"caption\":\"admin\"},\"url\":\"https:\/\/www.prijedordanas.com\/?author=1\"}]}<\/script>\n<!-- \/ Yoast SEO plugin. -->","yoast_head_json":{"title":"Skup\u0161tina grada Prijedora: Usvojen bud\u017eet za 2024. godinu - FOTO - PrijedorDanas.com - Prijedorski gradski portal","robots":{"index":"index","follow":"follow","max-snippet":"max-snippet:-1","max-image-preview":"max-image-preview:large","max-video-preview":"max-video-preview:-1"},"canonical":"https:\/\/www.prijedordanas.com\/?p=216912","og_locale":"en_US","og_type":"article","og_title":"Skup\u0161tina grada Prijedora: Usvojen bud\u017eet za 2024. godinu - FOTO - PrijedorDanas.com - Prijedorski gradski portal","og_description":"Odbornici Skup\u0161tine grada Prijedora usvojili su danas prijedlog gradskog bud\u017eeta za 2024. godinu u iznosu od 71.629.766 KM. \u201cBud\u017eet je dobrim dijelom socijalni, zato \u0161to je ve\u0107ina sredstava namijenjena za [&hellip;]","og_url":"https:\/\/www.prijedordanas.com\/?p=216912","og_site_name":"PrijedorDanas.com - Prijedorski gradski portal","article_publisher":"https:\/\/www.facebook.com\/PrijedorDanasCom\/","article_published_time":"2023-12-28T14:56:32+00:00","og_image":[{"url":"https:\/\/www.prijedordanas.com\/wp-content\/uploads\/2023\/12\/skupstina-grada-28decembar-1-300x225.jpg"}],"author":"admin","twitter_card":"summary_large_image","twitter_misc":{"Written by":"admin","Est. reading time":"3 minutes"},"schema":{"@context":"https:\/\/schema.org","@graph":[{"@type":"Article","@id":"https:\/\/www.prijedordanas.com\/?p=216912#article","isPartOf":{"@id":"https:\/\/www.prijedordanas.com\/?p=216912"},"author":{"name":"admin","@id":"https:\/\/www.prijedordanas.com\/#\/schema\/person\/4e08ccf29b506ca916ff86d46bb700e6"},"headline":"Skup\u0161tina grada Prijedora: Usvojen bud\u017eet za 2024. godinu &#8211; FOTO","datePublished":"2023-12-28T14:56:32+00:00","dateModified":"2023-12-28T14:56:32+00:00","mainEntityOfPage":{"@id":"https:\/\/www.prijedordanas.com\/?p=216912"},"wordCount":508,"publisher":{"@id":"https:\/\/www.prijedordanas.com\/#organization"},"articleSection":["Dru\u0161tvo"],"inLanguage":"en-US"},{"@type":"WebPage","@id":"https:\/\/www.prijedordanas.com\/?p=216912","url":"https:\/\/www.prijedordanas.com\/?p=216912","name":"Skup\u0161tina grada Prijedora: Usvojen bud\u017eet za 2024. godinu - FOTO - PrijedorDanas.com - Prijedorski gradski portal","isPartOf":{"@id":"https:\/\/www.prijedordanas.com\/#website"},"datePublished":"2023-12-28T14:56:32+00:00","dateModified":"2023-12-28T14:56:32+00:00","breadcrumb":{"@id":"https:\/\/www.prijedordanas.com\/?p=216912#breadcrumb"},"inLanguage":"en-US","potentialAction":[{"@type":"ReadAction","target":["https:\/\/www.prijedordanas.com\/?p=216912"]}]},{"@type":"BreadcrumbList","@id":"https:\/\/www.prijedordanas.com\/?p=216912#breadcrumb","itemListElement":[{"@type":"ListItem","position":1,"name":"Home","item":"https:\/\/www.prijedordanas.com\/"},{"@type":"ListItem","position":2,"name":"Skup\u0161tina grada Prijedora: Usvojen bud\u017eet za 2024. godinu &#8211; FOTO"}]},{"@type":"WebSite","@id":"https:\/\/www.prijedordanas.com\/#website","url":"https:\/\/www.prijedordanas.com\/","name":"PrijedorDanas.com - Prijedorski gradski portal","description":"Portal o doga\u0111anjima u gradu Prijedoru","publisher":{"@id":"https:\/\/www.prijedordanas.com\/#organization"},"potentialAction":[{"@type":"SearchAction","target":{"@type":"EntryPoint","urlTemplate":"https:\/\/www.prijedordanas.com\/?s={search_term_string}"},"query-input":"required name=search_term_string"}],"inLanguage":"en-US"},{"@type":"Organization","@id":"https:\/\/www.prijedordanas.com\/#organization","name":"PrijedorDanas.com","url":"https:\/\/www.prijedordanas.com\/","logo":{"@type":"ImageObject","inLanguage":"en-US","@id":"https:\/\/www.prijedordanas.com\/#\/schema\/logo\/image\/","url":"http:\/\/www.prijedordanas.com\/wp-content\/uploads\/2021\/12\/logopng.png","contentUrl":"http:\/\/www.prijedordanas.com\/wp-content\/uploads\/2021\/12\/logopng.png","width":1019,"height":776,"caption":"PrijedorDanas.com"},"image":{"@id":"https:\/\/www.prijedordanas.com\/#\/schema\/logo\/image\/"},"sameAs":["https:\/\/www.facebook.com\/PrijedorDanasCom\/"]},{"@type":"Person","@id":"https:\/\/www.prijedordanas.com\/#\/schema\/person\/4e08ccf29b506ca916ff86d46bb700e6","name":"admin","image":{"@type":"ImageObject","inLanguage":"en-US","@id":"https:\/\/www.prijedordanas.com\/#\/schema\/person\/image\/","url":"https:\/\/secure.gravatar.com\/avatar\/1d3fc949d550f0b53a5f0d51e06dfd79?s=96&d=mm&r=g","contentUrl":"https:\/\/secure.gravatar.com\/avatar\/1d3fc949d550f0b53a5f0d51e06dfd79?s=96&d=mm&r=g","caption":"admin"},"url":"https:\/\/www.prijedordanas.com\/?author=1"}]}},"_links":{"self":[{"href":"https:\/\/www.prijedordanas.com\/index.php?rest_route=\/wp\/v2\/posts\/216912"}],"collection":[{"href":"https:\/\/www.prijedordanas.com\/index.php?rest_route=\/wp\/v2\/posts"}],"about":[{"href":"https:\/\/www.prijedordanas.com\/index.php?rest_route=\/wp\/v2\/types\/post"}],"author":[{"embeddable":true,"href":"https:\/\/www.prijedordanas.com\/index.php?rest_route=\/wp\/v2\/users\/1"}],"replies":[{"embeddable":true,"href":"https:\/\/www.prijedordanas.com\/index.php?rest_route=%2Fwp%2Fv2%2Fcomments&post=216912"}],"version-history":[{"count":1,"href":"https:\/\/www.prijedordanas.com\/index.php?rest_route=\/wp\/v2\/posts\/216912\/revisions"}],"predecessor-version":[{"id":216920,"href":"https:\/\/www.prijedordanas.com\/index.php?rest_route=\/wp\/v2\/posts\/216912\/revisions\/216920"}],"wp:attachment":[{"href":"https:\/\/www.prijedordanas.com\/index.php?rest_route=%2Fwp%2Fv2%2Fmedia&parent=216912"}],"wp:term":[{"taxonomy":"category","embeddable":true,"href":"https:\/\/www.prijedordanas.com\/index.php?rest_route=%2Fwp%2Fv2%2Fcategories&post=216912"},{"taxonomy":"post_tag","embeddable":true,"href":"https:\/\/www.prijedordanas.com\/index.php?rest_route=%2Fwp%2Fv2%2Ftags&post=216912"}],"curies":[{"name":"wp","href":"https:\/\/api.w.org\/{rel}","templated":true}]}}