{"id":216909,"date":"2023-12-28T15:33:24","date_gmt":"2023-12-28T14:33:24","guid":{"rendered":"https:\/\/www.prijedordanas.com\/?p=216909"},"modified":"2023-12-28T15:33:24","modified_gmt":"2023-12-28T14:33:24","slug":"vlada-rs-odlucila-najniza-plata-900-km-video","status":"publish","type":"post","link":"https:\/\/www.prijedordanas.com\/?p=216909","title":{"rendered":"Vlada RS odlu\u010dila: Najni\u017ea plata 900 KM &#8211; VIDEO"},"content":{"rendered":"<p><a href=\"https:\/\/www.prijedordanas.com\/wp-content\/uploads\/2023\/12\/vlada-rs.jpg\"><img loading=\"lazy\" decoding=\"async\" src=\"https:\/\/www.prijedordanas.com\/wp-content\/uploads\/2023\/12\/vlada-rs-300x225.jpg\" alt=\"\" width=\"300\" height=\"225\" class=\"alignleft size-medium wp-image-216910\" srcset=\"https:\/\/www.prijedordanas.com\/wp-content\/uploads\/2023\/12\/vlada-rs-300x225.jpg 300w, https:\/\/www.prijedordanas.com\/wp-content\/uploads\/2023\/12\/vlada-rs-640x480.jpg 640w, https:\/\/www.prijedordanas.com\/wp-content\/uploads\/2023\/12\/vlada-rs.jpg 666w\" sizes=\"(max-width: 300px) 100vw, 300px\" \/><\/a>Vlada Republike Srpske na dana\u0161njoj sjednici donijela je odluku da najni\u017ea plata u Srpskoj za 2024. godinu bude 900 KM.<\/p>\n<p>Ministar rada i bora\u010dko-invalidske za\u0161tite Republike Srpske Danijel Egi\u0107 rekao je da je Vlada odluku o najni\u017eoj plati donijela jer se na sjednicama Ekonomsko-socijalnog savjeta nije mogao posti\u0107i dogovor.<\/p>\n<p>&#8211; Mi smo u toku posljednjeg kvartala imali dvije sjednice koje su odr\u017eane, a na tre\u0107oj zakazanoj sjednici, koja je bila zakazana za pro\u0161lu sedmicu, Unija poslodavaca se nije pojavila uz obrazlo\u017eenje da oni ne\u0107e vi\u0161e da prisustvuju socijalnom dijalogu i u\u010destvuju o razgovorima o najni\u017eoj plati za 2024. godinu &#8211; rekao je Egi\u0107.<\/p>\n<p>Egi\u0107 je dodao da se najni\u017ea plata utvr\u0111uje uzimaju\u0107i u obzir kretanje plata, potro\u0161nju i kretanje privrede.<\/p>\n<p>Ministar rada je naveo da je cilj Vlade pove\u0107avanje standarda radnika i suzbijanje sive ekonomije, te je u skladu s tim odlu\u010deno o najni\u017eoj plati.<\/p>\n<p>&#8211; Visina najni\u017ee plate za 2024. godinu je tako\u0111e povezana i sa visinom inflacije koja je za novembar bila 3,1 odsto, a prosje\u010dna inflacija u periodu januar-novembar je bila 7,4 odsto &#8211; podsjetio je Egi\u0107.<\/p>\n<p>Premijer Srpske Radovan Vi\u0161kovi\u0107 ranije je rekao da \u0107e vjerovatno odlukom Vlade Srpske o iznosu najni\u017ee plate biti pogo\u0111eni odre\u0111en broj radnika i privrednika.<\/p>\n<p>On je najavio i da \u0107e Vlada pomo\u0107i privrednicima, koji doka\u017eu da trpe \u0161tetu zbog odluke u vezi pove\u0107anja minimalne plate.<\/p>\n<p>RTRS<\/p>\n<p><iframe loading=\"lazy\" title=\"Vlada Srpske odlu\u010dila: Najni\u017ea plata 900 KM\" width=\"500\" height=\"281\" src=\"https:\/\/www.youtube.com\/embed\/uEWtPAcZaBg?feature=oembed\" frameborder=\"0\" allow=\"accelerometer; autoplay; clipboard-write; encrypted-media; gyroscope; picture-in-picture; web-share\" allowfullscreen><\/iframe><\/p>\n","protected":false},"excerpt":{"rendered":"<p>Vlada Republike Srpske na dana\u0161njoj sjednici donijela je odluku da najni\u017ea plata u Srpskoj za 2024. godinu bude 900 KM. Ministar rada i bora\u010dko-invalidske za\u0161tite Republike Srpske Danijel Egi\u0107 rekao [&hellip;]<\/p>\n","protected":false},"author":1,"featured_media":0,"comment_status":"closed","ping_status":"open","sticky":false,"template":"","format":"standard","meta":{"_monsterinsights_skip_tracking":false,"_monsterinsights_sitenote_active":false,"_monsterinsights_sitenote_note":"","_monsterinsights_sitenote_category":0,"footnotes":""},"categories":[8],"tags":[],"yoast_head":"<!-- This site is optimized with the Yoast SEO plugin v21.6 - https:\/\/yoast.com\/wordpress\/plugins\/seo\/ -->\n<title>Vlada RS odlu\u010dila: Najni\u017ea plata 900 KM - VIDEO - PrijedorDanas.com - Prijedorski gradski portal<\/title>\n<meta name=\"robots\" content=\"index, follow, max-snippet:-1, max-image-preview:large, max-video-preview:-1\" \/>\n<link rel=\"canonical\" href=\"https:\/\/www.prijedordanas.com\/?p=216909\" \/>\n<meta property=\"og:locale\" content=\"en_US\" \/>\n<meta property=\"og:type\" content=\"article\" \/>\n<meta property=\"og:title\" content=\"Vlada RS odlu\u010dila: Najni\u017ea plata 900 KM - VIDEO - PrijedorDanas.com - Prijedorski gradski portal\" \/>\n<meta property=\"og:description\" content=\"Vlada Republike Srpske na dana\u0161njoj sjednici donijela je odluku da najni\u017ea plata u Srpskoj za 2024. godinu bude 900 KM. Ministar rada i bora\u010dko-invalidske za\u0161tite Republike Srpske Danijel Egi\u0107 rekao [&hellip;]\" \/>\n<meta property=\"og:url\" content=\"https:\/\/www.prijedordanas.com\/?p=216909\" \/>\n<meta property=\"og:site_name\" content=\"PrijedorDanas.com - Prijedorski gradski portal\" \/>\n<meta property=\"article:publisher\" content=\"https:\/\/www.facebook.com\/PrijedorDanasCom\/\" \/>\n<meta property=\"article:published_time\" content=\"2023-12-28T14:33:24+00:00\" \/>\n<meta property=\"og:image\" content=\"https:\/\/www.prijedordanas.com\/wp-content\/uploads\/2023\/12\/vlada-rs-300x225.jpg\" \/>\n<meta name=\"author\" content=\"admin\" \/>\n<meta name=\"twitter:card\" content=\"summary_large_image\" \/>\n<meta name=\"twitter:label1\" content=\"Written by\" \/>\n\t<meta name=\"twitter:data1\" content=\"admin\" \/>\n<script type=\"application\/ld+json\" class=\"yoast-schema-graph\">{\"@context\":\"https:\/\/schema.org\",\"@graph\":[{\"@type\":\"Article\",\"@id\":\"https:\/\/www.prijedordanas.com\/?p=216909#article\",\"isPartOf\":{\"@id\":\"https:\/\/www.prijedordanas.com\/?p=216909\"},\"author\":{\"name\":\"admin\",\"@id\":\"https:\/\/www.prijedordanas.com\/#\/schema\/person\/4e08ccf29b506ca916ff86d46bb700e6\"},\"headline\":\"Vlada RS odlu\u010dila: Najni\u017ea plata 900 KM &#8211; VIDEO\",\"datePublished\":\"2023-12-28T14:33:24+00:00\",\"dateModified\":\"2023-12-28T14:33:24+00:00\",\"mainEntityOfPage\":{\"@id\":\"https:\/\/www.prijedordanas.com\/?p=216909\"},\"wordCount\":269,\"publisher\":{\"@id\":\"https:\/\/www.prijedordanas.com\/#organization\"},\"articleSection\":[\"Svakodnevno\"],\"inLanguage\":\"en-US\"},{\"@type\":\"WebPage\",\"@id\":\"https:\/\/www.prijedordanas.com\/?p=216909\",\"url\":\"https:\/\/www.prijedordanas.com\/?p=216909\",\"name\":\"Vlada RS odlu\u010dila: Najni\u017ea plata 900 KM - VIDEO - PrijedorDanas.com - Prijedorski gradski portal\",\"isPartOf\":{\"@id\":\"https:\/\/www.prijedordanas.com\/#website\"},\"datePublished\":\"2023-12-28T14:33:24+00:00\",\"dateModified\":\"2023-12-28T14:33:24+00:00\",\"breadcrumb\":{\"@id\":\"https:\/\/www.prijedordanas.com\/?p=216909#breadcrumb\"},\"inLanguage\":\"en-US\",\"potentialAction\":[{\"@type\":\"ReadAction\",\"target\":[\"https:\/\/www.prijedordanas.com\/?p=216909\"]}]},{\"@type\":\"BreadcrumbList\",\"@id\":\"https:\/\/www.prijedordanas.com\/?p=216909#breadcrumb\",\"itemListElement\":[{\"@type\":\"ListItem\",\"position\":1,\"name\":\"Home\",\"item\":\"https:\/\/www.prijedordanas.com\/\"},{\"@type\":\"ListItem\",\"position\":2,\"name\":\"Vlada RS odlu\u010dila: Najni\u017ea plata 900 KM &#8211; VIDEO\"}]},{\"@type\":\"WebSite\",\"@id\":\"https:\/\/www.prijedordanas.com\/#website\",\"url\":\"https:\/\/www.prijedordanas.com\/\",\"name\":\"PrijedorDanas.com - Prijedorski gradski portal\",\"description\":\"Portal o doga\u0111anjima u gradu Prijedoru\",\"publisher\":{\"@id\":\"https:\/\/www.prijedordanas.com\/#organization\"},\"potentialAction\":[{\"@type\":\"SearchAction\",\"target\":{\"@type\":\"EntryPoint\",\"urlTemplate\":\"https:\/\/www.prijedordanas.com\/?s={search_term_string}\"},\"query-input\":\"required name=search_term_string\"}],\"inLanguage\":\"en-US\"},{\"@type\":\"Organization\",\"@id\":\"https:\/\/www.prijedordanas.com\/#organization\",\"name\":\"PrijedorDanas.com\",\"url\":\"https:\/\/www.prijedordanas.com\/\",\"logo\":{\"@type\":\"ImageObject\",\"inLanguage\":\"en-US\",\"@id\":\"https:\/\/www.prijedordanas.com\/#\/schema\/logo\/image\/\",\"url\":\"http:\/\/www.prijedordanas.com\/wp-content\/uploads\/2021\/12\/logopng.png\",\"contentUrl\":\"http:\/\/www.prijedordanas.com\/wp-content\/uploads\/2021\/12\/logopng.png\",\"width\":1019,\"height\":776,\"caption\":\"PrijedorDanas.com\"},\"image\":{\"@id\":\"https:\/\/www.prijedordanas.com\/#\/schema\/logo\/image\/\"},\"sameAs\":[\"https:\/\/www.facebook.com\/PrijedorDanasCom\/\"]},{\"@type\":\"Person\",\"@id\":\"https:\/\/www.prijedordanas.com\/#\/schema\/person\/4e08ccf29b506ca916ff86d46bb700e6\",\"name\":\"admin\",\"image\":{\"@type\":\"ImageObject\",\"inLanguage\":\"en-US\",\"@id\":\"https:\/\/www.prijedordanas.com\/#\/schema\/person\/image\/\",\"url\":\"https:\/\/secure.gravatar.com\/avatar\/1d3fc949d550f0b53a5f0d51e06dfd79?s=96&d=mm&r=g\",\"contentUrl\":\"https:\/\/secure.gravatar.com\/avatar\/1d3fc949d550f0b53a5f0d51e06dfd79?s=96&d=mm&r=g\",\"caption\":\"admin\"},\"url\":\"https:\/\/www.prijedordanas.com\/?author=1\"}]}<\/script>\n<!-- \/ Yoast SEO plugin. -->","yoast_head_json":{"title":"Vlada RS odlu\u010dila: Najni\u017ea plata 900 KM - VIDEO - PrijedorDanas.com - Prijedorski gradski portal","robots":{"index":"index","follow":"follow","max-snippet":"max-snippet:-1","max-image-preview":"max-image-preview:large","max-video-preview":"max-video-preview:-1"},"canonical":"https:\/\/www.prijedordanas.com\/?p=216909","og_locale":"en_US","og_type":"article","og_title":"Vlada RS odlu\u010dila: Najni\u017ea plata 900 KM - VIDEO - PrijedorDanas.com - Prijedorski gradski portal","og_description":"Vlada Republike Srpske na dana\u0161njoj sjednici donijela je odluku da najni\u017ea plata u Srpskoj za 2024. godinu bude 900 KM. Ministar rada i bora\u010dko-invalidske za\u0161tite Republike Srpske Danijel Egi\u0107 rekao [&hellip;]","og_url":"https:\/\/www.prijedordanas.com\/?p=216909","og_site_name":"PrijedorDanas.com - Prijedorski gradski portal","article_publisher":"https:\/\/www.facebook.com\/PrijedorDanasCom\/","article_published_time":"2023-12-28T14:33:24+00:00","og_image":[{"url":"https:\/\/www.prijedordanas.com\/wp-content\/uploads\/2023\/12\/vlada-rs-300x225.jpg"}],"author":"admin","twitter_card":"summary_large_image","twitter_misc":{"Written by":"admin"},"schema":{"@context":"https:\/\/schema.org","@graph":[{"@type":"Article","@id":"https:\/\/www.prijedordanas.com\/?p=216909#article","isPartOf":{"@id":"https:\/\/www.prijedordanas.com\/?p=216909"},"author":{"name":"admin","@id":"https:\/\/www.prijedordanas.com\/#\/schema\/person\/4e08ccf29b506ca916ff86d46bb700e6"},"headline":"Vlada RS odlu\u010dila: Najni\u017ea plata 900 KM &#8211; VIDEO","datePublished":"2023-12-28T14:33:24+00:00","dateModified":"2023-12-28T14:33:24+00:00","mainEntityOfPage":{"@id":"https:\/\/www.prijedordanas.com\/?p=216909"},"wordCount":269,"publisher":{"@id":"https:\/\/www.prijedordanas.com\/#organization"},"articleSection":["Svakodnevno"],"inLanguage":"en-US"},{"@type":"WebPage","@id":"https:\/\/www.prijedordanas.com\/?p=216909","url":"https:\/\/www.prijedordanas.com\/?p=216909","name":"Vlada RS odlu\u010dila: Najni\u017ea plata 900 KM - VIDEO - PrijedorDanas.com - Prijedorski gradski portal","isPartOf":{"@id":"https:\/\/www.prijedordanas.com\/#website"},"datePublished":"2023-12-28T14:33:24+00:00","dateModified":"2023-12-28T14:33:24+00:00","breadcrumb":{"@id":"https:\/\/www.prijedordanas.com\/?p=216909#breadcrumb"},"inLanguage":"en-US","potentialAction":[{"@type":"ReadAction","target":["https:\/\/www.prijedordanas.com\/?p=216909"]}]},{"@type":"BreadcrumbList","@id":"https:\/\/www.prijedordanas.com\/?p=216909#breadcrumb","itemListElement":[{"@type":"ListItem","position":1,"name":"Home","item":"https:\/\/www.prijedordanas.com\/"},{"@type":"ListItem","position":2,"name":"Vlada RS odlu\u010dila: Najni\u017ea plata 900 KM &#8211; VIDEO"}]},{"@type":"WebSite","@id":"https:\/\/www.prijedordanas.com\/#website","url":"https:\/\/www.prijedordanas.com\/","name":"PrijedorDanas.com - Prijedorski gradski portal","description":"Portal o doga\u0111anjima u gradu Prijedoru","publisher":{"@id":"https:\/\/www.prijedordanas.com\/#organization"},"potentialAction":[{"@type":"SearchAction","target":{"@type":"EntryPoint","urlTemplate":"https:\/\/www.prijedordanas.com\/?s={search_term_string}"},"query-input":"required name=search_term_string"}],"inLanguage":"en-US"},{"@type":"Organization","@id":"https:\/\/www.prijedordanas.com\/#organization","name":"PrijedorDanas.com","url":"https:\/\/www.prijedordanas.com\/","logo":{"@type":"ImageObject","inLanguage":"en-US","@id":"https:\/\/www.prijedordanas.com\/#\/schema\/logo\/image\/","url":"http:\/\/www.prijedordanas.com\/wp-content\/uploads\/2021\/12\/logopng.png","contentUrl":"http:\/\/www.prijedordanas.com\/wp-content\/uploads\/2021\/12\/logopng.png","width":1019,"height":776,"caption":"PrijedorDanas.com"},"image":{"@id":"https:\/\/www.prijedordanas.com\/#\/schema\/logo\/image\/"},"sameAs":["https:\/\/www.facebook.com\/PrijedorDanasCom\/"]},{"@type":"Person","@id":"https:\/\/www.prijedordanas.com\/#\/schema\/person\/4e08ccf29b506ca916ff86d46bb700e6","name":"admin","image":{"@type":"ImageObject","inLanguage":"en-US","@id":"https:\/\/www.prijedordanas.com\/#\/schema\/person\/image\/","url":"https:\/\/secure.gravatar.com\/avatar\/1d3fc949d550f0b53a5f0d51e06dfd79?s=96&d=mm&r=g","contentUrl":"https:\/\/secure.gravatar.com\/avatar\/1d3fc949d550f0b53a5f0d51e06dfd79?s=96&d=mm&r=g","caption":"admin"},"url":"https:\/\/www.prijedordanas.com\/?author=1"}]}},"_links":{"self":[{"href":"https:\/\/www.prijedordanas.com\/index.php?rest_route=\/wp\/v2\/posts\/216909"}],"collection":[{"href":"https:\/\/www.prijedordanas.com\/index.php?rest_route=\/wp\/v2\/posts"}],"about":[{"href":"https:\/\/www.prijedordanas.com\/index.php?rest_route=\/wp\/v2\/types\/post"}],"author":[{"embeddable":true,"href":"https:\/\/www.prijedordanas.com\/index.php?rest_route=\/wp\/v2\/users\/1"}],"replies":[{"embeddable":true,"href":"https:\/\/www.prijedordanas.com\/index.php?rest_route=%2Fwp%2Fv2%2Fcomments&post=216909"}],"version-history":[{"count":1,"href":"https:\/\/www.prijedordanas.com\/index.php?rest_route=\/wp\/v2\/posts\/216909\/revisions"}],"predecessor-version":[{"id":216911,"href":"https:\/\/www.prijedordanas.com\/index.php?rest_route=\/wp\/v2\/posts\/216909\/revisions\/216911"}],"wp:attachment":[{"href":"https:\/\/www.prijedordanas.com\/index.php?rest_route=%2Fwp%2Fv2%2Fmedia&parent=216909"}],"wp:term":[{"taxonomy":"category","embeddable":true,"href":"https:\/\/www.prijedordanas.com\/index.php?rest_route=%2Fwp%2Fv2%2Fcategories&post=216909"},{"taxonomy":"post_tag","embeddable":true,"href":"https:\/\/www.prijedordanas.com\/index.php?rest_route=%2Fwp%2Fv2%2Ftags&post=216909"}],"curies":[{"name":"wp","href":"https:\/\/api.w.org\/{rel}","templated":true}]}}