{"id":216803,"date":"2023-12-26T19:59:54","date_gmt":"2023-12-26T18:59:54","guid":{"rendered":"https:\/\/www.prijedordanas.com\/?p=216803"},"modified":"2023-12-26T19:59:54","modified_gmt":"2023-12-26T18:59:54","slug":"prijedorcani-se-pripremaju-za-docek-nove-godine","status":"publish","type":"post","link":"https:\/\/www.prijedordanas.com\/?p=216803","title":{"rendered":"Prijedor\u010dani se pripremaju za do\u010dek Nove godine"},"content":{"rendered":"<p><a href=\"https:\/\/www.prijedordanas.com\/wp-content\/uploads\/2023\/12\/atvbl-docek-nove-godine-prijedor.jpg\"><img loading=\"lazy\" decoding=\"async\" src=\"https:\/\/www.prijedordanas.com\/wp-content\/uploads\/2023\/12\/atvbl-docek-nove-godine-prijedor-300x225.jpg\" alt=\"\" width=\"300\" height=\"225\" class=\"alignleft size-medium wp-image-216804\" srcset=\"https:\/\/www.prijedordanas.com\/wp-content\/uploads\/2023\/12\/atvbl-docek-nove-godine-prijedor-300x225.jpg 300w, https:\/\/www.prijedordanas.com\/wp-content\/uploads\/2023\/12\/atvbl-docek-nove-godine-prijedor-640x480.jpg 640w, https:\/\/www.prijedordanas.com\/wp-content\/uploads\/2023\/12\/atvbl-docek-nove-godine-prijedor.jpg 667w\" sizes=\"(max-width: 300px) 100vw, 300px\" \/><\/a>Nova godina posebna je samo ako se do\u010deka sa dragim ljudima, pri\u010daju Prijedor\u010dani. Ve\u0107ina njih i starih, ali i mladih sa kojima smo razgovarali ka\u017eu da \u0107e Novu 2024. godinu do\u010dekati u ku\u0107nom ambijentu.<\/p>\n<p>&#8221;Vjerovatno neka ku\u0107na atmosfera&#8221;.<\/p>\n<p>&#8216;Neka vikendica, privatni prostor kod drugarice&#8221;<\/p>\n<p>&#8221;A kod ku\u0107e \u0107emo slaviti sa familijom i tako&#8221;, ka\u017eu Prijedor\u010dani.<\/p>\n<p>Rezervacije u ugostiteljskim objektima uveliko su u toku. Mjesta su skoro popunjena, a kako ka\u017eu i cijene  pristupa\u010dne. <\/p>\n<p>Do\u010dek Nove godine bi\u0107e organizovan i za najmla\u0111e u gradu na Sani. Iz Gradske uprave Prijedor potrudi\u0107e se da to za mali\u0161ane bude nezaboravan dan. <\/p>\n<p>&#8220;Naravno i ove godine \u0107e biti organizovana Dje\u010dija Nova godina gdje \u0107e grad Prijedor podijeliti 1000 paketi\u0107a. Sve to ne bi bilo upotpunjeno bez na\u0161ih animatora tako da smo za dva vikenda u okviru Zimskog grada organizovali Baka Mrazicu i Deda Mraza koji \u0107e dru\u017eiti sa na\u0161im mali\u0161anima&#8221;, rekla je Danijela Dodo\u0161, \u0161ef Kabineta gradona\u010delnika.<\/p>\n<p>Na trgu Majora Zorana Karlice do\u010dek Nove bi\u0107e organizovan uz grupu &#8221;Legende&#8221;. Me\u0111utim, ove godine novina je ta da \u0107e biti do\u010dekana bez vatrometa u pono\u0107. Sredstva planirana za tu namjenu bi\u0107e preusmjerena za nabavku hranilica za pse i ma\u010dke. <\/p>\n<p>Nova godina novi je po\u010detak. Sve ono \u0161to je bilo lo\u0161e u staroj zaboravite, a u novu 2024. sa dragim ljudima bilo da ste ku\u0107i, u ugostiteljskom objektu, na planini ili u drugom gradu zakora\u010dite sre\u0107ni i ispunjeni.<\/p>\n<p>atvbl.rs<\/p>\n","protected":false},"excerpt":{"rendered":"<p>Nova godina posebna je samo ako se do\u010deka sa dragim ljudima, pri\u010daju Prijedor\u010dani. Ve\u0107ina njih i starih, ali i mladih sa kojima smo razgovarali ka\u017eu da \u0107e Novu 2024. godinu [&hellip;]<\/p>\n","protected":false},"author":1,"featured_media":0,"comment_status":"closed","ping_status":"open","sticky":false,"template":"","format":"standard","meta":{"_monsterinsights_skip_tracking":false,"_monsterinsights_sitenote_active":false,"_monsterinsights_sitenote_note":"","_monsterinsights_sitenote_category":0,"footnotes":""},"categories":[4],"tags":[],"yoast_head":"<!-- This site is optimized with the Yoast SEO plugin v21.6 - https:\/\/yoast.com\/wordpress\/plugins\/seo\/ -->\n<title>Prijedor\u010dani se pripremaju za do\u010dek Nove godine - PrijedorDanas.com - Prijedorski gradski portal<\/title>\n<meta name=\"robots\" content=\"index, follow, max-snippet:-1, max-image-preview:large, max-video-preview:-1\" \/>\n<link rel=\"canonical\" href=\"https:\/\/www.prijedordanas.com\/?p=216803\" \/>\n<meta property=\"og:locale\" content=\"en_US\" \/>\n<meta property=\"og:type\" content=\"article\" \/>\n<meta property=\"og:title\" content=\"Prijedor\u010dani se pripremaju za do\u010dek Nove godine - PrijedorDanas.com - Prijedorski gradski portal\" \/>\n<meta property=\"og:description\" content=\"Nova godina posebna je samo ako se do\u010deka sa dragim ljudima, pri\u010daju Prijedor\u010dani. Ve\u0107ina njih i starih, ali i mladih sa kojima smo razgovarali ka\u017eu da \u0107e Novu 2024. godinu [&hellip;]\" \/>\n<meta property=\"og:url\" content=\"https:\/\/www.prijedordanas.com\/?p=216803\" \/>\n<meta property=\"og:site_name\" content=\"PrijedorDanas.com - Prijedorski gradski portal\" \/>\n<meta property=\"article:publisher\" content=\"https:\/\/www.facebook.com\/PrijedorDanasCom\/\" \/>\n<meta property=\"article:published_time\" content=\"2023-12-26T18:59:54+00:00\" \/>\n<meta property=\"og:image\" content=\"https:\/\/www.prijedordanas.com\/wp-content\/uploads\/2023\/12\/atvbl-docek-nove-godine-prijedor-300x225.jpg\" \/>\n<meta name=\"author\" content=\"admin\" \/>\n<meta name=\"twitter:card\" content=\"summary_large_image\" \/>\n<meta name=\"twitter:label1\" content=\"Written by\" \/>\n\t<meta name=\"twitter:data1\" content=\"admin\" \/>\n<script type=\"application\/ld+json\" class=\"yoast-schema-graph\">{\"@context\":\"https:\/\/schema.org\",\"@graph\":[{\"@type\":\"Article\",\"@id\":\"https:\/\/www.prijedordanas.com\/?p=216803#article\",\"isPartOf\":{\"@id\":\"https:\/\/www.prijedordanas.com\/?p=216803\"},\"author\":{\"name\":\"admin\",\"@id\":\"https:\/\/www.prijedordanas.com\/#\/schema\/person\/4e08ccf29b506ca916ff86d46bb700e6\"},\"headline\":\"Prijedor\u010dani se pripremaju za do\u010dek Nove godine\",\"datePublished\":\"2023-12-26T18:59:54+00:00\",\"dateModified\":\"2023-12-26T18:59:54+00:00\",\"mainEntityOfPage\":{\"@id\":\"https:\/\/www.prijedordanas.com\/?p=216803\"},\"wordCount\":275,\"publisher\":{\"@id\":\"https:\/\/www.prijedordanas.com\/#organization\"},\"articleSection\":[\"Dru\u0161tvo\"],\"inLanguage\":\"en-US\"},{\"@type\":\"WebPage\",\"@id\":\"https:\/\/www.prijedordanas.com\/?p=216803\",\"url\":\"https:\/\/www.prijedordanas.com\/?p=216803\",\"name\":\"Prijedor\u010dani se pripremaju za do\u010dek Nove godine - PrijedorDanas.com - Prijedorski gradski portal\",\"isPartOf\":{\"@id\":\"https:\/\/www.prijedordanas.com\/#website\"},\"datePublished\":\"2023-12-26T18:59:54+00:00\",\"dateModified\":\"2023-12-26T18:59:54+00:00\",\"breadcrumb\":{\"@id\":\"https:\/\/www.prijedordanas.com\/?p=216803#breadcrumb\"},\"inLanguage\":\"en-US\",\"potentialAction\":[{\"@type\":\"ReadAction\",\"target\":[\"https:\/\/www.prijedordanas.com\/?p=216803\"]}]},{\"@type\":\"BreadcrumbList\",\"@id\":\"https:\/\/www.prijedordanas.com\/?p=216803#breadcrumb\",\"itemListElement\":[{\"@type\":\"ListItem\",\"position\":1,\"name\":\"Home\",\"item\":\"https:\/\/www.prijedordanas.com\/\"},{\"@type\":\"ListItem\",\"position\":2,\"name\":\"Prijedor\u010dani se pripremaju za do\u010dek Nove godine\"}]},{\"@type\":\"WebSite\",\"@id\":\"https:\/\/www.prijedordanas.com\/#website\",\"url\":\"https:\/\/www.prijedordanas.com\/\",\"name\":\"PrijedorDanas.com - Prijedorski gradski portal\",\"description\":\"Portal o doga\u0111anjima u gradu Prijedoru\",\"publisher\":{\"@id\":\"https:\/\/www.prijedordanas.com\/#organization\"},\"potentialAction\":[{\"@type\":\"SearchAction\",\"target\":{\"@type\":\"EntryPoint\",\"urlTemplate\":\"https:\/\/www.prijedordanas.com\/?s={search_term_string}\"},\"query-input\":\"required name=search_term_string\"}],\"inLanguage\":\"en-US\"},{\"@type\":\"Organization\",\"@id\":\"https:\/\/www.prijedordanas.com\/#organization\",\"name\":\"PrijedorDanas.com\",\"url\":\"https:\/\/www.prijedordanas.com\/\",\"logo\":{\"@type\":\"ImageObject\",\"inLanguage\":\"en-US\",\"@id\":\"https:\/\/www.prijedordanas.com\/#\/schema\/logo\/image\/\",\"url\":\"http:\/\/www.prijedordanas.com\/wp-content\/uploads\/2021\/12\/logopng.png\",\"contentUrl\":\"http:\/\/www.prijedordanas.com\/wp-content\/uploads\/2021\/12\/logopng.png\",\"width\":1019,\"height\":776,\"caption\":\"PrijedorDanas.com\"},\"image\":{\"@id\":\"https:\/\/www.prijedordanas.com\/#\/schema\/logo\/image\/\"},\"sameAs\":[\"https:\/\/www.facebook.com\/PrijedorDanasCom\/\"]},{\"@type\":\"Person\",\"@id\":\"https:\/\/www.prijedordanas.com\/#\/schema\/person\/4e08ccf29b506ca916ff86d46bb700e6\",\"name\":\"admin\",\"image\":{\"@type\":\"ImageObject\",\"inLanguage\":\"en-US\",\"@id\":\"https:\/\/www.prijedordanas.com\/#\/schema\/person\/image\/\",\"url\":\"https:\/\/secure.gravatar.com\/avatar\/1d3fc949d550f0b53a5f0d51e06dfd79?s=96&d=mm&r=g\",\"contentUrl\":\"https:\/\/secure.gravatar.com\/avatar\/1d3fc949d550f0b53a5f0d51e06dfd79?s=96&d=mm&r=g\",\"caption\":\"admin\"},\"url\":\"https:\/\/www.prijedordanas.com\/?author=1\"}]}<\/script>\n<!-- \/ Yoast SEO plugin. -->","yoast_head_json":{"title":"Prijedor\u010dani se pripremaju za do\u010dek Nove godine - PrijedorDanas.com - Prijedorski gradski portal","robots":{"index":"index","follow":"follow","max-snippet":"max-snippet:-1","max-image-preview":"max-image-preview:large","max-video-preview":"max-video-preview:-1"},"canonical":"https:\/\/www.prijedordanas.com\/?p=216803","og_locale":"en_US","og_type":"article","og_title":"Prijedor\u010dani se pripremaju za do\u010dek Nove godine - PrijedorDanas.com - Prijedorski gradski portal","og_description":"Nova godina posebna je samo ako se do\u010deka sa dragim ljudima, pri\u010daju Prijedor\u010dani. Ve\u0107ina njih i starih, ali i mladih sa kojima smo razgovarali ka\u017eu da \u0107e Novu 2024. godinu [&hellip;]","og_url":"https:\/\/www.prijedordanas.com\/?p=216803","og_site_name":"PrijedorDanas.com - Prijedorski gradski portal","article_publisher":"https:\/\/www.facebook.com\/PrijedorDanasCom\/","article_published_time":"2023-12-26T18:59:54+00:00","og_image":[{"url":"https:\/\/www.prijedordanas.com\/wp-content\/uploads\/2023\/12\/atvbl-docek-nove-godine-prijedor-300x225.jpg"}],"author":"admin","twitter_card":"summary_large_image","twitter_misc":{"Written by":"admin"},"schema":{"@context":"https:\/\/schema.org","@graph":[{"@type":"Article","@id":"https:\/\/www.prijedordanas.com\/?p=216803#article","isPartOf":{"@id":"https:\/\/www.prijedordanas.com\/?p=216803"},"author":{"name":"admin","@id":"https:\/\/www.prijedordanas.com\/#\/schema\/person\/4e08ccf29b506ca916ff86d46bb700e6"},"headline":"Prijedor\u010dani se pripremaju za do\u010dek Nove godine","datePublished":"2023-12-26T18:59:54+00:00","dateModified":"2023-12-26T18:59:54+00:00","mainEntityOfPage":{"@id":"https:\/\/www.prijedordanas.com\/?p=216803"},"wordCount":275,"publisher":{"@id":"https:\/\/www.prijedordanas.com\/#organization"},"articleSection":["Dru\u0161tvo"],"inLanguage":"en-US"},{"@type":"WebPage","@id":"https:\/\/www.prijedordanas.com\/?p=216803","url":"https:\/\/www.prijedordanas.com\/?p=216803","name":"Prijedor\u010dani se pripremaju za do\u010dek Nove godine - PrijedorDanas.com - Prijedorski gradski portal","isPartOf":{"@id":"https:\/\/www.prijedordanas.com\/#website"},"datePublished":"2023-12-26T18:59:54+00:00","dateModified":"2023-12-26T18:59:54+00:00","breadcrumb":{"@id":"https:\/\/www.prijedordanas.com\/?p=216803#breadcrumb"},"inLanguage":"en-US","potentialAction":[{"@type":"ReadAction","target":["https:\/\/www.prijedordanas.com\/?p=216803"]}]},{"@type":"BreadcrumbList","@id":"https:\/\/www.prijedordanas.com\/?p=216803#breadcrumb","itemListElement":[{"@type":"ListItem","position":1,"name":"Home","item":"https:\/\/www.prijedordanas.com\/"},{"@type":"ListItem","position":2,"name":"Prijedor\u010dani se pripremaju za do\u010dek Nove godine"}]},{"@type":"WebSite","@id":"https:\/\/www.prijedordanas.com\/#website","url":"https:\/\/www.prijedordanas.com\/","name":"PrijedorDanas.com - Prijedorski gradski portal","description":"Portal o doga\u0111anjima u gradu Prijedoru","publisher":{"@id":"https:\/\/www.prijedordanas.com\/#organization"},"potentialAction":[{"@type":"SearchAction","target":{"@type":"EntryPoint","urlTemplate":"https:\/\/www.prijedordanas.com\/?s={search_term_string}"},"query-input":"required name=search_term_string"}],"inLanguage":"en-US"},{"@type":"Organization","@id":"https:\/\/www.prijedordanas.com\/#organization","name":"PrijedorDanas.com","url":"https:\/\/www.prijedordanas.com\/","logo":{"@type":"ImageObject","inLanguage":"en-US","@id":"https:\/\/www.prijedordanas.com\/#\/schema\/logo\/image\/","url":"http:\/\/www.prijedordanas.com\/wp-content\/uploads\/2021\/12\/logopng.png","contentUrl":"http:\/\/www.prijedordanas.com\/wp-content\/uploads\/2021\/12\/logopng.png","width":1019,"height":776,"caption":"PrijedorDanas.com"},"image":{"@id":"https:\/\/www.prijedordanas.com\/#\/schema\/logo\/image\/"},"sameAs":["https:\/\/www.facebook.com\/PrijedorDanasCom\/"]},{"@type":"Person","@id":"https:\/\/www.prijedordanas.com\/#\/schema\/person\/4e08ccf29b506ca916ff86d46bb700e6","name":"admin","image":{"@type":"ImageObject","inLanguage":"en-US","@id":"https:\/\/www.prijedordanas.com\/#\/schema\/person\/image\/","url":"https:\/\/secure.gravatar.com\/avatar\/1d3fc949d550f0b53a5f0d51e06dfd79?s=96&d=mm&r=g","contentUrl":"https:\/\/secure.gravatar.com\/avatar\/1d3fc949d550f0b53a5f0d51e06dfd79?s=96&d=mm&r=g","caption":"admin"},"url":"https:\/\/www.prijedordanas.com\/?author=1"}]}},"_links":{"self":[{"href":"https:\/\/www.prijedordanas.com\/index.php?rest_route=\/wp\/v2\/posts\/216803"}],"collection":[{"href":"https:\/\/www.prijedordanas.com\/index.php?rest_route=\/wp\/v2\/posts"}],"about":[{"href":"https:\/\/www.prijedordanas.com\/index.php?rest_route=\/wp\/v2\/types\/post"}],"author":[{"embeddable":true,"href":"https:\/\/www.prijedordanas.com\/index.php?rest_route=\/wp\/v2\/users\/1"}],"replies":[{"embeddable":true,"href":"https:\/\/www.prijedordanas.com\/index.php?rest_route=%2Fwp%2Fv2%2Fcomments&post=216803"}],"version-history":[{"count":1,"href":"https:\/\/www.prijedordanas.com\/index.php?rest_route=\/wp\/v2\/posts\/216803\/revisions"}],"predecessor-version":[{"id":216805,"href":"https:\/\/www.prijedordanas.com\/index.php?rest_route=\/wp\/v2\/posts\/216803\/revisions\/216805"}],"wp:attachment":[{"href":"https:\/\/www.prijedordanas.com\/index.php?rest_route=%2Fwp%2Fv2%2Fmedia&parent=216803"}],"wp:term":[{"taxonomy":"category","embeddable":true,"href":"https:\/\/www.prijedordanas.com\/index.php?rest_route=%2Fwp%2Fv2%2Fcategories&post=216803"},{"taxonomy":"post_tag","embeddable":true,"href":"https:\/\/www.prijedordanas.com\/index.php?rest_route=%2Fwp%2Fv2%2Ftags&post=216803"}],"curies":[{"name":"wp","href":"https:\/\/api.w.org\/{rel}","templated":true}]}}