{"id":216799,"date":"2023-12-26T19:39:14","date_gmt":"2023-12-26T18:39:14","guid":{"rendered":"https:\/\/www.prijedordanas.com\/?p=216799"},"modified":"2023-12-27T15:43:07","modified_gmt":"2023-12-27T14:43:07","slug":"pismo-koje-topi-srca-djecak-8-iz-prijedora-od-djeda-mraza-trazi-samo-jedno-da-nijedno-dijete-vise-ne-pati","status":"publish","type":"post","link":"https:\/\/www.prijedordanas.com\/?p=216799","title":{"rendered":"Pismo koje topi srca: Osmogodi\u0161nji dje\u010dak iz Prijedora od Djeda Mraza tra\u017ei samo jedno &#8211; &#8220;Da nijedno dijete vi\u0161e ne pati&#8221;"},"content":{"rendered":"<p><a href=\"https:\/\/www.prijedordanas.com\/wp-content\/uploads\/2023\/12\/radman-pismo-djeda-mrazu-1.jpg\"><img loading=\"lazy\" decoding=\"async\" class=\"alignleft size-medium wp-image-216800\" src=\"https:\/\/www.prijedordanas.com\/wp-content\/uploads\/2023\/12\/radman-pismo-djeda-mrazu-1-300x225.jpg\" alt=\"\" width=\"300\" height=\"225\" srcset=\"https:\/\/www.prijedordanas.com\/wp-content\/uploads\/2023\/12\/radman-pismo-djeda-mrazu-1-300x225.jpg 300w, https:\/\/www.prijedordanas.com\/wp-content\/uploads\/2023\/12\/radman-pismo-djeda-mrazu-1-640x480.jpg 640w, https:\/\/www.prijedordanas.com\/wp-content\/uploads\/2023\/12\/radman-pismo-djeda-mrazu-1.jpg 667w\" sizes=\"(max-width: 300px) 100vw, 300px\" \/><\/a>\u010citaoci\/Reporteri ATV-a, poslali su nam jedno zanimljivo pismo.<\/p>\n<p>Naime, dje\u010dak po imenu Radman koji ima osam godina i poha\u0111a tre\u0107i razred u Osnovnoj \u0161koli &#8220;Desanka Maksimovi\u0107&#8221; u Prijedoru, napisao je zanimljivo pismo Djeda Mrazu.<\/p>\n<p>Za razliku od njegovih vr\u0161njaka, koji od Djeda tra\u017ee poklone u vidu igra\u010daka ili slatki\u0161a, Radman je zamolio da ne\u0161to drugo.<\/p>\n<p>Ima samo jednu \u017eelju, a to je mir u svijetu.<\/p>\n<p>Ovako glasi njegovo pismo:<\/p>\n<p><a href=\"https:\/\/www.prijedordanas.com\/wp-content\/uploads\/2023\/12\/radman-pismo-djeda-mrazu-2.jpg\"><img loading=\"lazy\" decoding=\"async\" src=\"https:\/\/www.prijedordanas.com\/wp-content\/uploads\/2023\/12\/radman-pismo-djeda-mrazu-2-225x300.jpg\" alt=\"\" width=\"225\" height=\"300\" class=\"alignleft size-medium wp-image-216801\" srcset=\"https:\/\/www.prijedordanas.com\/wp-content\/uploads\/2023\/12\/radman-pismo-djeda-mrazu-2-225x300.jpg 225w, https:\/\/www.prijedordanas.com\/wp-content\/uploads\/2023\/12\/radman-pismo-djeda-mrazu-2.jpg 450w\" sizes=\"(max-width: 225px) 100vw, 225px\" \/><\/a>&#8220;Moje ime je Radman. Pi\u0161em ti ovo pismo, jer znam da ti ispunjava\u0161 sve \u017eelje. Ove godine sam bio dobar dje\u010dak. Svoje obaveze sam obavljao na vrijeme, pomagao sam majci i ocu, bio sam dobar brat i slu\u0161ao u\u010diteljicu. Ali, \u010dujem da ove godine neki tamo ljudi i nisu ba\u0161 dobri. \u010cujem da vode ratove i kvare mir na ovom svijetu. Ja te molim dragi moj Deda da razgovara\u0161 sa tim ljudima. Reci im Deda, da \u0161ire ljubav i da ovim svijetom treba da se \u010duje samo dje\u010diji osmijeh. Da nijedno dijete vi\u0161e ne pati i da ne bude \u017ertva nasilja i rata. Voli te tvoj Radman i pozdravljaju te moji seka i bata&#8221;, stoji u pismu.<\/p>\n<p>Pismo je napisano u okviru manifestacije &#8220;Pi\u0161em pismo Djedu Mrazu&#8221;.<\/p>\n<p>atvbl.rs<\/p>\n","protected":false},"excerpt":{"rendered":"<p>\u010citaoci\/Reporteri ATV-a, poslali su nam jedno zanimljivo pismo. Naime, dje\u010dak po imenu Radman koji ima osam godina i poha\u0111a tre\u0107i razred u Osnovnoj \u0161koli &#8220;Desanka Maksimovi\u0107&#8221; u Prijedoru, napisao je [&hellip;]<\/p>\n","protected":false},"author":1,"featured_media":0,"comment_status":"closed","ping_status":"open","sticky":false,"template":"","format":"standard","meta":{"_monsterinsights_skip_tracking":false,"_monsterinsights_sitenote_active":false,"_monsterinsights_sitenote_note":"","_monsterinsights_sitenote_category":0,"footnotes":""},"categories":[7518],"tags":[],"yoast_head":"<!-- This site is optimized with the Yoast SEO plugin v21.6 - https:\/\/yoast.com\/wordpress\/plugins\/seo\/ -->\n<title>Pismo koje topi srca: Osmogodi\u0161nji dje\u010dak iz Prijedora od Djeda Mraza tra\u017ei samo jedno - &quot;Da nijedno dijete vi\u0161e ne pati&quot; - PrijedorDanas.com - Prijedorski gradski portal<\/title>\n<meta name=\"robots\" content=\"index, follow, max-snippet:-1, max-image-preview:large, max-video-preview:-1\" \/>\n<link rel=\"canonical\" href=\"https:\/\/www.prijedordanas.com\/?p=216799\" \/>\n<meta property=\"og:locale\" content=\"en_US\" \/>\n<meta property=\"og:type\" content=\"article\" \/>\n<meta property=\"og:title\" content=\"Pismo koje topi srca: Osmogodi\u0161nji dje\u010dak iz Prijedora od Djeda Mraza tra\u017ei samo jedno - &quot;Da nijedno dijete vi\u0161e ne pati&quot; - PrijedorDanas.com - Prijedorski gradski portal\" \/>\n<meta property=\"og:description\" content=\"\u010citaoci\/Reporteri ATV-a, poslali su nam jedno zanimljivo pismo. Naime, dje\u010dak po imenu Radman koji ima osam godina i poha\u0111a tre\u0107i razred u Osnovnoj \u0161koli &#8220;Desanka Maksimovi\u0107&#8221; u Prijedoru, napisao je [&hellip;]\" \/>\n<meta property=\"og:url\" content=\"https:\/\/www.prijedordanas.com\/?p=216799\" \/>\n<meta property=\"og:site_name\" content=\"PrijedorDanas.com - Prijedorski gradski portal\" \/>\n<meta property=\"article:publisher\" content=\"https:\/\/www.facebook.com\/PrijedorDanasCom\/\" \/>\n<meta property=\"article:published_time\" content=\"2023-12-26T18:39:14+00:00\" \/>\n<meta property=\"article:modified_time\" content=\"2023-12-27T14:43:07+00:00\" \/>\n<meta property=\"og:image\" content=\"https:\/\/www.prijedordanas.com\/wp-content\/uploads\/2023\/12\/radman-pismo-djeda-mrazu-1-300x225.jpg\" \/>\n<meta name=\"author\" content=\"admin\" \/>\n<meta name=\"twitter:card\" content=\"summary_large_image\" \/>\n<meta name=\"twitter:label1\" content=\"Written by\" \/>\n\t<meta name=\"twitter:data1\" content=\"admin\" \/>\n\t<meta name=\"twitter:label2\" content=\"Est. reading time\" \/>\n\t<meta name=\"twitter:data2\" content=\"2 minutes\" \/>\n<script type=\"application\/ld+json\" class=\"yoast-schema-graph\">{\"@context\":\"https:\/\/schema.org\",\"@graph\":[{\"@type\":\"Article\",\"@id\":\"https:\/\/www.prijedordanas.com\/?p=216799#article\",\"isPartOf\":{\"@id\":\"https:\/\/www.prijedordanas.com\/?p=216799\"},\"author\":{\"name\":\"admin\",\"@id\":\"https:\/\/www.prijedordanas.com\/#\/schema\/person\/4e08ccf29b506ca916ff86d46bb700e6\"},\"headline\":\"Pismo koje topi srca: Osmogodi\u0161nji dje\u010dak iz Prijedora od Djeda Mraza tra\u017ei samo jedno &#8211; &#8220;Da nijedno dijete vi\u0161e ne pati&#8221;\",\"datePublished\":\"2023-12-26T18:39:14+00:00\",\"dateModified\":\"2023-12-27T14:43:07+00:00\",\"mainEntityOfPage\":{\"@id\":\"https:\/\/www.prijedordanas.com\/?p=216799\"},\"wordCount\":239,\"publisher\":{\"@id\":\"https:\/\/www.prijedordanas.com\/#organization\"},\"articleSection\":[\"Mladi\"],\"inLanguage\":\"en-US\"},{\"@type\":\"WebPage\",\"@id\":\"https:\/\/www.prijedordanas.com\/?p=216799\",\"url\":\"https:\/\/www.prijedordanas.com\/?p=216799\",\"name\":\"Pismo koje topi srca: Osmogodi\u0161nji dje\u010dak iz Prijedora od Djeda Mraza tra\u017ei samo jedno - \\\"Da nijedno dijete vi\u0161e ne pati\\\" - PrijedorDanas.com - Prijedorski gradski portal\",\"isPartOf\":{\"@id\":\"https:\/\/www.prijedordanas.com\/#website\"},\"datePublished\":\"2023-12-26T18:39:14+00:00\",\"dateModified\":\"2023-12-27T14:43:07+00:00\",\"breadcrumb\":{\"@id\":\"https:\/\/www.prijedordanas.com\/?p=216799#breadcrumb\"},\"inLanguage\":\"en-US\",\"potentialAction\":[{\"@type\":\"ReadAction\",\"target\":[\"https:\/\/www.prijedordanas.com\/?p=216799\"]}]},{\"@type\":\"BreadcrumbList\",\"@id\":\"https:\/\/www.prijedordanas.com\/?p=216799#breadcrumb\",\"itemListElement\":[{\"@type\":\"ListItem\",\"position\":1,\"name\":\"Home\",\"item\":\"https:\/\/www.prijedordanas.com\/\"},{\"@type\":\"ListItem\",\"position\":2,\"name\":\"Pismo koje topi srca: Osmogodi\u0161nji dje\u010dak iz Prijedora od Djeda Mraza tra\u017ei samo jedno &#8211; &#8220;Da nijedno dijete vi\u0161e ne pati&#8221;\"}]},{\"@type\":\"WebSite\",\"@id\":\"https:\/\/www.prijedordanas.com\/#website\",\"url\":\"https:\/\/www.prijedordanas.com\/\",\"name\":\"PrijedorDanas.com - Prijedorski gradski portal\",\"description\":\"Portal o doga\u0111anjima u gradu Prijedoru\",\"publisher\":{\"@id\":\"https:\/\/www.prijedordanas.com\/#organization\"},\"potentialAction\":[{\"@type\":\"SearchAction\",\"target\":{\"@type\":\"EntryPoint\",\"urlTemplate\":\"https:\/\/www.prijedordanas.com\/?s={search_term_string}\"},\"query-input\":\"required name=search_term_string\"}],\"inLanguage\":\"en-US\"},{\"@type\":\"Organization\",\"@id\":\"https:\/\/www.prijedordanas.com\/#organization\",\"name\":\"PrijedorDanas.com\",\"url\":\"https:\/\/www.prijedordanas.com\/\",\"logo\":{\"@type\":\"ImageObject\",\"inLanguage\":\"en-US\",\"@id\":\"https:\/\/www.prijedordanas.com\/#\/schema\/logo\/image\/\",\"url\":\"http:\/\/www.prijedordanas.com\/wp-content\/uploads\/2021\/12\/logopng.png\",\"contentUrl\":\"http:\/\/www.prijedordanas.com\/wp-content\/uploads\/2021\/12\/logopng.png\",\"width\":1019,\"height\":776,\"caption\":\"PrijedorDanas.com\"},\"image\":{\"@id\":\"https:\/\/www.prijedordanas.com\/#\/schema\/logo\/image\/\"},\"sameAs\":[\"https:\/\/www.facebook.com\/PrijedorDanasCom\/\"]},{\"@type\":\"Person\",\"@id\":\"https:\/\/www.prijedordanas.com\/#\/schema\/person\/4e08ccf29b506ca916ff86d46bb700e6\",\"name\":\"admin\",\"image\":{\"@type\":\"ImageObject\",\"inLanguage\":\"en-US\",\"@id\":\"https:\/\/www.prijedordanas.com\/#\/schema\/person\/image\/\",\"url\":\"https:\/\/secure.gravatar.com\/avatar\/1d3fc949d550f0b53a5f0d51e06dfd79?s=96&d=mm&r=g\",\"contentUrl\":\"https:\/\/secure.gravatar.com\/avatar\/1d3fc949d550f0b53a5f0d51e06dfd79?s=96&d=mm&r=g\",\"caption\":\"admin\"},\"url\":\"https:\/\/www.prijedordanas.com\/?author=1\"}]}<\/script>\n<!-- \/ Yoast SEO plugin. -->","yoast_head_json":{"title":"Pismo koje topi srca: Osmogodi\u0161nji dje\u010dak iz Prijedora od Djeda Mraza tra\u017ei samo jedno - \"Da nijedno dijete vi\u0161e ne pati\" - PrijedorDanas.com - Prijedorski gradski portal","robots":{"index":"index","follow":"follow","max-snippet":"max-snippet:-1","max-image-preview":"max-image-preview:large","max-video-preview":"max-video-preview:-1"},"canonical":"https:\/\/www.prijedordanas.com\/?p=216799","og_locale":"en_US","og_type":"article","og_title":"Pismo koje topi srca: Osmogodi\u0161nji dje\u010dak iz Prijedora od Djeda Mraza tra\u017ei samo jedno - \"Da nijedno dijete vi\u0161e ne pati\" - PrijedorDanas.com - Prijedorski gradski portal","og_description":"\u010citaoci\/Reporteri ATV-a, poslali su nam jedno zanimljivo pismo. Naime, dje\u010dak po imenu Radman koji ima osam godina i poha\u0111a tre\u0107i razred u Osnovnoj \u0161koli &#8220;Desanka Maksimovi\u0107&#8221; u Prijedoru, napisao je [&hellip;]","og_url":"https:\/\/www.prijedordanas.com\/?p=216799","og_site_name":"PrijedorDanas.com - Prijedorski gradski portal","article_publisher":"https:\/\/www.facebook.com\/PrijedorDanasCom\/","article_published_time":"2023-12-26T18:39:14+00:00","article_modified_time":"2023-12-27T14:43:07+00:00","og_image":[{"url":"https:\/\/www.prijedordanas.com\/wp-content\/uploads\/2023\/12\/radman-pismo-djeda-mrazu-1-300x225.jpg"}],"author":"admin","twitter_card":"summary_large_image","twitter_misc":{"Written by":"admin","Est. reading time":"2 minutes"},"schema":{"@context":"https:\/\/schema.org","@graph":[{"@type":"Article","@id":"https:\/\/www.prijedordanas.com\/?p=216799#article","isPartOf":{"@id":"https:\/\/www.prijedordanas.com\/?p=216799"},"author":{"name":"admin","@id":"https:\/\/www.prijedordanas.com\/#\/schema\/person\/4e08ccf29b506ca916ff86d46bb700e6"},"headline":"Pismo koje topi srca: Osmogodi\u0161nji dje\u010dak iz Prijedora od Djeda Mraza tra\u017ei samo jedno &#8211; &#8220;Da nijedno dijete vi\u0161e ne pati&#8221;","datePublished":"2023-12-26T18:39:14+00:00","dateModified":"2023-12-27T14:43:07+00:00","mainEntityOfPage":{"@id":"https:\/\/www.prijedordanas.com\/?p=216799"},"wordCount":239,"publisher":{"@id":"https:\/\/www.prijedordanas.com\/#organization"},"articleSection":["Mladi"],"inLanguage":"en-US"},{"@type":"WebPage","@id":"https:\/\/www.prijedordanas.com\/?p=216799","url":"https:\/\/www.prijedordanas.com\/?p=216799","name":"Pismo koje topi srca: Osmogodi\u0161nji dje\u010dak iz Prijedora od Djeda Mraza tra\u017ei samo jedno - \"Da nijedno dijete vi\u0161e ne pati\" - PrijedorDanas.com - Prijedorski gradski portal","isPartOf":{"@id":"https:\/\/www.prijedordanas.com\/#website"},"datePublished":"2023-12-26T18:39:14+00:00","dateModified":"2023-12-27T14:43:07+00:00","breadcrumb":{"@id":"https:\/\/www.prijedordanas.com\/?p=216799#breadcrumb"},"inLanguage":"en-US","potentialAction":[{"@type":"ReadAction","target":["https:\/\/www.prijedordanas.com\/?p=216799"]}]},{"@type":"BreadcrumbList","@id":"https:\/\/www.prijedordanas.com\/?p=216799#breadcrumb","itemListElement":[{"@type":"ListItem","position":1,"name":"Home","item":"https:\/\/www.prijedordanas.com\/"},{"@type":"ListItem","position":2,"name":"Pismo koje topi srca: Osmogodi\u0161nji dje\u010dak iz Prijedora od Djeda Mraza tra\u017ei samo jedno &#8211; &#8220;Da nijedno dijete vi\u0161e ne pati&#8221;"}]},{"@type":"WebSite","@id":"https:\/\/www.prijedordanas.com\/#website","url":"https:\/\/www.prijedordanas.com\/","name":"PrijedorDanas.com - Prijedorski gradski portal","description":"Portal o doga\u0111anjima u gradu Prijedoru","publisher":{"@id":"https:\/\/www.prijedordanas.com\/#organization"},"potentialAction":[{"@type":"SearchAction","target":{"@type":"EntryPoint","urlTemplate":"https:\/\/www.prijedordanas.com\/?s={search_term_string}"},"query-input":"required name=search_term_string"}],"inLanguage":"en-US"},{"@type":"Organization","@id":"https:\/\/www.prijedordanas.com\/#organization","name":"PrijedorDanas.com","url":"https:\/\/www.prijedordanas.com\/","logo":{"@type":"ImageObject","inLanguage":"en-US","@id":"https:\/\/www.prijedordanas.com\/#\/schema\/logo\/image\/","url":"http:\/\/www.prijedordanas.com\/wp-content\/uploads\/2021\/12\/logopng.png","contentUrl":"http:\/\/www.prijedordanas.com\/wp-content\/uploads\/2021\/12\/logopng.png","width":1019,"height":776,"caption":"PrijedorDanas.com"},"image":{"@id":"https:\/\/www.prijedordanas.com\/#\/schema\/logo\/image\/"},"sameAs":["https:\/\/www.facebook.com\/PrijedorDanasCom\/"]},{"@type":"Person","@id":"https:\/\/www.prijedordanas.com\/#\/schema\/person\/4e08ccf29b506ca916ff86d46bb700e6","name":"admin","image":{"@type":"ImageObject","inLanguage":"en-US","@id":"https:\/\/www.prijedordanas.com\/#\/schema\/person\/image\/","url":"https:\/\/secure.gravatar.com\/avatar\/1d3fc949d550f0b53a5f0d51e06dfd79?s=96&d=mm&r=g","contentUrl":"https:\/\/secure.gravatar.com\/avatar\/1d3fc949d550f0b53a5f0d51e06dfd79?s=96&d=mm&r=g","caption":"admin"},"url":"https:\/\/www.prijedordanas.com\/?author=1"}]}},"_links":{"self":[{"href":"https:\/\/www.prijedordanas.com\/index.php?rest_route=\/wp\/v2\/posts\/216799"}],"collection":[{"href":"https:\/\/www.prijedordanas.com\/index.php?rest_route=\/wp\/v2\/posts"}],"about":[{"href":"https:\/\/www.prijedordanas.com\/index.php?rest_route=\/wp\/v2\/types\/post"}],"author":[{"embeddable":true,"href":"https:\/\/www.prijedordanas.com\/index.php?rest_route=\/wp\/v2\/users\/1"}],"replies":[{"embeddable":true,"href":"https:\/\/www.prijedordanas.com\/index.php?rest_route=%2Fwp%2Fv2%2Fcomments&post=216799"}],"version-history":[{"count":2,"href":"https:\/\/www.prijedordanas.com\/index.php?rest_route=\/wp\/v2\/posts\/216799\/revisions"}],"predecessor-version":[{"id":216832,"href":"https:\/\/www.prijedordanas.com\/index.php?rest_route=\/wp\/v2\/posts\/216799\/revisions\/216832"}],"wp:attachment":[{"href":"https:\/\/www.prijedordanas.com\/index.php?rest_route=%2Fwp%2Fv2%2Fmedia&parent=216799"}],"wp:term":[{"taxonomy":"category","embeddable":true,"href":"https:\/\/www.prijedordanas.com\/index.php?rest_route=%2Fwp%2Fv2%2Fcategories&post=216799"},{"taxonomy":"post_tag","embeddable":true,"href":"https:\/\/www.prijedordanas.com\/index.php?rest_route=%2Fwp%2Fv2%2Ftags&post=216799"}],"curies":[{"name":"wp","href":"https:\/\/api.w.org\/{rel}","templated":true}]}}