{"id":216532,"date":"2023-12-23T12:16:03","date_gmt":"2023-12-23T11:16:03","guid":{"rendered":"https:\/\/www.prijedordanas.com\/?p=216532"},"modified":"2023-12-31T12:11:34","modified_gmt":"2023-12-31T11:11:34","slug":"ekskluzivno-iz-sudnice-o-slucaju-1-342-vakcine-prijedorskog-doma-zdravlja-10","status":"publish","type":"post","link":"https:\/\/www.prijedordanas.com\/?p=216532","title":{"rendered":"EKSKLUZIVNO: Iz sudnice o slu\u010daju 1.342 vakcine prijedorskog Doma zdravlja (10)"},"content":{"rendered":"<p><a href=\"https:\/\/www.prijedordanas.com\/wp-content\/uploads\/2022\/03\/blic-pravda-ilustracija.jpg\"><img loading=\"lazy\" decoding=\"async\" src=\"https:\/\/www.prijedordanas.com\/wp-content\/uploads\/2022\/03\/blic-pravda-ilustracija-300x225.jpg\" alt=\"\" width=\"300\" height=\"225\" class=\"alignleft size-medium wp-image-183523\" srcset=\"https:\/\/www.prijedordanas.com\/wp-content\/uploads\/2022\/03\/blic-pravda-ilustracija-300x225.jpg 300w, https:\/\/www.prijedordanas.com\/wp-content\/uploads\/2022\/03\/blic-pravda-ilustracija-640x480.jpg 640w, https:\/\/www.prijedordanas.com\/wp-content\/uploads\/2022\/03\/blic-pravda-ilustracija.jpg 667w\" sizes=\"(max-width: 300px) 100vw, 300px\" \/><\/a><strong>Svjedo\u010denje Dra\u0161ka Brezi\u010danina<\/strong><\/p>\n<p>Portal <a href=\"https:\/\/www.prijedordanas.com\/\" target=\"_blank\" rel=\"noopener\">prijedordanas.com<\/a> u <strong><a href=\"https:\/\/www.prijedordanas.com\/?p=216451\" rel=\"noopener\" target=\"_blank\">nastavcima<\/a><\/strong> donosi izbor izgovorenog pred Osnovnim sudom u Prijedoru tokom krivi\u010dnog postupka po <strong><a href=\"https:\/\/portalfo2.pravosudje.ba\/vstvfo-api\/vijest\/download\/82132\" target=\"_blank\" rel=\"noopener\">optu\u017enici Okru\u017enog javnog tu\u017eila\u0161tva \/OJT\/ Prijedor<\/a><\/strong>, iz oblasti privrednog kriminala, protiv na\u010delnice Higijensko-epidemiolo\u0161ke slu\u017ebe \/HES\/ Doma zdravlja Prijedor Milice Otkovi\u0107 zbog neupotrebljivosti 1.342 vakcine Sputnjik Ve i imovinske \u0161tete za Republiku Srpsku od 45.010,68 KM.<\/p>\n<p>U prvostepenom postupku Milica Otkovi\u0107 je <strong><a href=\"https:\/\/www.prijedordanas.com\/?p=215138\" target=\"_blank\" rel=\"noopener\">oslobo\u0111ena<\/a><\/strong> krivice.<\/p>\n<p>Danas donosimo dijelove saslu\u0161anja svjedoka Dra\u0161ka Brezi\u010danina \/u vrijeme predmetnog doga\u0111aja i u vrijeme saslu\u0161anja na\u010delnik slu\u017ebe hitne medicinske pomo\u0107i u Domu zdravlja Prijedor\/ od 26. aprila 2023. godine. Sudija je Neboj\u0161a Manojlovi\u0107, okru\u017eni javni tu\u017eilac Sanja \u0110akovi\u0107, a branilac Milice Otkovi\u0107 je advokat Savan Zec.<\/p>\n<p>TU\u017dILAC: Da li vam je bilo poznato da portiri ne rade no\u0107u u okviru Doma zdravlja?<br \/>\nSVJEDOK: Poznato mi je bilo, ali to niko zvani\u010dno nama nije saop\u0161tio, po\u0161to smo mi vezani za tu slu\u017ebu i oni nama trebaju.<br \/>\n\/\u2026\/ TU\u017dILAC: Da li se vi povodom toga obra\u0107ate ikome?<br \/>\nSVJEDOK: Naravno, naravno. \/\u2026\/ Rukovodstvu, direktoru, pomo\u0107niku direktora, u razgovorima na sastancima. Uglavnom, to se ignorisalo.<br \/>\n\/\u2026\/TU\u017dILAC: Kad ka\u017eete obra\u0107ate se direktoru, ko je tad direktor, u to vrijeme?<br \/>\nSVJEDOK: Slavica Popovi\u0107 je bila tad, a poslije, vrlo kratko je bio gospodin Javor. Ne mogu se sjetiti da sam se ba\u0161 njemu obra\u0107ao, ali znam pomo\u0107niku njegovom, zamjeniku, Dijani \u0110eri\u0107, dok je bila kod nas u posjeti slu\u017ebi, ja sam to njoj govorio, uglavnom nije to nai\u0161lo\u2026<br \/>\n\/\u2026\/ TU\u017dILAC: I nakon tog odbijanja, vi\u0161e se ne obra\u0107ate povodom toga?<br \/>\nSVJEDOK: Pa, ne obra\u0107am se ni danas, ni danas ih nema, ne vrijedi. <\/p>\n<p>TU\u017dILAC: Da li vam je poznato da li je bio neki dogovor, usmeni, pismeni, sa ovdje prisutnom optu\u017eenom na\u010delnicom HES-a da se u slu\u010daju nestanka elektri\u010dne energije u toku no\u0107i da pripadnici slu\u017ebe hitne medicinske pomo\u0107i obavje\u0161tavaju bilo koga? Da li su imali obavezu ikakvu? Da li je postojao ikakav dogovor?<br \/>\nSVJEDOK: Ne. \/\u2026\/ Niti bi taj dogovor mogao da se provede bez direktora, bez znanja direktora ili nekog iz rukovodstva, mislim pomo\u0107nika ili glavne sestre. <\/p>\n<p>BRANILAC: Samo \u0107u prvo u vezi tih imena, prezimena. Vi ka\u017eete da ste u novembru, kad se ovo doga\u0111a i ukida taj no\u0107ni rad portira, da ste vi na bolovanju?<br \/>\nSVJEDOK: Taj dan sam oti\u0161ao na bolovanje, po\u0161to sam dobio kovid, i od glavne sestre \/slu\u017ebe hitne pomo\u0107i Radmile Gnjatovi\u0107\/ sam obavije\u0161ten da imaju problem u slu\u017ebi. \/\u2026\/ Ona me obavje\u0161tava da je \u010dula od portira pred kafi\u0107em da joj je on mahnuo i rekao, evo, od ve\u010deras mi ne pokrivamo no\u0107u, \u0161to je nas iznenadilo. Nas niko zvani\u010dno obavijestio, zna\u010di, niko nas zvani\u010dno nije obavijestio niti odr\u017eao sastanak. Ja sam kontaktirao glavnu sestru \/moje slu\u017ebe\/ da li je ona obavije\u0161tena zvani\u010dno. \/\u2026\/ Ona me obavje\u0161tava o svemu, pa i o tome, po\u0161to je to bila va\u017ena stvar za na\u0161u slu\u017ebu.<\/p>\n<p>BRANILAC: Koje vi vakcine dr\u017eite u va\u0161im prostorijama?<br \/>\nSVJEDOK: Pa, dr\u017eimo vakcine protiv tetanusa, antiserum protiv tetanusa i antiserum protiv zmijskog otrova.<br \/>\nBRANILAC: I jesam li ja u pravu da je taj agregat, kakav god bio, da su na njega isklju\u010divo u Domu zdravlja bili priklju\u010deni fri\u017eideri sa vakcinama u HES-u i u va\u0161oj ovoj prostoriji hitne slu\u017ebe?<br \/>\nSVJEDOK: Ja to ne znam, trebalo bi da je tako, ali ja ne znam da li je jo\u0161 \u0161ta bilo priklju\u010deno.<br \/>\nBRANILAC: Dobro, ako ne znate za druge, ali znate da je taj fri\u017eider koji se nalazi u va\u0161im prostorijama, gdje stoje va\u0161e vakcine, da on jeste spojen sa tim agregatom?<br \/>\nSVJEDOK: Jeste, da, znali smo za to i trebao nam je. Nama je trebao i agregat i portir, nama je to trebalo. Ja i doktorica Otkovi\u0107 nismo to mogli da rije\u0161imo, zna\u010di, to je trebao neko ko je, takva nam je slu\u017eba bila, Dom zdravlja je tako ustrojen da bez direktora na\u010delnici slu\u017ebe nisu ba\u0161 ne\u0161to mo\u0107ni.<\/p>\n<p>BRANILAC: E, sad, kad ste se vi vratili sa bolovanja tog, ne znam kolko ste bili na bolovanju?<br \/>\nSVJEDOK: 21 dan.<br \/>\nBRANILAC: Jeste li ikad o tome pri\u010dali sa Aleksandrom \u0160kori\u0107em ili niste?<br \/>\nSVJEDOK: Sa njim ne. Ne smatram ga ozbiljnim za takve stvari. \/\u2026\/ Mislim da on ni ne bi mogao to raditi bez direktora i da on nije mogao ukinuti portirsku slu\u017ebu bez direktora, to daleko od toga, ali mogao je da nas obavijesti, da mi znamo, da se pripremimo kao \u0161to je mogao i HES da obavijesti i trebao je da obavijesti, obavezno.<br \/>\nBRANILAC: Uglavnom, nikom to zvani\u010dno obavje\u0161tenje nije do\u0161lo?<br \/>\nSVJEDOK: Ni\u0161ta to nema. To je jedna praksa lo\u0161a na\u0161e ustanove koje se mnoge stvari usmeno i zato ja ne znam, doktorica Otkovi\u0107 zna, da li je njoj neko iz rukovodstva usmeno rekao da su oni pokriveni sa nama. To nije nikakav problem. Ja \u0107u vam sad, ne znam da li vam to ne\u0161to zna\u010di, ja \u0107u vam dati ovo uputstvo koje je moglo biti ranije, zna\u010di, da je neko htio od rukovodstva, ne, mi to ne mo\u017eemo rije\u0161iti, evo, to mo\u017eete pro\u010ditati, to je taj dan, kad se desio taj incident sa tim, nama je stiglo u slu\u017ebu od glavne sestre, zna\u010di, to je moglo biti i ranije i nije nikakav problem da moj tehni\u010dar koji je uvijek budan nazove glavnu sestru u slu\u010daju\u2026<br \/>\nSUDIJA: Ho\u0107ete biti ljubazni da pro\u010ditate javno, pred sudom, da pro\u010ditate to uputstvo?<br \/>\nBRANILAC: Evo, samo vi objasnite sudu \u0161ta je ovo i kad je ovo vama dato?<br \/>\nSVJEDOK: Evo, ovaj datum pi\u0161e ovdje, zna\u010di, taj dan kad je do\u0161lo do tog incidenta, onda smo mi negdje oko podne, glavna sestra je tada, a tu ima i datum, 12.04. \/2021\/ je to bilo, tad je stiglo nama da to obavje\u0161tenje na na\u0161u plo\u010du kojim \u0107e tehni\u010dari dobiti uputstvo.<br \/>\nBRANILAC: I to taj dan vi dobijate nakon tog incidenta?<br \/>\nSVJEDOK: Nakon incidenta, da bi u slu\u010daju, ako bi se \u0161ta desilo, evo, ovako pi\u0161e na njemu: \u201cPo\u0161tovani, prilikom nestanka elektri\u010dne energije u no\u0107nim satima u trajanju du\u017eem od 15 minuta fiksni medicinski tehni\u010dar koji se zatekne u slu\u017ebi tada obavje\u0161tava glavnu sestru ustanove o nestanku elektri\u010dne energije na broj telefona\u2026\u201d<br \/>\nBRANILAC: Ako mo\u017eete samo dati da vidim.<br \/>\nSVJEDOK: Mo\u017ee. To sam kopirao i to sad stoji kod nas na plo\u010di, ali od tog dana, a moglo je i prije. Ne znam za\u0161to nije prije, mi se nismo nikada bunili da pomognemo bilo kojoj slu\u017ebi, ako to bude potreba. <\/p>\n<p>BRANILAC: Jesam li u pravu da je sad, poslije ovog incidenta, Dom zdravlja nabavio agregat koji je automatski?<br \/>\nSVJEDOK: Tako je, automatski, ali trebalo je vremena da on postane automatski. Mislim, u slu\u010daju da se ne uklju\u010di, pa i danas nije ba\u0161 tako siguran, uglavnom, sad bi moglo se uklju\u010diti, mi nemamo portire, ali ima Dom zdravlja. Poslije su nam razdvojili tako da mi i dalje nemamo, ali oni budu u ustanovi, tako da bi oni sad uklju\u010dili.<\/p>\n<p>BRANILAC: Sad samo jo\u0161 jedno, ako se sje\u0107ate, zna\u010di, tog momenta kad Popovi\u0107 Slavica prestaje 2021. biti direktor i kada dolazi kao VD Slobodan Javor, a to je negdje mart mjesec 2021. Je l\u2019 vi tad radite, jeste na radnom mjestu?<br \/>\nSVJEDOK: Tad sam radio.<br \/>\nBRANILAC: Jesam li ja u pravu da je po\u010detkom aprila napravljen jedan zajedni\u010dki sastanak VD direktora Doma zdravja Prijedor i na\u010delnika svih slu\u017ebi na kom su oni trebali njemu da iznesu svoje neke probleme u radu i kako ustanova funkcioni\u0161e?<br \/>\nSVJEDOK: Sje\u0107am se tog satanka, to bude obi\u010dno kad bude direktor novi, onda satanak, pa se mi predstavimo. Uglavnom, to je \u010disto formalno.<br \/>\nBRANILAC: Jesam li ja u pravu da je takav sastanak i ovaj put bio kad je Slobodan Javor do\u0161ao na tu poziciju?<br \/>\nSVJEDOK: Ja ne znam kad je bio, ali je bio.<br \/>\n\/&#8230;\/ BRANILAC: I jesam li ja u pravu da na tom sastanku niko nije spomenuo pitanje no\u0107nog rada portira?<br \/>\nSVJEDOK: Pa, to nije sastanak tog tipa, to je upoznavanje direktora, da se upozna sa slu\u017ebama, kako funkcioni\u0161emo, kako se tad predstavlja. Direktor nije bio iz zdravstva, on je stvarno bio vrlo kratko, tako da je trebalo vremena da se on upozna. Mi smo imali ustrojen jedan na\u010din rada koji je on preuzeo i ja ne mogu ni\u0161ta re\u0107i, da sam mogao sa njim nekako kontakt\u2026<br \/>\nBRANILAC: A nije se niko na tom sastanku po\u017ealio, direktore imamo problem goru\u0107i, takav?<br \/>\nSVJEDOK: Pa, na tom nije. On nije ni ne\u0161to probleme tad ni o\u010dekivao, jer se predstavio nama\u2026<br \/>\n\/\u2026\/ BRANILAC: Da li je bio od novembra 2020. do aprila 2021. ijedan zvani\u010dni sastanak na kom je bilo ko to pitanje istakao i da se o tom raspravljalo?<br \/>\nSVJEDOK: Ne. Ja direktora Slavicu Popovi\u0107 sam vidio dan prije nego \u0161to sam se razbolio, iza njene smjene, ja poslije nisam imao nikakav sastanak sa njom, nikakav, to znam sigurno po\u0161to je ona izbjegavala te sastanke i nije, prakti\u010dno\u2026<br \/>\nBRANILAC: I ne samo vi. Jesam li ja u pravu da od novembra, kad prekida se ovaj no\u0107ni rad portira, pa sve do ovog incidenta, nikakav stastanak u Domu zdravlja povodom tog no\u0107nog rada portira i tih problema nije odr\u017ean?<br \/>\nSVJEDOK: Ne znam me\u0111u njima. Ja nisam prisustvovao tom sastanku.<br \/>\nBRANILAC: Ali niste ni \u010duli da je bilo takvog sastanka?<br \/>\nSVJEDOK: Ne. Oni su imali, to je slu\u017eba koju vodi pravnik, da li su oni, \u0161ta su, kako su, sa tim portirima, mi smo to uglavnom negodovali i stvarno govorimo treba nam portir, kad vidimo nekog od njih, ustvari, direktora i zamjenika direktora. I upoznati su oni bili sa tim, a druge slu\u017ebe, stvarno ne mogu re\u0107i, jer to niko nije zvani\u010dno ni obavijestio.<br \/>\nBRANILAC: A ovo je, evo, zvani\u010dni vid obavje\u0161tavanja, zna\u010di, da vam neko ne\u0161to donese na papiru i da vi to onda pro\u010ditate i oka\u010dite na oglasnu tablu?<br \/>\nSVJEDOK: To i sad ima na oglasnoj tabli, iako to, po novoj proceduri, prakti\u010dno ne pi\u0161e u proceduri, ja nisam dao da se to skloni, nek\u2019 stoji, nije nama te\u0161ko nazvati nekog, samo da je neko to htio da uradi.<\/p>\n<p>\/nastavi\u0107e se\/ <\/p>\n<p>Katarina Pani\u0107 &#8211; <a href=\"https:\/\/www.prijedordanas.com\/\" target=\"_blank\" rel=\"noopener\">prijedordanas.com<\/a><\/p>\n<p><strong>EKSKLUZIVNO &#8211; Serijal tekstova: Iz sudnice o slu\u010daju 1.342 vakcine prijedorskog Doma zdravlja<\/strong><\/p>\n<p><strong><a href=\"https:\/\/www.prijedordanas.com\/?p=215419\" target=\"_blank\" rel=\"noopener\">Prvi dio &#8211; Uvodna rije\u010d odbrane<\/a><\/strong><\/p>\n<p><strong><a href=\"https:\/\/www.prijedordanas.com\/?p=215457\" target=\"_blank\" rel=\"noopener\">Drugi dio &#8211; Svjedo\u010denje Dijane \u0110eri\u0107<\/a><\/strong><\/p>\n<p><strong><a href=\"https:\/\/www.prijedordanas.com\/?p=215730\" target=\"_blank\" rel=\"noopener\">Tre\u0107i dio &#8211; Svjedo\u010denje Sandre Kusonji\u0107<\/a><\/strong><\/p>\n<p><strong><a href=\"https:\/\/www.prijedordanas.com\/?p=215788\" target=\"_blank\" rel=\"noopener\">\u010cetvrti dio &#8211; Svjedo\u010denje Du\u0161anke Smiljani\u0107 \u2013 1. dio<\/a><\/strong><\/p>\n<p><strong><a href=\"https:\/\/www.prijedordanas.com\/?p=215848\" target=\"_blank\" rel=\"noopener\">Peti dio &#8211; Svjedo\u010denje Du\u0161anke Smiljani\u0107 \u2013 2. dio<\/a><\/strong><\/p>\n<p><strong><a href=\"https:\/\/www.prijedordanas.com\/?p=216096\" target=\"_blank\" rel=\"noopener\">\u0160esti dio &#8211; Svjedo\u010denje Aleksandra \u0160kori\u0107a<\/a><\/strong><\/p>\n<p><strong><a href=\"https:\/\/www.prijedordanas.com\/?p=216177\" target=\"_blank\" rel=\"noopener\">Sedmi dio &#8211; Svjedo\u010denje Milana Knjeginji\u0107a<\/a><\/strong><\/p>\n<p><strong><a href=\"https:\/\/www.prijedordanas.com\/?p=216238\" target=\"_blank\" rel=\"noopener\">Osmi dio &#8211; Svjedo\u010denje Aleksandre Ba\u0161i\u0107<\/a><\/strong><\/p>\n<p><strong><a href=\"https:\/\/www.prijedordanas.com\/?p=216451\" target=\"_blank\" rel=\"noopener\">Deveti dio &#8211; Svjedo\u010denje Dalibora Laji\u0107a<\/a><\/strong><\/p>\n<p><strong><a href=\"https:\/\/www.prijedordanas.com\/?p=216532\" target=\"_blank\" rel=\"noopener\">Deseti dio &#8211; Svjedo\u010denje Dra\u0161ka Brezi\u010danina<\/a><\/strong><\/p>\n<p><strong><a href=\"https:\/\/www.prijedordanas.com\/?p=216652\" target=\"_blank\" rel=\"noopener\">Jedanaesti dio &#8211; Svjedo\u010denje Milenka Joki\u0107a<\/a><\/strong><\/p>\n<p><strong><a href=\"https:\/\/www.prijedordanas.com\/?p=216999\" target=\"_blank\" rel=\"noopener\">Dvanaesti dio &#8211; Svjedo\u010denje Miroslava Seni\u0107a<\/a><\/strong><\/p>\n<p><strong><a href=\"https:\/\/www.prijedordanas.com\/?p=217060\" target=\"_blank\" rel=\"noopener\">Trinaesti dio &#8211; Svjedo\u010denje \u017deljka Trnini\u0107a<\/a><\/strong><\/p>\n<p><strong><a href=\"https:\/\/www.prijedordanas.com\/?p=217106\" target=\"_blank\" rel=\"noopener\">\u010cetrnaesti dio &#8211; Svjedo\u010denje Biljane Stjepanovi\u0107<\/a><\/strong><\/p>\n","protected":false},"excerpt":{"rendered":"<p>Svjedo\u010denje Dra\u0161ka Brezi\u010danina Portal prijedordanas.com u nastavcima donosi izbor izgovorenog pred Osnovnim sudom u Prijedoru tokom krivi\u010dnog postupka po optu\u017enici Okru\u017enog javnog tu\u017eila\u0161tva \/OJT\/ Prijedor, iz oblasti privrednog kriminala, protiv [&hellip;]<\/p>\n","protected":false},"author":1,"featured_media":0,"comment_status":"closed","ping_status":"open","sticky":false,"template":"","format":"standard","meta":{"_monsterinsights_skip_tracking":false,"_monsterinsights_sitenote_active":false,"_monsterinsights_sitenote_note":"","_monsterinsights_sitenote_category":0,"footnotes":""},"categories":[4],"tags":[],"yoast_head":"<!-- This site is optimized with the Yoast SEO plugin v21.6 - https:\/\/yoast.com\/wordpress\/plugins\/seo\/ -->\n<title>EKSKLUZIVNO: Iz sudnice o slu\u010daju 1.342 vakcine prijedorskog Doma zdravlja (10) - PrijedorDanas.com - Prijedorski gradski portal<\/title>\n<meta name=\"robots\" content=\"index, follow, max-snippet:-1, max-image-preview:large, max-video-preview:-1\" \/>\n<link rel=\"canonical\" href=\"https:\/\/www.prijedordanas.com\/?p=216532\" \/>\n<meta property=\"og:locale\" content=\"en_US\" \/>\n<meta property=\"og:type\" content=\"article\" \/>\n<meta property=\"og:title\" content=\"EKSKLUZIVNO: Iz sudnice o slu\u010daju 1.342 vakcine prijedorskog Doma zdravlja (10) - PrijedorDanas.com - Prijedorski gradski portal\" \/>\n<meta property=\"og:description\" content=\"Svjedo\u010denje Dra\u0161ka Brezi\u010danina Portal prijedordanas.com u nastavcima donosi izbor izgovorenog pred Osnovnim sudom u Prijedoru tokom krivi\u010dnog postupka po optu\u017enici Okru\u017enog javnog tu\u017eila\u0161tva \/OJT\/ Prijedor, iz oblasti privrednog kriminala, protiv [&hellip;]\" \/>\n<meta property=\"og:url\" content=\"https:\/\/www.prijedordanas.com\/?p=216532\" \/>\n<meta property=\"og:site_name\" content=\"PrijedorDanas.com - Prijedorski gradski portal\" \/>\n<meta property=\"article:publisher\" content=\"https:\/\/www.facebook.com\/PrijedorDanasCom\/\" \/>\n<meta property=\"article:published_time\" content=\"2023-12-23T11:16:03+00:00\" \/>\n<meta property=\"article:modified_time\" content=\"2023-12-31T11:11:34+00:00\" \/>\n<meta property=\"og:image\" content=\"https:\/\/www.prijedordanas.com\/wp-content\/uploads\/2022\/03\/blic-pravda-ilustracija-300x225.jpg\" \/>\n<meta name=\"author\" content=\"admin\" \/>\n<meta name=\"twitter:card\" content=\"summary_large_image\" \/>\n<meta name=\"twitter:label1\" content=\"Written by\" \/>\n\t<meta name=\"twitter:data1\" content=\"admin\" \/>\n\t<meta name=\"twitter:label2\" content=\"Est. reading time\" \/>\n\t<meta name=\"twitter:data2\" content=\"8 minutes\" \/>\n<script type=\"application\/ld+json\" class=\"yoast-schema-graph\">{\"@context\":\"https:\/\/schema.org\",\"@graph\":[{\"@type\":\"Article\",\"@id\":\"https:\/\/www.prijedordanas.com\/?p=216532#article\",\"isPartOf\":{\"@id\":\"https:\/\/www.prijedordanas.com\/?p=216532\"},\"author\":{\"name\":\"admin\",\"@id\":\"https:\/\/www.prijedordanas.com\/#\/schema\/person\/4e08ccf29b506ca916ff86d46bb700e6\"},\"headline\":\"EKSKLUZIVNO: Iz sudnice o slu\u010daju 1.342 vakcine prijedorskog Doma zdravlja (10)\",\"datePublished\":\"2023-12-23T11:16:03+00:00\",\"dateModified\":\"2023-12-31T11:11:34+00:00\",\"mainEntityOfPage\":{\"@id\":\"https:\/\/www.prijedordanas.com\/?p=216532\"},\"wordCount\":1949,\"publisher\":{\"@id\":\"https:\/\/www.prijedordanas.com\/#organization\"},\"articleSection\":[\"Dru\u0161tvo\"],\"inLanguage\":\"en-US\"},{\"@type\":\"WebPage\",\"@id\":\"https:\/\/www.prijedordanas.com\/?p=216532\",\"url\":\"https:\/\/www.prijedordanas.com\/?p=216532\",\"name\":\"EKSKLUZIVNO: Iz sudnice o slu\u010daju 1.342 vakcine prijedorskog Doma zdravlja (10) - PrijedorDanas.com - Prijedorski gradski portal\",\"isPartOf\":{\"@id\":\"https:\/\/www.prijedordanas.com\/#website\"},\"datePublished\":\"2023-12-23T11:16:03+00:00\",\"dateModified\":\"2023-12-31T11:11:34+00:00\",\"breadcrumb\":{\"@id\":\"https:\/\/www.prijedordanas.com\/?p=216532#breadcrumb\"},\"inLanguage\":\"en-US\",\"potentialAction\":[{\"@type\":\"ReadAction\",\"target\":[\"https:\/\/www.prijedordanas.com\/?p=216532\"]}]},{\"@type\":\"BreadcrumbList\",\"@id\":\"https:\/\/www.prijedordanas.com\/?p=216532#breadcrumb\",\"itemListElement\":[{\"@type\":\"ListItem\",\"position\":1,\"name\":\"Home\",\"item\":\"https:\/\/www.prijedordanas.com\/\"},{\"@type\":\"ListItem\",\"position\":2,\"name\":\"EKSKLUZIVNO: Iz sudnice o slu\u010daju 1.342 vakcine prijedorskog Doma zdravlja (10)\"}]},{\"@type\":\"WebSite\",\"@id\":\"https:\/\/www.prijedordanas.com\/#website\",\"url\":\"https:\/\/www.prijedordanas.com\/\",\"name\":\"PrijedorDanas.com - Prijedorski gradski portal\",\"description\":\"Portal o doga\u0111anjima u gradu Prijedoru\",\"publisher\":{\"@id\":\"https:\/\/www.prijedordanas.com\/#organization\"},\"potentialAction\":[{\"@type\":\"SearchAction\",\"target\":{\"@type\":\"EntryPoint\",\"urlTemplate\":\"https:\/\/www.prijedordanas.com\/?s={search_term_string}\"},\"query-input\":\"required name=search_term_string\"}],\"inLanguage\":\"en-US\"},{\"@type\":\"Organization\",\"@id\":\"https:\/\/www.prijedordanas.com\/#organization\",\"name\":\"PrijedorDanas.com\",\"url\":\"https:\/\/www.prijedordanas.com\/\",\"logo\":{\"@type\":\"ImageObject\",\"inLanguage\":\"en-US\",\"@id\":\"https:\/\/www.prijedordanas.com\/#\/schema\/logo\/image\/\",\"url\":\"http:\/\/www.prijedordanas.com\/wp-content\/uploads\/2021\/12\/logopng.png\",\"contentUrl\":\"http:\/\/www.prijedordanas.com\/wp-content\/uploads\/2021\/12\/logopng.png\",\"width\":1019,\"height\":776,\"caption\":\"PrijedorDanas.com\"},\"image\":{\"@id\":\"https:\/\/www.prijedordanas.com\/#\/schema\/logo\/image\/\"},\"sameAs\":[\"https:\/\/www.facebook.com\/PrijedorDanasCom\/\"]},{\"@type\":\"Person\",\"@id\":\"https:\/\/www.prijedordanas.com\/#\/schema\/person\/4e08ccf29b506ca916ff86d46bb700e6\",\"name\":\"admin\",\"image\":{\"@type\":\"ImageObject\",\"inLanguage\":\"en-US\",\"@id\":\"https:\/\/www.prijedordanas.com\/#\/schema\/person\/image\/\",\"url\":\"https:\/\/secure.gravatar.com\/avatar\/1d3fc949d550f0b53a5f0d51e06dfd79?s=96&d=mm&r=g\",\"contentUrl\":\"https:\/\/secure.gravatar.com\/avatar\/1d3fc949d550f0b53a5f0d51e06dfd79?s=96&d=mm&r=g\",\"caption\":\"admin\"},\"url\":\"https:\/\/www.prijedordanas.com\/?author=1\"}]}<\/script>\n<!-- \/ Yoast SEO plugin. -->","yoast_head_json":{"title":"EKSKLUZIVNO: Iz sudnice o slu\u010daju 1.342 vakcine prijedorskog Doma zdravlja (10) - PrijedorDanas.com - Prijedorski gradski portal","robots":{"index":"index","follow":"follow","max-snippet":"max-snippet:-1","max-image-preview":"max-image-preview:large","max-video-preview":"max-video-preview:-1"},"canonical":"https:\/\/www.prijedordanas.com\/?p=216532","og_locale":"en_US","og_type":"article","og_title":"EKSKLUZIVNO: Iz sudnice o slu\u010daju 1.342 vakcine prijedorskog Doma zdravlja (10) - PrijedorDanas.com - Prijedorski gradski portal","og_description":"Svjedo\u010denje Dra\u0161ka Brezi\u010danina Portal prijedordanas.com u nastavcima donosi izbor izgovorenog pred Osnovnim sudom u Prijedoru tokom krivi\u010dnog postupka po optu\u017enici Okru\u017enog javnog tu\u017eila\u0161tva \/OJT\/ Prijedor, iz oblasti privrednog kriminala, protiv [&hellip;]","og_url":"https:\/\/www.prijedordanas.com\/?p=216532","og_site_name":"PrijedorDanas.com - Prijedorski gradski portal","article_publisher":"https:\/\/www.facebook.com\/PrijedorDanasCom\/","article_published_time":"2023-12-23T11:16:03+00:00","article_modified_time":"2023-12-31T11:11:34+00:00","og_image":[{"url":"https:\/\/www.prijedordanas.com\/wp-content\/uploads\/2022\/03\/blic-pravda-ilustracija-300x225.jpg"}],"author":"admin","twitter_card":"summary_large_image","twitter_misc":{"Written by":"admin","Est. reading time":"8 minutes"},"schema":{"@context":"https:\/\/schema.org","@graph":[{"@type":"Article","@id":"https:\/\/www.prijedordanas.com\/?p=216532#article","isPartOf":{"@id":"https:\/\/www.prijedordanas.com\/?p=216532"},"author":{"name":"admin","@id":"https:\/\/www.prijedordanas.com\/#\/schema\/person\/4e08ccf29b506ca916ff86d46bb700e6"},"headline":"EKSKLUZIVNO: Iz sudnice o slu\u010daju 1.342 vakcine prijedorskog Doma zdravlja (10)","datePublished":"2023-12-23T11:16:03+00:00","dateModified":"2023-12-31T11:11:34+00:00","mainEntityOfPage":{"@id":"https:\/\/www.prijedordanas.com\/?p=216532"},"wordCount":1949,"publisher":{"@id":"https:\/\/www.prijedordanas.com\/#organization"},"articleSection":["Dru\u0161tvo"],"inLanguage":"en-US"},{"@type":"WebPage","@id":"https:\/\/www.prijedordanas.com\/?p=216532","url":"https:\/\/www.prijedordanas.com\/?p=216532","name":"EKSKLUZIVNO: Iz sudnice o slu\u010daju 1.342 vakcine prijedorskog Doma zdravlja (10) - PrijedorDanas.com - Prijedorski gradski portal","isPartOf":{"@id":"https:\/\/www.prijedordanas.com\/#website"},"datePublished":"2023-12-23T11:16:03+00:00","dateModified":"2023-12-31T11:11:34+00:00","breadcrumb":{"@id":"https:\/\/www.prijedordanas.com\/?p=216532#breadcrumb"},"inLanguage":"en-US","potentialAction":[{"@type":"ReadAction","target":["https:\/\/www.prijedordanas.com\/?p=216532"]}]},{"@type":"BreadcrumbList","@id":"https:\/\/www.prijedordanas.com\/?p=216532#breadcrumb","itemListElement":[{"@type":"ListItem","position":1,"name":"Home","item":"https:\/\/www.prijedordanas.com\/"},{"@type":"ListItem","position":2,"name":"EKSKLUZIVNO: Iz sudnice o slu\u010daju 1.342 vakcine prijedorskog Doma zdravlja (10)"}]},{"@type":"WebSite","@id":"https:\/\/www.prijedordanas.com\/#website","url":"https:\/\/www.prijedordanas.com\/","name":"PrijedorDanas.com - Prijedorski gradski portal","description":"Portal o doga\u0111anjima u gradu Prijedoru","publisher":{"@id":"https:\/\/www.prijedordanas.com\/#organization"},"potentialAction":[{"@type":"SearchAction","target":{"@type":"EntryPoint","urlTemplate":"https:\/\/www.prijedordanas.com\/?s={search_term_string}"},"query-input":"required name=search_term_string"}],"inLanguage":"en-US"},{"@type":"Organization","@id":"https:\/\/www.prijedordanas.com\/#organization","name":"PrijedorDanas.com","url":"https:\/\/www.prijedordanas.com\/","logo":{"@type":"ImageObject","inLanguage":"en-US","@id":"https:\/\/www.prijedordanas.com\/#\/schema\/logo\/image\/","url":"http:\/\/www.prijedordanas.com\/wp-content\/uploads\/2021\/12\/logopng.png","contentUrl":"http:\/\/www.prijedordanas.com\/wp-content\/uploads\/2021\/12\/logopng.png","width":1019,"height":776,"caption":"PrijedorDanas.com"},"image":{"@id":"https:\/\/www.prijedordanas.com\/#\/schema\/logo\/image\/"},"sameAs":["https:\/\/www.facebook.com\/PrijedorDanasCom\/"]},{"@type":"Person","@id":"https:\/\/www.prijedordanas.com\/#\/schema\/person\/4e08ccf29b506ca916ff86d46bb700e6","name":"admin","image":{"@type":"ImageObject","inLanguage":"en-US","@id":"https:\/\/www.prijedordanas.com\/#\/schema\/person\/image\/","url":"https:\/\/secure.gravatar.com\/avatar\/1d3fc949d550f0b53a5f0d51e06dfd79?s=96&d=mm&r=g","contentUrl":"https:\/\/secure.gravatar.com\/avatar\/1d3fc949d550f0b53a5f0d51e06dfd79?s=96&d=mm&r=g","caption":"admin"},"url":"https:\/\/www.prijedordanas.com\/?author=1"}]}},"_links":{"self":[{"href":"https:\/\/www.prijedordanas.com\/index.php?rest_route=\/wp\/v2\/posts\/216532"}],"collection":[{"href":"https:\/\/www.prijedordanas.com\/index.php?rest_route=\/wp\/v2\/posts"}],"about":[{"href":"https:\/\/www.prijedordanas.com\/index.php?rest_route=\/wp\/v2\/types\/post"}],"author":[{"embeddable":true,"href":"https:\/\/www.prijedordanas.com\/index.php?rest_route=\/wp\/v2\/users\/1"}],"replies":[{"embeddable":true,"href":"https:\/\/www.prijedordanas.com\/index.php?rest_route=%2Fwp%2Fv2%2Fcomments&post=216532"}],"version-history":[{"count":6,"href":"https:\/\/www.prijedordanas.com\/index.php?rest_route=\/wp\/v2\/posts\/216532\/revisions"}],"predecessor-version":[{"id":217126,"href":"https:\/\/www.prijedordanas.com\/index.php?rest_route=\/wp\/v2\/posts\/216532\/revisions\/217126"}],"wp:attachment":[{"href":"https:\/\/www.prijedordanas.com\/index.php?rest_route=%2Fwp%2Fv2%2Fmedia&parent=216532"}],"wp:term":[{"taxonomy":"category","embeddable":true,"href":"https:\/\/www.prijedordanas.com\/index.php?rest_route=%2Fwp%2Fv2%2Fcategories&post=216532"},{"taxonomy":"post_tag","embeddable":true,"href":"https:\/\/www.prijedordanas.com\/index.php?rest_route=%2Fwp%2Fv2%2Ftags&post=216532"}],"curies":[{"name":"wp","href":"https:\/\/api.w.org\/{rel}","templated":true}]}}