{"id":216171,"date":"2023-12-16T11:29:42","date_gmt":"2023-12-16T10:29:42","guid":{"rendered":"https:\/\/www.prijedordanas.com\/?p=216171"},"modified":"2023-12-16T11:29:42","modified_gmt":"2023-12-16T10:29:42","slug":"jeziva-nesreca-kod-prijedora-jedna-osoba-poginula-tri-tesko-povrijedene","status":"publish","type":"post","link":"https:\/\/www.prijedordanas.com\/?p=216171","title":{"rendered":"Jeziva nesre\u0107a kod Prijedora: Jedna osoba poginula, tri te\u0161ko povrije\u0111ene!"},"content":{"rendered":"<p><a href=\"https:\/\/www.prijedordanas.com\/wp-content\/uploads\/2023\/12\/atv-saobracajka-dragotinja.jpg\"><img loading=\"lazy\" decoding=\"async\" src=\"https:\/\/www.prijedordanas.com\/wp-content\/uploads\/2023\/12\/atv-saobracajka-dragotinja-300x225.jpg\" alt=\"\" width=\"300\" height=\"225\" class=\"alignleft size-medium wp-image-216172\" srcset=\"https:\/\/www.prijedordanas.com\/wp-content\/uploads\/2023\/12\/atv-saobracajka-dragotinja-300x225.jpg 300w, https:\/\/www.prijedordanas.com\/wp-content\/uploads\/2023\/12\/atv-saobracajka-dragotinja-640x480.jpg 640w, https:\/\/www.prijedordanas.com\/wp-content\/uploads\/2023\/12\/atv-saobracajka-dragotinja.jpg 667w\" sizes=\"(max-width: 300px) 100vw, 300px\" \/><\/a>Jedna osoba je poginula, a tri su povrije\u0111ene u te\u0161koj saobra\u0107ajnoj nesre\u0107i koja se desila u mjestu Donja Dragotinja na putu izme\u0111u Prijedora i Novog Grada.<\/p>\n<p>&#8220;Policijskoj upravi Prijedor 16.12.2023. godine oko 00,30 \u010dasova prijavljeno je da se na magistralnom putu M1-108 na relaciji Prijedor \u2013 Novi Grad u mjestu Donja Dragotinja dogodila saobra\u0107ajna nezgoda slijetanjem vozila sa kolovoza. Uvi\u0111ajem na licu mjesta kojim je rukovodio tu\u017eilac Okru\u017enog javnog tu\u017eila\u0161tva Prijedor utvr\u0111eno je da je prilikom slijetanja vozila sa kolovoza smrtno stradao voza\u010d A.\u0160. iz Prijedora i da su putnici u vozilu M.\u0415., V.\u0110. i N.K., svi iz Prijedora, zadobili te\u0161ke tjelesne povrede&#8221;, navode iz PU Prijedor.<\/p>\n<p>Zbog te\u017eine zadobijenih povreda M.\u0415. i V.\u0110. prevezeni su na Univerzitetsko-klini\u010dki centar Republike Srpske u Banjaluci, dok je povrije\u0111eni N.K. smje\u0161ten u JZU Bolnica \u201cDr Mladen Stojanovi\u0107\u201d u Prijedoru.<\/p>\n<p><strong><a href=\"https:\/\/www.prijedordanas.com\/?p=216164\" rel=\"noopener\" target=\"_blank\">Nova te\u0161ka saobra\u0107ajka: Poginuo mladi Prijedor\u010danin, trojica te\u0161ko povrije\u0111ena<\/a><\/strong><\/p>\n<p>Prilikom slijetanja do\u0161lo je do kontakta vozila sa stubom \u017eeljezni\u010dke visokonaponske mre\u017ee, zbog \u010dega je osim obustave saobra\u0107aja na magistralnom putu, privremeno bio obustavljen i \u017eeljezni\u010dki saobra\u0107aj.<\/p>\n<p>Policijska uprava Prijedor apeluje na sve u\u010desnike u saobra\u0107aju da po\u0161tuju saobra\u0107ajna pravila i propise, a poseban apel upu\u0107uje se voza\u010dima da prilikom u\u010destvovanja u saobra\u0107aju po\u0161tuju ograni\u010denja brzine kretanja i da ne upravljaju vozilom pod dejstvom alkohola, lijekova ili drugih psihoaktivnih supstanci. <\/p>\n<p>atvbl.rs <\/p>\n","protected":false},"excerpt":{"rendered":"<p>Jedna osoba je poginula, a tri su povrije\u0111ene u te\u0161koj saobra\u0107ajnoj nesre\u0107i koja se desila u mjestu Donja Dragotinja na putu izme\u0111u Prijedora i Novog Grada. &#8220;Policijskoj upravi Prijedor 16.12.2023. [&hellip;]<\/p>\n","protected":false},"author":1,"featured_media":0,"comment_status":"closed","ping_status":"open","sticky":false,"template":"","format":"standard","meta":{"_monsterinsights_skip_tracking":false,"_monsterinsights_sitenote_active":false,"_monsterinsights_sitenote_note":"","_monsterinsights_sitenote_category":0,"footnotes":""},"categories":[5],"tags":[],"yoast_head":"<!-- This site is optimized with the Yoast SEO plugin v21.6 - https:\/\/yoast.com\/wordpress\/plugins\/seo\/ -->\n<title>Jeziva nesre\u0107a kod Prijedora: Jedna osoba poginula, tri te\u0161ko povrije\u0111ene! - PrijedorDanas.com - Prijedorski gradski portal<\/title>\n<meta name=\"robots\" content=\"index, follow, max-snippet:-1, max-image-preview:large, max-video-preview:-1\" \/>\n<link rel=\"canonical\" href=\"https:\/\/www.prijedordanas.com\/?p=216171\" \/>\n<meta property=\"og:locale\" content=\"en_US\" \/>\n<meta property=\"og:type\" content=\"article\" \/>\n<meta property=\"og:title\" content=\"Jeziva nesre\u0107a kod Prijedora: Jedna osoba poginula, tri te\u0161ko povrije\u0111ene! - PrijedorDanas.com - Prijedorski gradski portal\" \/>\n<meta property=\"og:description\" content=\"Jedna osoba je poginula, a tri su povrije\u0111ene u te\u0161koj saobra\u0107ajnoj nesre\u0107i koja se desila u mjestu Donja Dragotinja na putu izme\u0111u Prijedora i Novog Grada. &#8220;Policijskoj upravi Prijedor 16.12.2023. [&hellip;]\" \/>\n<meta property=\"og:url\" content=\"https:\/\/www.prijedordanas.com\/?p=216171\" \/>\n<meta property=\"og:site_name\" content=\"PrijedorDanas.com - Prijedorski gradski portal\" \/>\n<meta property=\"article:publisher\" content=\"https:\/\/www.facebook.com\/PrijedorDanasCom\/\" \/>\n<meta property=\"article:published_time\" content=\"2023-12-16T10:29:42+00:00\" \/>\n<meta property=\"og:image\" content=\"https:\/\/www.prijedordanas.com\/wp-content\/uploads\/2023\/12\/atv-saobracajka-dragotinja-300x225.jpg\" \/>\n<meta name=\"author\" content=\"admin\" \/>\n<meta name=\"twitter:card\" content=\"summary_large_image\" \/>\n<meta name=\"twitter:label1\" content=\"Written by\" \/>\n\t<meta name=\"twitter:data1\" content=\"admin\" \/>\n<script type=\"application\/ld+json\" class=\"yoast-schema-graph\">{\"@context\":\"https:\/\/schema.org\",\"@graph\":[{\"@type\":\"Article\",\"@id\":\"https:\/\/www.prijedordanas.com\/?p=216171#article\",\"isPartOf\":{\"@id\":\"https:\/\/www.prijedordanas.com\/?p=216171\"},\"author\":{\"name\":\"admin\",\"@id\":\"https:\/\/www.prijedordanas.com\/#\/schema\/person\/4e08ccf29b506ca916ff86d46bb700e6\"},\"headline\":\"Jeziva nesre\u0107a kod Prijedora: Jedna osoba poginula, tri te\u0161ko povrije\u0111ene!\",\"datePublished\":\"2023-12-16T10:29:42+00:00\",\"dateModified\":\"2023-12-16T10:29:42+00:00\",\"mainEntityOfPage\":{\"@id\":\"https:\/\/www.prijedordanas.com\/?p=216171\"},\"wordCount\":274,\"publisher\":{\"@id\":\"https:\/\/www.prijedordanas.com\/#organization\"},\"articleSection\":[\"Hronika\"],\"inLanguage\":\"en-US\"},{\"@type\":\"WebPage\",\"@id\":\"https:\/\/www.prijedordanas.com\/?p=216171\",\"url\":\"https:\/\/www.prijedordanas.com\/?p=216171\",\"name\":\"Jeziva nesre\u0107a kod Prijedora: Jedna osoba poginula, tri te\u0161ko povrije\u0111ene! - PrijedorDanas.com - Prijedorski gradski portal\",\"isPartOf\":{\"@id\":\"https:\/\/www.prijedordanas.com\/#website\"},\"datePublished\":\"2023-12-16T10:29:42+00:00\",\"dateModified\":\"2023-12-16T10:29:42+00:00\",\"breadcrumb\":{\"@id\":\"https:\/\/www.prijedordanas.com\/?p=216171#breadcrumb\"},\"inLanguage\":\"en-US\",\"potentialAction\":[{\"@type\":\"ReadAction\",\"target\":[\"https:\/\/www.prijedordanas.com\/?p=216171\"]}]},{\"@type\":\"BreadcrumbList\",\"@id\":\"https:\/\/www.prijedordanas.com\/?p=216171#breadcrumb\",\"itemListElement\":[{\"@type\":\"ListItem\",\"position\":1,\"name\":\"Home\",\"item\":\"https:\/\/www.prijedordanas.com\/\"},{\"@type\":\"ListItem\",\"position\":2,\"name\":\"Jeziva nesre\u0107a kod Prijedora: Jedna osoba poginula, tri te\u0161ko povrije\u0111ene!\"}]},{\"@type\":\"WebSite\",\"@id\":\"https:\/\/www.prijedordanas.com\/#website\",\"url\":\"https:\/\/www.prijedordanas.com\/\",\"name\":\"PrijedorDanas.com - Prijedorski gradski portal\",\"description\":\"Portal o doga\u0111anjima u gradu Prijedoru\",\"publisher\":{\"@id\":\"https:\/\/www.prijedordanas.com\/#organization\"},\"potentialAction\":[{\"@type\":\"SearchAction\",\"target\":{\"@type\":\"EntryPoint\",\"urlTemplate\":\"https:\/\/www.prijedordanas.com\/?s={search_term_string}\"},\"query-input\":\"required name=search_term_string\"}],\"inLanguage\":\"en-US\"},{\"@type\":\"Organization\",\"@id\":\"https:\/\/www.prijedordanas.com\/#organization\",\"name\":\"PrijedorDanas.com\",\"url\":\"https:\/\/www.prijedordanas.com\/\",\"logo\":{\"@type\":\"ImageObject\",\"inLanguage\":\"en-US\",\"@id\":\"https:\/\/www.prijedordanas.com\/#\/schema\/logo\/image\/\",\"url\":\"http:\/\/www.prijedordanas.com\/wp-content\/uploads\/2021\/12\/logopng.png\",\"contentUrl\":\"http:\/\/www.prijedordanas.com\/wp-content\/uploads\/2021\/12\/logopng.png\",\"width\":1019,\"height\":776,\"caption\":\"PrijedorDanas.com\"},\"image\":{\"@id\":\"https:\/\/www.prijedordanas.com\/#\/schema\/logo\/image\/\"},\"sameAs\":[\"https:\/\/www.facebook.com\/PrijedorDanasCom\/\"]},{\"@type\":\"Person\",\"@id\":\"https:\/\/www.prijedordanas.com\/#\/schema\/person\/4e08ccf29b506ca916ff86d46bb700e6\",\"name\":\"admin\",\"image\":{\"@type\":\"ImageObject\",\"inLanguage\":\"en-US\",\"@id\":\"https:\/\/www.prijedordanas.com\/#\/schema\/person\/image\/\",\"url\":\"https:\/\/secure.gravatar.com\/avatar\/1d3fc949d550f0b53a5f0d51e06dfd79?s=96&d=mm&r=g\",\"contentUrl\":\"https:\/\/secure.gravatar.com\/avatar\/1d3fc949d550f0b53a5f0d51e06dfd79?s=96&d=mm&r=g\",\"caption\":\"admin\"},\"url\":\"https:\/\/www.prijedordanas.com\/?author=1\"}]}<\/script>\n<!-- \/ Yoast SEO plugin. -->","yoast_head_json":{"title":"Jeziva nesre\u0107a kod Prijedora: Jedna osoba poginula, tri te\u0161ko povrije\u0111ene! - PrijedorDanas.com - Prijedorski gradski portal","robots":{"index":"index","follow":"follow","max-snippet":"max-snippet:-1","max-image-preview":"max-image-preview:large","max-video-preview":"max-video-preview:-1"},"canonical":"https:\/\/www.prijedordanas.com\/?p=216171","og_locale":"en_US","og_type":"article","og_title":"Jeziva nesre\u0107a kod Prijedora: Jedna osoba poginula, tri te\u0161ko povrije\u0111ene! - PrijedorDanas.com - Prijedorski gradski portal","og_description":"Jedna osoba je poginula, a tri su povrije\u0111ene u te\u0161koj saobra\u0107ajnoj nesre\u0107i koja se desila u mjestu Donja Dragotinja na putu izme\u0111u Prijedora i Novog Grada. &#8220;Policijskoj upravi Prijedor 16.12.2023. [&hellip;]","og_url":"https:\/\/www.prijedordanas.com\/?p=216171","og_site_name":"PrijedorDanas.com - Prijedorski gradski portal","article_publisher":"https:\/\/www.facebook.com\/PrijedorDanasCom\/","article_published_time":"2023-12-16T10:29:42+00:00","og_image":[{"url":"https:\/\/www.prijedordanas.com\/wp-content\/uploads\/2023\/12\/atv-saobracajka-dragotinja-300x225.jpg"}],"author":"admin","twitter_card":"summary_large_image","twitter_misc":{"Written by":"admin"},"schema":{"@context":"https:\/\/schema.org","@graph":[{"@type":"Article","@id":"https:\/\/www.prijedordanas.com\/?p=216171#article","isPartOf":{"@id":"https:\/\/www.prijedordanas.com\/?p=216171"},"author":{"name":"admin","@id":"https:\/\/www.prijedordanas.com\/#\/schema\/person\/4e08ccf29b506ca916ff86d46bb700e6"},"headline":"Jeziva nesre\u0107a kod Prijedora: Jedna osoba poginula, tri te\u0161ko povrije\u0111ene!","datePublished":"2023-12-16T10:29:42+00:00","dateModified":"2023-12-16T10:29:42+00:00","mainEntityOfPage":{"@id":"https:\/\/www.prijedordanas.com\/?p=216171"},"wordCount":274,"publisher":{"@id":"https:\/\/www.prijedordanas.com\/#organization"},"articleSection":["Hronika"],"inLanguage":"en-US"},{"@type":"WebPage","@id":"https:\/\/www.prijedordanas.com\/?p=216171","url":"https:\/\/www.prijedordanas.com\/?p=216171","name":"Jeziva nesre\u0107a kod Prijedora: Jedna osoba poginula, tri te\u0161ko povrije\u0111ene! - PrijedorDanas.com - Prijedorski gradski portal","isPartOf":{"@id":"https:\/\/www.prijedordanas.com\/#website"},"datePublished":"2023-12-16T10:29:42+00:00","dateModified":"2023-12-16T10:29:42+00:00","breadcrumb":{"@id":"https:\/\/www.prijedordanas.com\/?p=216171#breadcrumb"},"inLanguage":"en-US","potentialAction":[{"@type":"ReadAction","target":["https:\/\/www.prijedordanas.com\/?p=216171"]}]},{"@type":"BreadcrumbList","@id":"https:\/\/www.prijedordanas.com\/?p=216171#breadcrumb","itemListElement":[{"@type":"ListItem","position":1,"name":"Home","item":"https:\/\/www.prijedordanas.com\/"},{"@type":"ListItem","position":2,"name":"Jeziva nesre\u0107a kod Prijedora: Jedna osoba poginula, tri te\u0161ko povrije\u0111ene!"}]},{"@type":"WebSite","@id":"https:\/\/www.prijedordanas.com\/#website","url":"https:\/\/www.prijedordanas.com\/","name":"PrijedorDanas.com - Prijedorski gradski portal","description":"Portal o doga\u0111anjima u gradu Prijedoru","publisher":{"@id":"https:\/\/www.prijedordanas.com\/#organization"},"potentialAction":[{"@type":"SearchAction","target":{"@type":"EntryPoint","urlTemplate":"https:\/\/www.prijedordanas.com\/?s={search_term_string}"},"query-input":"required name=search_term_string"}],"inLanguage":"en-US"},{"@type":"Organization","@id":"https:\/\/www.prijedordanas.com\/#organization","name":"PrijedorDanas.com","url":"https:\/\/www.prijedordanas.com\/","logo":{"@type":"ImageObject","inLanguage":"en-US","@id":"https:\/\/www.prijedordanas.com\/#\/schema\/logo\/image\/","url":"http:\/\/www.prijedordanas.com\/wp-content\/uploads\/2021\/12\/logopng.png","contentUrl":"http:\/\/www.prijedordanas.com\/wp-content\/uploads\/2021\/12\/logopng.png","width":1019,"height":776,"caption":"PrijedorDanas.com"},"image":{"@id":"https:\/\/www.prijedordanas.com\/#\/schema\/logo\/image\/"},"sameAs":["https:\/\/www.facebook.com\/PrijedorDanasCom\/"]},{"@type":"Person","@id":"https:\/\/www.prijedordanas.com\/#\/schema\/person\/4e08ccf29b506ca916ff86d46bb700e6","name":"admin","image":{"@type":"ImageObject","inLanguage":"en-US","@id":"https:\/\/www.prijedordanas.com\/#\/schema\/person\/image\/","url":"https:\/\/secure.gravatar.com\/avatar\/1d3fc949d550f0b53a5f0d51e06dfd79?s=96&d=mm&r=g","contentUrl":"https:\/\/secure.gravatar.com\/avatar\/1d3fc949d550f0b53a5f0d51e06dfd79?s=96&d=mm&r=g","caption":"admin"},"url":"https:\/\/www.prijedordanas.com\/?author=1"}]}},"_links":{"self":[{"href":"https:\/\/www.prijedordanas.com\/index.php?rest_route=\/wp\/v2\/posts\/216171"}],"collection":[{"href":"https:\/\/www.prijedordanas.com\/index.php?rest_route=\/wp\/v2\/posts"}],"about":[{"href":"https:\/\/www.prijedordanas.com\/index.php?rest_route=\/wp\/v2\/types\/post"}],"author":[{"embeddable":true,"href":"https:\/\/www.prijedordanas.com\/index.php?rest_route=\/wp\/v2\/users\/1"}],"replies":[{"embeddable":true,"href":"https:\/\/www.prijedordanas.com\/index.php?rest_route=%2Fwp%2Fv2%2Fcomments&post=216171"}],"version-history":[{"count":1,"href":"https:\/\/www.prijedordanas.com\/index.php?rest_route=\/wp\/v2\/posts\/216171\/revisions"}],"predecessor-version":[{"id":216173,"href":"https:\/\/www.prijedordanas.com\/index.php?rest_route=\/wp\/v2\/posts\/216171\/revisions\/216173"}],"wp:attachment":[{"href":"https:\/\/www.prijedordanas.com\/index.php?rest_route=%2Fwp%2Fv2%2Fmedia&parent=216171"}],"wp:term":[{"taxonomy":"category","embeddable":true,"href":"https:\/\/www.prijedordanas.com\/index.php?rest_route=%2Fwp%2Fv2%2Fcategories&post=216171"},{"taxonomy":"post_tag","embeddable":true,"href":"https:\/\/www.prijedordanas.com\/index.php?rest_route=%2Fwp%2Fv2%2Ftags&post=216171"}],"curies":[{"name":"wp","href":"https:\/\/api.w.org\/{rel}","templated":true}]}}