{"id":216096,"date":"2023-12-15T11:58:39","date_gmt":"2023-12-15T10:58:39","guid":{"rendered":"https:\/\/www.prijedordanas.com\/?p=216096"},"modified":"2023-12-31T12:09:12","modified_gmt":"2023-12-31T11:09:12","slug":"ekskluzivno-iz-sudnice-o-slucaju-1-342-vakcine-prijedorskog-doma-zdravlja-6","status":"publish","type":"post","link":"https:\/\/www.prijedordanas.com\/?p=216096","title":{"rendered":"EKSKLUZIVNO: Iz sudnice o slu\u010daju 1.342 vakcine prijedorskog Doma zdravlja (6)"},"content":{"rendered":"<p><a href=\"https:\/\/www.prijedordanas.com\/wp-content\/uploads\/2017\/10\/ilustracija-pravda.jpg\"><img loading=\"lazy\" decoding=\"async\" class=\"alignleft size-medium wp-image-90857\" src=\"https:\/\/www.prijedordanas.com\/wp-content\/uploads\/2017\/10\/ilustracija-pravda-300x222.jpg\" alt=\"\" width=\"300\" height=\"222\" srcset=\"https:\/\/www.prijedordanas.com\/wp-content\/uploads\/2017\/10\/ilustracija-pravda-300x222.jpg 300w, https:\/\/www.prijedordanas.com\/wp-content\/uploads\/2017\/10\/ilustracija-pravda-100x74.jpg 100w, https:\/\/www.prijedordanas.com\/wp-content\/uploads\/2017\/10\/ilustracija-pravda.jpg 675w\" sizes=\"(max-width: 300px) 100vw, 300px\" \/><\/a><strong>Svjedo\u010denje Aleksandra \u0160kori\u0107a<\/strong><\/p>\n<p>Portal <a href=\"https:\/\/www.prijedordanas.com\/\" target=\"_blank\" rel=\"noopener\">prijedordanas.com<\/a> u <strong><a href=\"https:\/\/www.prijedordanas.com\/?p=215848\" target=\"_blank\" rel=\"noopener\">nastavcima<\/a><\/strong> donosi izbor izgovorenog pred Osnovnim sudom u Prijedoru tokom krivi\u010dnog postupka po <strong><a href=\"https:\/\/portalfo2.pravosudje.ba\/vstvfo-api\/vijest\/download\/82132\" target=\"_blank\" rel=\"noopener\">optu\u017enici Okru\u017enog javnog tu\u017eila\u0161tva \/OJT\/ Prijedor<\/a><\/strong>, iz oblasti privrednog kriminala, protiv na\u010delnice Higijensko-epidemiolo\u0161ke slu\u017ebe \/HES\/ Doma zdravlja Prijedor Milice Otkovi\u0107 zbog neupotrebljivosti 1.342 vakcine Sputnjik Ve i imovinske \u0161tete za Republiku Srpsku od 45.010,68 KM.<\/p>\n<p>U prvostepenom postupku Milica Otkovi\u0107 je <strong><a href=\"https:\/\/www.prijedordanas.com\/?p=215138\" target=\"_blank\" rel=\"noopener\">oslobo\u0111ena<\/a><\/strong> krivice.<\/p>\n<p>Danas donosimo dijelove saslu\u0161anja svjedoka Aleksandra \u0160kori\u0107a \/u vrijeme saslu\u0161anja i u vrijeme predmetnog doga\u0111aja na\u010delnik Slu\u017ebe pravnih, kadrovskih i op\u0161tih poslova u Domu zdravlja Prijedor\/ od 19. januara 2023. godine. Sudija je Neboj\u0161a Manojlovi\u0107, okru\u017eni javni tu\u017eilac Sla\u0111ana Mari\u0107, a branilac Milice Otkovi\u0107 je advokat Savan Zec.<\/p>\n<p>SVJEDOK: \/\u2026\/ I direktorica je meni tad u nekom razgovoru rekla, \u2018ajde, on \/Dalibor Laji\u0107\/ je optere\u0107en sad. Mislim da je to bilo vezano za neku politiku, tad je oktobar bio mjesec, on je bio kandidat na izborima i tako dalje\u2026 Ti portiri su u toj slu\u017ebi hitne pomo\u0107i, gdje ina\u010de, meni ono \u0161to je poznato, tu je bio fokus njihovog rada kada je u pitanju bio no\u0107ni rad, jer su tu boravili, imali su prostoriju, imali su odre\u0111ene obaveze, da mjere neku temperaturu, da do\u010dekuju te pacijente. Onda su oni rekli da to ne mogu sti\u0107i fizi\u010dki po danu, ima ih samo trojica, postoji li mogu\u0107nost da taj no\u0107ni rad, dok traje to stanje, da se to obustavi, da se ne radi. Ja sad govorim, tu su tri portira i ljudi koji njima neposredno rukovode. Ja sam rekao da ja ne mogu da ukinem no\u0107ni rad, nije to moja nadle\u017enost, da \u0107u o tome da izvijestim direktora o tom prijedlogu i da \u0107u im saop\u0161titi informaciju kad to bude. I ja sam, radi se o neformalnom zapisniku, nisam ja vodio nikakav zapisnik da bih ja sa direktoricom obavio taj razgovor, iznio tu njihovu problematiku, tu su njihovi rukovodioci koji su s snjima isto rukovodili neposredno, znali su opis njihovih poslova, ovaj, i ona je rekla, mislim, da to nije problem. \/\u2026\/ Tako da su od tog novembra, ja sam njima prenio, prenio sam toj tada\u0161njoj glavnoj sestri i gospodinu Laji\u0107u gdje sam ja i ostao da vodim evidenciju da se vidi koji bi to bio re\u017eim rada. Sve je usmeno, odluka se ne mijenja o radnom vremenu, koja je formalno na snazi danas iz razloga, prije svega, \u0161to su po toj odluci, u tom momentu, dosta slu\u017ebi nije radilo po toj odluci. \/\u2026\/ Ja ne dobijam nikakve pritu\u017ebe ni od portira na taj proces rada taj novi i to sve traje do februara kad se ja ve\u0107 spremam na operaciju. \/\u2026\/ Bio sam u banji kad sam dobio poruku da se to desilo ne\u0161to, problematika u slu\u017ebi higijensko-epidemiolo\u0161koj oko vakcina, dolazim na posao 13.04. i tad ve\u0107, u kancelariji bila policija, uzimali su odre\u0111ene dokumentacije\u2026<\/p>\n<p>TU\u017dILAC: Je li iko od drugih slu\u017ebi obavije\u0161ten da portiri ne rade, iako postoji odluka o 24-\u010dasovnom radnom vremenu?<br \/>\nSVJEDOK: Od strane koga mislite?<br \/>\nTU\u017dILAC: Od strane va\u0161e slu\u017ebe, eto, vi ste znali.<br \/>\nSVJEDOK: Pa, ja li\u010dno nisam nikoga ovdje obavje\u0161tavao, osim \u0161to sam tad to saop\u0161tio portirima, glavnoj sestri koja je odmah bila sa tim upoznata i gospodinu tom referentu Laji\u0107u.<\/p>\n<p>TU\u017dILAC: \u0160ta vam je \/disciplinskim postupkom\/ stavljeno na teret?<br \/>\nSVJEDOK: Da sam ja ukinuo rad portira u novembru mjesecu i onda u tom pravcu je i\u0161ao taj postupak. \/\u2026\/<\/p>\n<p>SUDIJA: A protiv koga vi podnosite disciplinski?<br \/>\n\/\u2026\/ SVJEDOK: Protiv glavne sestre Du\u0161anke Smiljani\u0107, koja je u tom momentu ve\u0107 bila glavna sestra, ovaj, i protiv Laji\u0107 Dalibora, referenta za\u0161tite na radu koji je bio, prema pravilniku, imao je te nadle\u017enosti koje su propisane tim pravilnikom.<\/p>\n<p>TU\u017dILAC: Dobro, \u0161ta se desilo sa tim postupkom protiv vas?<br \/>\nSVJEDOK: \/\u2026\/ Bio sam disciplinski odgovoran prvostepenim rje\u0161enjem, pa pisao sam prigovor, pa je drugostepeni organ potvrdio, da bi\u2019 onda ja krenuo u radni spor, odnosno obratio sam se Agenciji za mirno rje\u0161avanje radnog spora koja je do\u0161la sa svojim zaklju\u010dkom\u2026 \/\u2026\/ Onda na sjednici Upravnog odbora, da se ne bi i\u0161lo u radni spor i tro\u0161kove postupka, da ne bi gubila firma, donesena je odluka da se poni\u0161tava to rje\u0161enje o disciplinskoj.<\/p>\n<p>\/\u2026\/ BRANILAC: Jesam li ja u pravu da Sini\u0161a Obradovi\u0107 svakom na\u010delniku svake slu\u017ebe u Domu zdravlja kad stupa na tu funkciju dolazi u kancelariju i na USB-u na kompjuter prebacuje svih 96 procedura?<br \/>\nSVJEDOK: Ne. Meni nije preba\u010deno to. \/\u2026\/ Dostupne su svima na sajtu Doma zdravlja.<br \/>\nBRANILAC: I vi imate svoju lozinku i tako ulazite na taj sajt?<br \/>\nSVJEDOK: Tako je.<br \/>\nBRANILAC: I sve i jedna procedura vam je dostupna?<br \/>\nSVJEDOK: Jeste. Jeste. Dostupna je.<br \/>\nBRANILAC: I \u010dak imate taj sistem za\u0161tite da kad skinete tu proceduru u PDF-u da mo\u017eete samo da je \u010ditate, da ne mo\u017eete da je od\u0161tampate. \/\u2026\/ E, sad, postoje procedure koje su, mo\u017eemo tako re\u0107i, zajedni\u010dke po svom karakteru za sve slu\u017ebe Doma zdravlja. \/\u2026\/ I onda postoje, normalno, neke druge koje su specifi\u010dne samo za odre\u0111enu slu\u017ebu. Je li tako?<br \/>\nSVJEDOK: Tako.<br \/>\n\/\u2026\/ BRANILAC: I, zna\u010di, i vi ste ovo dobili kad ste vi uvo\u0111eni u posao u toj slu\u017ebi?<br \/>\nSVJEDOK: Pa, ne mogu se sjetiti. Mislim, \u010dak, da nisam. Da nisam u smislu tom, jer ja kad sam do\u0161ao na posao 2019., do\u0161ao sam, nisam vidio kolegicu pravnicu. Kolega Obradovi\u0107 nije pravnik, ali je taj koordinator. Mislim, odmah je tu jako puno nekih poslova koji su u 2-3 mjeseca dok sam se sna\u0161ao, ve\u0107 je do\u0161lo do smjene direktora. Tako da ja, iskren da budem, procedure su postojale, malo ko to sve formalno, tako sve da i po\u0161tuje, iskren da budem.<br \/>\nBRANILAC: A, evo, recimo u januaru 2020. sad ve\u0107 napredujete, sad idete na mjesto na\u010delnika slu\u017ebe?<br \/>\nSVJEDOK: Da.<br \/>\nBRANILAC: Zna\u010di, ipak je velika stvar. Da li vas tad neko uvodi u taj posao?<br \/>\nSVJEDOK: Ne.<br \/>\nBRANILAC: Da li, zna\u010di, vi kao na\u010delnik pravne slu\u017ebe, to zna\u010di po pravilniku o sistematizaciji opisu va\u0161eg radnog mjesta, morate biti upoznati sa ovim procedurama koje va\u017ee u Domu zdravlja Prijedor?<br \/>\nSVJEDOK: Pa, ovako 2020. je na snazi pravilnik o sistematizaciji koji je \u010dak radno mjesto pravnika lo\u0161e sistematizovao. Samo je brojno odre\u0111eno kao dva pravnika da su zaposlena, u tabelarnom prikazu, tako da sam to odmah kad sam do\u0161ao primijetio da nema. Nije bilo ni opisa posla pravnika, nego je bilo opis posla na\u010delnika slu\u017ebe i tako svih na\u010delnika slu\u017ebi. Da bi se onda, to sam i primijetio i rekao tada\u0161njoj direktorici, me\u0111utim, ka\u017eem, do\u0161lo je do smjene direktora. Do\u0161la je direktorica Milica Marjanovi\u0107. \u017dena koja prvi put ulazi uop\u0161te u radni odnos u zdravstvenom sistemu tom. Tako dolazi na mjesto direktora. Pa sam i ja koji sam tu tri mjeseca, nemam, mislim kao pravnik, nailazim ja na dosta stvari koje nisu&#8230; tako da se krenulo \u010dak i u izmjenu tog pravilnika da se defini\u0161e radno mjesto trenutno stru\u010dnog saradnika za pravne, kadrovske i op\u0161te poslove.<\/p>\n<p>BRANILAC: Zna\u010di, u tom periodu kad govorimo o jeku korone, o vakcinama i svemu, niste pro\u010ditali ovu proceduru koja se zove \u010duvanje i transport imunobiolo\u0161kih preparata?<br \/>\nSVJEDOK: Nisam.<br \/>\nBRANILAC: Pa, za\u0161to?<br \/>\nSVJEDOK: Ovako, zna\u010di, prvo zato \u0161to u samoj proceduri, kasnije kada sam, nije ni navedeno da je bila obaveza da ja nju poznajem direktno i da poznajem sadr\u017eajno \u0161ta u njoj stoji. \/\u2026\/<br \/>\nBRANILAC: \/\u2026\/ Zna\u010di, vi smatrate da vi to niste bili du\u017eni uop\u0161te da pro\u010ditate i da se to ne odnosi na vas?<br \/>\nSVJEDOK: Da.<br \/>\nBRANILAC: \/\u2026\/ Vi ka\u017eete da niste du\u017eni pro\u010ditati, pi\u0161e da van radnog vremena HES-a kontrolu napajanja elektri\u010dnom energijom rashladnih ure\u0111aja u kojima se \u010duvaju imunobiolo\u0161ki preparati, vr\u0161i portir. Radnik za kog vi odgovarate.<br \/>\nSVJEDOK: Posredno. \/\u2026\/ Ja, nad njegovim tim radom vr\u0161im posredni nadzor. Ne mogu znati to je l\u2019 on radi ili ne radi.<br \/>\nBRANILAC: On je dio va\u0161e slu\u017ebe, portir.<br \/>\nSVJEDOK: Jeste. Sla\u017eem se.<\/p>\n<p>\/\u2026\/ BRANILAC: Ali, je li to, zna\u010di, rok u kom portir ne mora da obavijesti glavnu sestru? Je l\u2019 vi tako tuma\u010dite tu proceduru? Da 4 sata mo\u017ee biti Dom zdravlja bez struje i da niko ne mora biti obavije\u0161ten?<br \/>\nSVJEDOK: Pa, ne bi trebalo tako da bude, ali je procedura, ako \u0107emo je \u010ditati kako pi\u0161e strogo formalno, onda bi tako &#8211; da ne mora ba\u0161 odmah neposredno da obavijesti. Mo\u017ee obavijestiti, mo\u017ee za 15, 20 minuta, pola sata.<br \/>\nBRANILAC: Evo, ka\u017eem, ja \u0107u pro\u010ditati samo nastavak re\u010denice, zna\u010di: \u201cKontrolu vr\u0161i portir koji u slu\u010daju napajanja elektri\u010dnom energijom obavje\u0161tava glavnu sestru.\u201d Nema ni\u0161ta za pola sata, za sat, za tri, za \u010detiri. Ka\u017ee obavje\u0161tava u slu\u010daju prekida.<br \/>\n\/\u2026\/ SVJEDOK: Pa, u Domu zdravlja jedina slu\u017eba koja stalno radi je hitna pomo\u0107.<br \/>\nBRANILAC: Pa, nestanak kod njih struje, zna\u010di, sad portir ne treba 4 sata nikoga obavijestiti da je nestalo struje u hitnoj slu\u017ebi?<br \/>\nSVJEDOK: Trebao bi da obavijesti. Ako radi da. Naravno.<br \/>\nBRANILAC: Pa, je li to sad dio, \u0161to se ka\u017ee, va\u0161e slu\u017ebe? Ta aktivnost?<br \/>\nSVJEDOK: Jeste, jeste aktivnost dio, ali pra\u0107enje te aktivnosti, opet ka\u017eem, u nadle\u017enosti, pi\u0161e po pravilniku, i referenta koji vr\u0161i nadzor nad radom i glavne sestre koja dnevno prati te aktivnosti.<br \/>\nBRANILAC: Ali va\u0161a obaveza kao na\u010delnika bila bi bar to da vi znate, da ste upoznati s tom procedurom i s tom obavezom portira?<br \/>\nSVJEDOK: Pa, ja se sla\u017eem da sam mogao biti i trebao eventualno biti upoznat sa njom ako bi&#8230;, a morao bih znati da je portir u toj slu\u017ebi. Zna\u010di, on ima opis posla rada. Ako bi se vratili na po\u010detak pri\u010de kada je to sve i\u0161lo, mogao sam ja re\u0107i da portiri nisu radili po toj proceduri, a trebali su da rade. I oni bi rekli usmeno: \u201eTi si mi rekao.\u201c Ja bih rekao: \u201eNisam.\u201c Mislim, oti\u0161li smo u neku drugu&#8230; \/\u2026\/<br \/>\nBRANILAC: \/\u2026\/ Jo\u0161 jedna procedura sa kojom bi vi trebali biti upoznati, jeste procedura koja se zove Bezbjednost pacijenata, posjetilaca i osoblja Pr-N-020 od 11.06.2013. Je li vam ta procedura poznata?<br \/>\nSVJEDOK: Nije mi poznata.<br \/>\nBRANILAC: Jeste je ikad pro\u010ditali?<br \/>\nSVJEDOK: Nisam.<br \/>\nBRANILAC: Ni vidjeli?<br \/>\nSVJEDOK: Ne.<br \/>\nBRANILAC: Je l\u2019 vi znate da su tom procedurom izri\u010dito propisane va\u0161e obaveze kao na\u010delnika te slu\u017ebe?<br \/>\nSVJEDOK: Nisam znao.<br \/>\nBRANILAC: I po vas i portira i vas u odnosu na portire. Ali vas li\u010dno, kao na\u010delnika slu\u017ebe?<br \/>\nSVJEDOK: Ne, nisam.<br \/>\nBRANILAC: \/\u2026\/ Strana 3 do 7 ove procedure, zna\u010di to je od 2013, to je, zna\u010di, osam godina na snazi prije ovoga \u0161to se de\u0161ava. Nadle\u017enost portira, izme\u0111u ostalog, evidentiranje svih doga\u0111aja i preduzetih mjera i aktivnosti u toku smjene u knjigu zapa\u017eanja. \/\u2026\/ Na\u010delnik slu\u017ebe za pravne, kadrovske i op\u0161te poslove svakodnevno pregleda knjigu zapa\u017eanja i preduzima odgovaraju\u0107e mjere o stanju i problemima u oblasti fizi\u010dko-tehni\u010dkog obezbe\u0111enja, redovno izvje\u0161tava direktora jedanput nedeljno i, vanredno, po potrebi. Evo, zna\u010di, ono \u0161to vi sve govorite da Laji\u0107 treba da radi, ovdje pi\u0161e da to vi treba da radite.<br \/>\nSVJEDOK: Vremenski period rada mog je bio samo dovoljan da se upoznam dobro sa Pravilnikom o sistematizaciji. \/\u2026\/<br \/>\nBRANILAC: \/\u2026\/ Zna\u010di, niste nikad ni tu knjigu zapa\u017eanja ni vidjeli?<br \/>\nSVJEDOK: Ne.<\/p>\n<p>BRANILAC: \/\u2026\/ Ko \u0107e uklju\u010diti taj agregat kad nestane struje, a portira nema?<br \/>\nSVJEDOK: Pa, to je trebalo da o tome vodi ra\u010duna glavna sestra. Bar je vodila do tada. Do tada je vodila glavna sestra, sve o tome, o tome svemu ra\u010duna. Tada\u0161nja glavna ili ona prije nje. I valjda tako unazad praksa.<br \/>\nBRANILAC: Jeste li ovu proceduru o vanrednim okolnostima bar pro\u010ditali?<br \/>\nSVJEDOK: Nisam.<br \/>\n\/\u2026\/ BRANILAC: Je l\u2019 znate ko je du\u017ean da predvidi mjere i aktivnosti, zna\u010di, u slu\u010daju tih vanrednih okolnosti, zna\u010di, struja, poplava, zemljotres, bilo \u0161ta, da predvidi kako \u0107e funkcionisati Dom zdravlja u tim okolnostima? Ko je nadle\u017ean da to predvidi?<br \/>\nSVJEDOK: Ne znam. Pretpostavljam direktor.<br \/>\nBRANILAC: Eto, ta\u010dno. Pi\u0161e direktor. I \u0161to je logi\u010dno. I isto tako, ka\u017eem, je li logi\u010dno da od novembra mjeseca do aprila da vi znate da no\u0107u, ako se desi u tih \u0161est mjeseci da nestane struje, da ne\u0107e imati ko uklju\u010diti taj agregat?<br \/>\nSVJEDOK: \/\u2026\/ Dr\u017eao sam se striktno, upravo zbog, u praksi da sam na\u0161ao dosta propusta, ne samo vezano za HES, nego generalno, ja sam se dr\u017eao uvijek pravilnika o sistematizaciji ono, \u0161to ka\u017ee, sve druge naloge &#8230; postoje po nalogu rukovodioca, na\u010delnika, direktora, glavne sestre, smatrao sam da je nalog, upravo je procedura jedna vrsta naloga. Jer ona detaljno propisuje ono \u0161to nije propisano ugovorom o radu i pravilnikom o sistematizaciji.<\/p>\n<p>BRANILAC: Vama je pokazana i ova va\u0161a izjava, ovo \u0161to ste vi dostavili Javoru od 26.04.2021. Pa, na prvoj strani vi na tri mjesta govorite o neformalnom, upotrebljavate taj termin neformalno. \/\u2026\/ Neformalni sastanak, neformalni razgovor, neformalna usmena odluka. Je li to pravno postupanje?<br \/>\nSVJEDOK: Nije pravno postupanje.<\/p>\n<p>BRANILAC: I on \/Dalibor Laji\u0107\/ je na bolovanju i u vrijeme kad se ovo doga\u0111a, ovaj prekid napajanja elektri\u010dnom energijom, ovaj, tako da, u su\u0161tini, kad on pravi tu \u0161ihtaricu, to je, zna\u010di, fiktivni opis, tu nema pravog nadzora?<br \/>\nSVJEDOK: Pa, nema, o\u010digledno nema pravog nadzora.<br \/>\nBRANILAC: A ko bi onda mogao, nema vas, nema njega?<br \/>\nSVJEDOK: Trebala bi glavna sestra. Opet po pravilniku o sistematizaciji.<\/p>\n<p>BRANILAC: E, sad, vi ste rekli da u martu 2021. Laji\u0107 popunjava tu \u0161ihtaricu, iako je na bolovanju, a onda tu zvani\u010dnu je Aleksandra Ba\u0161i\u0107 potpisala?<br \/>\nSVJEDOK: Potpisuje za mart.<br \/>\nBRANILAC: \u0160to zna\u010di da u martu i ona zna da nema portira no\u0107u u Domu zdravlja?<br \/>\nSVJEDOK: Pa, da pretpostavljam da treba da zna. Ja mislim da niko nije mogao re\u0107i da ne zna da portir ne radi. Iskreno, to je moje mi\u0161ljenje, fizi\u010dki da ih nema kad, ovaj, kad ih nema stvarno iz razloga koji su objektivne prirode bili.<\/p>\n<p>BRANILAC: Vas nema od 1.3, ali govorim o glavnoj sestri Du\u0161anki, po\u0161to je ona od 22.03. Tad ona dolazi na te sastanke jutarnje, zna\u010di tri sedmice, jutarnje sastanke imaju direktor, pomo\u0107nik direktora, glavna sestra i za te tri sedmice nema rasprave o tome gdje su portiri no\u0107u i \u0161ta \u0107e biti ako nestane struje?<br \/>\nSVJEDOK: O\u010digledno je tako, o\u010digledno tako ispada.<br \/>\nBRANILAC: I niko ni\u0161ta nezna?<br \/>\nSVJEDOK: Kosi se malo s logikom i s onim \u0161to pi\u0161e u pravilniku, opet ja, o sistematizaciji.<br \/>\nBRANILAC: Dobro, u su\u0161tini ja nemam vi\u0161e pitanja.<\/p>\n<p>\/\u2026\/ SUDIJA: Recite nam ovako, da l\u2019 je ikad iko vr\u0161io provjeru, da li su radnici upoznati sa tim procedurama?<br \/>\nSVJEDOK: Pa, jesu, postoje te&#8230; provjere&#8230; godi\u0161nje.<br \/>\n\/\u2026\/ SUDIJA: \u0160to zna\u010di da neko mo\u017ee i biti maknut s nekog radnog mjesta ako ne poznaje pravila procedure, je l\u2019 tako? Ne mo\u017ee svako biti glavna sestra.<br \/>\nSVJEDOK: Pa, ne bi trebalo da mo\u017ee, al\u2019\u2026<br \/>\nSUDIJA: Al\u2019 imamo de facto i de jure.<br \/>\nSVJEDOK: To je ba\u0161 velika razlika.<br \/>\nSUDIJA: Pa, velika razlika. Zato vas ja to pitam, malo smo danas vidjeli, vidim da i vi niste upoznati sa velikim, evo, kroz va\u0161u izjavu, niste upoznati sa velikim brojem tih procedura. Zna\u010di, one su zna\u010dajne, imaju svoju te\u017einu, al\u2019 isto tako, pa mora, zna\u010di, te same procedure, zna\u010di ipak 96 procedura je puno, ali ho\u0107u da ka\u017eem, zna\u010di, mo\u017eda se mogu segmentirati i izdvojiti, zna\u010di, ne znam deset, 12 procedura, za ovu slu\u017ebu, onih za onu slu\u017ebu, itd. Ono \u0161to se vezuje, zna\u010di, za onu u\u017eu, ne\u0107u re\u0107i specijalnost, al\u2019 iz domena onoga \u0161to je propisano pravilnikom. \/\u2026\/ Dobro, ukoliko nemamo vi\u0161e pitanja, mo\u017eemo svjedoka otpustiti.<\/p>\n<p>\/nastavi\u0107e se\/<\/p>\n<p>Katarina Pani\u0107 &#8211; <a href=\"https:\/\/www.prijedordanas.com\/\" target=\"_blank\" rel=\"noopener\">prijedordanas.com<\/a><\/p>\n<p><strong>EKSKLUZIVNO &#8211; Serijal tekstova: Iz sudnice o slu\u010daju 1.342 vakcine prijedorskog Doma zdravlja<\/strong><\/p>\n<p><strong><a href=\"https:\/\/www.prijedordanas.com\/?p=215419\" target=\"_blank\" rel=\"noopener\">Prvi dio &#8211; Uvodna rije\u010d odbrane<\/a><\/strong><\/p>\n<p><strong><a href=\"https:\/\/www.prijedordanas.com\/?p=215457\" target=\"_blank\" rel=\"noopener\">Drugi dio &#8211; Svjedo\u010denje Dijane \u0110eri\u0107<\/a><\/strong><\/p>\n<p><strong><a href=\"https:\/\/www.prijedordanas.com\/?p=215730\" target=\"_blank\" rel=\"noopener\">Tre\u0107i dio &#8211; Svjedo\u010denje Sandre Kusonji\u0107<\/a><\/strong><\/p>\n<p><strong><a href=\"https:\/\/www.prijedordanas.com\/?p=215788\" target=\"_blank\" rel=\"noopener\">\u010cetvrti dio &#8211; Svjedo\u010denje Du\u0161anke Smiljani\u0107 \u2013 1. dio<\/a><\/strong><\/p>\n<p><strong><a href=\"https:\/\/www.prijedordanas.com\/?p=215848\" target=\"_blank\" rel=\"noopener\">Peti dio &#8211; Svjedo\u010denje Du\u0161anke Smiljani\u0107 \u2013 2. dio<\/a><\/strong><\/p>\n<p><strong><a href=\"https:\/\/www.prijedordanas.com\/?p=216096\" target=\"_blank\" rel=\"noopener\">\u0160esti dio &#8211; Svjedo\u010denje Aleksandra \u0160kori\u0107a<\/a><\/strong><\/p>\n<p><strong><a href=\"https:\/\/www.prijedordanas.com\/?p=216177\" target=\"_blank\" rel=\"noopener\">Sedmi dio &#8211; Svjedo\u010denje Milana Knjeginji\u0107a<\/a><\/strong><\/p>\n<p><strong><a href=\"https:\/\/www.prijedordanas.com\/?p=216238\" target=\"_blank\" rel=\"noopener\">Osmi dio &#8211; Svjedo\u010denje Aleksandre Ba\u0161i\u0107<\/a><\/strong><\/p>\n<p><strong><a href=\"https:\/\/www.prijedordanas.com\/?p=216451\" target=\"_blank\" rel=\"noopener\">Deveti dio &#8211; Svjedo\u010denje Dalibora Laji\u0107a<\/a><\/strong><\/p>\n<p><strong><a href=\"https:\/\/www.prijedordanas.com\/?p=216532\" target=\"_blank\" rel=\"noopener\">Deseti dio &#8211; Svjedo\u010denje Dra\u0161ka Brezi\u010danina<\/a><\/strong><\/p>\n<p><strong><a href=\"https:\/\/www.prijedordanas.com\/?p=216652\" target=\"_blank\" rel=\"noopener\">Jedanaesti dio &#8211; Svjedo\u010denje Milenka Joki\u0107a<\/a><\/strong><\/p>\n<p><strong><a href=\"https:\/\/www.prijedordanas.com\/?p=216999\" target=\"_blank\" rel=\"noopener\">Dvanaesti dio &#8211; Svjedo\u010denje Miroslava Seni\u0107a<\/a><\/strong><\/p>\n<p><strong><a href=\"https:\/\/www.prijedordanas.com\/?p=217060\" target=\"_blank\" rel=\"noopener\">Trinaesti dio &#8211; Svjedo\u010denje \u017deljka Trnini\u0107a<\/a><\/strong><\/p>\n<p><strong><a href=\"https:\/\/www.prijedordanas.com\/?p=217106\" target=\"_blank\" rel=\"noopener\">\u010cetrnaesti dio &#8211; Svjedo\u010denje Biljane Stjepanovi\u0107<\/a><\/strong><\/p>\n","protected":false},"excerpt":{"rendered":"<p>Svjedo\u010denje Aleksandra \u0160kori\u0107a Portal prijedordanas.com u nastavcima donosi izbor izgovorenog pred Osnovnim sudom u Prijedoru tokom krivi\u010dnog postupka po optu\u017enici Okru\u017enog javnog tu\u017eila\u0161tva \/OJT\/ Prijedor, iz oblasti privrednog kriminala, protiv [&hellip;]<\/p>\n","protected":false},"author":1,"featured_media":0,"comment_status":"closed","ping_status":"open","sticky":false,"template":"","format":"standard","meta":{"_monsterinsights_skip_tracking":false,"_monsterinsights_sitenote_active":false,"_monsterinsights_sitenote_note":"","_monsterinsights_sitenote_category":0,"footnotes":""},"categories":[4],"tags":[],"yoast_head":"<!-- This site is optimized with the Yoast SEO plugin v21.6 - https:\/\/yoast.com\/wordpress\/plugins\/seo\/ -->\n<title>EKSKLUZIVNO: Iz sudnice o slu\u010daju 1.342 vakcine prijedorskog Doma zdravlja (6) - PrijedorDanas.com - Prijedorski gradski portal<\/title>\n<meta name=\"robots\" content=\"index, follow, max-snippet:-1, max-image-preview:large, max-video-preview:-1\" \/>\n<link rel=\"canonical\" href=\"https:\/\/www.prijedordanas.com\/?p=216096\" \/>\n<meta property=\"og:locale\" content=\"en_US\" \/>\n<meta property=\"og:type\" content=\"article\" \/>\n<meta property=\"og:title\" content=\"EKSKLUZIVNO: Iz sudnice o slu\u010daju 1.342 vakcine prijedorskog Doma zdravlja (6) - PrijedorDanas.com - Prijedorski gradski portal\" \/>\n<meta property=\"og:description\" content=\"Svjedo\u010denje Aleksandra \u0160kori\u0107a Portal prijedordanas.com u nastavcima donosi izbor izgovorenog pred Osnovnim sudom u Prijedoru tokom krivi\u010dnog postupka po optu\u017enici Okru\u017enog javnog tu\u017eila\u0161tva \/OJT\/ Prijedor, iz oblasti privrednog kriminala, protiv [&hellip;]\" \/>\n<meta property=\"og:url\" content=\"https:\/\/www.prijedordanas.com\/?p=216096\" \/>\n<meta property=\"og:site_name\" content=\"PrijedorDanas.com - Prijedorski gradski portal\" \/>\n<meta property=\"article:publisher\" content=\"https:\/\/www.facebook.com\/PrijedorDanasCom\/\" \/>\n<meta property=\"article:published_time\" content=\"2023-12-15T10:58:39+00:00\" \/>\n<meta property=\"article:modified_time\" content=\"2023-12-31T11:09:12+00:00\" \/>\n<meta property=\"og:image\" content=\"https:\/\/www.prijedordanas.com\/wp-content\/uploads\/2017\/10\/ilustracija-pravda-300x222.jpg\" \/>\n<meta name=\"author\" content=\"admin\" \/>\n<meta name=\"twitter:card\" content=\"summary_large_image\" \/>\n<meta name=\"twitter:label1\" content=\"Written by\" \/>\n\t<meta name=\"twitter:data1\" content=\"admin\" \/>\n\t<meta name=\"twitter:label2\" content=\"Est. reading time\" \/>\n\t<meta name=\"twitter:data2\" content=\"12 minutes\" \/>\n<script type=\"application\/ld+json\" class=\"yoast-schema-graph\">{\"@context\":\"https:\/\/schema.org\",\"@graph\":[{\"@type\":\"Article\",\"@id\":\"https:\/\/www.prijedordanas.com\/?p=216096#article\",\"isPartOf\":{\"@id\":\"https:\/\/www.prijedordanas.com\/?p=216096\"},\"author\":{\"name\":\"admin\",\"@id\":\"https:\/\/www.prijedordanas.com\/#\/schema\/person\/4e08ccf29b506ca916ff86d46bb700e6\"},\"headline\":\"EKSKLUZIVNO: Iz sudnice o slu\u010daju 1.342 vakcine prijedorskog Doma zdravlja (6)\",\"datePublished\":\"2023-12-15T10:58:39+00:00\",\"dateModified\":\"2023-12-31T11:09:12+00:00\",\"mainEntityOfPage\":{\"@id\":\"https:\/\/www.prijedordanas.com\/?p=216096\"},\"wordCount\":2896,\"publisher\":{\"@id\":\"https:\/\/www.prijedordanas.com\/#organization\"},\"articleSection\":[\"Dru\u0161tvo\"],\"inLanguage\":\"en-US\"},{\"@type\":\"WebPage\",\"@id\":\"https:\/\/www.prijedordanas.com\/?p=216096\",\"url\":\"https:\/\/www.prijedordanas.com\/?p=216096\",\"name\":\"EKSKLUZIVNO: Iz sudnice o slu\u010daju 1.342 vakcine prijedorskog Doma zdravlja (6) - PrijedorDanas.com - Prijedorski gradski portal\",\"isPartOf\":{\"@id\":\"https:\/\/www.prijedordanas.com\/#website\"},\"datePublished\":\"2023-12-15T10:58:39+00:00\",\"dateModified\":\"2023-12-31T11:09:12+00:00\",\"breadcrumb\":{\"@id\":\"https:\/\/www.prijedordanas.com\/?p=216096#breadcrumb\"},\"inLanguage\":\"en-US\",\"potentialAction\":[{\"@type\":\"ReadAction\",\"target\":[\"https:\/\/www.prijedordanas.com\/?p=216096\"]}]},{\"@type\":\"BreadcrumbList\",\"@id\":\"https:\/\/www.prijedordanas.com\/?p=216096#breadcrumb\",\"itemListElement\":[{\"@type\":\"ListItem\",\"position\":1,\"name\":\"Home\",\"item\":\"https:\/\/www.prijedordanas.com\/\"},{\"@type\":\"ListItem\",\"position\":2,\"name\":\"EKSKLUZIVNO: Iz sudnice o slu\u010daju 1.342 vakcine prijedorskog Doma zdravlja (6)\"}]},{\"@type\":\"WebSite\",\"@id\":\"https:\/\/www.prijedordanas.com\/#website\",\"url\":\"https:\/\/www.prijedordanas.com\/\",\"name\":\"PrijedorDanas.com - Prijedorski gradski portal\",\"description\":\"Portal o doga\u0111anjima u gradu Prijedoru\",\"publisher\":{\"@id\":\"https:\/\/www.prijedordanas.com\/#organization\"},\"potentialAction\":[{\"@type\":\"SearchAction\",\"target\":{\"@type\":\"EntryPoint\",\"urlTemplate\":\"https:\/\/www.prijedordanas.com\/?s={search_term_string}\"},\"query-input\":\"required name=search_term_string\"}],\"inLanguage\":\"en-US\"},{\"@type\":\"Organization\",\"@id\":\"https:\/\/www.prijedordanas.com\/#organization\",\"name\":\"PrijedorDanas.com\",\"url\":\"https:\/\/www.prijedordanas.com\/\",\"logo\":{\"@type\":\"ImageObject\",\"inLanguage\":\"en-US\",\"@id\":\"https:\/\/www.prijedordanas.com\/#\/schema\/logo\/image\/\",\"url\":\"http:\/\/www.prijedordanas.com\/wp-content\/uploads\/2021\/12\/logopng.png\",\"contentUrl\":\"http:\/\/www.prijedordanas.com\/wp-content\/uploads\/2021\/12\/logopng.png\",\"width\":1019,\"height\":776,\"caption\":\"PrijedorDanas.com\"},\"image\":{\"@id\":\"https:\/\/www.prijedordanas.com\/#\/schema\/logo\/image\/\"},\"sameAs\":[\"https:\/\/www.facebook.com\/PrijedorDanasCom\/\"]},{\"@type\":\"Person\",\"@id\":\"https:\/\/www.prijedordanas.com\/#\/schema\/person\/4e08ccf29b506ca916ff86d46bb700e6\",\"name\":\"admin\",\"image\":{\"@type\":\"ImageObject\",\"inLanguage\":\"en-US\",\"@id\":\"https:\/\/www.prijedordanas.com\/#\/schema\/person\/image\/\",\"url\":\"https:\/\/secure.gravatar.com\/avatar\/1d3fc949d550f0b53a5f0d51e06dfd79?s=96&d=mm&r=g\",\"contentUrl\":\"https:\/\/secure.gravatar.com\/avatar\/1d3fc949d550f0b53a5f0d51e06dfd79?s=96&d=mm&r=g\",\"caption\":\"admin\"},\"url\":\"https:\/\/www.prijedordanas.com\/?author=1\"}]}<\/script>\n<!-- \/ Yoast SEO plugin. -->","yoast_head_json":{"title":"EKSKLUZIVNO: Iz sudnice o slu\u010daju 1.342 vakcine prijedorskog Doma zdravlja (6) - PrijedorDanas.com - Prijedorski gradski portal","robots":{"index":"index","follow":"follow","max-snippet":"max-snippet:-1","max-image-preview":"max-image-preview:large","max-video-preview":"max-video-preview:-1"},"canonical":"https:\/\/www.prijedordanas.com\/?p=216096","og_locale":"en_US","og_type":"article","og_title":"EKSKLUZIVNO: Iz sudnice o slu\u010daju 1.342 vakcine prijedorskog Doma zdravlja (6) - PrijedorDanas.com - Prijedorski gradski portal","og_description":"Svjedo\u010denje Aleksandra \u0160kori\u0107a Portal prijedordanas.com u nastavcima donosi izbor izgovorenog pred Osnovnim sudom u Prijedoru tokom krivi\u010dnog postupka po optu\u017enici Okru\u017enog javnog tu\u017eila\u0161tva \/OJT\/ Prijedor, iz oblasti privrednog kriminala, protiv [&hellip;]","og_url":"https:\/\/www.prijedordanas.com\/?p=216096","og_site_name":"PrijedorDanas.com - Prijedorski gradski portal","article_publisher":"https:\/\/www.facebook.com\/PrijedorDanasCom\/","article_published_time":"2023-12-15T10:58:39+00:00","article_modified_time":"2023-12-31T11:09:12+00:00","og_image":[{"url":"https:\/\/www.prijedordanas.com\/wp-content\/uploads\/2017\/10\/ilustracija-pravda-300x222.jpg"}],"author":"admin","twitter_card":"summary_large_image","twitter_misc":{"Written by":"admin","Est. reading time":"12 minutes"},"schema":{"@context":"https:\/\/schema.org","@graph":[{"@type":"Article","@id":"https:\/\/www.prijedordanas.com\/?p=216096#article","isPartOf":{"@id":"https:\/\/www.prijedordanas.com\/?p=216096"},"author":{"name":"admin","@id":"https:\/\/www.prijedordanas.com\/#\/schema\/person\/4e08ccf29b506ca916ff86d46bb700e6"},"headline":"EKSKLUZIVNO: Iz sudnice o slu\u010daju 1.342 vakcine prijedorskog Doma zdravlja (6)","datePublished":"2023-12-15T10:58:39+00:00","dateModified":"2023-12-31T11:09:12+00:00","mainEntityOfPage":{"@id":"https:\/\/www.prijedordanas.com\/?p=216096"},"wordCount":2896,"publisher":{"@id":"https:\/\/www.prijedordanas.com\/#organization"},"articleSection":["Dru\u0161tvo"],"inLanguage":"en-US"},{"@type":"WebPage","@id":"https:\/\/www.prijedordanas.com\/?p=216096","url":"https:\/\/www.prijedordanas.com\/?p=216096","name":"EKSKLUZIVNO: Iz sudnice o slu\u010daju 1.342 vakcine prijedorskog Doma zdravlja (6) - PrijedorDanas.com - Prijedorski gradski portal","isPartOf":{"@id":"https:\/\/www.prijedordanas.com\/#website"},"datePublished":"2023-12-15T10:58:39+00:00","dateModified":"2023-12-31T11:09:12+00:00","breadcrumb":{"@id":"https:\/\/www.prijedordanas.com\/?p=216096#breadcrumb"},"inLanguage":"en-US","potentialAction":[{"@type":"ReadAction","target":["https:\/\/www.prijedordanas.com\/?p=216096"]}]},{"@type":"BreadcrumbList","@id":"https:\/\/www.prijedordanas.com\/?p=216096#breadcrumb","itemListElement":[{"@type":"ListItem","position":1,"name":"Home","item":"https:\/\/www.prijedordanas.com\/"},{"@type":"ListItem","position":2,"name":"EKSKLUZIVNO: Iz sudnice o slu\u010daju 1.342 vakcine prijedorskog Doma zdravlja (6)"}]},{"@type":"WebSite","@id":"https:\/\/www.prijedordanas.com\/#website","url":"https:\/\/www.prijedordanas.com\/","name":"PrijedorDanas.com - Prijedorski gradski portal","description":"Portal o doga\u0111anjima u gradu Prijedoru","publisher":{"@id":"https:\/\/www.prijedordanas.com\/#organization"},"potentialAction":[{"@type":"SearchAction","target":{"@type":"EntryPoint","urlTemplate":"https:\/\/www.prijedordanas.com\/?s={search_term_string}"},"query-input":"required name=search_term_string"}],"inLanguage":"en-US"},{"@type":"Organization","@id":"https:\/\/www.prijedordanas.com\/#organization","name":"PrijedorDanas.com","url":"https:\/\/www.prijedordanas.com\/","logo":{"@type":"ImageObject","inLanguage":"en-US","@id":"https:\/\/www.prijedordanas.com\/#\/schema\/logo\/image\/","url":"http:\/\/www.prijedordanas.com\/wp-content\/uploads\/2021\/12\/logopng.png","contentUrl":"http:\/\/www.prijedordanas.com\/wp-content\/uploads\/2021\/12\/logopng.png","width":1019,"height":776,"caption":"PrijedorDanas.com"},"image":{"@id":"https:\/\/www.prijedordanas.com\/#\/schema\/logo\/image\/"},"sameAs":["https:\/\/www.facebook.com\/PrijedorDanasCom\/"]},{"@type":"Person","@id":"https:\/\/www.prijedordanas.com\/#\/schema\/person\/4e08ccf29b506ca916ff86d46bb700e6","name":"admin","image":{"@type":"ImageObject","inLanguage":"en-US","@id":"https:\/\/www.prijedordanas.com\/#\/schema\/person\/image\/","url":"https:\/\/secure.gravatar.com\/avatar\/1d3fc949d550f0b53a5f0d51e06dfd79?s=96&d=mm&r=g","contentUrl":"https:\/\/secure.gravatar.com\/avatar\/1d3fc949d550f0b53a5f0d51e06dfd79?s=96&d=mm&r=g","caption":"admin"},"url":"https:\/\/www.prijedordanas.com\/?author=1"}]}},"_links":{"self":[{"href":"https:\/\/www.prijedordanas.com\/index.php?rest_route=\/wp\/v2\/posts\/216096"}],"collection":[{"href":"https:\/\/www.prijedordanas.com\/index.php?rest_route=\/wp\/v2\/posts"}],"about":[{"href":"https:\/\/www.prijedordanas.com\/index.php?rest_route=\/wp\/v2\/types\/post"}],"author":[{"embeddable":true,"href":"https:\/\/www.prijedordanas.com\/index.php?rest_route=\/wp\/v2\/users\/1"}],"replies":[{"embeddable":true,"href":"https:\/\/www.prijedordanas.com\/index.php?rest_route=%2Fwp%2Fv2%2Fcomments&post=216096"}],"version-history":[{"count":5,"href":"https:\/\/www.prijedordanas.com\/index.php?rest_route=\/wp\/v2\/posts\/216096\/revisions"}],"predecessor-version":[{"id":217121,"href":"https:\/\/www.prijedordanas.com\/index.php?rest_route=\/wp\/v2\/posts\/216096\/revisions\/217121"}],"wp:attachment":[{"href":"https:\/\/www.prijedordanas.com\/index.php?rest_route=%2Fwp%2Fv2%2Fmedia&parent=216096"}],"wp:term":[{"taxonomy":"category","embeddable":true,"href":"https:\/\/www.prijedordanas.com\/index.php?rest_route=%2Fwp%2Fv2%2Fcategories&post=216096"},{"taxonomy":"post_tag","embeddable":true,"href":"https:\/\/www.prijedordanas.com\/index.php?rest_route=%2Fwp%2Fv2%2Ftags&post=216096"}],"curies":[{"name":"wp","href":"https:\/\/api.w.org\/{rel}","templated":true}]}}