{"id":215848,"date":"2023-12-10T12:42:29","date_gmt":"2023-12-10T11:42:29","guid":{"rendered":"https:\/\/www.prijedordanas.com\/?p=215848"},"modified":"2023-12-31T12:08:07","modified_gmt":"2023-12-31T11:08:07","slug":"ekskluzivno-iz-sudnice-o-slucaju-1-342-vakcine-prijedorskog-doma-zdravlja-5","status":"publish","type":"post","link":"https:\/\/www.prijedordanas.com\/?p=215848","title":{"rendered":"EKSKLUZIVNO: Iz sudnice o slu\u010daju 1.342 vakcine prijedorskog Doma zdravlja (5)"},"content":{"rendered":"<p><a href=\"https:\/\/www.prijedordanas.com\/wp-content\/uploads\/2016\/10\/ilustracija-pravda.jpg\"><img loading=\"lazy\" decoding=\"async\" class=\"alignleft size-medium wp-image-63568\" src=\"https:\/\/www.prijedordanas.com\/wp-content\/uploads\/2016\/10\/ilustracija-pravda-300x253.jpg\" alt=\"\" width=\"300\" height=\"253\" srcset=\"https:\/\/www.prijedordanas.com\/wp-content\/uploads\/2016\/10\/ilustracija-pravda-300x253.jpg 300w, https:\/\/www.prijedordanas.com\/wp-content\/uploads\/2016\/10\/ilustracija-pravda-100x84.jpg 100w, https:\/\/www.prijedordanas.com\/wp-content\/uploads\/2016\/10\/ilustracija-pravda.jpg 600w\" sizes=\"(max-width: 300px) 100vw, 300px\" \/><\/a><strong>Svjedo\u010denje Du\u0161anke Smiljani\u0107 \u2013 drugi dio<\/strong><\/p>\n<p>Portal <a href=\"https:\/\/www.prijedordanas.com\/\" target=\"_blank\" rel=\"noopener\">prijedordanas.com<\/a> u <strong><a href=\"https:\/\/www.prijedordanas.com\/?p=215788\" target=\"_blank\" rel=\"noopener\">nastavcima<\/a><\/strong> donosi izbor izgovorenog pred Osnovnim sudom u Prijedoru tokom krivi\u010dnog postupka po <strong><a href=\"https:\/\/portalfo2.pravosudje.ba\/vstvfo-api\/vijest\/download\/82132\" target=\"_blank\" rel=\"noopener\">optu\u017enici Okru\u017enog javnog tu\u017eila\u0161tva \/OJT\/ Prijedor<\/a><\/strong>, iz oblasti privrednog kriminala, protiv na\u010delnice Higijensko-epidemiolo\u0161ke slu\u017ebe \/HES\/ Doma zdravlja Prijedor Milice Otkovi\u0107 zbog neupotrebljivosti 1.342 vakcine Sputnjik Ve i imovinske \u0161tete za Republiku Srpsku od 45.010,68 KM.<\/p>\n<p>U prvostepenom postupku Milica Otkovi\u0107 je <strong><a href=\"https:\/\/www.prijedordanas.com\/?p=215138\" target=\"_blank\" rel=\"noopener\">oslobo\u0111ena<\/a><\/strong> krivice.<\/p>\n<p>Danas donosimo drugi dio saslu\u0161anja svjedoka Du\u0161anke Smiljani\u0107 \/u vrijeme saslu\u0161anja i u vrijeme predmetnog doga\u0111aja glavna sestra u Domu zdravlja Prijedor\/ od 19. januara 2023. godine. Sudija je Neboj\u0161a Manojlovi\u0107, okru\u017eni javni tu\u017eilac Sla\u0111ana Mari\u0107, a branilac Milice Otkovi\u0107 je advokat Savan Zec.<\/p>\n<p>BRANILAC: Taj Beko \/\u2026\/ nije jedini ure\u0111aj koji je to jutro se pokvario u toku strujnog udara, je li ta\u010dno?<br \/>\nSVJEDOK: Ne znam, ne mogu to potvrditi je li ta\u010dno, jeste bilo prijava nekih, ali ne mogu se sjetiti, stvarno taj period.<br \/>\nBRANILAC: Ne mo\u017eete se sjetiti, zna\u010di, da su pokvareni od tog istog strujnog udara sljede\u0107i ure\u0111aji: fotometar, vrijednost 26.805 KM, senzor regulacije, vrijednost 396 KM i elektronska plo\u010da, vrijednost 1.221 KM. Zna\u010di, ukupno jedno, koliko sam ja izra\u010dunao, negdje oko 30.000 KM na drugim ure\u0111ajima to isto jutro.<br \/>\nSVJEDOK: Da.<br \/>\nBRANILAC: Je li ta\u010dno ovo? Ovaj ja \u010ditam ove dokaze iz optu\u017enice. Je li ta\u010dno ovo?<br \/>\nSVJEDOK: Pa, ne znam stvarno, ne mogu potvrditi da li je ta\u010dno, mislim da je bilo nekih kvarova, ali koliko u obimu i \u0161ta je bilo, ne mogu vam potvrditi kad se ne sje\u0107am, shvatate.<\/p>\n<p>BRANILAC: Moramo se dohvatiti samo jo\u0161 jedne procedure koja skra\u0107eno se zove PR-N-007, odr\u017eavanje infrastrukture. Je li vam ta procedura poznata?<br \/>\nSVJEDOK: Infrastrukture?<br \/>\nBRANILAC: Da. Evo, ovo upravo, pokvari se fri\u017eider, pokvari se zamrziva\u010d, fotometar, \u0161ta se radi, \u0161ta radi, ko radi u Domu zdravlja kad to do\u0111e do kvara. Je li vam poznata ta procedura?<br \/>\nSVJEDOK: Pa, u slu\u010daju prijave, zna\u010di, kvara, slu\u017ebe prijavljuju kvar meni, pa se ja, zna\u010di, dalje konsultujem, zna\u010di, poka\u017eem na uvid direktoru da je ne\u0161to pokvareno i onda da imamo uvid u to kako \u0107e dalje te\u0107i proces sam popravke, koliko \u0107e ko\u0161tati, kolika \u0107e biti cijena, shvatate?<br \/>\nBRANILAC: Jesam li ja u pravu da je prijava tog kvara va\u0161a direktna obaveza kao glavne sestre ustanove?<br \/>\nSVJEDOK: Ali, meni prijavu kvara slu\u017eba svaka kad je ne\u0161to pokvareno podnese na pisanom obrazcu.<br \/>\nBRANILAC: Jeste, koji se zove OB-N-016.<br \/>\nSVJEDOK: Da, da.<br \/>\nBRANILAC: I onda ste vi dalje zadu\u017eeni za rje\u0161avanje ovog problema, kao glavna sestra ustanove?<br \/>\nSVJEDOK: Da, da, kad se pokvari ne\u0161to.<br \/>\nBRANILAC: Da. Recite mi u vezi kvara ovih ure\u0111aja u vrijednosti 30.000 KM je li iko disciplinski odgovarao u Domu zdravlja?<br \/>\nSVJEDOK: Ne znam.<br \/>\nBRANILAC: Je li iko optu\u017een?<br \/>\nSVJEDOK: Mislim da nije.<br \/>\nBRANILAC: Je li iko optu\u017een za ove ure\u0111aje druge?<br \/>\nSVJEDOK: Ne sje\u0107am se, sjetila bih se da znam za to. Mislim da nije. Barem nisam imala tu informaciju. <\/p>\n<p>BRANILAC: Kad govorim o ovom disciplinskom postupku protiv vas, prijavu protiv vas je podnio ovaj drugi svjedok \u0161to \u0107e sad do\u0107i, je li tako, Aleksandar \u0160kori\u0107?<br \/>\nSVJEDOK: Pa, da, pravna slu\u017eba je podnijela, ja nisam ne\u0161to gledala ko je, nisam imala uvida u to ko je.<br \/>\nBRANILAC: Niste vidjeli da tu inicijativu potpisuje Aleksandar \u0160kori\u0107?<br \/>\nSVJEDOK: Ne, nisam vidjela ko je pokrenuo ovu inicijativu, samo znam da je pravna slu\u017eba protiv mene provela.<br \/>\nBRANILAC: E, sad bih ja pro\u010ditao, ali vidjeli ste ovo rje\u0161enje?<br \/>\nSVJEDOK: Jesam, to jesam.<br \/>\nBRANILAC: U obrazlo\u017eenju rje\u0161enja u prvoj re\u010denici pi\u0161e da je postupak pokrenut na osnovu pismene inicijative na\u010delnika slu\u017ebe za pravne kadrovske op\u0161te poslove Aleksandra \u0160kori\u0107, a podnesene dana 04.06.2021.<br \/>\nSVJEDOK: Pa, to sam ja jednom pro\u010ditala i sklonila, vjerujte da to nisam vi\u0161e ni \u010ditala, nisam ni zapamtila.<br \/>\nBRANILAC: I sad, danas ka\u017eete vi ne znate da je Aleksandar \u0160kori\u0107 protiv vas podnio tu prijavu?<br \/>\nSVJEDOK: Pa, \u010ditala jesam, al&#8217; ne znam, mi u pravnoj slu\u017ebi imamo dva pravnika, a ne jednog.<br \/>\nBRANILAC: Da. Pa, dobro nije ovo ba\u0161 bilo tako davno da se ne sje\u0107ate.<br \/>\nSVJEDOK: Da, da<br \/>\nBRANILAC: A nije ni tako bezezleno.<br \/>\nSVJEDOK: Pa, naravno.<br \/>\nBRANILAC: Vi sad rekoste da nikad nije bilo te pri\u010de, bar \u0161to se vas ti\u010de, \u0161ta \u0107emo kad nestane elektri\u010dne energije?<br \/>\nSVJEDOK: Ne sje\u0107am se to.<br \/>\nBRANILAC: Dobro. Zna\u010di nije ta\u010dno da ste u petak, 9. aprila 2021, vi bili u dru\u0161tvu u kom su nalazili se i pomo\u0107nik direktora za medicinska pitanja Dijana \u0110eri\u0107 i u kom je komentarisano \u0161ta \u0107emo ako nestane elektri\u010dne energije, a portira nema no\u0107u?<br \/>\nSVJEDOK: Pa, jesam bila to jutro na sastanku, a stvarno se ne sje\u0107am tog dijela, da li je to pri\u010dano, da l&#8217; nije pri\u010dano. Ja se samo sje\u0107am obaveze koja je bila meni nametnuta za taj period.<br \/>\nBRANILAC: Ne, ne, do ovog nestanka struje dolazi u ponedjeljak, ja govorim o petku prije tog ponedjeljka.<br \/>\nSVJEDOK: Da, da.<br \/>\nBRANILAC: I vi se ne sje\u0107ate da ste bili na takvom sastanku i takvom dru\u0161tvu gdje ta tema bila?<br \/>\nSVJEDOK: Pa, ne sje\u0107am se, sje\u0107am se \u0161ta je bila tema, tema je bila dnevne bolnice. Da je bilo potreba da se pove\u0107a broj kreveta u ARI ambulanti i da bi se ti pacijenti, shvatate, koji su u ve\u0107em broju\u2026<br \/>\nBRANILAC: Evo, da vas ja malo podsjetim. Petak, 9. april, to je prije ponedjeljka, prije nego \u0107e se ovo desiti, to je dru\u0161tvo u kom sjedite: Sonja Relji\u0107, na\u010delnik slu\u017ebe za ekonomske poslove, Aleksandra Ba\u0161i\u0107, pravnik, Dijana \u0110eri\u0107, pomo\u0107nik direktora za medicinska pitanja, i vi. A za\u0161to 9. april, jer je to dan kad vi dobijate drugu ponudu za UPS za taj fri\u017eider, jer vi ta\u010dno spominjete 9. april u svojoj izjavi i tad sjedite u kancelariji sekretarice Doma zdravlja, pijete kafu i komentari\u0161ete kako nema portira i ne daj Bo\u017ee da nestane struje, \u0161ta \u0107emo onda? I vi se uop\u0161te toga ne sje\u0107ate?<br \/>\nSVJEDOK: Da, da.<br \/>\nBRANILAC: \u0160ta da, jel&#8217; se sje\u0107ate ili se ne sje\u0107ate?<br \/>\nSVJEDOK: Pa, ne sje\u0107am se, ne sje\u0107am se.<br \/>\nBRANILAC: A je li se sje\u0107ate da ste u ponedjeljak ujutro, kad se sve ovo de\u0161ava, isto to ponovili Sandri Kusonji\u0107 kako ste ba\u0161 u petak komentarisali \u0161ta \u0107ete ako struje nestane?<br \/>\nSVJEDOK: Ne znam.<br \/>\nBRANILAC: Ne znate ni to? Dobro.<\/p>\n<p>BRANILAC: Da, e, sad vas ja pitam \u0161ta dalje bi, jesu li skladi\u0161tene vakcine, vi ka\u017eete da se ne sje\u0107ate. Ja vas pitam, sad ide drugi paragraf: \u201eNakon nekoliko dana, gore pomenuta sestra Darinka me je pozvala i tako\u0111e se \u017ealila da je fri\u017eider bu\u010dan i da previ\u0161e zagrijava prostoriju i da je ometa u procesu vakcinacije djece i da ga je ona njega isklju\u010dila i o tome obavjestila HES.\u201c<br \/>\nSVJEDOK: Jeste.<br \/>\nBRANILAC: I vi danas ka\u017eete da se toga ne sje\u0107ate?!<br \/>\nSVJEDOK: Pa, kako mislite, ja sam\u2026 mislite, jesu li stavljane, ja ne znam \u0161ta je ona radila od njih sad, \u0161ta je ona radila\u2026<br \/>\nBRANILAC: Pitao sam vas i \u0161ta je bilo sa fri\u017eiderom.<br \/>\nSVJEDOK: Aa, too, tog se sje\u0107am.<br \/>\nBRANILAC: Pa, \u0161to ne ka\u017eete to?<br \/>\nSVJEDOK: Pa, ne razumijem, tog se sje\u0107am, nisam razumjela va\u0161e pitanje, tog se sje\u0107am da je on bio bu\u010dan i da je ona da ga je onda ugasila.<br \/>\nBRANILAC: Vi ste u tom momentu glavna sestra ustanove.<br \/>\nSVJEDOK: Jeste, jeste.<br \/>\nBRANILAC: I vi odgovarate za taj rad.<br \/>\nSVJEDOK: Kako mislite?<br \/>\nBRANILAC: Zna\u010di, ovo pitanje jeste u sklopu va\u0161eg rada, zna\u010di, kad se isklju\u010di taj fri\u017eider iz struje da znate to i da reagujete kao glavna sestra Doma zdravlja, je li tako?<br \/>\nSVJEDOK: Da, da, Pa, jeste, da, jeste.<br \/>\nBRANILAC: I to ne mo\u017ee biti ne\u0161to \u010dega se ne sje\u0107ate.<br \/>\nSVJEDOK: Pa, sje\u0107am se tog, ali nisam vas razumjela \u0161ta. Mislila sam, da l\u2019 znam \u0161ta je ona, da li je ona ubacivala ne\u0161to u njega.<br \/>\nBRANILAC: Eto. E vi o ovome koga obavje\u0161tavate?<br \/>\nSVJEDOK: Doktoricu Otkovi\u0107, ona je ve\u0107 bila obavije\u0161tena o tome.<br \/>\nBRANILAC: I koga jo\u0161?<br \/>\nSVJEDOK: I nikoga vi\u0161e, to je to.<br \/>\nBRANILAC: \/\u2026\/ Evo, citira\u0107u \/\u2026\/: \u201e\u2026po dolasku predmetnog fri\u017eidera koji je marke Emsas i isti smjestila po nalogu doktorice Otkovi\u0107 u kancelariju broj 7 i o tome sam obavijestila direktora Javor Slobodana.\u201c<br \/>\nSVJEDOK: Da, da.<br \/>\nBRANILAC: Zna\u010di 22. sti\u017ee fri\u017eider &#8211; obavje\u0161tavate direktora Javor Slobodana, 24. prebacujete fri\u017eider &#8211; obavje\u0161tavate direktora Javor Slobodana, 25. Darinka isklju\u010duje fri\u017eider i vi ne obavje\u0161tavate Javor Slobodana. Mo\u017eete li to objasniti?<br \/>\nSVJEDOK: Pa, ne znam kako da vam objasnim.<br \/>\nBRANILAC: Zna\u010di, o svemu ste ga obavijestili, samo o isklju\u010denju niste?<br \/>\n\/\u2026\/ SVJEDOK: Pa, ne znam za\u0161to, ali nije, nije, nije bilo prilike mo\u017eda taj dan, nismo se susreli, ili nije bio prisutan.<br \/>\nBRANILAC: Dobro, evo, sutradan, radni sastanak jutarnji, vi, direktor, pomo\u0107nik direktora za medicinska pitanja, korona je, vakcine su u Prijedoru, kre\u0107e vakcinacija, vi ne obavje\u0161tavate da je Darinka isklju\u010dila fri\u017eider?<br \/>\nSVJEDOK: Pa, ne znam, mislim da je to pro\u0161lo tako nekol\u2019ko dana.<br \/>\nBRANILAC: Je l&#8217; to nije va\u0161a obaveza da obavijestite direktora Doma zdravlja o tome?<br \/>\nSVJEDOK: Pa, ne znam, ne znam \u0161ta bi vam odgovorila, mislim da\u2026<br \/>\nBRANILAC: Pa, zbog \u010dega vi imate jutarnje sastanke sa direktorom Doma zdravlja ako nemate nikakvih obaveza?<br \/>\nSVJEDOK: Imamo ostalih, shvatate, ja sam glavni\u2026<br \/>\nBRANILAC: Pustite, ovo 15. marta kre\u0107e vakcinacija u Prijedoru, jer korona je, pandemija je\u2026<br \/>\nSVJEDOK: Jeste, jeste, ali\u2026<br \/>\nBRANILAC: Najbitnija stvar, sti\u017ee fri\u017eider iz Instituta, zna\u010di, za zdravstvo RS, pri\u010da se o tome na televiziji, u novinama. Neka Darinka isklju\u010di fri\u017eider iz struje i vi o tome ne obavje\u0161tavate direktora?!<br \/>\nSVJEDOK: Pa, zato \u0161to je bio prazan, pretpostavljam ga zato \u017eena isklju\u010dila, nije ga koristila.<br \/>\nBRANILAC: Ma, ne pitam to. Za\u0161to vi ne obavje\u0161tavate Slobodana Javora o tome kao glavna sestra?<br \/>\nSVJEDOK: Ne znam, mislim da nemam odgovor na ovo pitanje.<br \/>\nBRANILAC: Jeste li bili u obavezi da ga obavijestite kao glavna sestra u Domu zdravlja?<br \/>\nSVJEDOK: Pa, ni to ne znam.<br \/>\nBRANILAC: Ni to ne znate? Dobro. Evo, sad, jesam li ja u pravu da, kada je Milica Otkovi\u0107 obavije\u0161tena kako je sestra Darinka isklju\u010dila fri\u017eider marke Emsas da vas je nazvala i da vam je rekla da rije\u0161ite taj problem sa sestrom Darinkom?<br \/>\nSVJEDOK: Ko me nazvao?<br \/>\nBRANILAC: Milica Otkovi\u0107, ovdje prisutna, sjedi kraj vas.<br \/>\nSVJEDOK: Ne, ne sje\u0107am se toga.<br \/>\nBRANILAC: I da ste vi tad njoj rekli kako svejedno taj fri\u017eider-zamrziva\u010d mora imati UPS, da ne smije biti uklju\u010den direktno u struju i da ste vi krenuli u proceduru nabavke UPS-a za taj fri\u017eider?<br \/>\nSVJEDOK: Ne, ja se tog razgovora ne sje\u0107am.<br \/>\nBRANILAC: Dobro. Onda, za\u0161to taj UPS i ponude za taj UPS spominjete u toj va\u0161oj izjavi iz istrage?<br \/>\nSVJEDOK: Ne znam ni sama, to je jedini dio, shvatate, ne\u010dega \u0161to sam se ja bavila u tom periodu time pa sam se za to vezala.<br \/>\nBRANILAC: \/\u2026\/ Zna\u010di, taj paragraf izjave iz istrage, vi ka\u017eete: \u201e\u017delim da napomenem da su u me\u0111uvremenu dolazili radnici dvije firme da daju ponudu za UPS stabilizator napona koji je bio potreban za novi fri\u017eider Emsas.\u201d Je li to ta\u010dno?<br \/>\nSVJEDOK: Pa, jeste.<br \/>\nBRANILAC: Jeste li rekli Milici Otkovi\u0107 da ne mo\u017ee taj Emsas da se uklju\u010duje direktno u struju, u zid, u uti\u010dnicu, ve\u0107 da se mora nabaviti taj UPS?<br \/>\nSVJEDOK: Ne.<br \/>\nBRANILAC: I da je procedura nabavke UPS-a u toku?<br \/>\nSVJEDOK: Nisam rekla. Samo sam rekla da \u0107emo nabaviti UPS. A, ne znam, zna\u010di, da sam tako ne\u0161to rekla, sjetila bih se.<br \/>\nBRANILAC: Dobro. Je l&#8217; se sje\u0107ate da ste ove ponude za UPS u jo\u0161 nekoj izjavi spominjali?<br \/>\nSVJEDOK: Jesam, jesam. Spominjala sam.<br \/>\nBRANILAC: Je l&#8217; se sje\u0107ate da ste ta\u010dne datume spominjali tih ponuda?<br \/>\nSVJEDOK: Da. Da.<br \/>\nBRANILAC: Kako se sje\u0107ate ba\u0161 tako ta\u010dno tih datuma?<br \/>\nSVJEDOK: Pa, ne sje\u0107am se sad trenutno. Tad sam vjerovatno\u2026 Tad je bilo svje\u017eije, Pa, sam se mogla sjetiti tih datuma. Sad se ne mogu sjetiti, vjerujte, koji su to bili datumi. A sje\u0107am se da sam spominjala te ponude za UPS, jer mi je bilo va\u017eno zato \u0161to se, da se bar obezbijede, zna\u010di, shvatate, ti ure\u0111aji.<br \/>\nBRANILAC: Pa, je li se mogao on uklju\u010divati direktno u struju bez UPS-a?<br \/>\nSVJEDOK: Pa, ne znam.<br \/>\nBRANILAC: Ne znate. Dobro. Evo, sad govorim, zna\u010di va\u0161a izjava od 14.04.2021. To je isto dokaz iz optu\u017enice. Tu\u017eilac je to ve\u0107 koristio. Zna\u010di, do\u0161ao je elektri\u010dar koji je ponovo upalio i podesio parametre fri\u017eidera, ostavio prevedeno uputstvo sestri Darinki koja to radi. Direktor je i o tome bio obavije\u0161ten. Ista sestra iz Centra za vakcinaciju beba, tog istog dana \u017eali se da je fri\u017eider bu\u010dan i zagrijava joj prostoriju u kojoj ima jo\u0161 jedan fri\u017eider i obavlja proces vakcinacije. Dana 25.03.2021. dolazi drugi elektri\u010dar da pogleda fri\u017eider i da ponudu za UPS.<br \/>\nSVJEDOK: Da. Zato \u0161to su mi se javili da im poka\u017eem.<br \/>\nBRANILAC: Pa, nisu se sami javili. Neko je zatra\u017eio od njih da do\u0111u da daju ponudu. Ko je zatra\u017eio to od njih?<br \/>\nSVJEDOK: U tom periodu ko je tra\u017eio? Pa, mislim da sam tra\u017eila da daju ponudu za UPS.<br \/>\nBRANILAC: Vi ste glavna sestra. Vi ste ta koja je to tra\u017eila. Je li tako?<br \/>\nSVJEDOK: Jeste.<\/p>\n<p>BRANILAC: Ali prije nego \u0161to je uklju\u010den, vama je doktorica Otkovi\u0107 dala nalog da kontaktirate Joki\u0107 Milenka koji je vlasnik firme koja je nabavila taj UPS i prodala Domu zdravlja i da zatra\u017eite od njega informaciju da li mogu istovremeno Frimed i Beko biti uklju\u010deni u taj UPS, je li tako?<br \/>\nSVJEDOK: Pa, ne sje\u0107am se tako, ne mogu se sjetiti.<br \/>\nBRANILAC: Je li se sje\u0107ate da ste iza\u0161li iz prostorije telefonom nazvali Joki\u0107 Milenka, da vam je odgovorio da mogu ta dva ure\u0111aja biti uklju\u010dena, da ste se vratili nazad i doktorici Otkovi\u0107 i Sandri Kusonji\u0107, zna\u010di nije bila sama, dvije su prisutne unutra, i ka\u017eete: \u201eJoki\u0107 Milenko je potvrdio da mogu i Beko i Frimed biti zajendo uklju\u010deni u UPS\u201c. To ste vi izgovorili.<br \/>\nSVJEDOK: Ne sje\u0107am se, tog se ba\u0161 ne sje\u0107am, vjerujte. <\/p>\n<p>BRANILAC: Pro\u010dita\u0107u vam prvo proceduru: \u201eNadzorni tehni\u010dar HES-a du\u017ean je da odredi osobu \u010dija je obaveza da na po\u010detku i na kraju radnog vrmena vodi kontrolu i evidenciju temperature u rashladnim ure\u0111ajima u kojima se \u010duvaju imunobiolo\u0161ki preparati.\u201c Nadzorni tehni\u010dar! Ne doktorica, ne direktor, nadzorni tehni\u010dar po proceduri. Zato vas pitam, ko donosi tu odluku i ko je potpisuje?<br \/>\nSVJEDOK: Pa, u okviru slu\u017ebe nadzorni tehni\u010dar.<br \/>\nBRANILAC: Ko je nadzorni tehni\u010dar do 22. marta odnosno kad ovaj Beko dolazi u HES?<br \/>\nSVJEDOK: Tad sam ja bila nadzorni tehni\u010dar.<br \/>\nBRANILAC: Je l\u2019 vi onda tu odluku donosite?<br \/>\nSVJEDOK: Da, odluku, ali potpisuje i direktor i ne znam \u0161ta je sporno tu.<br \/>\nBRANILAC: Ne pi\u0161e tako. U proceduri pi\u0161e da je potpisuje nadzorni tehni\u010dar, zato vas to pitam.<\/p>\n<p>SUDIJA: Jeste li donijeli tu odluku?<br \/>\nSVJEDOK: Postoji ta odluka, da jesam.<br \/>\nSUDIJA: Vi ste donijeli tu odluku?<br \/>\nSVJEDOK: Jesam, jeste.<\/p>\n<p>BRANILAC: \/\u2026\/ Ho\u0107ete mi re\u0107i samo ko potpisuje ovu odluku za 2020. godinu?<br \/>\nSVJEDOK: Za 2020. Mira Obradovi\u0107.<br \/>\nBRANILAC: \u0160ta je Mira Obradovi\u0107 u Domu zdravlja tad?<br \/>\nSVJEDOK: Nadzorni tehni\u010dar u HES-u.<br \/>\nBRANILAC: Ko je nadzorni tehni\u010dar u HES-u 15. marta 2021.?<br \/>\nSVJEDOK: Pa, ja sam tad bila nadzorni tehni\u010dar.<br \/>\nBRANILAC: Pa, ko onda tu odluku potpisuje i ko treba da je donese?<br \/>\nSVJEDOK: Pa, i donijela sam i potpisala tu odluku.<br \/>\nBRANILAC: Jeste sigurni?<br \/>\nSVJEDOK: Pa, ima ta odluka, ima ta odluka.<strong>***<\/strong> <\/p>\n<p>BRANILAC: Kad govorimo o fri\u017eideru i stavljanju fri\u017eidera u pogon, postoji jo\u0161 jedna procedura u Domu zdravlja, skra\u0107ena oznaka broj PR-N-008, zove se upravljanje opremom. \/\u2026\/ Jesam li ja u pravu da ste vi u obavezi sastaviti zapisnik o ugradnji i pu\u0161tanju u rad takvog ure\u0111aja? I taj zapisnik koji vi sastavite da ga poslije toga plan kori\u0161tenja tog ure\u0111aja ovjerava direktor?<br \/>\nSVJEDOK: Ne znam, to stvarno prvi put \u010dujem, nisam imala takav slu\u010daj.<br \/>\nBRANILAC: Zna\u010di, vi ni\u0161ta ne dokumentujete kad pustite neki ure\u0111aj u rad, nikakav papir ne napi\u0161ete, ni\u0161ta, usmeno sve?<br \/>\nSVJEDOK: Ne znam stvarno kako mislite, na koji ure\u0111aj?<br \/>\nBRANILAC: Evo, lijepo, ovaj ure\u0111aj je preba\u010den, Emsas, na pedijatriju, vi ste tad glavna sestra, dolazi serviser, uklju\u010duje ga, pode\u0161ava ga, vi nikakav zapisnik ne pravite kao glavna sestra o tome?<br \/>\nSVJEDOK: Ne znam, ne pravim zapisnik, zna\u010di imam njegov\u2026<br \/>\nBRANILAC: Pa, jeste li \u010duli za ovu proceduru upravljanja opremom?<br \/>\nSVJEDOK: Da, \u010dula sam za tu proceduru upravljanja opremom.<br \/>\nBRANILAC: Pa, jeste bili u obavezi kad je taj Emsas postavljen u taj odjel pedijatrije da sastavite zapisnik o njegovom uklju\u010dnenju i pu\u0161tanju u rad? I dostavite direktoru?<br \/>\nSVJEDOK: Pa, nisam znala, mislim sad eto, ne znam \u0161ta bih vam drugo rekla.<br \/>\nBRANILAC: I isto kao \u0161to dostavljate zapisnik o pu\u0161tanju o rad, naravno da \u0107ete morati dostaviti zapisnik o prekidu rada tog ure\u0111aja.<br \/>\nSVJEDOK: Pa, ne znam \u0161ta bih vam rekla. Nije bilo slu\u010dajeva ni za jedan drugi aparat da se tako ne\u0161to, shvatate, pi\u0161e. U laboratoriji smo imali u skorije vrijeme da nam je do\u0161ao urinski aparat, zna\u010di, slu\u017eba u koju je stigao takav neki ure\u0111aj \u010duva svu dokumentaciju u slu\u010daju kvara.<br \/>\nBRANILAC: Dobro, dobro, ali uglavnom nigdje va\u0161e obaveze nema?<br \/>\nSVJEDOK: Pa, ne znam \u0161ta ste mislili time re\u0107i.<br \/>\nBRANILAC: Pa, ja ne znam \u0161ta radi onda glavna sestra u Domu zdravlja, po\u0161to vi o\u010dito nemate obavezu ni\u0161ta o funkcionisanju Doma zdravlja da radite.<\/p>\n<p>BRANILAC: Prema praviliniku va\u0161em o sistematizaciji, samo tri osobe su ovla\u0161tene da izdaju naloge portirskoj slu\u017ebi. Koje su to tri osobe?<br \/>\nSVJEDOK: Ne znam stvarno \u0161ta ste me pitali.<br \/>\nBRANILAC: Pa, \u2018aj\u2019 preve\u0161\u0107u jo\u0161 jednom. Postoji portirska slu\u017eba u Domu zdravlja Prijedor. Ko je, prema pravilniku o sistematizaciji, ovla\u0161ten da im izdaje naloge, prema pravilniku, ne fakti\u010dki?<br \/>\nSVJEDOK: Pa, oni pripadaju pravnoj slu\u017ebi, po sistematizaciji.<br \/>\nBRANILAC: Po funkciji, nemojte mi slu\u017ebu.<br \/>\nSVJEDOK: Pa, pravnik u pravnoj slu\u017ebi, shvatate.<br \/>\nBRANILAC: Jesam li ja u pravu da prema va\u0161em pravilniku po funkciji koje izdaju naloge portirima jesu direktor, na\u010delnik te pravne slu\u017ebe i vi kao glavna sestra, jedine tri osobe u Domu zdravlja Prijedor? Ne znate ni to?<br \/>\nSVJEDOK: Da, ne znam.<br \/>\nBRANILAC: A sad kad govorim o pravilniku o sistematizaciji, na strani 16. ovog pravilika su va\u0161e obaveze sve propisane. Zna\u010di, \u0161ta su va\u0161e sve obaveze. I sad, jedna od va\u0161ih obaveza jeste da ste odgovorni za sredstva rada u Domu zdravlja Prijedor.<br \/>\nSVJEDOK: Pa, to sam sad obja\u0161njavala, za EKG aparate, za tlakomjere\u2026<br \/>\nBRANILAC: Pa, jeste li onda i za fri\u017eider odgovorni?<br \/>\nSVJEDOK: Pa\u2026<br \/>\nBRANILAC: Je li to sredstvo rada HES-a?<br \/>\nSVJEDOK: Pa, sredstvo rada jeste, ali, shvatate\u2026<br \/>\nBRANILAC: Jeste li onda vi onda po pravilniku odgovorni za njega?<br \/>\nSUDIJA: Odgovorite sa da ili ne.<br \/>\nSVJEDOK: Odgovorna sam, odgovorna sam, ne znam kako, u kom smislu, ne\u0107u ga odnijeti ku\u0107i, on pripada toj ku\u0107i.<\/p>\n<p>BRANILAC: Prema praviliniku, va\u0161a obaveza je da se starate o primjeni procedura u Domu zdravlja. Je l&#8217; pi\u0161e tako u pravilniku Doma zdravlja?<br \/>\nSVJEDOK: Pa, ne znam \u0161ta bih vam odgovorila na to. Ne znam.<br \/>\nBRANILAC: Pa, evo, ovo \u0161to sam vas maloprije pitao za koja su tri lica odgovorna, isto strana 54. istog va\u0161eg pravilnika. Zna\u010di, kad su u pitanju portiri i opis njihovih obaveza, \u201eobavljaju druge poslove u skladu sa svojom stru\u010dnom spremom i radnim sposobnostima a po nalogu na\u010delnika slu\u017ebe\u201d &#8211; misli se na ovog na\u010delnika slu\u017ebe za op\u0161te, pravne i kadrovske poslove &#8211; \u201eglavne sestre i direktora\u201c. Je li vam ta odredba poznata?<br \/>\nSVJEDOK: Ne znam \u0161ta bih vam rekla. Nije.<br \/>\nBRANILAC: Nije? Dobro, nemam vi\u0161e pitanja.<\/p>\n<p>SUDIJA: Evo, ima sud nekoliko pitanja. Ovako, ka\u017eite nam, prije vas je bila glavna sestra, rekli ste Pijak Milica. Rekli ste da postoji neko uvo\u0111enje kad neko dolazi na to radno mjesto. Da li je ona vas uvodila u taj proces rada i koliko je to vremenski trajalo?<br \/>\nSVJEDOK: Pa, vremenski nije dugo, nekih sat vremena.<br \/>\nSUDIJA: Sat vremena?<br \/>\nSVJEDOK: Da.<br \/>\nSUDIJA: Vama je branilac pokazao obrazac koji se popunjava tom prilikom, a on podrazumjeva da ste vi upoznati sa tim nekim procedurama I, evo, neka me branilac ispravi, mislim da ima 96, rekli ste, procedura. Je l\u2019 vas ta Milica Pijak upoznala sa tim svim procedurama i jeste li imali objektivno mogu\u0107nost da se upoznate sa svim procedurama i jesu li one vama od ranije poznate?<br \/>\nSVJEDOK: Ne, ne, meni su od ranije poznate procedure, iz razloga \u0161to su u obavezi svi zaposleni da prate procedure.<br \/>\nSUDIJA: Dobro, jesu vam poznate sve te procedure, njihov je veliki broj?<br \/>\nSVJEDOK: Ne ba\u0161 sve. Ve\u0107ina jeste, ali neke s kojima nemam svaki dan dodira i\u2026<br \/>\nSUDIJA: Jeste ikad pro\u010ditali sve te procedure ili niste, ili ste neke zaobi\u0161li?<br \/>\nSVJEDOK: Pa, nisam sve pro\u010ditala.<br \/>\nSUDIJA: Niste sve pro\u010ditali?<br \/>\nSVJEDOK: Nisam.<br \/>\nSUDIJA: Jeste upoznati sa ovim pravilnikom? Evo, vrlo \u010desto se govori, spominje jedan pravilnik, izme\u0111u ostalih. Vama se navodi opis va\u0161eg radnog mjesta. Jeste li imali prilike da se upoznate sa tim pravilnikom i da pro\u010ditete \u0161ta su va\u0161e obaveze ?<br \/>\nSVJEDOK: Pa, da, nekada davno, jedan kratak\u2026<br \/>\n\/\u2026\/ SUDIJA: Evo, imali smo prilike, branilac je pokazao i taj obrazac vezano, kojim se verifikuje da ste vi upoznati sa svim ovim procedurama. Je li popunjen takav obrazac, je li potpisan i od koga je potpisan i kome je on dostavljen?<br \/>\nSVJEDOK: Pa, mislim da nije, za mog znanja, ja ne znam. Mislite o meni, kad sam ja\u2026?<br \/>\nSUDIJA: Da, kad vi preuzimate du\u017enost od Milice Pijak, zna\u010di, imamo obrazac koji je potrebno popuniti, ovjeriti nekim potpisom i dostaviti kome da ste vi upoznati sa svim ovim procedurama. To je taj neki momenat zvani\u010dni, da ka\u017eemo, primopredaje. Imamo te neke prate\u0107e propise kojima je regulisana sama ta procedura kako se to radi?<br \/>\nSVJEDOK: Ne, za mog znanja ne. Ja nisam vidjela.<br \/>\nSUDIJA: Za va\u0161eg znanja ne. Zna\u010di ne postoji nikakav tamo neki obrazac da ste izvr\u0161ili primopredaju i da ste vi glavni tehni\u010dar ili glavna sestra?<br \/>\nSVJEDOK: Ne.<\/p>\n<p>BRANILAC: Jesam li ja u pravu da postoji deset procedura koje se direktno odnose na vas kao glavnu sestru i na va\u0161e obaveze?<br \/>\nSVJEDOK: Pa, svakako, pretpostavljam da postoje, al&#8217; shvatite da u tom periodu nije\u2026<br \/>\nBRANILAC: Pa, jeste li pro\u010ditali?<br \/>\nSVJEDOK: Pa, nisam sve.<br \/>\nBRANILAC: Pa, i danas ste glavna sestra, jeste li ih danas pro\u010ditali?<br \/>\nSVJEDOK: Da, Pa, ne znam \u0161ta bih vam rekla, nisam.<\/p>\n<p><strong>***<\/strong> \/\u201dBRANILAC: Za\u0161to je ovo bitno? Bitno je zbog 2021. godine i to je ono \u0161to smo tra\u017eili da sud zatra\u017ei tu informaciju od Doma zdravlja da li je ovakvo ovla\u0161tenje doneseno ili nije. Osoba koja je bila u obavezi da to ovla\u0161tenje donese za 2021. godinu je saslu\u0161avana u ovom predmetu na glavnom pretresu, Du\u0161anka Smiljani\u0107, kao svjedok optu\u017ebe, i koja je tad, tom prilikom, pod zakletvom potvrdila da je donijela ovakvo i potpisala ovakvo ovla\u0161tenje za 2021. godinu, koje mi do danas nismo vidjeli, niti smo ga dobili.\u201d \u2013 Osnovni sud u Prijedoru, glavni pretres, 25.10.2023. godine, izvo\u0111enje materijalnih dokaza odbrane \u2013 napomena K.P.\/  <\/p>\n<p>\/nastavi\u0107e se\/ <\/p>\n<p>Katarina Pani\u0107 &#8211; <em><a href=\"https:\/\/www.prijedordanas.com\" target=\"_blank\" rel=\"noopener\">prijedordanas.com<\/a><\/em><\/p>\n<p><strong>EKSKLUZIVNO &#8211; Serijal tekstova: Iz sudnice o slu\u010daju 1.342 vakcine prijedorskog Doma zdravlja<\/strong><\/p>\n<p><strong><a href=\"https:\/\/www.prijedordanas.com\/?p=215419\" target=\"_blank\" rel=\"noopener\">Prvi dio &#8211; Uvodna rije\u010d odbrane<\/a><\/strong><\/p>\n<p><strong><a href=\"https:\/\/www.prijedordanas.com\/?p=215457\" target=\"_blank\" rel=\"noopener\">Drugi dio &#8211; Svjedo\u010denje Dijane \u0110eri\u0107<\/a><\/strong><\/p>\n<p><strong><a href=\"https:\/\/www.prijedordanas.com\/?p=215730\" target=\"_blank\" rel=\"noopener\">Tre\u0107i dio &#8211; Svjedo\u010denje Sandre Kusonji\u0107<\/a><\/strong><\/p>\n<p><strong><a href=\"https:\/\/www.prijedordanas.com\/?p=215788\" target=\"_blank\" rel=\"noopener\">\u010cetvrti dio &#8211; Svjedo\u010denje Du\u0161anke Smiljani\u0107 \u2013 1. dio<\/a><\/strong><\/p>\n<p><strong><a href=\"https:\/\/www.prijedordanas.com\/?p=215848\" target=\"_blank\" rel=\"noopener\">Peti dio &#8211; Svjedo\u010denje Du\u0161anke Smiljani\u0107 \u2013 2. dio<\/a><\/strong><\/p>\n<p><strong><a href=\"https:\/\/www.prijedordanas.com\/?p=216096\" target=\"_blank\" rel=\"noopener\">\u0160esti dio &#8211; Svjedo\u010denje Aleksandra \u0160kori\u0107a<\/a><\/strong><\/p>\n<p><strong><a href=\"https:\/\/www.prijedordanas.com\/?p=216177\" target=\"_blank\" rel=\"noopener\">Sedmi dio &#8211; Svjedo\u010denje Milana Knjeginji\u0107a<\/a><\/strong><\/p>\n<p><strong><a href=\"https:\/\/www.prijedordanas.com\/?p=216238\" target=\"_blank\" rel=\"noopener\">Osmi dio &#8211; Svjedo\u010denje Aleksandre Ba\u0161i\u0107<\/a><\/strong><\/p>\n<p><strong><a href=\"https:\/\/www.prijedordanas.com\/?p=216451\" target=\"_blank\" rel=\"noopener\">Deveti dio &#8211; Svjedo\u010denje Dalibora Laji\u0107a<\/a><\/strong><\/p>\n<p><strong><a href=\"https:\/\/www.prijedordanas.com\/?p=216532\" target=\"_blank\" rel=\"noopener\">Deseti dio &#8211; Svjedo\u010denje Dra\u0161ka Brezi\u010danina<\/a><\/strong><\/p>\n<p><strong><a href=\"https:\/\/www.prijedordanas.com\/?p=216652\" target=\"_blank\" rel=\"noopener\">Jedanaesti dio &#8211; Svjedo\u010denje Milenka Joki\u0107a<\/a><\/strong><\/p>\n<p><strong><a href=\"https:\/\/www.prijedordanas.com\/?p=216999\" target=\"_blank\" rel=\"noopener\">Dvanaesti dio &#8211; Svjedo\u010denje Miroslava Seni\u0107a<\/a><\/strong><\/p>\n<p><strong><a href=\"https:\/\/www.prijedordanas.com\/?p=217060\" target=\"_blank\" rel=\"noopener\">Trinaesti dio &#8211; Svjedo\u010denje \u017deljka Trnini\u0107a<\/a><\/strong><\/p>\n<p><strong><a href=\"https:\/\/www.prijedordanas.com\/?p=217106\" target=\"_blank\" rel=\"noopener\">\u010cetrnaesti dio &#8211; Svjedo\u010denje Biljane Stjepanovi\u0107<\/a><\/strong><\/p>\n","protected":false},"excerpt":{"rendered":"<p>Svjedo\u010denje Du\u0161anke Smiljani\u0107 \u2013 drugi dio Portal prijedordanas.com u nastavcima donosi izbor izgovorenog pred Osnovnim sudom u Prijedoru tokom krivi\u010dnog postupka po optu\u017enici Okru\u017enog javnog tu\u017eila\u0161tva \/OJT\/ Prijedor, iz oblasti [&hellip;]<\/p>\n","protected":false},"author":1,"featured_media":0,"comment_status":"closed","ping_status":"open","sticky":false,"template":"","format":"standard","meta":{"_monsterinsights_skip_tracking":false,"_monsterinsights_sitenote_active":false,"_monsterinsights_sitenote_note":"","_monsterinsights_sitenote_category":0,"footnotes":""},"categories":[4],"tags":[],"yoast_head":"<!-- This site is optimized with the Yoast SEO plugin v21.6 - https:\/\/yoast.com\/wordpress\/plugins\/seo\/ -->\n<title>EKSKLUZIVNO: Iz sudnice o slu\u010daju 1.342 vakcine prijedorskog Doma zdravlja (5) - PrijedorDanas.com - Prijedorski gradski portal<\/title>\n<meta name=\"robots\" content=\"index, follow, max-snippet:-1, max-image-preview:large, max-video-preview:-1\" \/>\n<link rel=\"canonical\" href=\"https:\/\/www.prijedordanas.com\/?p=215848\" \/>\n<meta property=\"og:locale\" content=\"en_US\" \/>\n<meta property=\"og:type\" content=\"article\" \/>\n<meta property=\"og:title\" content=\"EKSKLUZIVNO: Iz sudnice o slu\u010daju 1.342 vakcine prijedorskog Doma zdravlja (5) - PrijedorDanas.com - Prijedorski gradski portal\" \/>\n<meta property=\"og:description\" content=\"Svjedo\u010denje Du\u0161anke Smiljani\u0107 \u2013 drugi dio Portal prijedordanas.com u nastavcima donosi izbor izgovorenog pred Osnovnim sudom u Prijedoru tokom krivi\u010dnog postupka po optu\u017enici Okru\u017enog javnog tu\u017eila\u0161tva \/OJT\/ Prijedor, iz oblasti [&hellip;]\" \/>\n<meta property=\"og:url\" content=\"https:\/\/www.prijedordanas.com\/?p=215848\" \/>\n<meta property=\"og:site_name\" content=\"PrijedorDanas.com - Prijedorski gradski portal\" \/>\n<meta property=\"article:publisher\" content=\"https:\/\/www.facebook.com\/PrijedorDanasCom\/\" \/>\n<meta property=\"article:published_time\" content=\"2023-12-10T11:42:29+00:00\" \/>\n<meta property=\"article:modified_time\" content=\"2023-12-31T11:08:07+00:00\" \/>\n<meta property=\"og:image\" content=\"https:\/\/www.prijedordanas.com\/wp-content\/uploads\/2016\/10\/ilustracija-pravda-300x253.jpg\" \/>\n<meta name=\"author\" content=\"admin\" \/>\n<meta name=\"twitter:card\" content=\"summary_large_image\" \/>\n<meta name=\"twitter:label1\" content=\"Written by\" \/>\n\t<meta name=\"twitter:data1\" content=\"admin\" \/>\n\t<meta name=\"twitter:label2\" content=\"Est. reading time\" \/>\n\t<meta name=\"twitter:data2\" content=\"17 minutes\" \/>\n<script type=\"application\/ld+json\" class=\"yoast-schema-graph\">{\"@context\":\"https:\/\/schema.org\",\"@graph\":[{\"@type\":\"Article\",\"@id\":\"https:\/\/www.prijedordanas.com\/?p=215848#article\",\"isPartOf\":{\"@id\":\"https:\/\/www.prijedordanas.com\/?p=215848\"},\"author\":{\"name\":\"admin\",\"@id\":\"https:\/\/www.prijedordanas.com\/#\/schema\/person\/4e08ccf29b506ca916ff86d46bb700e6\"},\"headline\":\"EKSKLUZIVNO: Iz sudnice o slu\u010daju 1.342 vakcine prijedorskog Doma zdravlja (5)\",\"datePublished\":\"2023-12-10T11:42:29+00:00\",\"dateModified\":\"2023-12-31T11:08:07+00:00\",\"mainEntityOfPage\":{\"@id\":\"https:\/\/www.prijedordanas.com\/?p=215848\"},\"wordCount\":4231,\"publisher\":{\"@id\":\"https:\/\/www.prijedordanas.com\/#organization\"},\"articleSection\":[\"Dru\u0161tvo\"],\"inLanguage\":\"en-US\"},{\"@type\":\"WebPage\",\"@id\":\"https:\/\/www.prijedordanas.com\/?p=215848\",\"url\":\"https:\/\/www.prijedordanas.com\/?p=215848\",\"name\":\"EKSKLUZIVNO: Iz sudnice o slu\u010daju 1.342 vakcine prijedorskog Doma zdravlja (5) - PrijedorDanas.com - Prijedorski gradski portal\",\"isPartOf\":{\"@id\":\"https:\/\/www.prijedordanas.com\/#website\"},\"datePublished\":\"2023-12-10T11:42:29+00:00\",\"dateModified\":\"2023-12-31T11:08:07+00:00\",\"breadcrumb\":{\"@id\":\"https:\/\/www.prijedordanas.com\/?p=215848#breadcrumb\"},\"inLanguage\":\"en-US\",\"potentialAction\":[{\"@type\":\"ReadAction\",\"target\":[\"https:\/\/www.prijedordanas.com\/?p=215848\"]}]},{\"@type\":\"BreadcrumbList\",\"@id\":\"https:\/\/www.prijedordanas.com\/?p=215848#breadcrumb\",\"itemListElement\":[{\"@type\":\"ListItem\",\"position\":1,\"name\":\"Home\",\"item\":\"https:\/\/www.prijedordanas.com\/\"},{\"@type\":\"ListItem\",\"position\":2,\"name\":\"EKSKLUZIVNO: Iz sudnice o slu\u010daju 1.342 vakcine prijedorskog Doma zdravlja (5)\"}]},{\"@type\":\"WebSite\",\"@id\":\"https:\/\/www.prijedordanas.com\/#website\",\"url\":\"https:\/\/www.prijedordanas.com\/\",\"name\":\"PrijedorDanas.com - Prijedorski gradski portal\",\"description\":\"Portal o doga\u0111anjima u gradu Prijedoru\",\"publisher\":{\"@id\":\"https:\/\/www.prijedordanas.com\/#organization\"},\"potentialAction\":[{\"@type\":\"SearchAction\",\"target\":{\"@type\":\"EntryPoint\",\"urlTemplate\":\"https:\/\/www.prijedordanas.com\/?s={search_term_string}\"},\"query-input\":\"required name=search_term_string\"}],\"inLanguage\":\"en-US\"},{\"@type\":\"Organization\",\"@id\":\"https:\/\/www.prijedordanas.com\/#organization\",\"name\":\"PrijedorDanas.com\",\"url\":\"https:\/\/www.prijedordanas.com\/\",\"logo\":{\"@type\":\"ImageObject\",\"inLanguage\":\"en-US\",\"@id\":\"https:\/\/www.prijedordanas.com\/#\/schema\/logo\/image\/\",\"url\":\"http:\/\/www.prijedordanas.com\/wp-content\/uploads\/2021\/12\/logopng.png\",\"contentUrl\":\"http:\/\/www.prijedordanas.com\/wp-content\/uploads\/2021\/12\/logopng.png\",\"width\":1019,\"height\":776,\"caption\":\"PrijedorDanas.com\"},\"image\":{\"@id\":\"https:\/\/www.prijedordanas.com\/#\/schema\/logo\/image\/\"},\"sameAs\":[\"https:\/\/www.facebook.com\/PrijedorDanasCom\/\"]},{\"@type\":\"Person\",\"@id\":\"https:\/\/www.prijedordanas.com\/#\/schema\/person\/4e08ccf29b506ca916ff86d46bb700e6\",\"name\":\"admin\",\"image\":{\"@type\":\"ImageObject\",\"inLanguage\":\"en-US\",\"@id\":\"https:\/\/www.prijedordanas.com\/#\/schema\/person\/image\/\",\"url\":\"https:\/\/secure.gravatar.com\/avatar\/1d3fc949d550f0b53a5f0d51e06dfd79?s=96&d=mm&r=g\",\"contentUrl\":\"https:\/\/secure.gravatar.com\/avatar\/1d3fc949d550f0b53a5f0d51e06dfd79?s=96&d=mm&r=g\",\"caption\":\"admin\"},\"url\":\"https:\/\/www.prijedordanas.com\/?author=1\"}]}<\/script>\n<!-- \/ Yoast SEO plugin. -->","yoast_head_json":{"title":"EKSKLUZIVNO: Iz sudnice o slu\u010daju 1.342 vakcine prijedorskog Doma zdravlja (5) - PrijedorDanas.com - Prijedorski gradski portal","robots":{"index":"index","follow":"follow","max-snippet":"max-snippet:-1","max-image-preview":"max-image-preview:large","max-video-preview":"max-video-preview:-1"},"canonical":"https:\/\/www.prijedordanas.com\/?p=215848","og_locale":"en_US","og_type":"article","og_title":"EKSKLUZIVNO: Iz sudnice o slu\u010daju 1.342 vakcine prijedorskog Doma zdravlja (5) - PrijedorDanas.com - Prijedorski gradski portal","og_description":"Svjedo\u010denje Du\u0161anke Smiljani\u0107 \u2013 drugi dio Portal prijedordanas.com u nastavcima donosi izbor izgovorenog pred Osnovnim sudom u Prijedoru tokom krivi\u010dnog postupka po optu\u017enici Okru\u017enog javnog tu\u017eila\u0161tva \/OJT\/ Prijedor, iz oblasti [&hellip;]","og_url":"https:\/\/www.prijedordanas.com\/?p=215848","og_site_name":"PrijedorDanas.com - Prijedorski gradski portal","article_publisher":"https:\/\/www.facebook.com\/PrijedorDanasCom\/","article_published_time":"2023-12-10T11:42:29+00:00","article_modified_time":"2023-12-31T11:08:07+00:00","og_image":[{"url":"https:\/\/www.prijedordanas.com\/wp-content\/uploads\/2016\/10\/ilustracija-pravda-300x253.jpg"}],"author":"admin","twitter_card":"summary_large_image","twitter_misc":{"Written by":"admin","Est. reading time":"17 minutes"},"schema":{"@context":"https:\/\/schema.org","@graph":[{"@type":"Article","@id":"https:\/\/www.prijedordanas.com\/?p=215848#article","isPartOf":{"@id":"https:\/\/www.prijedordanas.com\/?p=215848"},"author":{"name":"admin","@id":"https:\/\/www.prijedordanas.com\/#\/schema\/person\/4e08ccf29b506ca916ff86d46bb700e6"},"headline":"EKSKLUZIVNO: Iz sudnice o slu\u010daju 1.342 vakcine prijedorskog Doma zdravlja (5)","datePublished":"2023-12-10T11:42:29+00:00","dateModified":"2023-12-31T11:08:07+00:00","mainEntityOfPage":{"@id":"https:\/\/www.prijedordanas.com\/?p=215848"},"wordCount":4231,"publisher":{"@id":"https:\/\/www.prijedordanas.com\/#organization"},"articleSection":["Dru\u0161tvo"],"inLanguage":"en-US"},{"@type":"WebPage","@id":"https:\/\/www.prijedordanas.com\/?p=215848","url":"https:\/\/www.prijedordanas.com\/?p=215848","name":"EKSKLUZIVNO: Iz sudnice o slu\u010daju 1.342 vakcine prijedorskog Doma zdravlja (5) - PrijedorDanas.com - Prijedorski gradski portal","isPartOf":{"@id":"https:\/\/www.prijedordanas.com\/#website"},"datePublished":"2023-12-10T11:42:29+00:00","dateModified":"2023-12-31T11:08:07+00:00","breadcrumb":{"@id":"https:\/\/www.prijedordanas.com\/?p=215848#breadcrumb"},"inLanguage":"en-US","potentialAction":[{"@type":"ReadAction","target":["https:\/\/www.prijedordanas.com\/?p=215848"]}]},{"@type":"BreadcrumbList","@id":"https:\/\/www.prijedordanas.com\/?p=215848#breadcrumb","itemListElement":[{"@type":"ListItem","position":1,"name":"Home","item":"https:\/\/www.prijedordanas.com\/"},{"@type":"ListItem","position":2,"name":"EKSKLUZIVNO: Iz sudnice o slu\u010daju 1.342 vakcine prijedorskog Doma zdravlja (5)"}]},{"@type":"WebSite","@id":"https:\/\/www.prijedordanas.com\/#website","url":"https:\/\/www.prijedordanas.com\/","name":"PrijedorDanas.com - Prijedorski gradski portal","description":"Portal o doga\u0111anjima u gradu Prijedoru","publisher":{"@id":"https:\/\/www.prijedordanas.com\/#organization"},"potentialAction":[{"@type":"SearchAction","target":{"@type":"EntryPoint","urlTemplate":"https:\/\/www.prijedordanas.com\/?s={search_term_string}"},"query-input":"required name=search_term_string"}],"inLanguage":"en-US"},{"@type":"Organization","@id":"https:\/\/www.prijedordanas.com\/#organization","name":"PrijedorDanas.com","url":"https:\/\/www.prijedordanas.com\/","logo":{"@type":"ImageObject","inLanguage":"en-US","@id":"https:\/\/www.prijedordanas.com\/#\/schema\/logo\/image\/","url":"http:\/\/www.prijedordanas.com\/wp-content\/uploads\/2021\/12\/logopng.png","contentUrl":"http:\/\/www.prijedordanas.com\/wp-content\/uploads\/2021\/12\/logopng.png","width":1019,"height":776,"caption":"PrijedorDanas.com"},"image":{"@id":"https:\/\/www.prijedordanas.com\/#\/schema\/logo\/image\/"},"sameAs":["https:\/\/www.facebook.com\/PrijedorDanasCom\/"]},{"@type":"Person","@id":"https:\/\/www.prijedordanas.com\/#\/schema\/person\/4e08ccf29b506ca916ff86d46bb700e6","name":"admin","image":{"@type":"ImageObject","inLanguage":"en-US","@id":"https:\/\/www.prijedordanas.com\/#\/schema\/person\/image\/","url":"https:\/\/secure.gravatar.com\/avatar\/1d3fc949d550f0b53a5f0d51e06dfd79?s=96&d=mm&r=g","contentUrl":"https:\/\/secure.gravatar.com\/avatar\/1d3fc949d550f0b53a5f0d51e06dfd79?s=96&d=mm&r=g","caption":"admin"},"url":"https:\/\/www.prijedordanas.com\/?author=1"}]}},"_links":{"self":[{"href":"https:\/\/www.prijedordanas.com\/index.php?rest_route=\/wp\/v2\/posts\/215848"}],"collection":[{"href":"https:\/\/www.prijedordanas.com\/index.php?rest_route=\/wp\/v2\/posts"}],"about":[{"href":"https:\/\/www.prijedordanas.com\/index.php?rest_route=\/wp\/v2\/types\/post"}],"author":[{"embeddable":true,"href":"https:\/\/www.prijedordanas.com\/index.php?rest_route=\/wp\/v2\/users\/1"}],"replies":[{"embeddable":true,"href":"https:\/\/www.prijedordanas.com\/index.php?rest_route=%2Fwp%2Fv2%2Fcomments&post=215848"}],"version-history":[{"count":4,"href":"https:\/\/www.prijedordanas.com\/index.php?rest_route=\/wp\/v2\/posts\/215848\/revisions"}],"predecessor-version":[{"id":217119,"href":"https:\/\/www.prijedordanas.com\/index.php?rest_route=\/wp\/v2\/posts\/215848\/revisions\/217119"}],"wp:attachment":[{"href":"https:\/\/www.prijedordanas.com\/index.php?rest_route=%2Fwp%2Fv2%2Fmedia&parent=215848"}],"wp:term":[{"taxonomy":"category","embeddable":true,"href":"https:\/\/www.prijedordanas.com\/index.php?rest_route=%2Fwp%2Fv2%2Fcategories&post=215848"},{"taxonomy":"post_tag","embeddable":true,"href":"https:\/\/www.prijedordanas.com\/index.php?rest_route=%2Fwp%2Fv2%2Ftags&post=215848"}],"curies":[{"name":"wp","href":"https:\/\/api.w.org\/{rel}","templated":true}]}}