{"id":21577,"date":"2015-05-06T15:24:52","date_gmt":"2015-05-06T14:24:52","guid":{"rendered":"https:\/\/www.prijedordanas.com\/?p=21577"},"modified":"2015-05-09T15:00:35","modified_gmt":"2015-05-09T14:00:35","slug":"prijedor-zasto-vrtic-trazi-da-zadrzi-monopol-u-provodenju-predskolskog-programa","status":"publish","type":"post","link":"https:\/\/www.prijedordanas.com\/?p=21577","title":{"rendered":"PRIJEDOR: ZA\u0160TO VRTI\u0106 TRA\u017dI DA ZADR\u017dI MONOPOL U PROVO\u0110ENJU PRED\u0160KOLSKOG PROGRAMA?"},"content":{"rendered":"<p><a href=\"https:\/\/www.prijedordanas.com\/wp-content\/uploads\/2015\/05\/ucesnici-javne-rasprave-o-predskolskom-obrazovanju.jpg\"><img loading=\"lazy\" decoding=\"async\" class=\"alignleft size-medium wp-image-21575\" src=\"https:\/\/www.prijedordanas.com\/wp-content\/uploads\/2015\/05\/ucesnici-javne-rasprave-o-predskolskom-obrazovanju-300x202.jpg\" alt=\"ucesnici javne rasprave o predskolskom obrazovanju\" width=\"300\" height=\"202\" srcset=\"https:\/\/www.prijedordanas.com\/wp-content\/uploads\/2015\/05\/ucesnici-javne-rasprave-o-predskolskom-obrazovanju-300x202.jpg 300w, https:\/\/www.prijedordanas.com\/wp-content\/uploads\/2015\/05\/ucesnici-javne-rasprave-o-predskolskom-obrazovanju-150x100.jpg 150w, https:\/\/www.prijedordanas.com\/wp-content\/uploads\/2015\/05\/ucesnici-javne-rasprave-o-predskolskom-obrazovanju.jpg 600w\" sizes=\"(max-width: 300px) 100vw, 300px\" \/><\/a>Direktor Dje\u010dijeg vrti\u0107a \u201eRadost\u201c Prijedor Du\u0161anka Bo\u017ei\u0107 pozvala je Ministarstvo prosvjete i kulture Republike Srpske da prekr\u0161i zakon o osnovnom obrazovanju.<\/p>\n<p>\u201eNe dozvolite organizovanje pripremnog programa za pred\u0161kolce u osnovnim \u0161kolama sve dok vrti\u0107 ne popuni svoje kapacitete\u201c, zatra\u017eila je Bo\u017ei\u0107 na javnoj raspravi o Nacrtu Zakona o pred\u0161kolskom obrazovanju i vaspitanju Republike Srpske, odr\u017eanoj u Prijedoru, 28. aprila 2015. godine.<\/p>\n<p>A Zakon o osnovnom obrazovanju Republike Srpske u \u010clanu 47. pod ta\u010dkom \u0111) propisuje da \u0161kola organizuje pripremne aktivnosti za djecu u godini prije polaska u prvi razred. Mo\u017eda uprava prijedorskog vrti\u0107a ne poznaje zakon, ali neznanje nikoga ne osloba\u0111a odgovornosti. Odgovornosti i u djelovanju i u javno izgovorenoj rije\u010di.<\/p>\n<p>\u201eZa\u0161to da meni djecu uzimaju \/osnovne \u0161kole\/ \u2019Desanka \/Maksimovi\u0107\u2019\/ i \/\u2019Branko\/ \u0106opi\u0107\u2019 na sto metara od vrti\u0107a?\u201c, upita direktorica predstavnike Ministarstva.<\/p>\n<p>\u201eUkoliko \u0161kole organizuju pripremni program od 9 ili od 10 \u010dasova, a vrti\u0107 tek od 16.00 ili 17.00 \u010dasova, postavlja se pitanje pedago\u0161ke opravdanosti izvo\u0111enja ovog programa u vrti\u0107u\u201c, odgovori Nata\u0161a Cvijanovi\u0107, na\u010delnik Odjeljenja za pred\u0161kolsko vaspitanje u Ministarstvu prosvjete i kulture Republike Srpske.<\/p>\n<p>A djecu osnovne \u0161kole vrti\u0107u \u201euzimaju\u201c iz dva razloga: \u0161to imaju pravo, zakonom propisano, da organizuju pripremni program za pred\u0161kolce \/a Ministarstvo im u tome poma\u017ee ve\u0107 petu godinu\/, i \u0161to, za razliku od prijedorskog vrti\u0107a, po\u0161tuju \u010dlan 5. Zakona o pred\u0161kolskom vaspitanju i obrazovanju kojim je definisano da djeca koja u\u010destvuju u programu pripreme u godini pred polazak u \u0161kolu ostvaruju pravo na besplatan vaspitno-obrazovni program.<\/p>\n<p>A vrti\u0107 je godinama unazad ovaj program od roditelja napla\u0107ivao, i do 50 KM mjese\u010dno. I nisu roditelji upla\u0107ivali taj novac na ra\u010dun vrti\u0107a na koji participaciju upla\u0107uju i roditelji djece iz primarnog boravka, nego u ke\u0161u, na blagajni vrti\u0107a. Bilo je i situacija da roditelji redovno pla\u0107aju odre\u0111eni iznos, a potom im, nakon zavr\u0161ne priredbe, uprava zatra\u017ei jo\u0161 po 20 KM, pravdaju\u0107i to nekim dodatnim tro\u0161kovima.<\/p>\n<p>I sve je trajalo dok se pro\u0161le godine u program nije uklju\u010dio UNICEF koji je insistirao da program bude besplatan za roditelje. Na taj uslov pristale su i \u0161kole i vrti\u0107i koji su odabrani za u\u010de\u0161\u0107e u programu, ali je prijedorski vrti\u0107, bez obzira na svoj pristanak, od roditelja naknadno zatra\u017eio po 25 KM mjese\u010dno. Opet u ke\u0161u, opet na blagajni, opet bez upori\u0161ta i opet za tro\u0161kove koje ve\u0107 neko snosi. Reagovalo je Ministarstvo prosvjete i kulture Republike Srpske i osujetilo vrti\u0107 u namjeri da napla\u0107uje program od roditelja. I pribavi sebi 14.000 KM \/140 djece puta 25 KM mjese\u010dno puta \u010detiri mjeseca\/ \u010dijeg tro\u0161enja bi transparentnost bila upitna.<\/p>\n<p>Ove godine jo\u0161 drasti\u010dnija situacija. Uprava vrti\u0107a u javnom pozivu za prijavljivanje djece za program objavila je da \u0107e program pripreme za \u0161kolu budu\u0107ih prva\u010di\u0107a finansirati roditelji sa 40 KM mjese\u010dno, \u010dime \u0107e, kako je uprava navela, biti pokriveni plate vaspita\u010da i didakti\u010dki materijal, iako te tro\u0161kove pokriva Ministarstvo prosvjete i kulture Republike Srpske. Pa je opet moralo reagovati Ministarstvo i osujetiti vrti\u0107 da napla\u0107uje program od roditelja. I pribavi sebi 19.500 KM \/130 djece puta 40 KM mjese\u010dno puta tri mjeseca plus 130 djece puta 30 KM za februar\/.<\/p>\n<p>Ministarstvo je vrti\u0107u odobrilo sredstva za \u010detiri grupe djece, a prijavljeno je bilo 130 djece odnosno pet grupa. Vrti\u0107 je potom zatra\u017eio da svi roditelji pla\u0107aju po 15 KM mjese\u010dno kako bi se pokrili i tro\u0161kovi te pete grupe koju Ministarstvo ne finansira.<\/p>\n<p>I vje\u010dno pitanje u\u017eine i plata za sprema\u010dice. Kada slu\u0161ate direktoricu vrti\u0107a i tro\u0161kove za prekovremeni rad sprema\u010dica, koji proisti\u010du iz ovog programa, zapitate se koliko li \u0107e te sprema\u010dice zgrnuti para za vrijeme trajanja pripremnog programa. Istovremeno, ne \u010dujete direktore \u0161kola da to uop\u0161te spominju. A tako\u0111e imaju sprema\u010dice kojima se tako\u0111e pove\u0107ava obim posla u vrijeme trajanja pripremnog programa. A \u0161to se ti\u010de u\u017eine, uprava prijedorskog vrti\u0107a nije ni ponudila roditeljima mogu\u0107nost izbora, kako to rade druge pred\u0161kolske ustanove u Republici Srpskoj: da roditelji sami odlu\u010de da li \u0107e pla\u0107ati u\u017einu vrti\u0107u ili \u0107e djeca sama donositi u\u017einu od ku\u0107e.<\/p>\n<p>Uprava vrti\u0107a trebalo bi da prihvati \u010dinjenicu da vi\u0161e nema monopol u programu pripreme budu\u0107ih prva\u010di\u0107a za \u0161kolu i da je broj djece u vrti\u0107u u ovom programu u opadanju iz razloga \u0161to \u0161kole isti taj program organizuju, a pritom ga ne napla\u0107uju. Ima roditelja koji vrti\u0107u zamjeraju formulaciju \u201ehvala na povjerenju\u201c i navode da su djecu upisali u vrti\u0107ki program ne zato \u0161to imaju povjerenje u vrti\u0107 nego zato \u0161to nemaju mogu\u0107nost izbora.<br \/>\nNaime, besplatan pripremni pred\u0161kolski program u osnovnim \u0161kolama mogu poha\u0111ati samo djeca koja pripadaju upisnom podru\u010dju te \u0161kole, a nisu sve \u0161kole organizovale ovaj program.<\/p>\n<p>One koje jesu najavljuju da \u0107e to \u010diniti i svake naredne godine. Me\u0111u njima je i O\u0160 \u201eBranko \u0106opi\u0107\u201c Prijedor \u010dije podru\u010dno odjeljenje u Gomjenici ove godine finansira Ministarstvo, dok je za program u centralnoj \u0161koli uprava \u0161kole sama na\u0161la donatore, za \u0161ta je na javnoj raspravi dobila pohvale resornog ministarstva.<\/p>\n<p>\u201e\u017dao mi je \u0161to nisam mogla prisustvovati javnoj raspravi, jer smo toga dana imali eksterno testiranje u\u010denika devetih razreda. Ja ve\u0107 za idu\u0107u godinu imam donatore za ovaj program ako ne u\u0111emo u spisak \u0161kola kojima \u0107e tro\u0161kove pokriti Ministarstvo. Mi \u0107emo nastaviti s ovim programom jer daje odli\u010dne rezultate, bez obzira na neke niske udarce sa strane. Vrti\u0107 npr. svake godine za potrebe ovog programa pokupi sve vaspita\u010dice sa Biroa za zapo\u0161ljavanje, potom nam spo\u010ditava da nemamo kadar za vo\u0111enje tog programa, a taj program jednako kvalitetno vode i profesori razredne nastave, oni isti koji \u0107e par mjeseci kasnije do\u010dekati mali\u0161ane u prvom razredu osnovne \u0161kole\u201c, rekla je Sanja Munjiza, direktor O\u0160 \u201eBranko \u0106opi\u0107\u201c Prijedor.<\/p>\n<p>\u010cinjenica je da vrti\u0107 za svaku grupu anga\u017euje po dvije umjesto po jednu vaspita\u010dicu, uz obrazlo\u017eenje da im je bolje i lak\u0161e da dijele i honorar \/od 400 KM\/ i obaveze, za razliku od \u0161kola koje anga\u017euju po jednog radnika po grupi.<\/p>\n<p>Milosava Prani\u0107, direktor O\u0160 \u201eBranko Radi\u010devi\u0107\u201c iz Petrova\/\u0106ele kod Prijedora, jedini je direktor prijedorskih osnovnih \u0161kola koja je javnoj raspravi prisustvovala. Po drugi put se u ovoj \u0161koli organizuje pripremni program za budu\u0107e prva\u010di\u0107e i rezultati su, prema njenim rije\u010dima, izuzetno dobri. Dva puta se \u0161kola obra\u0107ala Odjeljenju za dru\u0161tvene djelatnosti grada Prijedora za finansijsku pomo\u0107 za provo\u0111enje programa \/za dio koji Ministarstvo ne finansira\/ i oba puta joj je novac odobren.<\/p>\n<p>\u201eNi u jednom momentu nismo pomislili da tra\u017eimo novac od roditelja niti bismo to mogli\u201c, kazala je Prani\u0107 na javnoj raspravi.<\/p>\n<p>Dje\u010diji vrti\u0107 \u201eRadost\u201c nije me\u0111utim odgovorio na pitanje novinara da li se obratio gradu, kao osniva\u010du, da pomogne provo\u0111enje ovog programa, kako bi na taj na\u010din izbjegao napla\u0107ivanje programa od roditelja. Da se obratio, kakav god odgovor grada bio, uprava vrti\u0107a bi imala argument da je iscrpila i tu mogu\u0107nost. Grad, vjerovatno, ne bi sebi dozvolio dvostruki ar\u0161in, te bi i vrti\u0107u pomogao isto kao \u0161to poma\u017ee i \u0161kolama za isti program. Tada ne bi bilo ni osnova postaviti pitanje ministru prosvjete i kulture \/prilikom njegove posjete O\u0161troj Luci 24.02.2015. godine\/ kako \u0107e reagovati na o\u010diglednu diskriminaciju djece koja pla\u0107aju u program u vrti\u0107u u odnosu na djecu kojoj je isti taj program u \u0161kolama besplatan.<\/p>\n<p>Ministar prosvjete i kulture Republike Srpske Dane Male\u0161evi\u0107 izjavio je da \u0161kole u Republici Srpskoj, koje provode program pred\u0161kolske pripreme za budu\u0107e prva\u010di\u0107e, ne smiju napla\u0107ivati participaciju od roditelja \u010dija djeca u\u010destvuju u programu.<\/p>\n<p>\u201eS druge strane, finansiranje vrti\u0107a je u nadle\u017enosti lokalnih zajednica, a ne Ministarstva, i neke lokalne zajednice u Republici Srpskoj ne mogu snositi dodatne tro\u0161kove koje ovaj program nosi\u201c, rekao je Male\u0161evi\u0107 novinarima prilikom posjete O\u0161troj Luci 24. februara ove godine.<\/p>\n<p>Na konstataciju da grad Prijedor sigurno ne spada u lokalne zajednice koje to ne mogu, kao i da takav odgovor i dalje ne garantuje ravnopravnost djece koja poha\u0111aju ovaj program, ministar je rekao da \u0107e se i zbog toga mijenjati zakon.<\/p>\n<p>Tako je u nacrtu novog zakona o pred\u0161kolskom obrazovanju i vaspitanju propisana obaveza ministra da u roku od devet mjeseci od dana stupanja na snagu ovog zakona donese podzakonske akte, me\u0111u kojima i Pravilnik o uslovima i na\u010dinu realizacije programa pripreme djece u godini pred polazak u \u0161kolu. Taj bi pravilnik trebalo da u jednak polo\u017eaj dovede i ustanove koje provode program i korisnike prorgama, \u0161to sada u praksi, pokazalo se i na primjeru Prijedora, nije slu\u010daj.<\/p>\n<p>Katarina Pani\u0107<br \/>\nkatarinapanicblog.wordpress.com<\/p>\n","protected":false},"excerpt":{"rendered":"<p>Direktor Dje\u010dijeg vrti\u0107a \u201eRadost\u201c Prijedor Du\u0161anka Bo\u017ei\u0107 pozvala je Ministarstvo prosvjete i kulture Republike Srpske da prekr\u0161i zakon o osnovnom obrazovanju. \u201eNe dozvolite organizovanje pripremnog programa za pred\u0161kolce u osnovnim [&hellip;]<\/p>\n","protected":false},"author":1,"featured_media":0,"comment_status":"closed","ping_status":"open","sticky":false,"template":"","format":"standard","meta":{"_monsterinsights_skip_tracking":false,"_monsterinsights_sitenote_active":false,"_monsterinsights_sitenote_note":"","_monsterinsights_sitenote_category":0,"footnotes":""},"categories":[4],"tags":[3201,3145,2161,1024],"yoast_head":"<!-- This site is optimized with the Yoast SEO plugin v21.6 - https:\/\/yoast.com\/wordpress\/plugins\/seo\/ -->\n<title>PRIJEDOR: ZA\u0160TO VRTI\u0106 TRA\u017dI DA ZADR\u017dI MONOPOL U PROVO\u0110ENJU PRED\u0160KOLSKOG PROGRAMA? - PrijedorDanas.com - Prijedorski gradski portal<\/title>\n<meta name=\"robots\" content=\"index, follow, max-snippet:-1, max-image-preview:large, max-video-preview:-1\" \/>\n<link rel=\"canonical\" href=\"https:\/\/www.prijedordanas.com\/?p=21577\" \/>\n<meta property=\"og:locale\" content=\"en_US\" \/>\n<meta property=\"og:type\" content=\"article\" \/>\n<meta property=\"og:title\" content=\"PRIJEDOR: ZA\u0160TO VRTI\u0106 TRA\u017dI DA ZADR\u017dI MONOPOL U PROVO\u0110ENJU PRED\u0160KOLSKOG PROGRAMA? - PrijedorDanas.com - Prijedorski gradski portal\" \/>\n<meta property=\"og:description\" content=\"Direktor Dje\u010dijeg vrti\u0107a \u201eRadost\u201c Prijedor Du\u0161anka Bo\u017ei\u0107 pozvala je Ministarstvo prosvjete i kulture Republike Srpske da prekr\u0161i zakon o osnovnom obrazovanju. \u201eNe dozvolite organizovanje pripremnog programa za pred\u0161kolce u osnovnim [&hellip;]\" \/>\n<meta property=\"og:url\" content=\"https:\/\/www.prijedordanas.com\/?p=21577\" \/>\n<meta property=\"og:site_name\" content=\"PrijedorDanas.com - Prijedorski gradski portal\" \/>\n<meta property=\"article:publisher\" content=\"https:\/\/www.facebook.com\/PrijedorDanasCom\/\" \/>\n<meta property=\"article:published_time\" content=\"2015-05-06T14:24:52+00:00\" \/>\n<meta property=\"article:modified_time\" content=\"2015-05-09T14:00:35+00:00\" \/>\n<meta property=\"og:image\" content=\"https:\/\/www.prijedordanas.com\/wp-content\/uploads\/2015\/05\/ucesnici-javne-rasprave-o-predskolskom-obrazovanju-300x202.jpg\" \/>\n<meta name=\"author\" content=\"admin\" \/>\n<meta name=\"twitter:card\" content=\"summary_large_image\" \/>\n<meta name=\"twitter:label1\" content=\"Written by\" \/>\n\t<meta name=\"twitter:data1\" content=\"admin\" \/>\n\t<meta name=\"twitter:label2\" content=\"Est. reading time\" \/>\n\t<meta name=\"twitter:data2\" content=\"8 minutes\" \/>\n<script type=\"application\/ld+json\" class=\"yoast-schema-graph\">{\"@context\":\"https:\/\/schema.org\",\"@graph\":[{\"@type\":\"Article\",\"@id\":\"https:\/\/www.prijedordanas.com\/?p=21577#article\",\"isPartOf\":{\"@id\":\"https:\/\/www.prijedordanas.com\/?p=21577\"},\"author\":{\"name\":\"admin\",\"@id\":\"https:\/\/www.prijedordanas.com\/#\/schema\/person\/4e08ccf29b506ca916ff86d46bb700e6\"},\"headline\":\"PRIJEDOR: ZA\u0160TO VRTI\u0106 TRA\u017dI DA ZADR\u017dI MONOPOL U PROVO\u0110ENJU PRED\u0160KOLSKOG PROGRAMA?\",\"datePublished\":\"2015-05-06T14:24:52+00:00\",\"dateModified\":\"2015-05-09T14:00:35+00:00\",\"mainEntityOfPage\":{\"@id\":\"https:\/\/www.prijedordanas.com\/?p=21577\"},\"wordCount\":1533,\"publisher\":{\"@id\":\"https:\/\/www.prijedordanas.com\/#organization\"},\"keywords\":[\"Du\u0161anka Bo\u017ei\u0107\",\"pred\u0161kolski program\",\"Radost\",\"vrti\u0107\"],\"articleSection\":[\"Dru\u0161tvo\"],\"inLanguage\":\"en-US\"},{\"@type\":\"WebPage\",\"@id\":\"https:\/\/www.prijedordanas.com\/?p=21577\",\"url\":\"https:\/\/www.prijedordanas.com\/?p=21577\",\"name\":\"PRIJEDOR: ZA\u0160TO VRTI\u0106 TRA\u017dI DA ZADR\u017dI MONOPOL U PROVO\u0110ENJU PRED\u0160KOLSKOG PROGRAMA? - PrijedorDanas.com - Prijedorski gradski portal\",\"isPartOf\":{\"@id\":\"https:\/\/www.prijedordanas.com\/#website\"},\"datePublished\":\"2015-05-06T14:24:52+00:00\",\"dateModified\":\"2015-05-09T14:00:35+00:00\",\"breadcrumb\":{\"@id\":\"https:\/\/www.prijedordanas.com\/?p=21577#breadcrumb\"},\"inLanguage\":\"en-US\",\"potentialAction\":[{\"@type\":\"ReadAction\",\"target\":[\"https:\/\/www.prijedordanas.com\/?p=21577\"]}]},{\"@type\":\"BreadcrumbList\",\"@id\":\"https:\/\/www.prijedordanas.com\/?p=21577#breadcrumb\",\"itemListElement\":[{\"@type\":\"ListItem\",\"position\":1,\"name\":\"Home\",\"item\":\"https:\/\/www.prijedordanas.com\/\"},{\"@type\":\"ListItem\",\"position\":2,\"name\":\"PRIJEDOR: ZA\u0160TO VRTI\u0106 TRA\u017dI DA ZADR\u017dI MONOPOL U PROVO\u0110ENJU PRED\u0160KOLSKOG PROGRAMA?\"}]},{\"@type\":\"WebSite\",\"@id\":\"https:\/\/www.prijedordanas.com\/#website\",\"url\":\"https:\/\/www.prijedordanas.com\/\",\"name\":\"PrijedorDanas.com - Prijedorski gradski portal\",\"description\":\"Portal o doga\u0111anjima u gradu Prijedoru\",\"publisher\":{\"@id\":\"https:\/\/www.prijedordanas.com\/#organization\"},\"potentialAction\":[{\"@type\":\"SearchAction\",\"target\":{\"@type\":\"EntryPoint\",\"urlTemplate\":\"https:\/\/www.prijedordanas.com\/?s={search_term_string}\"},\"query-input\":\"required name=search_term_string\"}],\"inLanguage\":\"en-US\"},{\"@type\":\"Organization\",\"@id\":\"https:\/\/www.prijedordanas.com\/#organization\",\"name\":\"PrijedorDanas.com\",\"url\":\"https:\/\/www.prijedordanas.com\/\",\"logo\":{\"@type\":\"ImageObject\",\"inLanguage\":\"en-US\",\"@id\":\"https:\/\/www.prijedordanas.com\/#\/schema\/logo\/image\/\",\"url\":\"http:\/\/www.prijedordanas.com\/wp-content\/uploads\/2021\/12\/logopng.png\",\"contentUrl\":\"http:\/\/www.prijedordanas.com\/wp-content\/uploads\/2021\/12\/logopng.png\",\"width\":1019,\"height\":776,\"caption\":\"PrijedorDanas.com\"},\"image\":{\"@id\":\"https:\/\/www.prijedordanas.com\/#\/schema\/logo\/image\/\"},\"sameAs\":[\"https:\/\/www.facebook.com\/PrijedorDanasCom\/\"]},{\"@type\":\"Person\",\"@id\":\"https:\/\/www.prijedordanas.com\/#\/schema\/person\/4e08ccf29b506ca916ff86d46bb700e6\",\"name\":\"admin\",\"image\":{\"@type\":\"ImageObject\",\"inLanguage\":\"en-US\",\"@id\":\"https:\/\/www.prijedordanas.com\/#\/schema\/person\/image\/\",\"url\":\"https:\/\/secure.gravatar.com\/avatar\/1d3fc949d550f0b53a5f0d51e06dfd79?s=96&d=mm&r=g\",\"contentUrl\":\"https:\/\/secure.gravatar.com\/avatar\/1d3fc949d550f0b53a5f0d51e06dfd79?s=96&d=mm&r=g\",\"caption\":\"admin\"},\"url\":\"https:\/\/www.prijedordanas.com\/?author=1\"}]}<\/script>\n<!-- \/ Yoast SEO plugin. -->","yoast_head_json":{"title":"PRIJEDOR: ZA\u0160TO VRTI\u0106 TRA\u017dI DA ZADR\u017dI MONOPOL U PROVO\u0110ENJU PRED\u0160KOLSKOG PROGRAMA? - PrijedorDanas.com - Prijedorski gradski portal","robots":{"index":"index","follow":"follow","max-snippet":"max-snippet:-1","max-image-preview":"max-image-preview:large","max-video-preview":"max-video-preview:-1"},"canonical":"https:\/\/www.prijedordanas.com\/?p=21577","og_locale":"en_US","og_type":"article","og_title":"PRIJEDOR: ZA\u0160TO VRTI\u0106 TRA\u017dI DA ZADR\u017dI MONOPOL U PROVO\u0110ENJU PRED\u0160KOLSKOG PROGRAMA? - PrijedorDanas.com - Prijedorski gradski portal","og_description":"Direktor Dje\u010dijeg vrti\u0107a \u201eRadost\u201c Prijedor Du\u0161anka Bo\u017ei\u0107 pozvala je Ministarstvo prosvjete i kulture Republike Srpske da prekr\u0161i zakon o osnovnom obrazovanju. \u201eNe dozvolite organizovanje pripremnog programa za pred\u0161kolce u osnovnim [&hellip;]","og_url":"https:\/\/www.prijedordanas.com\/?p=21577","og_site_name":"PrijedorDanas.com - Prijedorski gradski portal","article_publisher":"https:\/\/www.facebook.com\/PrijedorDanasCom\/","article_published_time":"2015-05-06T14:24:52+00:00","article_modified_time":"2015-05-09T14:00:35+00:00","og_image":[{"url":"https:\/\/www.prijedordanas.com\/wp-content\/uploads\/2015\/05\/ucesnici-javne-rasprave-o-predskolskom-obrazovanju-300x202.jpg"}],"author":"admin","twitter_card":"summary_large_image","twitter_misc":{"Written by":"admin","Est. reading time":"8 minutes"},"schema":{"@context":"https:\/\/schema.org","@graph":[{"@type":"Article","@id":"https:\/\/www.prijedordanas.com\/?p=21577#article","isPartOf":{"@id":"https:\/\/www.prijedordanas.com\/?p=21577"},"author":{"name":"admin","@id":"https:\/\/www.prijedordanas.com\/#\/schema\/person\/4e08ccf29b506ca916ff86d46bb700e6"},"headline":"PRIJEDOR: ZA\u0160TO VRTI\u0106 TRA\u017dI DA ZADR\u017dI MONOPOL U PROVO\u0110ENJU PRED\u0160KOLSKOG PROGRAMA?","datePublished":"2015-05-06T14:24:52+00:00","dateModified":"2015-05-09T14:00:35+00:00","mainEntityOfPage":{"@id":"https:\/\/www.prijedordanas.com\/?p=21577"},"wordCount":1533,"publisher":{"@id":"https:\/\/www.prijedordanas.com\/#organization"},"keywords":["Du\u0161anka Bo\u017ei\u0107","pred\u0161kolski program","Radost","vrti\u0107"],"articleSection":["Dru\u0161tvo"],"inLanguage":"en-US"},{"@type":"WebPage","@id":"https:\/\/www.prijedordanas.com\/?p=21577","url":"https:\/\/www.prijedordanas.com\/?p=21577","name":"PRIJEDOR: ZA\u0160TO VRTI\u0106 TRA\u017dI DA ZADR\u017dI MONOPOL U PROVO\u0110ENJU PRED\u0160KOLSKOG PROGRAMA? - PrijedorDanas.com - Prijedorski gradski portal","isPartOf":{"@id":"https:\/\/www.prijedordanas.com\/#website"},"datePublished":"2015-05-06T14:24:52+00:00","dateModified":"2015-05-09T14:00:35+00:00","breadcrumb":{"@id":"https:\/\/www.prijedordanas.com\/?p=21577#breadcrumb"},"inLanguage":"en-US","potentialAction":[{"@type":"ReadAction","target":["https:\/\/www.prijedordanas.com\/?p=21577"]}]},{"@type":"BreadcrumbList","@id":"https:\/\/www.prijedordanas.com\/?p=21577#breadcrumb","itemListElement":[{"@type":"ListItem","position":1,"name":"Home","item":"https:\/\/www.prijedordanas.com\/"},{"@type":"ListItem","position":2,"name":"PRIJEDOR: ZA\u0160TO VRTI\u0106 TRA\u017dI DA ZADR\u017dI MONOPOL U PROVO\u0110ENJU PRED\u0160KOLSKOG PROGRAMA?"}]},{"@type":"WebSite","@id":"https:\/\/www.prijedordanas.com\/#website","url":"https:\/\/www.prijedordanas.com\/","name":"PrijedorDanas.com - Prijedorski gradski portal","description":"Portal o doga\u0111anjima u gradu Prijedoru","publisher":{"@id":"https:\/\/www.prijedordanas.com\/#organization"},"potentialAction":[{"@type":"SearchAction","target":{"@type":"EntryPoint","urlTemplate":"https:\/\/www.prijedordanas.com\/?s={search_term_string}"},"query-input":"required name=search_term_string"}],"inLanguage":"en-US"},{"@type":"Organization","@id":"https:\/\/www.prijedordanas.com\/#organization","name":"PrijedorDanas.com","url":"https:\/\/www.prijedordanas.com\/","logo":{"@type":"ImageObject","inLanguage":"en-US","@id":"https:\/\/www.prijedordanas.com\/#\/schema\/logo\/image\/","url":"http:\/\/www.prijedordanas.com\/wp-content\/uploads\/2021\/12\/logopng.png","contentUrl":"http:\/\/www.prijedordanas.com\/wp-content\/uploads\/2021\/12\/logopng.png","width":1019,"height":776,"caption":"PrijedorDanas.com"},"image":{"@id":"https:\/\/www.prijedordanas.com\/#\/schema\/logo\/image\/"},"sameAs":["https:\/\/www.facebook.com\/PrijedorDanasCom\/"]},{"@type":"Person","@id":"https:\/\/www.prijedordanas.com\/#\/schema\/person\/4e08ccf29b506ca916ff86d46bb700e6","name":"admin","image":{"@type":"ImageObject","inLanguage":"en-US","@id":"https:\/\/www.prijedordanas.com\/#\/schema\/person\/image\/","url":"https:\/\/secure.gravatar.com\/avatar\/1d3fc949d550f0b53a5f0d51e06dfd79?s=96&d=mm&r=g","contentUrl":"https:\/\/secure.gravatar.com\/avatar\/1d3fc949d550f0b53a5f0d51e06dfd79?s=96&d=mm&r=g","caption":"admin"},"url":"https:\/\/www.prijedordanas.com\/?author=1"}]}},"_links":{"self":[{"href":"https:\/\/www.prijedordanas.com\/index.php?rest_route=\/wp\/v2\/posts\/21577"}],"collection":[{"href":"https:\/\/www.prijedordanas.com\/index.php?rest_route=\/wp\/v2\/posts"}],"about":[{"href":"https:\/\/www.prijedordanas.com\/index.php?rest_route=\/wp\/v2\/types\/post"}],"author":[{"embeddable":true,"href":"https:\/\/www.prijedordanas.com\/index.php?rest_route=\/wp\/v2\/users\/1"}],"replies":[{"embeddable":true,"href":"https:\/\/www.prijedordanas.com\/index.php?rest_route=%2Fwp%2Fv2%2Fcomments&post=21577"}],"version-history":[{"count":1,"href":"https:\/\/www.prijedordanas.com\/index.php?rest_route=\/wp\/v2\/posts\/21577\/revisions"}],"predecessor-version":[{"id":21578,"href":"https:\/\/www.prijedordanas.com\/index.php?rest_route=\/wp\/v2\/posts\/21577\/revisions\/21578"}],"wp:attachment":[{"href":"https:\/\/www.prijedordanas.com\/index.php?rest_route=%2Fwp%2Fv2%2Fmedia&parent=21577"}],"wp:term":[{"taxonomy":"category","embeddable":true,"href":"https:\/\/www.prijedordanas.com\/index.php?rest_route=%2Fwp%2Fv2%2Fcategories&post=21577"},{"taxonomy":"post_tag","embeddable":true,"href":"https:\/\/www.prijedordanas.com\/index.php?rest_route=%2Fwp%2Fv2%2Ftags&post=21577"}],"curies":[{"name":"wp","href":"https:\/\/api.w.org\/{rel}","templated":true}]}}