{"id":215640,"date":"2023-12-06T16:43:43","date_gmt":"2023-12-06T15:43:43","guid":{"rendered":"https:\/\/www.prijedordanas.com\/?p=215640"},"modified":"2023-12-06T16:43:43","modified_gmt":"2023-12-06T15:43:43","slug":"odrzana-35-sjednica-skupstine-grada-prijedora-usvojen-nacrt-budzeta-za-iducu-godinu-od-722-miliona-km-foto","status":"publish","type":"post","link":"https:\/\/www.prijedordanas.com\/?p=215640","title":{"rendered":"Odr\u017eana 35. sjednica Skup\u0161tine grada Prijedora: Usvojen nacrt bud\u017eeta za idu\u0107u godinu od 72,2 miliona KM &#8211; FOTO"},"content":{"rendered":"<p><a href=\"https:\/\/www.prijedordanas.com\/wp-content\/uploads\/2023\/12\/skupstina-grada-6decembar-1.jpg\"><img loading=\"lazy\" decoding=\"async\" class=\"alignleft size-medium wp-image-215642\" src=\"https:\/\/www.prijedordanas.com\/wp-content\/uploads\/2023\/12\/skupstina-grada-6decembar-1-300x225.jpg\" alt=\"\" width=\"300\" height=\"225\" srcset=\"https:\/\/www.prijedordanas.com\/wp-content\/uploads\/2023\/12\/skupstina-grada-6decembar-1-300x225.jpg 300w, https:\/\/www.prijedordanas.com\/wp-content\/uploads\/2023\/12\/skupstina-grada-6decembar-1-640x480.jpg 640w, https:\/\/www.prijedordanas.com\/wp-content\/uploads\/2023\/12\/skupstina-grada-6decembar-1.jpg 667w\" sizes=\"(max-width: 300px) 100vw, 300px\" \/><\/a>Odbornici Skup\u0161tine grada Prijedora usvojili su danas nacrt bud\u017eeta za 2024. godinu u iznosu 72.258.350 KM , a javna rasprava, koja prethodi prijedlogu, odr\u017ea\u0107e se u onlajn formi od 11. do 18. decembra.<\/p>\n<p>Na\u010delnica Odjeljenja za finansije grada Prijedora Maja Kuni\u0107 navela je da je nacrt za idu\u0107u godinu manji za 13,5 odsto od rebalansa bud\u017eeta za ovu godinu iz razloga \u0161to nisu uvr\u0161tena namjenska neutro\u0161ena sredstva dobijena u ovoj godini putem kredita, od Vlade i iz kabineta predsjednika Republike Srpske.<\/p>\n<p>&#8220;Nisu uvr\u0161tena u nacrt 2024. godini jer se o\u010dekuje realizacija na teret 2023 godine. Za sve ove projekte, gotovo za sve, raspisan je tender ili je u proceduri raspisivanje tendera. Uglavnom, to su ova investiciona sredstva&#8221;, rekla je Kuni\u0107eva novinarima.<\/p>\n<p><a href=\"https:\/\/www.prijedordanas.com\/wp-content\/uploads\/2023\/12\/skupstina-grada-6decembar-2.jpg\"><img loading=\"lazy\" decoding=\"async\" class=\"alignleft size-medium wp-image-215643\" src=\"https:\/\/www.prijedordanas.com\/wp-content\/uploads\/2023\/12\/skupstina-grada-6decembar-2-300x225.jpg\" alt=\"\" width=\"300\" height=\"225\" srcset=\"https:\/\/www.prijedordanas.com\/wp-content\/uploads\/2023\/12\/skupstina-grada-6decembar-2-300x225.jpg 300w, https:\/\/www.prijedordanas.com\/wp-content\/uploads\/2023\/12\/skupstina-grada-6decembar-2-640x480.jpg 640w, https:\/\/www.prijedordanas.com\/wp-content\/uploads\/2023\/12\/skupstina-grada-6decembar-2.jpg 667w\" sizes=\"(max-width: 300px) 100vw, 300px\" \/><\/a>Ona je naglasila da su pove\u0107ane stavke za sportske klubove, za udru\u017eenja u oblasti amaterizma, za studentske stipendije, da se prvi put u nacrtu bud\u017eeta grada pojavila stavka za kupovinu ud\u017ebenika za u\u010denike osnovne \u0161kole od 5. do 9. razreda &#8211; 610.000 KM, kao i stavka za sufinansiranje projekata zajednica eta\u017enih vlasnika &#8211; 200.000 KM.<\/p>\n<p>&#8220;Ministarstvo finansija je dalo preporuke da smanjimo rashode po osnovu li\u010dnih primanja. Mi \u0107emo svakako morati ispo\u0161tovati ovu preporuku. Rashode \u0107emo smanjiti, ali ne\u0107emo odustati od toga da insistiramo na odre\u0111enom pove\u0107anju kada su u pitanju i zaposleni u Gradskoj upravi i bud\u017eetskim korisnicima&#8221;, dodala je Kuni\u0107eva.<\/p>\n<p><a href=\"https:\/\/www.prijedordanas.com\/wp-content\/uploads\/2023\/12\/skupstina-grada-6decembar-3.jpg\"><img loading=\"lazy\" decoding=\"async\" class=\"alignleft size-medium wp-image-215644\" src=\"https:\/\/www.prijedordanas.com\/wp-content\/uploads\/2023\/12\/skupstina-grada-6decembar-3-300x200.jpg\" alt=\"\" width=\"300\" height=\"200\" srcset=\"https:\/\/www.prijedordanas.com\/wp-content\/uploads\/2023\/12\/skupstina-grada-6decembar-3-300x200.jpg 300w, https:\/\/www.prijedordanas.com\/wp-content\/uploads\/2023\/12\/skupstina-grada-6decembar-3-480x320.jpg 480w, https:\/\/www.prijedordanas.com\/wp-content\/uploads\/2023\/12\/skupstina-grada-6decembar-3.jpg 600w\" sizes=\"(max-width: 300px) 100vw, 300px\" \/><\/a>Odgovaraju\u0107i na pitanje o dogovoru sindikata i poslodavca u Gradskoj upravi da se od 1. januara idu\u0107e godine plata zaposlenih pove\u0107a za pet posto, a u toku godine za jo\u0161 pet posto, Kuni\u0107eva je rekla da grad ne\u0107e odustati od te inicijative.<\/p>\n<p>Gradona\u010delnik Prijedora Slobodan Javor ponovio je da je fokus bud\u017eeta na obrazovanju, kulturi i sportu.<\/p>\n<p>&#8220;Treba biti realan i re\u0107i &#8211; sam bud\u017eet po sebi nije razvojni&#8221;, rekao je Javor i dodao da bez obzira na to ima stavki za pomo\u0107 privredi i poljoprivredi i raznih vrsti podsticaja.<\/p>\n<p><a href=\"https:\/\/www.prijedordanas.com\/wp-content\/uploads\/2023\/12\/skupstina-grada-6decembar-4.jpg\"><img loading=\"lazy\" decoding=\"async\" src=\"https:\/\/www.prijedordanas.com\/wp-content\/uploads\/2023\/12\/skupstina-grada-6decembar-4-300x200.jpg\" alt=\"\" width=\"300\" height=\"200\" class=\"alignleft size-medium wp-image-215645\" srcset=\"https:\/\/www.prijedordanas.com\/wp-content\/uploads\/2023\/12\/skupstina-grada-6decembar-4-300x200.jpg 300w, https:\/\/www.prijedordanas.com\/wp-content\/uploads\/2023\/12\/skupstina-grada-6decembar-4-480x320.jpg 480w, https:\/\/www.prijedordanas.com\/wp-content\/uploads\/2023\/12\/skupstina-grada-6decembar-4.jpg 600w\" sizes=\"(max-width: 300px) 100vw, 300px\" \/><\/a>Odbornici i predstavnici Gradske uprave koji prisustvuju sjednici danas nose bijele vrpce u znak podr\u0161ke globalnoj kampanji 16 dana aktivizma.<\/p>\n<p>Usvojeni su izvje\u0161taji o radu Centra za prikazivanje filmova, Galerije &#8220;Sreten Stojanovi\u0107&#8221;, Razvojne agencije &#8220;Preda&#8221; i o realizaciji Odluke o dopunskim pravima boraca, RVI i porodica poginulih boraca i umrlih RVI za 2022. godinu, a iz dnevnog reda povu\u010den je izvje\u0161taj o radu Pozori\u0161ta Prijedor.<\/p>\n<p>Gradski parlament dao je saglasnost za izvo\u0111enje detaljnih geolo\u0161kih istra\u017eivanja privrednim dru\u0161tvima &#8220;Niskogradnja Ke\u010dan&#8221; i &#8220;Ventura Minerals&#8221; i usvojio novu odluku o imenima ulica i trgova.<\/p>\n<p>Nakon tri godine v.d. mandata, danas je punim mandatom imenovan Ranko Kolar za na\u010delnika Odjeljenja za bora\u010dko-invalidsku za\u0161titu. Du\u017enosti na\u010delnika Odjeljenja za saobra\u0107aj, komunalne poslove i za\u0161titu \u017eivotne sredine i imovinsko-stambene poslove razrije\u0161en je Dragoslav Kabi\u0107 koji odlazi na drugu du\u017enost &#8211; direktora &#8220;Vodovoda&#8221;, a za v.d. na\u010delnika ovog odjeljenja imenovan je Aleksandar \u0160obot.<\/p>\n<p><a href=\"https:\/\/www.prijedorgrad.org\/sr-EU\/vijesti-sadrzaj.html?vid=19152\" target=\"_blank\" rel=\"noopener\">prijedorgrad.org<\/a><\/p>\n","protected":false},"excerpt":{"rendered":"<p>Odbornici Skup\u0161tine grada Prijedora usvojili su danas nacrt bud\u017eeta za 2024. godinu u iznosu 72.258.350 KM , a javna rasprava, koja prethodi prijedlogu, odr\u017ea\u0107e se u onlajn formi od 11. [&hellip;]<\/p>\n","protected":false},"author":1,"featured_media":0,"comment_status":"closed","ping_status":"open","sticky":false,"template":"","format":"standard","meta":{"_monsterinsights_skip_tracking":false,"_monsterinsights_sitenote_active":false,"_monsterinsights_sitenote_note":"","_monsterinsights_sitenote_category":0,"footnotes":""},"categories":[4],"tags":[],"yoast_head":"<!-- This site is optimized with the Yoast SEO plugin v21.6 - https:\/\/yoast.com\/wordpress\/plugins\/seo\/ -->\n<title>Odr\u017eana 35. sjednica Skup\u0161tine grada Prijedora: Usvojen nacrt bud\u017eeta za idu\u0107u godinu od 72,2 miliona KM - FOTO - PrijedorDanas.com - Prijedorski gradski portal<\/title>\n<meta name=\"robots\" content=\"index, follow, max-snippet:-1, max-image-preview:large, max-video-preview:-1\" \/>\n<link rel=\"canonical\" href=\"https:\/\/www.prijedordanas.com\/?p=215640\" \/>\n<meta property=\"og:locale\" content=\"en_US\" \/>\n<meta property=\"og:type\" content=\"article\" \/>\n<meta property=\"og:title\" content=\"Odr\u017eana 35. sjednica Skup\u0161tine grada Prijedora: Usvojen nacrt bud\u017eeta za idu\u0107u godinu od 72,2 miliona KM - FOTO - PrijedorDanas.com - Prijedorski gradski portal\" \/>\n<meta property=\"og:description\" content=\"Odbornici Skup\u0161tine grada Prijedora usvojili su danas nacrt bud\u017eeta za 2024. godinu u iznosu 72.258.350 KM , a javna rasprava, koja prethodi prijedlogu, odr\u017ea\u0107e se u onlajn formi od 11. [&hellip;]\" \/>\n<meta property=\"og:url\" content=\"https:\/\/www.prijedordanas.com\/?p=215640\" \/>\n<meta property=\"og:site_name\" content=\"PrijedorDanas.com - Prijedorski gradski portal\" \/>\n<meta property=\"article:publisher\" content=\"https:\/\/www.facebook.com\/PrijedorDanasCom\/\" \/>\n<meta property=\"article:published_time\" content=\"2023-12-06T15:43:43+00:00\" \/>\n<meta property=\"og:image\" content=\"https:\/\/www.prijedordanas.com\/wp-content\/uploads\/2023\/12\/skupstina-grada-6decembar-1-300x225.jpg\" \/>\n<meta name=\"author\" content=\"admin\" \/>\n<meta name=\"twitter:card\" content=\"summary_large_image\" \/>\n<meta name=\"twitter:label1\" content=\"Written by\" \/>\n\t<meta name=\"twitter:data1\" content=\"admin\" \/>\n\t<meta name=\"twitter:label2\" content=\"Est. reading time\" \/>\n\t<meta name=\"twitter:data2\" content=\"3 minutes\" \/>\n<script type=\"application\/ld+json\" class=\"yoast-schema-graph\">{\"@context\":\"https:\/\/schema.org\",\"@graph\":[{\"@type\":\"Article\",\"@id\":\"https:\/\/www.prijedordanas.com\/?p=215640#article\",\"isPartOf\":{\"@id\":\"https:\/\/www.prijedordanas.com\/?p=215640\"},\"author\":{\"name\":\"admin\",\"@id\":\"https:\/\/www.prijedordanas.com\/#\/schema\/person\/4e08ccf29b506ca916ff86d46bb700e6\"},\"headline\":\"Odr\u017eana 35. sjednica Skup\u0161tine grada Prijedora: Usvojen nacrt bud\u017eeta za idu\u0107u godinu od 72,2 miliona KM &#8211; FOTO\",\"datePublished\":\"2023-12-06T15:43:43+00:00\",\"dateModified\":\"2023-12-06T15:43:43+00:00\",\"mainEntityOfPage\":{\"@id\":\"https:\/\/www.prijedordanas.com\/?p=215640\"},\"wordCount\":521,\"publisher\":{\"@id\":\"https:\/\/www.prijedordanas.com\/#organization\"},\"articleSection\":[\"Dru\u0161tvo\"],\"inLanguage\":\"en-US\"},{\"@type\":\"WebPage\",\"@id\":\"https:\/\/www.prijedordanas.com\/?p=215640\",\"url\":\"https:\/\/www.prijedordanas.com\/?p=215640\",\"name\":\"Odr\u017eana 35. sjednica Skup\u0161tine grada Prijedora: Usvojen nacrt bud\u017eeta za idu\u0107u godinu od 72,2 miliona KM - FOTO - PrijedorDanas.com - Prijedorski gradski portal\",\"isPartOf\":{\"@id\":\"https:\/\/www.prijedordanas.com\/#website\"},\"datePublished\":\"2023-12-06T15:43:43+00:00\",\"dateModified\":\"2023-12-06T15:43:43+00:00\",\"breadcrumb\":{\"@id\":\"https:\/\/www.prijedordanas.com\/?p=215640#breadcrumb\"},\"inLanguage\":\"en-US\",\"potentialAction\":[{\"@type\":\"ReadAction\",\"target\":[\"https:\/\/www.prijedordanas.com\/?p=215640\"]}]},{\"@type\":\"BreadcrumbList\",\"@id\":\"https:\/\/www.prijedordanas.com\/?p=215640#breadcrumb\",\"itemListElement\":[{\"@type\":\"ListItem\",\"position\":1,\"name\":\"Home\",\"item\":\"https:\/\/www.prijedordanas.com\/\"},{\"@type\":\"ListItem\",\"position\":2,\"name\":\"Odr\u017eana 35. sjednica Skup\u0161tine grada Prijedora: Usvojen nacrt bud\u017eeta za idu\u0107u godinu od 72,2 miliona KM &#8211; FOTO\"}]},{\"@type\":\"WebSite\",\"@id\":\"https:\/\/www.prijedordanas.com\/#website\",\"url\":\"https:\/\/www.prijedordanas.com\/\",\"name\":\"PrijedorDanas.com - Prijedorski gradski portal\",\"description\":\"Portal o doga\u0111anjima u gradu Prijedoru\",\"publisher\":{\"@id\":\"https:\/\/www.prijedordanas.com\/#organization\"},\"potentialAction\":[{\"@type\":\"SearchAction\",\"target\":{\"@type\":\"EntryPoint\",\"urlTemplate\":\"https:\/\/www.prijedordanas.com\/?s={search_term_string}\"},\"query-input\":\"required name=search_term_string\"}],\"inLanguage\":\"en-US\"},{\"@type\":\"Organization\",\"@id\":\"https:\/\/www.prijedordanas.com\/#organization\",\"name\":\"PrijedorDanas.com\",\"url\":\"https:\/\/www.prijedordanas.com\/\",\"logo\":{\"@type\":\"ImageObject\",\"inLanguage\":\"en-US\",\"@id\":\"https:\/\/www.prijedordanas.com\/#\/schema\/logo\/image\/\",\"url\":\"http:\/\/www.prijedordanas.com\/wp-content\/uploads\/2021\/12\/logopng.png\",\"contentUrl\":\"http:\/\/www.prijedordanas.com\/wp-content\/uploads\/2021\/12\/logopng.png\",\"width\":1019,\"height\":776,\"caption\":\"PrijedorDanas.com\"},\"image\":{\"@id\":\"https:\/\/www.prijedordanas.com\/#\/schema\/logo\/image\/\"},\"sameAs\":[\"https:\/\/www.facebook.com\/PrijedorDanasCom\/\"]},{\"@type\":\"Person\",\"@id\":\"https:\/\/www.prijedordanas.com\/#\/schema\/person\/4e08ccf29b506ca916ff86d46bb700e6\",\"name\":\"admin\",\"image\":{\"@type\":\"ImageObject\",\"inLanguage\":\"en-US\",\"@id\":\"https:\/\/www.prijedordanas.com\/#\/schema\/person\/image\/\",\"url\":\"https:\/\/secure.gravatar.com\/avatar\/1d3fc949d550f0b53a5f0d51e06dfd79?s=96&d=mm&r=g\",\"contentUrl\":\"https:\/\/secure.gravatar.com\/avatar\/1d3fc949d550f0b53a5f0d51e06dfd79?s=96&d=mm&r=g\",\"caption\":\"admin\"},\"url\":\"https:\/\/www.prijedordanas.com\/?author=1\"}]}<\/script>\n<!-- \/ Yoast SEO plugin. -->","yoast_head_json":{"title":"Odr\u017eana 35. sjednica Skup\u0161tine grada Prijedora: Usvojen nacrt bud\u017eeta za idu\u0107u godinu od 72,2 miliona KM - FOTO - PrijedorDanas.com - Prijedorski gradski portal","robots":{"index":"index","follow":"follow","max-snippet":"max-snippet:-1","max-image-preview":"max-image-preview:large","max-video-preview":"max-video-preview:-1"},"canonical":"https:\/\/www.prijedordanas.com\/?p=215640","og_locale":"en_US","og_type":"article","og_title":"Odr\u017eana 35. sjednica Skup\u0161tine grada Prijedora: Usvojen nacrt bud\u017eeta za idu\u0107u godinu od 72,2 miliona KM - FOTO - PrijedorDanas.com - Prijedorski gradski portal","og_description":"Odbornici Skup\u0161tine grada Prijedora usvojili su danas nacrt bud\u017eeta za 2024. godinu u iznosu 72.258.350 KM , a javna rasprava, koja prethodi prijedlogu, odr\u017ea\u0107e se u onlajn formi od 11. [&hellip;]","og_url":"https:\/\/www.prijedordanas.com\/?p=215640","og_site_name":"PrijedorDanas.com - Prijedorski gradski portal","article_publisher":"https:\/\/www.facebook.com\/PrijedorDanasCom\/","article_published_time":"2023-12-06T15:43:43+00:00","og_image":[{"url":"https:\/\/www.prijedordanas.com\/wp-content\/uploads\/2023\/12\/skupstina-grada-6decembar-1-300x225.jpg"}],"author":"admin","twitter_card":"summary_large_image","twitter_misc":{"Written by":"admin","Est. reading time":"3 minutes"},"schema":{"@context":"https:\/\/schema.org","@graph":[{"@type":"Article","@id":"https:\/\/www.prijedordanas.com\/?p=215640#article","isPartOf":{"@id":"https:\/\/www.prijedordanas.com\/?p=215640"},"author":{"name":"admin","@id":"https:\/\/www.prijedordanas.com\/#\/schema\/person\/4e08ccf29b506ca916ff86d46bb700e6"},"headline":"Odr\u017eana 35. sjednica Skup\u0161tine grada Prijedora: Usvojen nacrt bud\u017eeta za idu\u0107u godinu od 72,2 miliona KM &#8211; FOTO","datePublished":"2023-12-06T15:43:43+00:00","dateModified":"2023-12-06T15:43:43+00:00","mainEntityOfPage":{"@id":"https:\/\/www.prijedordanas.com\/?p=215640"},"wordCount":521,"publisher":{"@id":"https:\/\/www.prijedordanas.com\/#organization"},"articleSection":["Dru\u0161tvo"],"inLanguage":"en-US"},{"@type":"WebPage","@id":"https:\/\/www.prijedordanas.com\/?p=215640","url":"https:\/\/www.prijedordanas.com\/?p=215640","name":"Odr\u017eana 35. sjednica Skup\u0161tine grada Prijedora: Usvojen nacrt bud\u017eeta za idu\u0107u godinu od 72,2 miliona KM - FOTO - PrijedorDanas.com - Prijedorski gradski portal","isPartOf":{"@id":"https:\/\/www.prijedordanas.com\/#website"},"datePublished":"2023-12-06T15:43:43+00:00","dateModified":"2023-12-06T15:43:43+00:00","breadcrumb":{"@id":"https:\/\/www.prijedordanas.com\/?p=215640#breadcrumb"},"inLanguage":"en-US","potentialAction":[{"@type":"ReadAction","target":["https:\/\/www.prijedordanas.com\/?p=215640"]}]},{"@type":"BreadcrumbList","@id":"https:\/\/www.prijedordanas.com\/?p=215640#breadcrumb","itemListElement":[{"@type":"ListItem","position":1,"name":"Home","item":"https:\/\/www.prijedordanas.com\/"},{"@type":"ListItem","position":2,"name":"Odr\u017eana 35. sjednica Skup\u0161tine grada Prijedora: Usvojen nacrt bud\u017eeta za idu\u0107u godinu od 72,2 miliona KM &#8211; FOTO"}]},{"@type":"WebSite","@id":"https:\/\/www.prijedordanas.com\/#website","url":"https:\/\/www.prijedordanas.com\/","name":"PrijedorDanas.com - Prijedorski gradski portal","description":"Portal o doga\u0111anjima u gradu Prijedoru","publisher":{"@id":"https:\/\/www.prijedordanas.com\/#organization"},"potentialAction":[{"@type":"SearchAction","target":{"@type":"EntryPoint","urlTemplate":"https:\/\/www.prijedordanas.com\/?s={search_term_string}"},"query-input":"required name=search_term_string"}],"inLanguage":"en-US"},{"@type":"Organization","@id":"https:\/\/www.prijedordanas.com\/#organization","name":"PrijedorDanas.com","url":"https:\/\/www.prijedordanas.com\/","logo":{"@type":"ImageObject","inLanguage":"en-US","@id":"https:\/\/www.prijedordanas.com\/#\/schema\/logo\/image\/","url":"http:\/\/www.prijedordanas.com\/wp-content\/uploads\/2021\/12\/logopng.png","contentUrl":"http:\/\/www.prijedordanas.com\/wp-content\/uploads\/2021\/12\/logopng.png","width":1019,"height":776,"caption":"PrijedorDanas.com"},"image":{"@id":"https:\/\/www.prijedordanas.com\/#\/schema\/logo\/image\/"},"sameAs":["https:\/\/www.facebook.com\/PrijedorDanasCom\/"]},{"@type":"Person","@id":"https:\/\/www.prijedordanas.com\/#\/schema\/person\/4e08ccf29b506ca916ff86d46bb700e6","name":"admin","image":{"@type":"ImageObject","inLanguage":"en-US","@id":"https:\/\/www.prijedordanas.com\/#\/schema\/person\/image\/","url":"https:\/\/secure.gravatar.com\/avatar\/1d3fc949d550f0b53a5f0d51e06dfd79?s=96&d=mm&r=g","contentUrl":"https:\/\/secure.gravatar.com\/avatar\/1d3fc949d550f0b53a5f0d51e06dfd79?s=96&d=mm&r=g","caption":"admin"},"url":"https:\/\/www.prijedordanas.com\/?author=1"}]}},"_links":{"self":[{"href":"https:\/\/www.prijedordanas.com\/index.php?rest_route=\/wp\/v2\/posts\/215640"}],"collection":[{"href":"https:\/\/www.prijedordanas.com\/index.php?rest_route=\/wp\/v2\/posts"}],"about":[{"href":"https:\/\/www.prijedordanas.com\/index.php?rest_route=\/wp\/v2\/types\/post"}],"author":[{"embeddable":true,"href":"https:\/\/www.prijedordanas.com\/index.php?rest_route=\/wp\/v2\/users\/1"}],"replies":[{"embeddable":true,"href":"https:\/\/www.prijedordanas.com\/index.php?rest_route=%2Fwp%2Fv2%2Fcomments&post=215640"}],"version-history":[{"count":2,"href":"https:\/\/www.prijedordanas.com\/index.php?rest_route=\/wp\/v2\/posts\/215640\/revisions"}],"predecessor-version":[{"id":215646,"href":"https:\/\/www.prijedordanas.com\/index.php?rest_route=\/wp\/v2\/posts\/215640\/revisions\/215646"}],"wp:attachment":[{"href":"https:\/\/www.prijedordanas.com\/index.php?rest_route=%2Fwp%2Fv2%2Fmedia&parent=215640"}],"wp:term":[{"taxonomy":"category","embeddable":true,"href":"https:\/\/www.prijedordanas.com\/index.php?rest_route=%2Fwp%2Fv2%2Fcategories&post=215640"},{"taxonomy":"post_tag","embeddable":true,"href":"https:\/\/www.prijedordanas.com\/index.php?rest_route=%2Fwp%2Fv2%2Ftags&post=215640"}],"curies":[{"name":"wp","href":"https:\/\/api.w.org\/{rel}","templated":true}]}}