{"id":215627,"date":"2023-12-06T09:21:06","date_gmt":"2023-12-06T08:21:06","guid":{"rendered":"https:\/\/www.prijedordanas.com\/?p=215627"},"modified":"2023-12-06T09:21:06","modified_gmt":"2023-12-06T08:21:06","slug":"osnovni-sud-prijedor-popovic-krivicni-postupak-u-predmetima-nasilja-u-porodici-treba-da-bude-hitan","status":"publish","type":"post","link":"https:\/\/www.prijedordanas.com\/?p=215627","title":{"rendered":"Osnovni sud Prijedor &#8211; Popovi\u0107: Krivi\u010dni postupak u predmetima nasilja u porodici treba da bude hitan"},"content":{"rendered":"<p><a href=\"https:\/\/www.prijedordanas.com\/wp-content\/uploads\/2023\/12\/osnovni-sud-prijedor-miroslav-popovic.jpg\"><img loading=\"lazy\" decoding=\"async\" src=\"https:\/\/www.prijedordanas.com\/wp-content\/uploads\/2023\/12\/osnovni-sud-prijedor-miroslav-popovic-300x225.jpg\" alt=\"\" width=\"300\" height=\"225\" class=\"alignleft size-medium wp-image-215628\" srcset=\"https:\/\/www.prijedordanas.com\/wp-content\/uploads\/2023\/12\/osnovni-sud-prijedor-miroslav-popovic-300x225.jpg 300w, https:\/\/www.prijedordanas.com\/wp-content\/uploads\/2023\/12\/osnovni-sud-prijedor-miroslav-popovic-640x480.jpg 640w, https:\/\/www.prijedordanas.com\/wp-content\/uploads\/2023\/12\/osnovni-sud-prijedor-miroslav-popovic.jpg 667w\" sizes=\"(max-width: 300px) 100vw, 300px\" \/><\/a>Nasilje prema \u017eenama i nasilje u porodici jo\u0161 je najte\u017ei, ali i najrasprostranjeniji oblik neravnopravnosti polova i diskriminacije na osnovu pola, i s obzirom na \u010dinjenicu da jo\u0161 traje kampanja &#8220;16 dana aktivizma protiv rodno zasnovanog nasilja&#8221;, potrebno je da se o tome govori, rekao je za &#8220;Nezavisne novine&#8221; Miroslav Popovi\u0107, sudija u Osnovnom sudu u Prijedoru.<\/p>\n<p>Kako ka\u017ee, posljednjih nekoliko godina bavi se problematikom nasilja u porodici i \u010desto dr\u017ei predavanja na tu temu i, kako isti\u010de, nevjerovatno je da i danas, iako postoje mnogobrojna istra\u017eivanja i rasprave o toj problematici, izostaju jasni odgovori o na\u010dinu njegovog spre\u010davanja.<\/p>\n<p>&#8220;Mo\u017eemo konstatovati da se radi o jednom slo\u017eenom i zahtjevnom problemu koji je potrebno rje\u0161avati kroz razli\u010dite segmente dru\u0161tva, kroz multisektoralni pristup. U tom smislu uloga pravosu\u0111a je zna\u010dajna&#8221;, kazao je Popovi\u0107.<\/p>\n<p>Dodaje da je naj\u010de\u0161\u0107i problem koji se javlja u krivi\u010dnom postupku da \u017ertva ne \u017eeli da svjedo\u010di, iako je u prvom ispitivanju u policiji dala detaljan iskaz o predmetnom doga\u0111aju.<\/p>\n<p>&#8220;U tom slu\u010daju iskaz koji je o\u0161te\u0107ena dala pred policijom ne mo\u017ee se koristiti kao materijalni dokaz u postupku, tako da sud nema iskaz o\u0161te\u0107ene, koji je naj\u010de\u0161\u0107e jedan od klju\u010dnih dokaza krivi\u010dnog postupka. Koriste se zakonskim pravom da ne svjedo\u010de jer su egzistencijalno zavisne od bra\u010dnog druga, u me\u0111uvremenu se pomire sa bra\u010dnim drugom ili zbog djece, ali i iz drugih razloga&#8221;, obja\u0161njava Popovi\u0107.<\/p>\n<p>Prema njegovim rije\u010dima, da bi se prevazi\u0161ao navedeni problem, potrebno je da istra\u017eni organi u toku istrage preduzmu niz drugih istra\u017enih radnji kako bi se prikupili i drugi dokazi na osnovu kojih bi okru\u017eni javni tu\u017eilac mogao dokazati navode iz optu\u017enice.<\/p>\n<p>&#8220;Kada govorimo o sistemskom na\u010dinu prevazila\u017eenja ovog problema, mo\u017eemo govoriti o izmjeni normi procesnog zakona. Tako\u0111e, jedan od zna\u010dajnih problema je trajanje krivi\u010dnog postupka u predmetima nasilja u porodici. Smatram da bi krivi\u010dni postupak u tim predmetima trebalo da bude hitan, ali takva zakonska obaveza ne postoji, odnosno krivi\u010dni postupak je hitan samo ukoliko se optu\u017eeni nalazi u pritvoru. Ukoliko bi se zakonom uredilo da je to hitan postupak, vjerujte da bi se reagovalo pravovremeno, optu\u017eeni bi bio procesuiran bez odlaganja, \u017ertva bi osjetila da je sistem \u0161titi, te bi se na taj na\u010din zna\u010dajno povratilo povjerenje u pravosu\u0111e&#8221;, ka\u017ee Popovi\u0107.<\/p>\n<p>Napominje da je Republika Srpska jo\u0161 2003. godine donijela Zakon o za\u0161titi svjedoka u krivi\u010dnom postupku, kojim su propisane mjere kojima se osigurava za\u0161tita svjedoka pod prijetnjom i ugro\u017eenih svjedoka u krivi\u010dnim postupcima.<\/p>\n<p>&#8220;Ovim zakonom su definisane mjere kojima se u sudskim procesima osigurava psiholo\u0161ka, socijalna i stru\u010dna za\u0161tita, kako svjedocima pod prijetnjom, tako i ugro\u017eenim svjedocima. U tom smislu sud, tu\u017eilac, kao i drugi organi koji u\u010destvuju u krivi\u010dnom postupku, kada se radi i o krivi\u010dnim djelima nasilja nad \u017eenama i nasilja u porodici, du\u017eni su da pou\u010de svjedoka pod prijetnjom, kao i ugro\u017eenog svjedoka o mjerama za\u0161tite, pomo\u0107i i podr\u0161ke. Primjena tog zakona omogu\u0107uje sudu da saslu\u0161a o\u0161te\u0107enu (\u017ertvu) druga\u010dijim redoslijedom od onog kako propisuje procesni zakon, zatim da kontroli\u0161e na\u010din saslu\u0161anja, postavlja pitanja u ime stranaka i branilaca svjedoku, da svjedo\u010de putem tehni\u010dkih ure\u0111aja za prenos slike i zvuka, a mo\u017ee se omogu\u0107iti da svjedo\u010de bez prisustva optu\u017eenog, \u0161to mnogo zna\u010di&#8221;, obja\u0161njava Popovi\u0107.<\/p>\n<p>Isti\u010de da vjeruje da dru\u0161tvo u Republici Srpskoj sve vi\u0161e prepoznaje da posljedice nasilja u porodici ostavljaju negativne efekte na cijelu porodicu, naro\u010dito na emocionalno i mentalno zdravlje djece, kojim se ugro\u017eava ne samo njihovo psihofizi\u010dko zdravlje, ve\u0107 i njihova budu\u0107nost.<\/p>\n<p>&#8220;Sama \u010dinjenica da danas o ovome razgovaramo pokazuje da je javnost, ali i pravosu\u0111e zna\u010dajno svjesnije svoje odgovornosti u pogledu tretiranja krivi\u010dnih djela nasilja nad \u017eenama i nasilja u porodici, pogotovo posljedica koje takva nasilja ostavljaju. Me\u0111utim, primje\u0107ujem da je potrebno dodatno raditi na edukaciji svih u lancu odgovornosti, kako istra\u017enih organa, tako i pravosu\u0111a u cjelini, kako bismo zajedno uspjeli da sprije\u010dimo krajnju posljedicu, a to je da se takvi problemi prenose u odraslo doba djece koja su svjedoci takvog nasilja, odnosno da prekinemo me\u0111ugeneracijski ciklus nasilja&#8221;, kazao je Popovi\u0107.<\/p>\n<p>On je napomenuo da je upravo zbog toga veoma zna\u010dajna uloga pravosu\u0111a.<\/p>\n<p>&#8220;Pravosu\u0111e treba da poka\u017ee da se radi o neprihvatljivom pona\u0161anju koje ne\u0107emo tolerisati, a jedan od tih na\u010dina svakako jeste kaznena politika. Kroz izricanje krivi\u010dnih sankcija pravosu\u0111e pokazuje svoj stav prema tako ozbiljnom i rasprostranjenom problemu, nao\u010dito kada se radi o licima koji su povratnici u vr\u0161enju krivi\u010dnih djela, odnosno kada se radi o vi\u0161estrukim ili specijalnim povratnicima. Upravo zbog toga sudovi treba da osiguraju da kazne budu primjerene te\u017eini izvr\u0161enog krivi\u010dnog djela, jer krivi\u010dne sankcije predstavljaju dru\u0161tvenu osudu, odnosno stav dru\u0161tva, a samim tim i pravosu\u0111a prema takvom devijantnom pona\u0161anju&#8221;, zaklju\u010dio je Popovi\u0107.<\/p>\n<p>Podsje\u0107amo, svakog dana u periodu trajanja kampanje &#8220;16 dana aktivizma protiv rodno zasnovanog nasilja&#8221;, u saradnji sa organizacijom &#8220;Udru\u017eene \u017eene&#8221; Banjaluka, objavljujemo \u010dlanak o temi rodno zasnovanog nasilja i spre\u010davanju i suzbijanju rodno zasnovanog i drugih oblika nasilja, a sve s ciljem ve\u0107e dostupnosti informacija \u017eenama koje su izlo\u017eene nasilju.<\/p>\n<p>Kampanja &#8220;16 dana aktivizma protiv rodno zasnovanog nasilja&#8221; obilje\u017eava se od 25. novembra &#8211; Me\u0111unarodnog dana borbe protiv nasilja prema \u017eenama, i traje do 10. decembra &#8211; Me\u0111unarodnog dana ljudskih prava.<\/p>\n<p><a href=\"https:\/\/www.nezavisne.com\/novosti\/drustvo\/Krivicni-postupak-u-predmetima-nasilja-u-porodici-treba-da-bude-hitan\/803421\" rel=\"noopener\" target=\"_blank\">nezavisne.com<\/a><\/p>\n","protected":false},"excerpt":{"rendered":"<p>Nasilje prema \u017eenama i nasilje u porodici jo\u0161 je najte\u017ei, ali i najrasprostranjeniji oblik neravnopravnosti polova i diskriminacije na osnovu pola, i s obzirom na \u010dinjenicu da jo\u0161 traje kampanja [&hellip;]<\/p>\n","protected":false},"author":1,"featured_media":0,"comment_status":"closed","ping_status":"open","sticky":false,"template":"","format":"standard","meta":{"_monsterinsights_skip_tracking":false,"_monsterinsights_sitenote_active":false,"_monsterinsights_sitenote_note":"","_monsterinsights_sitenote_category":0,"footnotes":""},"categories":[8],"tags":[],"yoast_head":"<!-- This site is optimized with the Yoast SEO plugin v21.6 - https:\/\/yoast.com\/wordpress\/plugins\/seo\/ -->\n<title>Osnovni sud Prijedor - Popovi\u0107: Krivi\u010dni postupak u predmetima nasilja u porodici treba da bude hitan - PrijedorDanas.com - Prijedorski gradski portal<\/title>\n<meta name=\"robots\" content=\"index, follow, max-snippet:-1, max-image-preview:large, max-video-preview:-1\" \/>\n<link rel=\"canonical\" href=\"https:\/\/www.prijedordanas.com\/?p=215627\" \/>\n<meta property=\"og:locale\" content=\"en_US\" \/>\n<meta property=\"og:type\" content=\"article\" \/>\n<meta property=\"og:title\" content=\"Osnovni sud Prijedor - Popovi\u0107: Krivi\u010dni postupak u predmetima nasilja u porodici treba da bude hitan - PrijedorDanas.com - Prijedorski gradski portal\" \/>\n<meta property=\"og:description\" content=\"Nasilje prema \u017eenama i nasilje u porodici jo\u0161 je najte\u017ei, ali i najrasprostranjeniji oblik neravnopravnosti polova i diskriminacije na osnovu pola, i s obzirom na \u010dinjenicu da jo\u0161 traje kampanja [&hellip;]\" \/>\n<meta property=\"og:url\" content=\"https:\/\/www.prijedordanas.com\/?p=215627\" \/>\n<meta property=\"og:site_name\" content=\"PrijedorDanas.com - Prijedorski gradski portal\" \/>\n<meta property=\"article:publisher\" content=\"https:\/\/www.facebook.com\/PrijedorDanasCom\/\" \/>\n<meta property=\"article:published_time\" content=\"2023-12-06T08:21:06+00:00\" \/>\n<meta property=\"og:image\" content=\"https:\/\/www.prijedordanas.com\/wp-content\/uploads\/2023\/12\/osnovni-sud-prijedor-miroslav-popovic-300x225.jpg\" \/>\n<meta name=\"author\" content=\"admin\" \/>\n<meta name=\"twitter:card\" content=\"summary_large_image\" \/>\n<meta name=\"twitter:label1\" content=\"Written by\" \/>\n\t<meta name=\"twitter:data1\" content=\"admin\" \/>\n<script type=\"application\/ld+json\" class=\"yoast-schema-graph\">{\"@context\":\"https:\/\/schema.org\",\"@graph\":[{\"@type\":\"Article\",\"@id\":\"https:\/\/www.prijedordanas.com\/?p=215627#article\",\"isPartOf\":{\"@id\":\"https:\/\/www.prijedordanas.com\/?p=215627\"},\"author\":{\"name\":\"admin\",\"@id\":\"https:\/\/www.prijedordanas.com\/#\/schema\/person\/4e08ccf29b506ca916ff86d46bb700e6\"},\"headline\":\"Osnovni sud Prijedor &#8211; Popovi\u0107: Krivi\u010dni postupak u predmetima nasilja u porodici treba da bude hitan\",\"datePublished\":\"2023-12-06T08:21:06+00:00\",\"dateModified\":\"2023-12-06T08:21:06+00:00\",\"mainEntityOfPage\":{\"@id\":\"https:\/\/www.prijedordanas.com\/?p=215627\"},\"wordCount\":993,\"publisher\":{\"@id\":\"https:\/\/www.prijedordanas.com\/#organization\"},\"articleSection\":[\"Svakodnevno\"],\"inLanguage\":\"en-US\"},{\"@type\":\"WebPage\",\"@id\":\"https:\/\/www.prijedordanas.com\/?p=215627\",\"url\":\"https:\/\/www.prijedordanas.com\/?p=215627\",\"name\":\"Osnovni sud Prijedor - Popovi\u0107: Krivi\u010dni postupak u predmetima nasilja u porodici treba da bude hitan - PrijedorDanas.com - Prijedorski gradski portal\",\"isPartOf\":{\"@id\":\"https:\/\/www.prijedordanas.com\/#website\"},\"datePublished\":\"2023-12-06T08:21:06+00:00\",\"dateModified\":\"2023-12-06T08:21:06+00:00\",\"breadcrumb\":{\"@id\":\"https:\/\/www.prijedordanas.com\/?p=215627#breadcrumb\"},\"inLanguage\":\"en-US\",\"potentialAction\":[{\"@type\":\"ReadAction\",\"target\":[\"https:\/\/www.prijedordanas.com\/?p=215627\"]}]},{\"@type\":\"BreadcrumbList\",\"@id\":\"https:\/\/www.prijedordanas.com\/?p=215627#breadcrumb\",\"itemListElement\":[{\"@type\":\"ListItem\",\"position\":1,\"name\":\"Home\",\"item\":\"https:\/\/www.prijedordanas.com\/\"},{\"@type\":\"ListItem\",\"position\":2,\"name\":\"Osnovni sud Prijedor &#8211; Popovi\u0107: Krivi\u010dni postupak u predmetima nasilja u porodici treba da bude hitan\"}]},{\"@type\":\"WebSite\",\"@id\":\"https:\/\/www.prijedordanas.com\/#website\",\"url\":\"https:\/\/www.prijedordanas.com\/\",\"name\":\"PrijedorDanas.com - Prijedorski gradski portal\",\"description\":\"Portal o doga\u0111anjima u gradu Prijedoru\",\"publisher\":{\"@id\":\"https:\/\/www.prijedordanas.com\/#organization\"},\"potentialAction\":[{\"@type\":\"SearchAction\",\"target\":{\"@type\":\"EntryPoint\",\"urlTemplate\":\"https:\/\/www.prijedordanas.com\/?s={search_term_string}\"},\"query-input\":\"required name=search_term_string\"}],\"inLanguage\":\"en-US\"},{\"@type\":\"Organization\",\"@id\":\"https:\/\/www.prijedordanas.com\/#organization\",\"name\":\"PrijedorDanas.com\",\"url\":\"https:\/\/www.prijedordanas.com\/\",\"logo\":{\"@type\":\"ImageObject\",\"inLanguage\":\"en-US\",\"@id\":\"https:\/\/www.prijedordanas.com\/#\/schema\/logo\/image\/\",\"url\":\"http:\/\/www.prijedordanas.com\/wp-content\/uploads\/2021\/12\/logopng.png\",\"contentUrl\":\"http:\/\/www.prijedordanas.com\/wp-content\/uploads\/2021\/12\/logopng.png\",\"width\":1019,\"height\":776,\"caption\":\"PrijedorDanas.com\"},\"image\":{\"@id\":\"https:\/\/www.prijedordanas.com\/#\/schema\/logo\/image\/\"},\"sameAs\":[\"https:\/\/www.facebook.com\/PrijedorDanasCom\/\"]},{\"@type\":\"Person\",\"@id\":\"https:\/\/www.prijedordanas.com\/#\/schema\/person\/4e08ccf29b506ca916ff86d46bb700e6\",\"name\":\"admin\",\"image\":{\"@type\":\"ImageObject\",\"inLanguage\":\"en-US\",\"@id\":\"https:\/\/www.prijedordanas.com\/#\/schema\/person\/image\/\",\"url\":\"https:\/\/secure.gravatar.com\/avatar\/1d3fc949d550f0b53a5f0d51e06dfd79?s=96&d=mm&r=g\",\"contentUrl\":\"https:\/\/secure.gravatar.com\/avatar\/1d3fc949d550f0b53a5f0d51e06dfd79?s=96&d=mm&r=g\",\"caption\":\"admin\"},\"url\":\"https:\/\/www.prijedordanas.com\/?author=1\"}]}<\/script>\n<!-- \/ Yoast SEO plugin. -->","yoast_head_json":{"title":"Osnovni sud Prijedor - Popovi\u0107: Krivi\u010dni postupak u predmetima nasilja u porodici treba da bude hitan - PrijedorDanas.com - Prijedorski gradski portal","robots":{"index":"index","follow":"follow","max-snippet":"max-snippet:-1","max-image-preview":"max-image-preview:large","max-video-preview":"max-video-preview:-1"},"canonical":"https:\/\/www.prijedordanas.com\/?p=215627","og_locale":"en_US","og_type":"article","og_title":"Osnovni sud Prijedor - Popovi\u0107: Krivi\u010dni postupak u predmetima nasilja u porodici treba da bude hitan - PrijedorDanas.com - Prijedorski gradski portal","og_description":"Nasilje prema \u017eenama i nasilje u porodici jo\u0161 je najte\u017ei, ali i najrasprostranjeniji oblik neravnopravnosti polova i diskriminacije na osnovu pola, i s obzirom na \u010dinjenicu da jo\u0161 traje kampanja [&hellip;]","og_url":"https:\/\/www.prijedordanas.com\/?p=215627","og_site_name":"PrijedorDanas.com - Prijedorski gradski portal","article_publisher":"https:\/\/www.facebook.com\/PrijedorDanasCom\/","article_published_time":"2023-12-06T08:21:06+00:00","og_image":[{"url":"https:\/\/www.prijedordanas.com\/wp-content\/uploads\/2023\/12\/osnovni-sud-prijedor-miroslav-popovic-300x225.jpg"}],"author":"admin","twitter_card":"summary_large_image","twitter_misc":{"Written by":"admin"},"schema":{"@context":"https:\/\/schema.org","@graph":[{"@type":"Article","@id":"https:\/\/www.prijedordanas.com\/?p=215627#article","isPartOf":{"@id":"https:\/\/www.prijedordanas.com\/?p=215627"},"author":{"name":"admin","@id":"https:\/\/www.prijedordanas.com\/#\/schema\/person\/4e08ccf29b506ca916ff86d46bb700e6"},"headline":"Osnovni sud Prijedor &#8211; Popovi\u0107: Krivi\u010dni postupak u predmetima nasilja u porodici treba da bude hitan","datePublished":"2023-12-06T08:21:06+00:00","dateModified":"2023-12-06T08:21:06+00:00","mainEntityOfPage":{"@id":"https:\/\/www.prijedordanas.com\/?p=215627"},"wordCount":993,"publisher":{"@id":"https:\/\/www.prijedordanas.com\/#organization"},"articleSection":["Svakodnevno"],"inLanguage":"en-US"},{"@type":"WebPage","@id":"https:\/\/www.prijedordanas.com\/?p=215627","url":"https:\/\/www.prijedordanas.com\/?p=215627","name":"Osnovni sud Prijedor - Popovi\u0107: Krivi\u010dni postupak u predmetima nasilja u porodici treba da bude hitan - PrijedorDanas.com - Prijedorski gradski portal","isPartOf":{"@id":"https:\/\/www.prijedordanas.com\/#website"},"datePublished":"2023-12-06T08:21:06+00:00","dateModified":"2023-12-06T08:21:06+00:00","breadcrumb":{"@id":"https:\/\/www.prijedordanas.com\/?p=215627#breadcrumb"},"inLanguage":"en-US","potentialAction":[{"@type":"ReadAction","target":["https:\/\/www.prijedordanas.com\/?p=215627"]}]},{"@type":"BreadcrumbList","@id":"https:\/\/www.prijedordanas.com\/?p=215627#breadcrumb","itemListElement":[{"@type":"ListItem","position":1,"name":"Home","item":"https:\/\/www.prijedordanas.com\/"},{"@type":"ListItem","position":2,"name":"Osnovni sud Prijedor &#8211; Popovi\u0107: Krivi\u010dni postupak u predmetima nasilja u porodici treba da bude hitan"}]},{"@type":"WebSite","@id":"https:\/\/www.prijedordanas.com\/#website","url":"https:\/\/www.prijedordanas.com\/","name":"PrijedorDanas.com - Prijedorski gradski portal","description":"Portal o doga\u0111anjima u gradu Prijedoru","publisher":{"@id":"https:\/\/www.prijedordanas.com\/#organization"},"potentialAction":[{"@type":"SearchAction","target":{"@type":"EntryPoint","urlTemplate":"https:\/\/www.prijedordanas.com\/?s={search_term_string}"},"query-input":"required name=search_term_string"}],"inLanguage":"en-US"},{"@type":"Organization","@id":"https:\/\/www.prijedordanas.com\/#organization","name":"PrijedorDanas.com","url":"https:\/\/www.prijedordanas.com\/","logo":{"@type":"ImageObject","inLanguage":"en-US","@id":"https:\/\/www.prijedordanas.com\/#\/schema\/logo\/image\/","url":"http:\/\/www.prijedordanas.com\/wp-content\/uploads\/2021\/12\/logopng.png","contentUrl":"http:\/\/www.prijedordanas.com\/wp-content\/uploads\/2021\/12\/logopng.png","width":1019,"height":776,"caption":"PrijedorDanas.com"},"image":{"@id":"https:\/\/www.prijedordanas.com\/#\/schema\/logo\/image\/"},"sameAs":["https:\/\/www.facebook.com\/PrijedorDanasCom\/"]},{"@type":"Person","@id":"https:\/\/www.prijedordanas.com\/#\/schema\/person\/4e08ccf29b506ca916ff86d46bb700e6","name":"admin","image":{"@type":"ImageObject","inLanguage":"en-US","@id":"https:\/\/www.prijedordanas.com\/#\/schema\/person\/image\/","url":"https:\/\/secure.gravatar.com\/avatar\/1d3fc949d550f0b53a5f0d51e06dfd79?s=96&d=mm&r=g","contentUrl":"https:\/\/secure.gravatar.com\/avatar\/1d3fc949d550f0b53a5f0d51e06dfd79?s=96&d=mm&r=g","caption":"admin"},"url":"https:\/\/www.prijedordanas.com\/?author=1"}]}},"_links":{"self":[{"href":"https:\/\/www.prijedordanas.com\/index.php?rest_route=\/wp\/v2\/posts\/215627"}],"collection":[{"href":"https:\/\/www.prijedordanas.com\/index.php?rest_route=\/wp\/v2\/posts"}],"about":[{"href":"https:\/\/www.prijedordanas.com\/index.php?rest_route=\/wp\/v2\/types\/post"}],"author":[{"embeddable":true,"href":"https:\/\/www.prijedordanas.com\/index.php?rest_route=\/wp\/v2\/users\/1"}],"replies":[{"embeddable":true,"href":"https:\/\/www.prijedordanas.com\/index.php?rest_route=%2Fwp%2Fv2%2Fcomments&post=215627"}],"version-history":[{"count":1,"href":"https:\/\/www.prijedordanas.com\/index.php?rest_route=\/wp\/v2\/posts\/215627\/revisions"}],"predecessor-version":[{"id":215629,"href":"https:\/\/www.prijedordanas.com\/index.php?rest_route=\/wp\/v2\/posts\/215627\/revisions\/215629"}],"wp:attachment":[{"href":"https:\/\/www.prijedordanas.com\/index.php?rest_route=%2Fwp%2Fv2%2Fmedia&parent=215627"}],"wp:term":[{"taxonomy":"category","embeddable":true,"href":"https:\/\/www.prijedordanas.com\/index.php?rest_route=%2Fwp%2Fv2%2Fcategories&post=215627"},{"taxonomy":"post_tag","embeddable":true,"href":"https:\/\/www.prijedordanas.com\/index.php?rest_route=%2Fwp%2Fv2%2Ftags&post=215627"}],"curies":[{"name":"wp","href":"https:\/\/api.w.org\/{rel}","templated":true}]}}