{"id":215425,"date":"2023-12-02T14:13:44","date_gmt":"2023-12-02T13:13:44","guid":{"rendered":"https:\/\/www.prijedordanas.com\/?p=215425"},"modified":"2023-12-02T14:13:44","modified_gmt":"2023-12-02T13:13:44","slug":"u-hramu-svete-trojice-u-prijedoru-pricestili-se-ucenici-prva-subota-bozicnog-posta-posvecena-najmladima-video","status":"publish","type":"post","link":"https:\/\/www.prijedordanas.com\/?p=215425","title":{"rendered":"U Hramu Svete trojice u Prijedoru pri\u010destili se u\u010denici: Prva subota Bo\u017ei\u0107nog posta posve\u0107ena najmla\u0111ima &#8211; VIDEO"},"content":{"rendered":"<p><a href=\"https:\/\/www.prijedordanas.com\/wp-content\/uploads\/2023\/12\/kozarski-pricesce-ucenici-1.jpg\"><img loading=\"lazy\" decoding=\"async\" class=\"alignleft size-medium wp-image-215426\" src=\"https:\/\/www.prijedordanas.com\/wp-content\/uploads\/2023\/12\/kozarski-pricesce-ucenici-1-300x225.jpg\" alt=\"\" width=\"300\" height=\"225\" srcset=\"https:\/\/www.prijedordanas.com\/wp-content\/uploads\/2023\/12\/kozarski-pricesce-ucenici-1-300x225.jpg 300w, https:\/\/www.prijedordanas.com\/wp-content\/uploads\/2023\/12\/kozarski-pricesce-ucenici-1-640x480.jpg 640w, https:\/\/www.prijedordanas.com\/wp-content\/uploads\/2023\/12\/kozarski-pricesce-ucenici-1.jpg 667w\" sizes=\"(max-width: 300px) 100vw, 300px\" \/><\/a>U Hramu Svete Trojice jutros su se nakon slu\u017eenja Svete Liturgije pri\u010destili u\u010denici osnovnih i srednjih \u0161kola.<\/p>\n<p>Za neke od njih ovo su bili prvi post i pri\u010de\u0161\u0107e, dok ima i onih koji nekoliko godina po\u0161tuju pravoslavne obi\u010daje.<\/p>\n<p>Protonamjesnik Dragan Hrva\u0107anin tokom besjede pozvao je najmla\u0111e da dolaze u crkvu kada god mogu.<\/p>\n<p>Podsjetio je i na rije\u010di Hista \u201cpustite djecu neka dolaze k\u2019 meni i ne branite im, jer je takvih Carstvo Nebesko\u201c.<\/p>\n<p><a href=\"https:\/\/www.prijedordanas.com\/wp-content\/uploads\/2023\/12\/kozarski-pricesce-ucenici-2.jpg\"><img loading=\"lazy\" decoding=\"async\" src=\"https:\/\/www.prijedordanas.com\/wp-content\/uploads\/2023\/12\/kozarski-pricesce-ucenici-2-300x169.jpg\" alt=\"\" width=\"300\" height=\"169\" class=\"alignleft size-medium wp-image-215427\" srcset=\"https:\/\/www.prijedordanas.com\/wp-content\/uploads\/2023\/12\/kozarski-pricesce-ucenici-2-300x169.jpg 300w, https:\/\/www.prijedordanas.com\/wp-content\/uploads\/2023\/12\/kozarski-pricesce-ucenici-2.jpg 600w\" sizes=\"(max-width: 300px) 100vw, 300px\" \/><\/a>\u201eKao \u0161to smo i najavili prvu subotu Bo\u017ei\u010dnog posta, posvetili smo osnovcima i srednjo\u0161kolcima. Slu\u017eili smo Liturgiju posebno za njih i pri\u010destili ih. I kao \u0161to smo o\u010dekivali, puna je crkva djece. Zaista puno nam je srce kada mo\u017eemo da do\u010dekamo veliki broj djece u crkvi, da poste prije svega i ono \u0161to je najva\u017enije da se pri\u010deste, da se sjedine sa samim sobom i Gospodom Bogom. Raduje se, kao \u0161to ka\u017eu, i nebo, a evo i mi ovdje na zemlji kada mo\u017eemo da pristupimo Svetoj Tajni pri\u010de\u0161\u0107a u velikom broju, posebno na\u0161i najmla\u0111i\u201c, izjavio je Hrva\u0107anin za Kozarski vjesnik.<\/p>\n<p>Nakon pri\u010de\u0161\u0107a najmla\u0111i vjernici, uz poslu\u017eenje i razgovor, nastavili su dru\u017eenje u parohijskoj sali.<\/p>\n<p><strong><a href=\"https:\/\/kozarski.com\/u-hramu-svete-trojice-pricestili-se-ucenici-prva-subota-bozicnog-posta-posvecena-najmladjima\/\" target=\"_blank\" rel=\"noopener\">kozarski.com<\/a><\/strong><\/p>\n<p><iframe loading=\"lazy\" title=\"PRI\u010cE\u0160\u0106E U\u010cENIKA U PRVOJ SEDMICI BO\u017dI\u0106NOG POSTA\" width=\"500\" height=\"281\" src=\"https:\/\/www.youtube.com\/embed\/SglyFGQhidE?feature=oembed\" frameborder=\"0\" allow=\"accelerometer; autoplay; clipboard-write; encrypted-media; gyroscope; picture-in-picture; web-share\" allowfullscreen><\/iframe><\/p>\n","protected":false},"excerpt":{"rendered":"<p>U Hramu Svete Trojice jutros su se nakon slu\u017eenja Svete Liturgije pri\u010destili u\u010denici osnovnih i srednjih \u0161kola. Za neke od njih ovo su bili prvi post i pri\u010de\u0161\u0107e, dok ima [&hellip;]<\/p>\n","protected":false},"author":1,"featured_media":0,"comment_status":"closed","ping_status":"open","sticky":false,"template":"","format":"standard","meta":{"_monsterinsights_skip_tracking":false,"_monsterinsights_sitenote_active":false,"_monsterinsights_sitenote_note":"","_monsterinsights_sitenote_category":0,"footnotes":""},"categories":[7518],"tags":[],"yoast_head":"<!-- This site is optimized with the Yoast SEO plugin v21.6 - https:\/\/yoast.com\/wordpress\/plugins\/seo\/ -->\n<title>U Hramu Svete trojice u Prijedoru pri\u010destili se u\u010denici: Prva subota Bo\u017ei\u0107nog posta posve\u0107ena najmla\u0111ima - VIDEO - PrijedorDanas.com - Prijedorski gradski portal<\/title>\n<meta name=\"robots\" content=\"index, follow, max-snippet:-1, max-image-preview:large, max-video-preview:-1\" \/>\n<link rel=\"canonical\" href=\"https:\/\/www.prijedordanas.com\/?p=215425\" \/>\n<meta property=\"og:locale\" content=\"en_US\" \/>\n<meta property=\"og:type\" content=\"article\" \/>\n<meta property=\"og:title\" content=\"U Hramu Svete trojice u Prijedoru pri\u010destili se u\u010denici: Prva subota Bo\u017ei\u0107nog posta posve\u0107ena najmla\u0111ima - VIDEO - PrijedorDanas.com - Prijedorski gradski portal\" \/>\n<meta property=\"og:description\" content=\"U Hramu Svete Trojice jutros su se nakon slu\u017eenja Svete Liturgije pri\u010destili u\u010denici osnovnih i srednjih \u0161kola. Za neke od njih ovo su bili prvi post i pri\u010de\u0161\u0107e, dok ima [&hellip;]\" \/>\n<meta property=\"og:url\" content=\"https:\/\/www.prijedordanas.com\/?p=215425\" \/>\n<meta property=\"og:site_name\" content=\"PrijedorDanas.com - Prijedorski gradski portal\" \/>\n<meta property=\"article:publisher\" content=\"https:\/\/www.facebook.com\/PrijedorDanasCom\/\" \/>\n<meta property=\"article:published_time\" content=\"2023-12-02T13:13:44+00:00\" \/>\n<meta property=\"og:image\" content=\"https:\/\/www.prijedordanas.com\/wp-content\/uploads\/2023\/12\/kozarski-pricesce-ucenici-1-300x225.jpg\" \/>\n<meta name=\"author\" content=\"admin\" \/>\n<meta name=\"twitter:card\" content=\"summary_large_image\" \/>\n<meta name=\"twitter:label1\" content=\"Written by\" \/>\n\t<meta name=\"twitter:data1\" content=\"admin\" \/>\n\t<meta name=\"twitter:label2\" content=\"Est. reading time\" \/>\n\t<meta name=\"twitter:data2\" content=\"2 minutes\" \/>\n<script type=\"application\/ld+json\" class=\"yoast-schema-graph\">{\"@context\":\"https:\/\/schema.org\",\"@graph\":[{\"@type\":\"Article\",\"@id\":\"https:\/\/www.prijedordanas.com\/?p=215425#article\",\"isPartOf\":{\"@id\":\"https:\/\/www.prijedordanas.com\/?p=215425\"},\"author\":{\"name\":\"admin\",\"@id\":\"https:\/\/www.prijedordanas.com\/#\/schema\/person\/4e08ccf29b506ca916ff86d46bb700e6\"},\"headline\":\"U Hramu Svete trojice u Prijedoru pri\u010destili se u\u010denici: Prva subota Bo\u017ei\u0107nog posta posve\u0107ena najmla\u0111ima &#8211; VIDEO\",\"datePublished\":\"2023-12-02T13:13:44+00:00\",\"dateModified\":\"2023-12-02T13:13:44+00:00\",\"mainEntityOfPage\":{\"@id\":\"https:\/\/www.prijedordanas.com\/?p=215425\"},\"wordCount\":252,\"publisher\":{\"@id\":\"https:\/\/www.prijedordanas.com\/#organization\"},\"articleSection\":[\"Mladi\"],\"inLanguage\":\"en-US\"},{\"@type\":\"WebPage\",\"@id\":\"https:\/\/www.prijedordanas.com\/?p=215425\",\"url\":\"https:\/\/www.prijedordanas.com\/?p=215425\",\"name\":\"U Hramu Svete trojice u Prijedoru pri\u010destili se u\u010denici: Prva subota Bo\u017ei\u0107nog posta posve\u0107ena najmla\u0111ima - VIDEO - PrijedorDanas.com - Prijedorski gradski portal\",\"isPartOf\":{\"@id\":\"https:\/\/www.prijedordanas.com\/#website\"},\"datePublished\":\"2023-12-02T13:13:44+00:00\",\"dateModified\":\"2023-12-02T13:13:44+00:00\",\"breadcrumb\":{\"@id\":\"https:\/\/www.prijedordanas.com\/?p=215425#breadcrumb\"},\"inLanguage\":\"en-US\",\"potentialAction\":[{\"@type\":\"ReadAction\",\"target\":[\"https:\/\/www.prijedordanas.com\/?p=215425\"]}]},{\"@type\":\"BreadcrumbList\",\"@id\":\"https:\/\/www.prijedordanas.com\/?p=215425#breadcrumb\",\"itemListElement\":[{\"@type\":\"ListItem\",\"position\":1,\"name\":\"Home\",\"item\":\"https:\/\/www.prijedordanas.com\/\"},{\"@type\":\"ListItem\",\"position\":2,\"name\":\"U Hramu Svete trojice u Prijedoru pri\u010destili se u\u010denici: Prva subota Bo\u017ei\u0107nog posta posve\u0107ena najmla\u0111ima &#8211; VIDEO\"}]},{\"@type\":\"WebSite\",\"@id\":\"https:\/\/www.prijedordanas.com\/#website\",\"url\":\"https:\/\/www.prijedordanas.com\/\",\"name\":\"PrijedorDanas.com - Prijedorski gradski portal\",\"description\":\"Portal o doga\u0111anjima u gradu Prijedoru\",\"publisher\":{\"@id\":\"https:\/\/www.prijedordanas.com\/#organization\"},\"potentialAction\":[{\"@type\":\"SearchAction\",\"target\":{\"@type\":\"EntryPoint\",\"urlTemplate\":\"https:\/\/www.prijedordanas.com\/?s={search_term_string}\"},\"query-input\":\"required name=search_term_string\"}],\"inLanguage\":\"en-US\"},{\"@type\":\"Organization\",\"@id\":\"https:\/\/www.prijedordanas.com\/#organization\",\"name\":\"PrijedorDanas.com\",\"url\":\"https:\/\/www.prijedordanas.com\/\",\"logo\":{\"@type\":\"ImageObject\",\"inLanguage\":\"en-US\",\"@id\":\"https:\/\/www.prijedordanas.com\/#\/schema\/logo\/image\/\",\"url\":\"http:\/\/www.prijedordanas.com\/wp-content\/uploads\/2021\/12\/logopng.png\",\"contentUrl\":\"http:\/\/www.prijedordanas.com\/wp-content\/uploads\/2021\/12\/logopng.png\",\"width\":1019,\"height\":776,\"caption\":\"PrijedorDanas.com\"},\"image\":{\"@id\":\"https:\/\/www.prijedordanas.com\/#\/schema\/logo\/image\/\"},\"sameAs\":[\"https:\/\/www.facebook.com\/PrijedorDanasCom\/\"]},{\"@type\":\"Person\",\"@id\":\"https:\/\/www.prijedordanas.com\/#\/schema\/person\/4e08ccf29b506ca916ff86d46bb700e6\",\"name\":\"admin\",\"image\":{\"@type\":\"ImageObject\",\"inLanguage\":\"en-US\",\"@id\":\"https:\/\/www.prijedordanas.com\/#\/schema\/person\/image\/\",\"url\":\"https:\/\/secure.gravatar.com\/avatar\/1d3fc949d550f0b53a5f0d51e06dfd79?s=96&d=mm&r=g\",\"contentUrl\":\"https:\/\/secure.gravatar.com\/avatar\/1d3fc949d550f0b53a5f0d51e06dfd79?s=96&d=mm&r=g\",\"caption\":\"admin\"},\"url\":\"https:\/\/www.prijedordanas.com\/?author=1\"}]}<\/script>\n<!-- \/ Yoast SEO plugin. -->","yoast_head_json":{"title":"U Hramu Svete trojice u Prijedoru pri\u010destili se u\u010denici: Prva subota Bo\u017ei\u0107nog posta posve\u0107ena najmla\u0111ima - VIDEO - PrijedorDanas.com - Prijedorski gradski portal","robots":{"index":"index","follow":"follow","max-snippet":"max-snippet:-1","max-image-preview":"max-image-preview:large","max-video-preview":"max-video-preview:-1"},"canonical":"https:\/\/www.prijedordanas.com\/?p=215425","og_locale":"en_US","og_type":"article","og_title":"U Hramu Svete trojice u Prijedoru pri\u010destili se u\u010denici: Prva subota Bo\u017ei\u0107nog posta posve\u0107ena najmla\u0111ima - VIDEO - PrijedorDanas.com - Prijedorski gradski portal","og_description":"U Hramu Svete Trojice jutros su se nakon slu\u017eenja Svete Liturgije pri\u010destili u\u010denici osnovnih i srednjih \u0161kola. Za neke od njih ovo su bili prvi post i pri\u010de\u0161\u0107e, dok ima [&hellip;]","og_url":"https:\/\/www.prijedordanas.com\/?p=215425","og_site_name":"PrijedorDanas.com - Prijedorski gradski portal","article_publisher":"https:\/\/www.facebook.com\/PrijedorDanasCom\/","article_published_time":"2023-12-02T13:13:44+00:00","og_image":[{"url":"https:\/\/www.prijedordanas.com\/wp-content\/uploads\/2023\/12\/kozarski-pricesce-ucenici-1-300x225.jpg"}],"author":"admin","twitter_card":"summary_large_image","twitter_misc":{"Written by":"admin","Est. reading time":"2 minutes"},"schema":{"@context":"https:\/\/schema.org","@graph":[{"@type":"Article","@id":"https:\/\/www.prijedordanas.com\/?p=215425#article","isPartOf":{"@id":"https:\/\/www.prijedordanas.com\/?p=215425"},"author":{"name":"admin","@id":"https:\/\/www.prijedordanas.com\/#\/schema\/person\/4e08ccf29b506ca916ff86d46bb700e6"},"headline":"U Hramu Svete trojice u Prijedoru pri\u010destili se u\u010denici: Prva subota Bo\u017ei\u0107nog posta posve\u0107ena najmla\u0111ima &#8211; VIDEO","datePublished":"2023-12-02T13:13:44+00:00","dateModified":"2023-12-02T13:13:44+00:00","mainEntityOfPage":{"@id":"https:\/\/www.prijedordanas.com\/?p=215425"},"wordCount":252,"publisher":{"@id":"https:\/\/www.prijedordanas.com\/#organization"},"articleSection":["Mladi"],"inLanguage":"en-US"},{"@type":"WebPage","@id":"https:\/\/www.prijedordanas.com\/?p=215425","url":"https:\/\/www.prijedordanas.com\/?p=215425","name":"U Hramu Svete trojice u Prijedoru pri\u010destili se u\u010denici: Prva subota Bo\u017ei\u0107nog posta posve\u0107ena najmla\u0111ima - VIDEO - PrijedorDanas.com - Prijedorski gradski portal","isPartOf":{"@id":"https:\/\/www.prijedordanas.com\/#website"},"datePublished":"2023-12-02T13:13:44+00:00","dateModified":"2023-12-02T13:13:44+00:00","breadcrumb":{"@id":"https:\/\/www.prijedordanas.com\/?p=215425#breadcrumb"},"inLanguage":"en-US","potentialAction":[{"@type":"ReadAction","target":["https:\/\/www.prijedordanas.com\/?p=215425"]}]},{"@type":"BreadcrumbList","@id":"https:\/\/www.prijedordanas.com\/?p=215425#breadcrumb","itemListElement":[{"@type":"ListItem","position":1,"name":"Home","item":"https:\/\/www.prijedordanas.com\/"},{"@type":"ListItem","position":2,"name":"U Hramu Svete trojice u Prijedoru pri\u010destili se u\u010denici: Prva subota Bo\u017ei\u0107nog posta posve\u0107ena najmla\u0111ima &#8211; VIDEO"}]},{"@type":"WebSite","@id":"https:\/\/www.prijedordanas.com\/#website","url":"https:\/\/www.prijedordanas.com\/","name":"PrijedorDanas.com - Prijedorski gradski portal","description":"Portal o doga\u0111anjima u gradu Prijedoru","publisher":{"@id":"https:\/\/www.prijedordanas.com\/#organization"},"potentialAction":[{"@type":"SearchAction","target":{"@type":"EntryPoint","urlTemplate":"https:\/\/www.prijedordanas.com\/?s={search_term_string}"},"query-input":"required name=search_term_string"}],"inLanguage":"en-US"},{"@type":"Organization","@id":"https:\/\/www.prijedordanas.com\/#organization","name":"PrijedorDanas.com","url":"https:\/\/www.prijedordanas.com\/","logo":{"@type":"ImageObject","inLanguage":"en-US","@id":"https:\/\/www.prijedordanas.com\/#\/schema\/logo\/image\/","url":"http:\/\/www.prijedordanas.com\/wp-content\/uploads\/2021\/12\/logopng.png","contentUrl":"http:\/\/www.prijedordanas.com\/wp-content\/uploads\/2021\/12\/logopng.png","width":1019,"height":776,"caption":"PrijedorDanas.com"},"image":{"@id":"https:\/\/www.prijedordanas.com\/#\/schema\/logo\/image\/"},"sameAs":["https:\/\/www.facebook.com\/PrijedorDanasCom\/"]},{"@type":"Person","@id":"https:\/\/www.prijedordanas.com\/#\/schema\/person\/4e08ccf29b506ca916ff86d46bb700e6","name":"admin","image":{"@type":"ImageObject","inLanguage":"en-US","@id":"https:\/\/www.prijedordanas.com\/#\/schema\/person\/image\/","url":"https:\/\/secure.gravatar.com\/avatar\/1d3fc949d550f0b53a5f0d51e06dfd79?s=96&d=mm&r=g","contentUrl":"https:\/\/secure.gravatar.com\/avatar\/1d3fc949d550f0b53a5f0d51e06dfd79?s=96&d=mm&r=g","caption":"admin"},"url":"https:\/\/www.prijedordanas.com\/?author=1"}]}},"_links":{"self":[{"href":"https:\/\/www.prijedordanas.com\/index.php?rest_route=\/wp\/v2\/posts\/215425"}],"collection":[{"href":"https:\/\/www.prijedordanas.com\/index.php?rest_route=\/wp\/v2\/posts"}],"about":[{"href":"https:\/\/www.prijedordanas.com\/index.php?rest_route=\/wp\/v2\/types\/post"}],"author":[{"embeddable":true,"href":"https:\/\/www.prijedordanas.com\/index.php?rest_route=\/wp\/v2\/users\/1"}],"replies":[{"embeddable":true,"href":"https:\/\/www.prijedordanas.com\/index.php?rest_route=%2Fwp%2Fv2%2Fcomments&post=215425"}],"version-history":[{"count":1,"href":"https:\/\/www.prijedordanas.com\/index.php?rest_route=\/wp\/v2\/posts\/215425\/revisions"}],"predecessor-version":[{"id":215428,"href":"https:\/\/www.prijedordanas.com\/index.php?rest_route=\/wp\/v2\/posts\/215425\/revisions\/215428"}],"wp:attachment":[{"href":"https:\/\/www.prijedordanas.com\/index.php?rest_route=%2Fwp%2Fv2%2Fmedia&parent=215425"}],"wp:term":[{"taxonomy":"category","embeddable":true,"href":"https:\/\/www.prijedordanas.com\/index.php?rest_route=%2Fwp%2Fv2%2Fcategories&post=215425"},{"taxonomy":"post_tag","embeddable":true,"href":"https:\/\/www.prijedordanas.com\/index.php?rest_route=%2Fwp%2Fv2%2Ftags&post=215425"}],"curies":[{"name":"wp","href":"https:\/\/api.w.org\/{rel}","templated":true}]}}