{"id":215321,"date":"2023-11-30T20:10:14","date_gmt":"2023-11-30T19:10:14","guid":{"rendered":"https:\/\/www.prijedordanas.com\/?p=215321"},"modified":"2023-11-30T20:10:14","modified_gmt":"2023-11-30T19:10:14","slug":"gradonacelnik-prijedora-obisao-farmu-skundric-foto","status":"publish","type":"post","link":"https:\/\/www.prijedordanas.com\/?p=215321","title":{"rendered":"Gradona\u010delnik Prijedora obi\u0161ao farmu &#8220;\u0160kundri\u0107&#8221; &#8211; FOTO"},"content":{"rendered":"<p><a href=\"https:\/\/www.prijedordanas.com\/wp-content\/uploads\/2023\/11\/prijedorgradorg-javor-farma-skundric-1.jpg\"><img loading=\"lazy\" decoding=\"async\" class=\"alignleft size-medium wp-image-215322\" src=\"https:\/\/www.prijedordanas.com\/wp-content\/uploads\/2023\/11\/prijedorgradorg-javor-farma-skundric-1-300x225.jpg\" alt=\"\" width=\"300\" height=\"225\" srcset=\"https:\/\/www.prijedordanas.com\/wp-content\/uploads\/2023\/11\/prijedorgradorg-javor-farma-skundric-1-300x225.jpg 300w, https:\/\/www.prijedordanas.com\/wp-content\/uploads\/2023\/11\/prijedorgradorg-javor-farma-skundric-1-640x480.jpg 640w, https:\/\/www.prijedordanas.com\/wp-content\/uploads\/2023\/11\/prijedorgradorg-javor-farma-skundric-1.jpg 666w\" sizes=\"(max-width: 300px) 100vw, 300px\" \/><\/a>Gradona\u010delnik Prijedora Slobodan Javor obi\u0161ao je danas farmu &#8220;\u0160kundri\u0107&#8221; u Ni\u0161tavcima \u010diji su suvlasnici bra\u0107a Goran i Milan \u0160kundri\u0107.<\/p>\n<p>Oni su gradona\u010delnika upoznali da na farmi imaju oko 500 grla od kojih je 250 krava u mu\u017ei koje daju oko 4000 litara dnevno mlijeka odnosno 1,5 miliona litara godi\u0161nje.<\/p>\n<p>&#8220;Mlijeko predajemo Mlijekoproduktu sa kojima imamo odli\u010dnu saradnju,a takva je saradnja i sa Gradskom upravom koja nam poma\u017ee sa premijama, podsticajima u drugim pitanjima o kojima otvoreno razgovaramo&#8221;, rekao je Goran \u0160kundri\u0107.<\/p>\n<p>Oni su gradona\u010delnika upoznali sa odre\u0111enom problematikom sa kojom se suo\u010davaju farmeri pa i ova farma \u0160kundri\u0107 kada je u pitanju proizvodnja mlijeka i plasman na tr\u017ei\u0161te kao i u\u010de\u0161\u0107e u projektima kako bi modernizovali mehanizaciju i pobolj\u0161ali kvalitet proizvodnje.<\/p>\n<p><a href=\"https:\/\/www.prijedordanas.com\/wp-content\/uploads\/2023\/11\/prijedorgradorg-javor-farma-skundric-5.jpg\"><img loading=\"lazy\" decoding=\"async\" src=\"https:\/\/www.prijedordanas.com\/wp-content\/uploads\/2023\/11\/prijedorgradorg-javor-farma-skundric-5-300x225.jpg\" alt=\"\" width=\"300\" height=\"225\" class=\"alignleft size-medium wp-image-215323\" srcset=\"https:\/\/www.prijedordanas.com\/wp-content\/uploads\/2023\/11\/prijedorgradorg-javor-farma-skundric-5-300x225.jpg 300w, https:\/\/www.prijedordanas.com\/wp-content\/uploads\/2023\/11\/prijedorgradorg-javor-farma-skundric-5-640x480.jpg 640w, https:\/\/www.prijedordanas.com\/wp-content\/uploads\/2023\/11\/prijedorgradorg-javor-farma-skundric-5.jpg 666w\" sizes=\"(max-width: 300px) 100vw, 300px\" \/><\/a>Grad Prijedor izdvaja zna\u010dajna sredstva za razli\u010dite vidove podsticaja u poljoprivrednoj proizvodnji i ruralnom razvoju za \u0161ta je ove godine bud\u017eetom bilo planirano 1.3 miliona KM.<\/p>\n<p>Prije dvije godine donijeta je odluka da se isplata premija vr\u0161i po osnovu litre proizvedenog i prodanog mlijeka. U prethodnoj godini na osnovu toga je za 77 korisnika ispla\u0107eno 134.000 KM dok su ista sredstva planirana za ovu godinu za koja se narednih dana raspisuje javni poziv.<\/p>\n<p>Ina\u010de, na ovoj farmi postoje i dva robota, a to je, tvrde \u0160kundri\u0107i, inovativan projekat koji poma\u017ee i \u017eivotinjama i ljudima.<\/p>\n<p>Roboti im poma\u017eu u svakodnevnim poslovima i u evidenciji krava, jer se u robotski ra\u010dunar upisuju svi parametri i svaki rad prema \u017eivotinjama tako da veterinar u svakom momentu ima sve podatke o grlima.<\/p>\n<p><a href=\"https:\/\/www.prijedorgrad.org\/sr-EU\/vijesti-sadrzaj.html?vid=19123\" target=\"_blank\" rel=\"noopener\">prijedorgrad.org<\/a><\/p>\n<p><a href=\"https:\/\/www.prijedordanas.com\/wp-content\/uploads\/2023\/11\/prijedorgradorg-javor-farma-skundric-2.jpg\"><img loading=\"lazy\" decoding=\"async\" src=\"https:\/\/www.prijedordanas.com\/wp-content\/uploads\/2023\/11\/prijedorgradorg-javor-farma-skundric-2-300x200.jpg\" alt=\"\" width=\"300\" height=\"200\" class=\"alignleft size-medium wp-image-215324\" srcset=\"https:\/\/www.prijedordanas.com\/wp-content\/uploads\/2023\/11\/prijedorgradorg-javor-farma-skundric-2-300x200.jpg 300w, https:\/\/www.prijedordanas.com\/wp-content\/uploads\/2023\/11\/prijedorgradorg-javor-farma-skundric-2-480x320.jpg 480w, https:\/\/www.prijedordanas.com\/wp-content\/uploads\/2023\/11\/prijedorgradorg-javor-farma-skundric-2.jpg 600w\" sizes=\"(max-width: 300px) 100vw, 300px\" \/><\/a> <a href=\"https:\/\/www.prijedordanas.com\/wp-content\/uploads\/2023\/11\/prijedorgradorg-javor-farma-skundric-3.jpg\"><img loading=\"lazy\" decoding=\"async\" src=\"https:\/\/www.prijedordanas.com\/wp-content\/uploads\/2023\/11\/prijedorgradorg-javor-farma-skundric-3-300x200.jpg\" alt=\"\" width=\"300\" height=\"200\" class=\"alignleft size-medium wp-image-215325\" srcset=\"https:\/\/www.prijedordanas.com\/wp-content\/uploads\/2023\/11\/prijedorgradorg-javor-farma-skundric-3-300x200.jpg 300w, https:\/\/www.prijedordanas.com\/wp-content\/uploads\/2023\/11\/prijedorgradorg-javor-farma-skundric-3-480x320.jpg 480w, https:\/\/www.prijedordanas.com\/wp-content\/uploads\/2023\/11\/prijedorgradorg-javor-farma-skundric-3.jpg 600w\" sizes=\"(max-width: 300px) 100vw, 300px\" \/><\/a> <a href=\"https:\/\/www.prijedordanas.com\/wp-content\/uploads\/2023\/11\/prijedorgradorg-javor-farma-skundric-4.jpg\"><img loading=\"lazy\" decoding=\"async\" src=\"https:\/\/www.prijedordanas.com\/wp-content\/uploads\/2023\/11\/prijedorgradorg-javor-farma-skundric-4-300x200.jpg\" alt=\"\" width=\"300\" height=\"200\" class=\"alignleft size-medium wp-image-215326\" srcset=\"https:\/\/www.prijedordanas.com\/wp-content\/uploads\/2023\/11\/prijedorgradorg-javor-farma-skundric-4-300x200.jpg 300w, https:\/\/www.prijedordanas.com\/wp-content\/uploads\/2023\/11\/prijedorgradorg-javor-farma-skundric-4-480x320.jpg 480w, https:\/\/www.prijedordanas.com\/wp-content\/uploads\/2023\/11\/prijedorgradorg-javor-farma-skundric-4.jpg 600w\" sizes=\"(max-width: 300px) 100vw, 300px\" \/><\/a> <a href=\"https:\/\/www.prijedordanas.com\/wp-content\/uploads\/2023\/11\/prijedorgradorg-javor-farma-skundric-6.jpg\"><img loading=\"lazy\" decoding=\"async\" src=\"https:\/\/www.prijedordanas.com\/wp-content\/uploads\/2023\/11\/prijedorgradorg-javor-farma-skundric-6-300x200.jpg\" alt=\"\" width=\"300\" height=\"200\" class=\"alignleft size-medium wp-image-215327\" srcset=\"https:\/\/www.prijedordanas.com\/wp-content\/uploads\/2023\/11\/prijedorgradorg-javor-farma-skundric-6-300x200.jpg 300w, https:\/\/www.prijedordanas.com\/wp-content\/uploads\/2023\/11\/prijedorgradorg-javor-farma-skundric-6-480x320.jpg 480w, https:\/\/www.prijedordanas.com\/wp-content\/uploads\/2023\/11\/prijedorgradorg-javor-farma-skundric-6.jpg 600w\" sizes=\"(max-width: 300px) 100vw, 300px\" \/><\/a><\/p>\n","protected":false},"excerpt":{"rendered":"<p>Gradona\u010delnik Prijedora Slobodan Javor obi\u0161ao je danas farmu &#8220;\u0160kundri\u0107&#8221; u Ni\u0161tavcima \u010diji su suvlasnici bra\u0107a Goran i Milan \u0160kundri\u0107. Oni su gradona\u010delnika upoznali da na farmi imaju oko 500 grla [&hellip;]<\/p>\n","protected":false},"author":1,"featured_media":0,"comment_status":"closed","ping_status":"open","sticky":false,"template":"","format":"standard","meta":{"_monsterinsights_skip_tracking":false,"_monsterinsights_sitenote_active":false,"_monsterinsights_sitenote_note":"","_monsterinsights_sitenote_category":0,"footnotes":""},"categories":[8],"tags":[],"yoast_head":"<!-- This site is optimized with the Yoast SEO plugin v21.6 - https:\/\/yoast.com\/wordpress\/plugins\/seo\/ -->\n<title>Gradona\u010delnik Prijedora obi\u0161ao farmu &quot;\u0160kundri\u0107&quot; - FOTO - PrijedorDanas.com - Prijedorski gradski portal<\/title>\n<meta name=\"robots\" content=\"index, follow, max-snippet:-1, max-image-preview:large, max-video-preview:-1\" \/>\n<link rel=\"canonical\" href=\"https:\/\/www.prijedordanas.com\/?p=215321\" \/>\n<meta property=\"og:locale\" content=\"en_US\" \/>\n<meta property=\"og:type\" content=\"article\" \/>\n<meta property=\"og:title\" content=\"Gradona\u010delnik Prijedora obi\u0161ao farmu &quot;\u0160kundri\u0107&quot; - FOTO - PrijedorDanas.com - Prijedorski gradski portal\" \/>\n<meta property=\"og:description\" content=\"Gradona\u010delnik Prijedora Slobodan Javor obi\u0161ao je danas farmu &#8220;\u0160kundri\u0107&#8221; u Ni\u0161tavcima \u010diji su suvlasnici bra\u0107a Goran i Milan \u0160kundri\u0107. Oni su gradona\u010delnika upoznali da na farmi imaju oko 500 grla [&hellip;]\" \/>\n<meta property=\"og:url\" content=\"https:\/\/www.prijedordanas.com\/?p=215321\" \/>\n<meta property=\"og:site_name\" content=\"PrijedorDanas.com - Prijedorski gradski portal\" \/>\n<meta property=\"article:publisher\" content=\"https:\/\/www.facebook.com\/PrijedorDanasCom\/\" \/>\n<meta property=\"article:published_time\" content=\"2023-11-30T19:10:14+00:00\" \/>\n<meta property=\"og:image\" content=\"https:\/\/www.prijedordanas.com\/wp-content\/uploads\/2023\/11\/prijedorgradorg-javor-farma-skundric-1-300x225.jpg\" \/>\n<meta name=\"author\" content=\"admin\" \/>\n<meta name=\"twitter:card\" content=\"summary_large_image\" \/>\n<meta name=\"twitter:label1\" content=\"Written by\" \/>\n\t<meta name=\"twitter:data1\" content=\"admin\" \/>\n\t<meta name=\"twitter:label2\" content=\"Est. reading time\" \/>\n\t<meta name=\"twitter:data2\" content=\"2 minutes\" \/>\n<script type=\"application\/ld+json\" class=\"yoast-schema-graph\">{\"@context\":\"https:\/\/schema.org\",\"@graph\":[{\"@type\":\"Article\",\"@id\":\"https:\/\/www.prijedordanas.com\/?p=215321#article\",\"isPartOf\":{\"@id\":\"https:\/\/www.prijedordanas.com\/?p=215321\"},\"author\":{\"name\":\"admin\",\"@id\":\"https:\/\/www.prijedordanas.com\/#\/schema\/person\/4e08ccf29b506ca916ff86d46bb700e6\"},\"headline\":\"Gradona\u010delnik Prijedora obi\u0161ao farmu &#8220;\u0160kundri\u0107&#8221; &#8211; FOTO\",\"datePublished\":\"2023-11-30T19:10:14+00:00\",\"dateModified\":\"2023-11-30T19:10:14+00:00\",\"mainEntityOfPage\":{\"@id\":\"https:\/\/www.prijedordanas.com\/?p=215321\"},\"wordCount\":281,\"publisher\":{\"@id\":\"https:\/\/www.prijedordanas.com\/#organization\"},\"articleSection\":[\"Svakodnevno\"],\"inLanguage\":\"en-US\"},{\"@type\":\"WebPage\",\"@id\":\"https:\/\/www.prijedordanas.com\/?p=215321\",\"url\":\"https:\/\/www.prijedordanas.com\/?p=215321\",\"name\":\"Gradona\u010delnik Prijedora obi\u0161ao farmu \\\"\u0160kundri\u0107\\\" - FOTO - PrijedorDanas.com - Prijedorski gradski portal\",\"isPartOf\":{\"@id\":\"https:\/\/www.prijedordanas.com\/#website\"},\"datePublished\":\"2023-11-30T19:10:14+00:00\",\"dateModified\":\"2023-11-30T19:10:14+00:00\",\"breadcrumb\":{\"@id\":\"https:\/\/www.prijedordanas.com\/?p=215321#breadcrumb\"},\"inLanguage\":\"en-US\",\"potentialAction\":[{\"@type\":\"ReadAction\",\"target\":[\"https:\/\/www.prijedordanas.com\/?p=215321\"]}]},{\"@type\":\"BreadcrumbList\",\"@id\":\"https:\/\/www.prijedordanas.com\/?p=215321#breadcrumb\",\"itemListElement\":[{\"@type\":\"ListItem\",\"position\":1,\"name\":\"Home\",\"item\":\"https:\/\/www.prijedordanas.com\/\"},{\"@type\":\"ListItem\",\"position\":2,\"name\":\"Gradona\u010delnik Prijedora obi\u0161ao farmu &#8220;\u0160kundri\u0107&#8221; &#8211; FOTO\"}]},{\"@type\":\"WebSite\",\"@id\":\"https:\/\/www.prijedordanas.com\/#website\",\"url\":\"https:\/\/www.prijedordanas.com\/\",\"name\":\"PrijedorDanas.com - Prijedorski gradski portal\",\"description\":\"Portal o doga\u0111anjima u gradu Prijedoru\",\"publisher\":{\"@id\":\"https:\/\/www.prijedordanas.com\/#organization\"},\"potentialAction\":[{\"@type\":\"SearchAction\",\"target\":{\"@type\":\"EntryPoint\",\"urlTemplate\":\"https:\/\/www.prijedordanas.com\/?s={search_term_string}\"},\"query-input\":\"required name=search_term_string\"}],\"inLanguage\":\"en-US\"},{\"@type\":\"Organization\",\"@id\":\"https:\/\/www.prijedordanas.com\/#organization\",\"name\":\"PrijedorDanas.com\",\"url\":\"https:\/\/www.prijedordanas.com\/\",\"logo\":{\"@type\":\"ImageObject\",\"inLanguage\":\"en-US\",\"@id\":\"https:\/\/www.prijedordanas.com\/#\/schema\/logo\/image\/\",\"url\":\"http:\/\/www.prijedordanas.com\/wp-content\/uploads\/2021\/12\/logopng.png\",\"contentUrl\":\"http:\/\/www.prijedordanas.com\/wp-content\/uploads\/2021\/12\/logopng.png\",\"width\":1019,\"height\":776,\"caption\":\"PrijedorDanas.com\"},\"image\":{\"@id\":\"https:\/\/www.prijedordanas.com\/#\/schema\/logo\/image\/\"},\"sameAs\":[\"https:\/\/www.facebook.com\/PrijedorDanasCom\/\"]},{\"@type\":\"Person\",\"@id\":\"https:\/\/www.prijedordanas.com\/#\/schema\/person\/4e08ccf29b506ca916ff86d46bb700e6\",\"name\":\"admin\",\"image\":{\"@type\":\"ImageObject\",\"inLanguage\":\"en-US\",\"@id\":\"https:\/\/www.prijedordanas.com\/#\/schema\/person\/image\/\",\"url\":\"https:\/\/secure.gravatar.com\/avatar\/1d3fc949d550f0b53a5f0d51e06dfd79?s=96&d=mm&r=g\",\"contentUrl\":\"https:\/\/secure.gravatar.com\/avatar\/1d3fc949d550f0b53a5f0d51e06dfd79?s=96&d=mm&r=g\",\"caption\":\"admin\"},\"url\":\"https:\/\/www.prijedordanas.com\/?author=1\"}]}<\/script>\n<!-- \/ Yoast SEO plugin. -->","yoast_head_json":{"title":"Gradona\u010delnik Prijedora obi\u0161ao farmu \"\u0160kundri\u0107\" - FOTO - PrijedorDanas.com - Prijedorski gradski portal","robots":{"index":"index","follow":"follow","max-snippet":"max-snippet:-1","max-image-preview":"max-image-preview:large","max-video-preview":"max-video-preview:-1"},"canonical":"https:\/\/www.prijedordanas.com\/?p=215321","og_locale":"en_US","og_type":"article","og_title":"Gradona\u010delnik Prijedora obi\u0161ao farmu \"\u0160kundri\u0107\" - FOTO - PrijedorDanas.com - Prijedorski gradski portal","og_description":"Gradona\u010delnik Prijedora Slobodan Javor obi\u0161ao je danas farmu &#8220;\u0160kundri\u0107&#8221; u Ni\u0161tavcima \u010diji su suvlasnici bra\u0107a Goran i Milan \u0160kundri\u0107. Oni su gradona\u010delnika upoznali da na farmi imaju oko 500 grla [&hellip;]","og_url":"https:\/\/www.prijedordanas.com\/?p=215321","og_site_name":"PrijedorDanas.com - Prijedorski gradski portal","article_publisher":"https:\/\/www.facebook.com\/PrijedorDanasCom\/","article_published_time":"2023-11-30T19:10:14+00:00","og_image":[{"url":"https:\/\/www.prijedordanas.com\/wp-content\/uploads\/2023\/11\/prijedorgradorg-javor-farma-skundric-1-300x225.jpg"}],"author":"admin","twitter_card":"summary_large_image","twitter_misc":{"Written by":"admin","Est. reading time":"2 minutes"},"schema":{"@context":"https:\/\/schema.org","@graph":[{"@type":"Article","@id":"https:\/\/www.prijedordanas.com\/?p=215321#article","isPartOf":{"@id":"https:\/\/www.prijedordanas.com\/?p=215321"},"author":{"name":"admin","@id":"https:\/\/www.prijedordanas.com\/#\/schema\/person\/4e08ccf29b506ca916ff86d46bb700e6"},"headline":"Gradona\u010delnik Prijedora obi\u0161ao farmu &#8220;\u0160kundri\u0107&#8221; &#8211; FOTO","datePublished":"2023-11-30T19:10:14+00:00","dateModified":"2023-11-30T19:10:14+00:00","mainEntityOfPage":{"@id":"https:\/\/www.prijedordanas.com\/?p=215321"},"wordCount":281,"publisher":{"@id":"https:\/\/www.prijedordanas.com\/#organization"},"articleSection":["Svakodnevno"],"inLanguage":"en-US"},{"@type":"WebPage","@id":"https:\/\/www.prijedordanas.com\/?p=215321","url":"https:\/\/www.prijedordanas.com\/?p=215321","name":"Gradona\u010delnik Prijedora obi\u0161ao farmu \"\u0160kundri\u0107\" - FOTO - PrijedorDanas.com - Prijedorski gradski portal","isPartOf":{"@id":"https:\/\/www.prijedordanas.com\/#website"},"datePublished":"2023-11-30T19:10:14+00:00","dateModified":"2023-11-30T19:10:14+00:00","breadcrumb":{"@id":"https:\/\/www.prijedordanas.com\/?p=215321#breadcrumb"},"inLanguage":"en-US","potentialAction":[{"@type":"ReadAction","target":["https:\/\/www.prijedordanas.com\/?p=215321"]}]},{"@type":"BreadcrumbList","@id":"https:\/\/www.prijedordanas.com\/?p=215321#breadcrumb","itemListElement":[{"@type":"ListItem","position":1,"name":"Home","item":"https:\/\/www.prijedordanas.com\/"},{"@type":"ListItem","position":2,"name":"Gradona\u010delnik Prijedora obi\u0161ao farmu &#8220;\u0160kundri\u0107&#8221; &#8211; FOTO"}]},{"@type":"WebSite","@id":"https:\/\/www.prijedordanas.com\/#website","url":"https:\/\/www.prijedordanas.com\/","name":"PrijedorDanas.com - Prijedorski gradski portal","description":"Portal o doga\u0111anjima u gradu Prijedoru","publisher":{"@id":"https:\/\/www.prijedordanas.com\/#organization"},"potentialAction":[{"@type":"SearchAction","target":{"@type":"EntryPoint","urlTemplate":"https:\/\/www.prijedordanas.com\/?s={search_term_string}"},"query-input":"required name=search_term_string"}],"inLanguage":"en-US"},{"@type":"Organization","@id":"https:\/\/www.prijedordanas.com\/#organization","name":"PrijedorDanas.com","url":"https:\/\/www.prijedordanas.com\/","logo":{"@type":"ImageObject","inLanguage":"en-US","@id":"https:\/\/www.prijedordanas.com\/#\/schema\/logo\/image\/","url":"http:\/\/www.prijedordanas.com\/wp-content\/uploads\/2021\/12\/logopng.png","contentUrl":"http:\/\/www.prijedordanas.com\/wp-content\/uploads\/2021\/12\/logopng.png","width":1019,"height":776,"caption":"PrijedorDanas.com"},"image":{"@id":"https:\/\/www.prijedordanas.com\/#\/schema\/logo\/image\/"},"sameAs":["https:\/\/www.facebook.com\/PrijedorDanasCom\/"]},{"@type":"Person","@id":"https:\/\/www.prijedordanas.com\/#\/schema\/person\/4e08ccf29b506ca916ff86d46bb700e6","name":"admin","image":{"@type":"ImageObject","inLanguage":"en-US","@id":"https:\/\/www.prijedordanas.com\/#\/schema\/person\/image\/","url":"https:\/\/secure.gravatar.com\/avatar\/1d3fc949d550f0b53a5f0d51e06dfd79?s=96&d=mm&r=g","contentUrl":"https:\/\/secure.gravatar.com\/avatar\/1d3fc949d550f0b53a5f0d51e06dfd79?s=96&d=mm&r=g","caption":"admin"},"url":"https:\/\/www.prijedordanas.com\/?author=1"}]}},"_links":{"self":[{"href":"https:\/\/www.prijedordanas.com\/index.php?rest_route=\/wp\/v2\/posts\/215321"}],"collection":[{"href":"https:\/\/www.prijedordanas.com\/index.php?rest_route=\/wp\/v2\/posts"}],"about":[{"href":"https:\/\/www.prijedordanas.com\/index.php?rest_route=\/wp\/v2\/types\/post"}],"author":[{"embeddable":true,"href":"https:\/\/www.prijedordanas.com\/index.php?rest_route=\/wp\/v2\/users\/1"}],"replies":[{"embeddable":true,"href":"https:\/\/www.prijedordanas.com\/index.php?rest_route=%2Fwp%2Fv2%2Fcomments&post=215321"}],"version-history":[{"count":1,"href":"https:\/\/www.prijedordanas.com\/index.php?rest_route=\/wp\/v2\/posts\/215321\/revisions"}],"predecessor-version":[{"id":215328,"href":"https:\/\/www.prijedordanas.com\/index.php?rest_route=\/wp\/v2\/posts\/215321\/revisions\/215328"}],"wp:attachment":[{"href":"https:\/\/www.prijedordanas.com\/index.php?rest_route=%2Fwp%2Fv2%2Fmedia&parent=215321"}],"wp:term":[{"taxonomy":"category","embeddable":true,"href":"https:\/\/www.prijedordanas.com\/index.php?rest_route=%2Fwp%2Fv2%2Fcategories&post=215321"},{"taxonomy":"post_tag","embeddable":true,"href":"https:\/\/www.prijedordanas.com\/index.php?rest_route=%2Fwp%2Fv2%2Ftags&post=215321"}],"curies":[{"name":"wp","href":"https:\/\/api.w.org\/{rel}","templated":true}]}}