{"id":215315,"date":"2023-11-30T18:33:32","date_gmt":"2023-11-30T17:33:32","guid":{"rendered":"https:\/\/www.prijedordanas.com\/?p=215315"},"modified":"2023-11-30T18:36:40","modified_gmt":"2023-11-30T17:36:40","slug":"srpskainfo-otkriva-ko-je-uhapsen-u-akciji-kameleon-u-banjaluci-razbojnik-iz-prijedora-ranije-krao-po-delti","status":"publish","type":"post","link":"https:\/\/www.prijedordanas.com\/?p=215315","title":{"rendered":"Srpskainfo otkriva ko je uhap\u0161en u akciji &#8220;Kameleon&#8221; u Banjaluci: Razbojnik iz Prijedora ranije krao po &#8220;Delti&#8221;"},"content":{"rendered":"<p><a href=\"https:\/\/www.prijedordanas.com\/wp-content\/uploads\/2022\/12\/ilustracija-hapsenje-1.jpg\"><img loading=\"lazy\" decoding=\"async\" src=\"https:\/\/www.prijedordanas.com\/wp-content\/uploads\/2022\/12\/ilustracija-hapsenje-1-300x225.jpg\" alt=\"\" width=\"300\" height=\"225\" class=\"alignleft size-medium wp-image-197457\" srcset=\"https:\/\/www.prijedordanas.com\/wp-content\/uploads\/2022\/12\/ilustracija-hapsenje-1-300x225.jpg 300w, https:\/\/www.prijedordanas.com\/wp-content\/uploads\/2022\/12\/ilustracija-hapsenje-1-640x480.jpg 640w, https:\/\/www.prijedordanas.com\/wp-content\/uploads\/2022\/12\/ilustracija-hapsenje-1.jpg 667w\" sizes=\"(max-width: 300px) 100vw, 300px\" \/><\/a>Viktor Jovanovi\u0107 (39)  uhap\u0161en je u policijskoj akciji &#8220;Kameleon&#8221; zbog razbojni\u0161tva u Banjaluci, saznaje Srpskainfo.<\/p>\n<p>Kako nezvani\u010dno saznajemo, on je odranije poznat policiji, ali ne po te\u0161kim krivi\u010dnim djelima.<\/p>\n<p><strong><a href=\"https:\/\/www.prijedordanas.com\/?p=215281\" rel=\"noopener\" target=\"_blank\">U akciji \u201cKameleon\u201d uhap\u0161en Prijedor\u010danin: Uz prijetnju pi\u0161toljem ukrao 700 KM i kutiju medikamenata<\/a><\/strong><\/p>\n<p>U PU Banjaluka su rekli da su realizovali operativnu akciju kodnog naziva \u201eKameleon\u201c sa ciljem rasvijetljavanja krivi\u010dnog djela \u201eRazbojni\u0161tvo\u201c koje se dogodilo 25. novembra  oko 17.30 \u010dasova u Banjaluci.<\/p>\n<p>\u2013 Tom prilikom je nepoznati po\u010dinilac uz prijetnju pi\u0161toljem oteo 700 KM i kutiju medikamenata \u2013 rekli su u PU Banjaluka.<\/p>\n<p>Preduzimanjem niza operativnih mjera i radnji policijski slu\u017ebenici su do\u0161li do saznanja da se u vezu sa navedenim krivi\u010dnim djelom mo\u017ee dovesti V.J. iz Prijedora.<\/p>\n<p>On je zatim uhap\u0161en , a na osnovu naredbe sudije Osnovnog suda u Banjaluci, uz prethodnu saglasnost de\u017eurnog tu\u017eioca Okru\u017enog javnog tu\u017eila\u0161tva Banjaluka, obavljen je pretres ku\u0107e i drugih prostorija u Banjaluka, koje je on koristi, kojom prilikom je prona\u0111en i oduzet startni pi\u0161tolj, koji je kori\u0161ten prilikom obavljanja krivi\u010dnog djela, kao i drugi predmeti koji se mogu dovesti u vezu sa navedenim krivi\u010dnim djelom.<\/p>\n<p>V.J. \u0107e danas nakon zavr\u0161ene kriminalisti\u010dke obrade uz izvje\u0161taj o po\u010dinjenom krivi\u010dnom djelu, biti predato u nadle\u017enost Okru\u017enog javnog tu\u017eila\u0161tva Banjaluka.<\/p>\n<p>Kako Srpskainfo saznaje, Jovanovi\u0107 je od ranije poznat policiji.<\/p>\n<p>On je prije par godina uhap\u0161en zbog sumnje da je ukrao odje\u0107u i sat u \u201cDelti\u201d.<\/p>\n<p><a href=\"https:\/\/srpskainfo.com\/srpskainfo-otkriva-ko-je-uhapsen-u-akciji-kameleon-u-banjaluci-razbojnik-ranije-krao-po-delti\/\" rel=\"noopener\" target=\"_blank\">srpskainfo.com<\/a><\/p>\n","protected":false},"excerpt":{"rendered":"<p>Viktor Jovanovi\u0107 (39) uhap\u0161en je u policijskoj akciji &#8220;Kameleon&#8221; zbog razbojni\u0161tva u Banjaluci, saznaje Srpskainfo. Kako nezvani\u010dno saznajemo, on je odranije poznat policiji, ali ne po te\u0161kim krivi\u010dnim djelima. U [&hellip;]<\/p>\n","protected":false},"author":1,"featured_media":0,"comment_status":"closed","ping_status":"open","sticky":false,"template":"","format":"standard","meta":{"_monsterinsights_skip_tracking":false,"_monsterinsights_sitenote_active":false,"_monsterinsights_sitenote_note":"","_monsterinsights_sitenote_category":0,"footnotes":""},"categories":[5],"tags":[],"yoast_head":"<!-- This site is optimized with the Yoast SEO plugin v21.6 - https:\/\/yoast.com\/wordpress\/plugins\/seo\/ -->\n<title>Srpskainfo otkriva ko je uhap\u0161en u akciji &quot;Kameleon&quot; u Banjaluci: Razbojnik iz Prijedora ranije krao po &quot;Delti&quot; - PrijedorDanas.com - Prijedorski gradski portal<\/title>\n<meta name=\"robots\" content=\"index, follow, max-snippet:-1, max-image-preview:large, max-video-preview:-1\" \/>\n<link rel=\"canonical\" href=\"https:\/\/www.prijedordanas.com\/?p=215315\" \/>\n<meta property=\"og:locale\" content=\"en_US\" \/>\n<meta property=\"og:type\" content=\"article\" \/>\n<meta property=\"og:title\" content=\"Srpskainfo otkriva ko je uhap\u0161en u akciji &quot;Kameleon&quot; u Banjaluci: Razbojnik iz Prijedora ranije krao po &quot;Delti&quot; - PrijedorDanas.com - Prijedorski gradski portal\" \/>\n<meta property=\"og:description\" content=\"Viktor Jovanovi\u0107 (39) uhap\u0161en je u policijskoj akciji &#8220;Kameleon&#8221; zbog razbojni\u0161tva u Banjaluci, saznaje Srpskainfo. Kako nezvani\u010dno saznajemo, on je odranije poznat policiji, ali ne po te\u0161kim krivi\u010dnim djelima. U [&hellip;]\" \/>\n<meta property=\"og:url\" content=\"https:\/\/www.prijedordanas.com\/?p=215315\" \/>\n<meta property=\"og:site_name\" content=\"PrijedorDanas.com - Prijedorski gradski portal\" \/>\n<meta property=\"article:publisher\" content=\"https:\/\/www.facebook.com\/PrijedorDanasCom\/\" \/>\n<meta property=\"article:published_time\" content=\"2023-11-30T17:33:32+00:00\" \/>\n<meta property=\"article:modified_time\" content=\"2023-11-30T17:36:40+00:00\" \/>\n<meta property=\"og:image\" content=\"https:\/\/www.prijedordanas.com\/wp-content\/uploads\/2022\/12\/ilustracija-hapsenje-1-300x225.jpg\" \/>\n<meta name=\"author\" content=\"admin\" \/>\n<meta name=\"twitter:card\" content=\"summary_large_image\" \/>\n<meta name=\"twitter:label1\" content=\"Written by\" \/>\n\t<meta name=\"twitter:data1\" content=\"admin\" \/>\n\t<meta name=\"twitter:label2\" content=\"Est. reading time\" \/>\n\t<meta name=\"twitter:data2\" content=\"2 minutes\" \/>\n<script type=\"application\/ld+json\" class=\"yoast-schema-graph\">{\"@context\":\"https:\/\/schema.org\",\"@graph\":[{\"@type\":\"Article\",\"@id\":\"https:\/\/www.prijedordanas.com\/?p=215315#article\",\"isPartOf\":{\"@id\":\"https:\/\/www.prijedordanas.com\/?p=215315\"},\"author\":{\"name\":\"admin\",\"@id\":\"https:\/\/www.prijedordanas.com\/#\/schema\/person\/4e08ccf29b506ca916ff86d46bb700e6\"},\"headline\":\"Srpskainfo otkriva ko je uhap\u0161en u akciji &#8220;Kameleon&#8221; u Banjaluci: Razbojnik iz Prijedora ranije krao po &#8220;Delti&#8221;\",\"datePublished\":\"2023-11-30T17:33:32+00:00\",\"dateModified\":\"2023-11-30T17:36:40+00:00\",\"mainEntityOfPage\":{\"@id\":\"https:\/\/www.prijedordanas.com\/?p=215315\"},\"wordCount\":282,\"publisher\":{\"@id\":\"https:\/\/www.prijedordanas.com\/#organization\"},\"articleSection\":[\"Hronika\"],\"inLanguage\":\"en-US\"},{\"@type\":\"WebPage\",\"@id\":\"https:\/\/www.prijedordanas.com\/?p=215315\",\"url\":\"https:\/\/www.prijedordanas.com\/?p=215315\",\"name\":\"Srpskainfo otkriva ko je uhap\u0161en u akciji \\\"Kameleon\\\" u Banjaluci: Razbojnik iz Prijedora ranije krao po \\\"Delti\\\" - PrijedorDanas.com - Prijedorski gradski portal\",\"isPartOf\":{\"@id\":\"https:\/\/www.prijedordanas.com\/#website\"},\"datePublished\":\"2023-11-30T17:33:32+00:00\",\"dateModified\":\"2023-11-30T17:36:40+00:00\",\"breadcrumb\":{\"@id\":\"https:\/\/www.prijedordanas.com\/?p=215315#breadcrumb\"},\"inLanguage\":\"en-US\",\"potentialAction\":[{\"@type\":\"ReadAction\",\"target\":[\"https:\/\/www.prijedordanas.com\/?p=215315\"]}]},{\"@type\":\"BreadcrumbList\",\"@id\":\"https:\/\/www.prijedordanas.com\/?p=215315#breadcrumb\",\"itemListElement\":[{\"@type\":\"ListItem\",\"position\":1,\"name\":\"Home\",\"item\":\"https:\/\/www.prijedordanas.com\/\"},{\"@type\":\"ListItem\",\"position\":2,\"name\":\"Srpskainfo otkriva ko je uhap\u0161en u akciji &#8220;Kameleon&#8221; u Banjaluci: Razbojnik iz Prijedora ranije krao po &#8220;Delti&#8221;\"}]},{\"@type\":\"WebSite\",\"@id\":\"https:\/\/www.prijedordanas.com\/#website\",\"url\":\"https:\/\/www.prijedordanas.com\/\",\"name\":\"PrijedorDanas.com - Prijedorski gradski portal\",\"description\":\"Portal o doga\u0111anjima u gradu Prijedoru\",\"publisher\":{\"@id\":\"https:\/\/www.prijedordanas.com\/#organization\"},\"potentialAction\":[{\"@type\":\"SearchAction\",\"target\":{\"@type\":\"EntryPoint\",\"urlTemplate\":\"https:\/\/www.prijedordanas.com\/?s={search_term_string}\"},\"query-input\":\"required name=search_term_string\"}],\"inLanguage\":\"en-US\"},{\"@type\":\"Organization\",\"@id\":\"https:\/\/www.prijedordanas.com\/#organization\",\"name\":\"PrijedorDanas.com\",\"url\":\"https:\/\/www.prijedordanas.com\/\",\"logo\":{\"@type\":\"ImageObject\",\"inLanguage\":\"en-US\",\"@id\":\"https:\/\/www.prijedordanas.com\/#\/schema\/logo\/image\/\",\"url\":\"http:\/\/www.prijedordanas.com\/wp-content\/uploads\/2021\/12\/logopng.png\",\"contentUrl\":\"http:\/\/www.prijedordanas.com\/wp-content\/uploads\/2021\/12\/logopng.png\",\"width\":1019,\"height\":776,\"caption\":\"PrijedorDanas.com\"},\"image\":{\"@id\":\"https:\/\/www.prijedordanas.com\/#\/schema\/logo\/image\/\"},\"sameAs\":[\"https:\/\/www.facebook.com\/PrijedorDanasCom\/\"]},{\"@type\":\"Person\",\"@id\":\"https:\/\/www.prijedordanas.com\/#\/schema\/person\/4e08ccf29b506ca916ff86d46bb700e6\",\"name\":\"admin\",\"image\":{\"@type\":\"ImageObject\",\"inLanguage\":\"en-US\",\"@id\":\"https:\/\/www.prijedordanas.com\/#\/schema\/person\/image\/\",\"url\":\"https:\/\/secure.gravatar.com\/avatar\/1d3fc949d550f0b53a5f0d51e06dfd79?s=96&d=mm&r=g\",\"contentUrl\":\"https:\/\/secure.gravatar.com\/avatar\/1d3fc949d550f0b53a5f0d51e06dfd79?s=96&d=mm&r=g\",\"caption\":\"admin\"},\"url\":\"https:\/\/www.prijedordanas.com\/?author=1\"}]}<\/script>\n<!-- \/ Yoast SEO plugin. -->","yoast_head_json":{"title":"Srpskainfo otkriva ko je uhap\u0161en u akciji \"Kameleon\" u Banjaluci: Razbojnik iz Prijedora ranije krao po \"Delti\" - PrijedorDanas.com - Prijedorski gradski portal","robots":{"index":"index","follow":"follow","max-snippet":"max-snippet:-1","max-image-preview":"max-image-preview:large","max-video-preview":"max-video-preview:-1"},"canonical":"https:\/\/www.prijedordanas.com\/?p=215315","og_locale":"en_US","og_type":"article","og_title":"Srpskainfo otkriva ko je uhap\u0161en u akciji \"Kameleon\" u Banjaluci: Razbojnik iz Prijedora ranije krao po \"Delti\" - PrijedorDanas.com - Prijedorski gradski portal","og_description":"Viktor Jovanovi\u0107 (39) uhap\u0161en je u policijskoj akciji &#8220;Kameleon&#8221; zbog razbojni\u0161tva u Banjaluci, saznaje Srpskainfo. Kako nezvani\u010dno saznajemo, on je odranije poznat policiji, ali ne po te\u0161kim krivi\u010dnim djelima. U [&hellip;]","og_url":"https:\/\/www.prijedordanas.com\/?p=215315","og_site_name":"PrijedorDanas.com - Prijedorski gradski portal","article_publisher":"https:\/\/www.facebook.com\/PrijedorDanasCom\/","article_published_time":"2023-11-30T17:33:32+00:00","article_modified_time":"2023-11-30T17:36:40+00:00","og_image":[{"url":"https:\/\/www.prijedordanas.com\/wp-content\/uploads\/2022\/12\/ilustracija-hapsenje-1-300x225.jpg"}],"author":"admin","twitter_card":"summary_large_image","twitter_misc":{"Written by":"admin","Est. reading time":"2 minutes"},"schema":{"@context":"https:\/\/schema.org","@graph":[{"@type":"Article","@id":"https:\/\/www.prijedordanas.com\/?p=215315#article","isPartOf":{"@id":"https:\/\/www.prijedordanas.com\/?p=215315"},"author":{"name":"admin","@id":"https:\/\/www.prijedordanas.com\/#\/schema\/person\/4e08ccf29b506ca916ff86d46bb700e6"},"headline":"Srpskainfo otkriva ko je uhap\u0161en u akciji &#8220;Kameleon&#8221; u Banjaluci: Razbojnik iz Prijedora ranije krao po &#8220;Delti&#8221;","datePublished":"2023-11-30T17:33:32+00:00","dateModified":"2023-11-30T17:36:40+00:00","mainEntityOfPage":{"@id":"https:\/\/www.prijedordanas.com\/?p=215315"},"wordCount":282,"publisher":{"@id":"https:\/\/www.prijedordanas.com\/#organization"},"articleSection":["Hronika"],"inLanguage":"en-US"},{"@type":"WebPage","@id":"https:\/\/www.prijedordanas.com\/?p=215315","url":"https:\/\/www.prijedordanas.com\/?p=215315","name":"Srpskainfo otkriva ko je uhap\u0161en u akciji \"Kameleon\" u Banjaluci: Razbojnik iz Prijedora ranije krao po \"Delti\" - PrijedorDanas.com - Prijedorski gradski portal","isPartOf":{"@id":"https:\/\/www.prijedordanas.com\/#website"},"datePublished":"2023-11-30T17:33:32+00:00","dateModified":"2023-11-30T17:36:40+00:00","breadcrumb":{"@id":"https:\/\/www.prijedordanas.com\/?p=215315#breadcrumb"},"inLanguage":"en-US","potentialAction":[{"@type":"ReadAction","target":["https:\/\/www.prijedordanas.com\/?p=215315"]}]},{"@type":"BreadcrumbList","@id":"https:\/\/www.prijedordanas.com\/?p=215315#breadcrumb","itemListElement":[{"@type":"ListItem","position":1,"name":"Home","item":"https:\/\/www.prijedordanas.com\/"},{"@type":"ListItem","position":2,"name":"Srpskainfo otkriva ko je uhap\u0161en u akciji &#8220;Kameleon&#8221; u Banjaluci: Razbojnik iz Prijedora ranije krao po &#8220;Delti&#8221;"}]},{"@type":"WebSite","@id":"https:\/\/www.prijedordanas.com\/#website","url":"https:\/\/www.prijedordanas.com\/","name":"PrijedorDanas.com - Prijedorski gradski portal","description":"Portal o doga\u0111anjima u gradu Prijedoru","publisher":{"@id":"https:\/\/www.prijedordanas.com\/#organization"},"potentialAction":[{"@type":"SearchAction","target":{"@type":"EntryPoint","urlTemplate":"https:\/\/www.prijedordanas.com\/?s={search_term_string}"},"query-input":"required name=search_term_string"}],"inLanguage":"en-US"},{"@type":"Organization","@id":"https:\/\/www.prijedordanas.com\/#organization","name":"PrijedorDanas.com","url":"https:\/\/www.prijedordanas.com\/","logo":{"@type":"ImageObject","inLanguage":"en-US","@id":"https:\/\/www.prijedordanas.com\/#\/schema\/logo\/image\/","url":"http:\/\/www.prijedordanas.com\/wp-content\/uploads\/2021\/12\/logopng.png","contentUrl":"http:\/\/www.prijedordanas.com\/wp-content\/uploads\/2021\/12\/logopng.png","width":1019,"height":776,"caption":"PrijedorDanas.com"},"image":{"@id":"https:\/\/www.prijedordanas.com\/#\/schema\/logo\/image\/"},"sameAs":["https:\/\/www.facebook.com\/PrijedorDanasCom\/"]},{"@type":"Person","@id":"https:\/\/www.prijedordanas.com\/#\/schema\/person\/4e08ccf29b506ca916ff86d46bb700e6","name":"admin","image":{"@type":"ImageObject","inLanguage":"en-US","@id":"https:\/\/www.prijedordanas.com\/#\/schema\/person\/image\/","url":"https:\/\/secure.gravatar.com\/avatar\/1d3fc949d550f0b53a5f0d51e06dfd79?s=96&d=mm&r=g","contentUrl":"https:\/\/secure.gravatar.com\/avatar\/1d3fc949d550f0b53a5f0d51e06dfd79?s=96&d=mm&r=g","caption":"admin"},"url":"https:\/\/www.prijedordanas.com\/?author=1"}]}},"_links":{"self":[{"href":"https:\/\/www.prijedordanas.com\/index.php?rest_route=\/wp\/v2\/posts\/215315"}],"collection":[{"href":"https:\/\/www.prijedordanas.com\/index.php?rest_route=\/wp\/v2\/posts"}],"about":[{"href":"https:\/\/www.prijedordanas.com\/index.php?rest_route=\/wp\/v2\/types\/post"}],"author":[{"embeddable":true,"href":"https:\/\/www.prijedordanas.com\/index.php?rest_route=\/wp\/v2\/users\/1"}],"replies":[{"embeddable":true,"href":"https:\/\/www.prijedordanas.com\/index.php?rest_route=%2Fwp%2Fv2%2Fcomments&post=215315"}],"version-history":[{"count":2,"href":"https:\/\/www.prijedordanas.com\/index.php?rest_route=\/wp\/v2\/posts\/215315\/revisions"}],"predecessor-version":[{"id":215320,"href":"https:\/\/www.prijedordanas.com\/index.php?rest_route=\/wp\/v2\/posts\/215315\/revisions\/215320"}],"wp:attachment":[{"href":"https:\/\/www.prijedordanas.com\/index.php?rest_route=%2Fwp%2Fv2%2Fmedia&parent=215315"}],"wp:term":[{"taxonomy":"category","embeddable":true,"href":"https:\/\/www.prijedordanas.com\/index.php?rest_route=%2Fwp%2Fv2%2Fcategories&post=215315"},{"taxonomy":"post_tag","embeddable":true,"href":"https:\/\/www.prijedordanas.com\/index.php?rest_route=%2Fwp%2Fv2%2Ftags&post=215315"}],"curies":[{"name":"wp","href":"https:\/\/api.w.org\/{rel}","templated":true}]}}