{"id":215224,"date":"2023-11-29T11:07:37","date_gmt":"2023-11-29T10:07:37","guid":{"rendered":"https:\/\/www.prijedordanas.com\/?p=215224"},"modified":"2023-11-29T11:07:37","modified_gmt":"2023-11-29T10:07:37","slug":"prijedor-otac-i-sin-optuzeni-da-su-tukli-goste-u-kafani-i-razbili-inventar","status":"publish","type":"post","link":"https:\/\/www.prijedordanas.com\/?p=215224","title":{"rendered":"Prijedor: Otac i sin optu\u017eeni da su tukli goste u kafani i razbili inventar"},"content":{"rendered":"<p><a href=\"https:\/\/www.prijedordanas.com\/wp-content\/uploads\/2022\/12\/nezavisne-ilustracija-tuca.jpg\"><img loading=\"lazy\" decoding=\"async\" src=\"https:\/\/www.prijedordanas.com\/wp-content\/uploads\/2022\/12\/nezavisne-ilustracija-tuca-300x225.jpg\" alt=\"\" width=\"300\" height=\"225\" class=\"alignleft size-medium wp-image-196236\" srcset=\"https:\/\/www.prijedordanas.com\/wp-content\/uploads\/2022\/12\/nezavisne-ilustracija-tuca-300x225.jpg 300w, https:\/\/www.prijedordanas.com\/wp-content\/uploads\/2022\/12\/nezavisne-ilustracija-tuca-640x480.jpg 640w, https:\/\/www.prijedordanas.com\/wp-content\/uploads\/2022\/12\/nezavisne-ilustracija-tuca.jpg 667w\" sizes=\"(max-width: 300px) 100vw, 300px\" \/><\/a>Osnovni sud u Prijedoru potvrdio je optu\u017enicu Okru\u017enog javnog tu\u017eila\u0161tva u Prijedoru protiv oca \u017d.L. i sina N.L., koji su osumnji\u010deni da su 31. decembra 2019. godine do\u0161li u kafanu u ovom gradu, te tukli goste i razbili inventar.<\/p>\n<p>Kako pi\u0161e u optu\u017enici OJT u Prijedoru, oni su grubim vrije\u0111anjem, zlostavljanjem drugog, vr\u0161enjem nasilja, izazivanjem tu\u010de i na drugi na\u010din zna\u010dajnije ugrozili spokojstvo gra\u0111ana i te\u017ee remetili javni red i mir.<\/p>\n<p>&#8220;To su u\u010dinili tako \u0161to je \u017d.L. do\u0161ao u alkoholisanom stanju u ugostiteljski objekat koji se nalazi u u\u017eem centru Prijedora, i odmah po ulasku po\u010deo govoriti kako je on glavni i da \u0107e biti kako on ka\u017ee, unosio se u lice prisutnim gostima i galamio u unutra\u0161njosti lokala, te je u jednom trenutku naslonio svoju ruku na o\u0161te\u0107enu I.B., koja je stajala za \u0161ankom, nakon \u010dega mu je o\u0161te\u0107ena rekla da skloni ruku sa nje, na \u0161ta je on po\u010deo da povi\u0161enim tonom grubo vrije\u0111a o\u0161te\u0107enu, pa je zbog toga o\u0161te\u0107eni A.T., koji je sjedio za stolom, pozvao o\u0161te\u0107enu I.B. da sjedne kod njega za sto kako bi izbjegla probleme sa \u017d.L., da bi se on povi\u0161enim tonom obratio o\u0161te\u0107enom A.T. rije\u010dima: &#8216;\u0160ta je? Jesi li ti njen neki za\u0161titnik?&#8217;, a potom je pri\u0161ao A.T. i zadao mu jedan udarac otvorenom rukom u predjelu lica, usljed \u010dega je o\u0161te\u0107eni A.T. pao sa stolice na tlo&#8221;, pi\u0161e u optu\u017enici.<\/p>\n<p>Dalje pi\u0161e da je nakon toga \u017d.L. oti\u0161ao po svog sina N.L., sa kojim se ubrzo vratio ispred navedenog ugostiteljskog objekta, pa su obojica grubo vrije\u0111ali o\u0161te\u0107enu D.A., koju su zatekli ispred objekta, te joj zadali nekoliko udaraca u predjelu glave i tijela.<\/p>\n<p>&#8220;Nakon toga je do\u0161ao i o\u0161te\u0107eni A.H., koji je poku\u0161ao da za\u0161titi o\u0161te\u0107enu D.A., nakon \u010dega su \u017d.L. i N.L. i njega fizi\u010dki napali, te mu zadali vi\u0161e udaraca rukama i nogama po glavi i tijelu, usljed \u010dega je o\u0161te\u0107eni A.H. pao na tlo, a nakon \u0161to se pridigao, i u poku\u0161aju da se odbrani od daljeg napada \u017d.L., fla\u0161om ga je udario u predjelu lica, nakon \u010dega je N.L. udarcima nogom razbio jedan stakleni izlog na ugostiteljskom objektu, a zatim uzeo ugostiteljski sto koji se nalazio u ba\u0161ti objekta i njime razbio i drugi izlog ugostiteljskog objekta, dok je u me\u0111uvremenu \u017d.L. ponovo u\u0161ao u unutra\u0161njost objekta, gdje je ponovo fizi\u010dki dva puta napao o\u0161te\u0107enu D.A. tako \u0161to joj je zadao vi\u0161e udaraca u glavu i \u010dupao je za kosu, sve dok ga ostali gosti nisu uspjeli odvojiti od nje&#8221;, navodi se u optu\u017enici Okru\u017enog javnog tu\u017eila\u0161tva u Prijedoru.<\/p>\n<p><a href=\"https:\/\/www.nezavisne.com\/novosti\/hronika\/Otac-i-sin-optuzeni-da-su-tukli-goste-u-kafani-i-razbili-inventar\/802378\" rel=\"noopener\" target=\"_blank\">nezavisne.com<\/a><br \/>\nfoto &#8211; ilustracija<\/p>\n","protected":false},"excerpt":{"rendered":"<p>Osnovni sud u Prijedoru potvrdio je optu\u017enicu Okru\u017enog javnog tu\u017eila\u0161tva u Prijedoru protiv oca \u017d.L. i sina N.L., koji su osumnji\u010deni da su 31. decembra 2019. godine do\u0161li u kafanu [&hellip;]<\/p>\n","protected":false},"author":1,"featured_media":0,"comment_status":"closed","ping_status":"open","sticky":false,"template":"","format":"standard","meta":{"_monsterinsights_skip_tracking":false,"_monsterinsights_sitenote_active":false,"_monsterinsights_sitenote_note":"","_monsterinsights_sitenote_category":0,"footnotes":""},"categories":[5],"tags":[],"yoast_head":"<!-- This site is optimized with the Yoast SEO plugin v21.6 - https:\/\/yoast.com\/wordpress\/plugins\/seo\/ -->\n<title>Prijedor: Otac i sin optu\u017eeni da su tukli goste u kafani i razbili inventar - PrijedorDanas.com - Prijedorski gradski portal<\/title>\n<meta name=\"robots\" content=\"index, follow, max-snippet:-1, max-image-preview:large, max-video-preview:-1\" \/>\n<link rel=\"canonical\" href=\"https:\/\/www.prijedordanas.com\/?p=215224\" \/>\n<meta property=\"og:locale\" content=\"en_US\" \/>\n<meta property=\"og:type\" content=\"article\" \/>\n<meta property=\"og:title\" content=\"Prijedor: Otac i sin optu\u017eeni da su tukli goste u kafani i razbili inventar - PrijedorDanas.com - Prijedorski gradski portal\" \/>\n<meta property=\"og:description\" content=\"Osnovni sud u Prijedoru potvrdio je optu\u017enicu Okru\u017enog javnog tu\u017eila\u0161tva u Prijedoru protiv oca \u017d.L. i sina N.L., koji su osumnji\u010deni da su 31. decembra 2019. godine do\u0161li u kafanu [&hellip;]\" \/>\n<meta property=\"og:url\" content=\"https:\/\/www.prijedordanas.com\/?p=215224\" \/>\n<meta property=\"og:site_name\" content=\"PrijedorDanas.com - Prijedorski gradski portal\" \/>\n<meta property=\"article:publisher\" content=\"https:\/\/www.facebook.com\/PrijedorDanasCom\/\" \/>\n<meta property=\"article:published_time\" content=\"2023-11-29T10:07:37+00:00\" \/>\n<meta property=\"og:image\" content=\"https:\/\/www.prijedordanas.com\/wp-content\/uploads\/2022\/12\/nezavisne-ilustracija-tuca-300x225.jpg\" \/>\n<meta name=\"author\" content=\"admin\" \/>\n<meta name=\"twitter:card\" content=\"summary_large_image\" \/>\n<meta name=\"twitter:label1\" content=\"Written by\" \/>\n\t<meta name=\"twitter:data1\" content=\"admin\" \/>\n<script type=\"application\/ld+json\" class=\"yoast-schema-graph\">{\"@context\":\"https:\/\/schema.org\",\"@graph\":[{\"@type\":\"Article\",\"@id\":\"https:\/\/www.prijedordanas.com\/?p=215224#article\",\"isPartOf\":{\"@id\":\"https:\/\/www.prijedordanas.com\/?p=215224\"},\"author\":{\"name\":\"admin\",\"@id\":\"https:\/\/www.prijedordanas.com\/#\/schema\/person\/4e08ccf29b506ca916ff86d46bb700e6\"},\"headline\":\"Prijedor: Otac i sin optu\u017eeni da su tukli goste u kafani i razbili inventar\",\"datePublished\":\"2023-11-29T10:07:37+00:00\",\"dateModified\":\"2023-11-29T10:07:37+00:00\",\"mainEntityOfPage\":{\"@id\":\"https:\/\/www.prijedordanas.com\/?p=215224\"},\"wordCount\":532,\"publisher\":{\"@id\":\"https:\/\/www.prijedordanas.com\/#organization\"},\"articleSection\":[\"Hronika\"],\"inLanguage\":\"en-US\"},{\"@type\":\"WebPage\",\"@id\":\"https:\/\/www.prijedordanas.com\/?p=215224\",\"url\":\"https:\/\/www.prijedordanas.com\/?p=215224\",\"name\":\"Prijedor: Otac i sin optu\u017eeni da su tukli goste u kafani i razbili inventar - PrijedorDanas.com - Prijedorski gradski portal\",\"isPartOf\":{\"@id\":\"https:\/\/www.prijedordanas.com\/#website\"},\"datePublished\":\"2023-11-29T10:07:37+00:00\",\"dateModified\":\"2023-11-29T10:07:37+00:00\",\"breadcrumb\":{\"@id\":\"https:\/\/www.prijedordanas.com\/?p=215224#breadcrumb\"},\"inLanguage\":\"en-US\",\"potentialAction\":[{\"@type\":\"ReadAction\",\"target\":[\"https:\/\/www.prijedordanas.com\/?p=215224\"]}]},{\"@type\":\"BreadcrumbList\",\"@id\":\"https:\/\/www.prijedordanas.com\/?p=215224#breadcrumb\",\"itemListElement\":[{\"@type\":\"ListItem\",\"position\":1,\"name\":\"Home\",\"item\":\"https:\/\/www.prijedordanas.com\/\"},{\"@type\":\"ListItem\",\"position\":2,\"name\":\"Prijedor: Otac i sin optu\u017eeni da su tukli goste u kafani i razbili inventar\"}]},{\"@type\":\"WebSite\",\"@id\":\"https:\/\/www.prijedordanas.com\/#website\",\"url\":\"https:\/\/www.prijedordanas.com\/\",\"name\":\"PrijedorDanas.com - Prijedorski gradski portal\",\"description\":\"Portal o doga\u0111anjima u gradu Prijedoru\",\"publisher\":{\"@id\":\"https:\/\/www.prijedordanas.com\/#organization\"},\"potentialAction\":[{\"@type\":\"SearchAction\",\"target\":{\"@type\":\"EntryPoint\",\"urlTemplate\":\"https:\/\/www.prijedordanas.com\/?s={search_term_string}\"},\"query-input\":\"required name=search_term_string\"}],\"inLanguage\":\"en-US\"},{\"@type\":\"Organization\",\"@id\":\"https:\/\/www.prijedordanas.com\/#organization\",\"name\":\"PrijedorDanas.com\",\"url\":\"https:\/\/www.prijedordanas.com\/\",\"logo\":{\"@type\":\"ImageObject\",\"inLanguage\":\"en-US\",\"@id\":\"https:\/\/www.prijedordanas.com\/#\/schema\/logo\/image\/\",\"url\":\"http:\/\/www.prijedordanas.com\/wp-content\/uploads\/2021\/12\/logopng.png\",\"contentUrl\":\"http:\/\/www.prijedordanas.com\/wp-content\/uploads\/2021\/12\/logopng.png\",\"width\":1019,\"height\":776,\"caption\":\"PrijedorDanas.com\"},\"image\":{\"@id\":\"https:\/\/www.prijedordanas.com\/#\/schema\/logo\/image\/\"},\"sameAs\":[\"https:\/\/www.facebook.com\/PrijedorDanasCom\/\"]},{\"@type\":\"Person\",\"@id\":\"https:\/\/www.prijedordanas.com\/#\/schema\/person\/4e08ccf29b506ca916ff86d46bb700e6\",\"name\":\"admin\",\"image\":{\"@type\":\"ImageObject\",\"inLanguage\":\"en-US\",\"@id\":\"https:\/\/www.prijedordanas.com\/#\/schema\/person\/image\/\",\"url\":\"https:\/\/secure.gravatar.com\/avatar\/1d3fc949d550f0b53a5f0d51e06dfd79?s=96&d=mm&r=g\",\"contentUrl\":\"https:\/\/secure.gravatar.com\/avatar\/1d3fc949d550f0b53a5f0d51e06dfd79?s=96&d=mm&r=g\",\"caption\":\"admin\"},\"url\":\"https:\/\/www.prijedordanas.com\/?author=1\"}]}<\/script>\n<!-- \/ Yoast SEO plugin. -->","yoast_head_json":{"title":"Prijedor: Otac i sin optu\u017eeni da su tukli goste u kafani i razbili inventar - PrijedorDanas.com - Prijedorski gradski portal","robots":{"index":"index","follow":"follow","max-snippet":"max-snippet:-1","max-image-preview":"max-image-preview:large","max-video-preview":"max-video-preview:-1"},"canonical":"https:\/\/www.prijedordanas.com\/?p=215224","og_locale":"en_US","og_type":"article","og_title":"Prijedor: Otac i sin optu\u017eeni da su tukli goste u kafani i razbili inventar - PrijedorDanas.com - Prijedorski gradski portal","og_description":"Osnovni sud u Prijedoru potvrdio je optu\u017enicu Okru\u017enog javnog tu\u017eila\u0161tva u Prijedoru protiv oca \u017d.L. i sina N.L., koji su osumnji\u010deni da su 31. decembra 2019. godine do\u0161li u kafanu [&hellip;]","og_url":"https:\/\/www.prijedordanas.com\/?p=215224","og_site_name":"PrijedorDanas.com - Prijedorski gradski portal","article_publisher":"https:\/\/www.facebook.com\/PrijedorDanasCom\/","article_published_time":"2023-11-29T10:07:37+00:00","og_image":[{"url":"https:\/\/www.prijedordanas.com\/wp-content\/uploads\/2022\/12\/nezavisne-ilustracija-tuca-300x225.jpg"}],"author":"admin","twitter_card":"summary_large_image","twitter_misc":{"Written by":"admin"},"schema":{"@context":"https:\/\/schema.org","@graph":[{"@type":"Article","@id":"https:\/\/www.prijedordanas.com\/?p=215224#article","isPartOf":{"@id":"https:\/\/www.prijedordanas.com\/?p=215224"},"author":{"name":"admin","@id":"https:\/\/www.prijedordanas.com\/#\/schema\/person\/4e08ccf29b506ca916ff86d46bb700e6"},"headline":"Prijedor: Otac i sin optu\u017eeni da su tukli goste u kafani i razbili inventar","datePublished":"2023-11-29T10:07:37+00:00","dateModified":"2023-11-29T10:07:37+00:00","mainEntityOfPage":{"@id":"https:\/\/www.prijedordanas.com\/?p=215224"},"wordCount":532,"publisher":{"@id":"https:\/\/www.prijedordanas.com\/#organization"},"articleSection":["Hronika"],"inLanguage":"en-US"},{"@type":"WebPage","@id":"https:\/\/www.prijedordanas.com\/?p=215224","url":"https:\/\/www.prijedordanas.com\/?p=215224","name":"Prijedor: Otac i sin optu\u017eeni da su tukli goste u kafani i razbili inventar - PrijedorDanas.com - Prijedorski gradski portal","isPartOf":{"@id":"https:\/\/www.prijedordanas.com\/#website"},"datePublished":"2023-11-29T10:07:37+00:00","dateModified":"2023-11-29T10:07:37+00:00","breadcrumb":{"@id":"https:\/\/www.prijedordanas.com\/?p=215224#breadcrumb"},"inLanguage":"en-US","potentialAction":[{"@type":"ReadAction","target":["https:\/\/www.prijedordanas.com\/?p=215224"]}]},{"@type":"BreadcrumbList","@id":"https:\/\/www.prijedordanas.com\/?p=215224#breadcrumb","itemListElement":[{"@type":"ListItem","position":1,"name":"Home","item":"https:\/\/www.prijedordanas.com\/"},{"@type":"ListItem","position":2,"name":"Prijedor: Otac i sin optu\u017eeni da su tukli goste u kafani i razbili inventar"}]},{"@type":"WebSite","@id":"https:\/\/www.prijedordanas.com\/#website","url":"https:\/\/www.prijedordanas.com\/","name":"PrijedorDanas.com - Prijedorski gradski portal","description":"Portal o doga\u0111anjima u gradu Prijedoru","publisher":{"@id":"https:\/\/www.prijedordanas.com\/#organization"},"potentialAction":[{"@type":"SearchAction","target":{"@type":"EntryPoint","urlTemplate":"https:\/\/www.prijedordanas.com\/?s={search_term_string}"},"query-input":"required name=search_term_string"}],"inLanguage":"en-US"},{"@type":"Organization","@id":"https:\/\/www.prijedordanas.com\/#organization","name":"PrijedorDanas.com","url":"https:\/\/www.prijedordanas.com\/","logo":{"@type":"ImageObject","inLanguage":"en-US","@id":"https:\/\/www.prijedordanas.com\/#\/schema\/logo\/image\/","url":"http:\/\/www.prijedordanas.com\/wp-content\/uploads\/2021\/12\/logopng.png","contentUrl":"http:\/\/www.prijedordanas.com\/wp-content\/uploads\/2021\/12\/logopng.png","width":1019,"height":776,"caption":"PrijedorDanas.com"},"image":{"@id":"https:\/\/www.prijedordanas.com\/#\/schema\/logo\/image\/"},"sameAs":["https:\/\/www.facebook.com\/PrijedorDanasCom\/"]},{"@type":"Person","@id":"https:\/\/www.prijedordanas.com\/#\/schema\/person\/4e08ccf29b506ca916ff86d46bb700e6","name":"admin","image":{"@type":"ImageObject","inLanguage":"en-US","@id":"https:\/\/www.prijedordanas.com\/#\/schema\/person\/image\/","url":"https:\/\/secure.gravatar.com\/avatar\/1d3fc949d550f0b53a5f0d51e06dfd79?s=96&d=mm&r=g","contentUrl":"https:\/\/secure.gravatar.com\/avatar\/1d3fc949d550f0b53a5f0d51e06dfd79?s=96&d=mm&r=g","caption":"admin"},"url":"https:\/\/www.prijedordanas.com\/?author=1"}]}},"_links":{"self":[{"href":"https:\/\/www.prijedordanas.com\/index.php?rest_route=\/wp\/v2\/posts\/215224"}],"collection":[{"href":"https:\/\/www.prijedordanas.com\/index.php?rest_route=\/wp\/v2\/posts"}],"about":[{"href":"https:\/\/www.prijedordanas.com\/index.php?rest_route=\/wp\/v2\/types\/post"}],"author":[{"embeddable":true,"href":"https:\/\/www.prijedordanas.com\/index.php?rest_route=\/wp\/v2\/users\/1"}],"replies":[{"embeddable":true,"href":"https:\/\/www.prijedordanas.com\/index.php?rest_route=%2Fwp%2Fv2%2Fcomments&post=215224"}],"version-history":[{"count":1,"href":"https:\/\/www.prijedordanas.com\/index.php?rest_route=\/wp\/v2\/posts\/215224\/revisions"}],"predecessor-version":[{"id":215225,"href":"https:\/\/www.prijedordanas.com\/index.php?rest_route=\/wp\/v2\/posts\/215224\/revisions\/215225"}],"wp:attachment":[{"href":"https:\/\/www.prijedordanas.com\/index.php?rest_route=%2Fwp%2Fv2%2Fmedia&parent=215224"}],"wp:term":[{"taxonomy":"category","embeddable":true,"href":"https:\/\/www.prijedordanas.com\/index.php?rest_route=%2Fwp%2Fv2%2Fcategories&post=215224"},{"taxonomy":"post_tag","embeddable":true,"href":"https:\/\/www.prijedordanas.com\/index.php?rest_route=%2Fwp%2Fv2%2Ftags&post=215224"}],"curies":[{"name":"wp","href":"https:\/\/api.w.org\/{rel}","templated":true}]}}