{"id":215184,"date":"2023-11-28T17:04:30","date_gmt":"2023-11-28T16:04:30","guid":{"rendered":"https:\/\/www.prijedordanas.com\/?p=215184"},"modified":"2023-11-28T17:04:30","modified_gmt":"2023-11-28T16:04:30","slug":"racuni-prijedorske-toplane-su-isti-razlika-je-u-ratama-miletic-odgovorio-onima-sto-negoduju-video","status":"publish","type":"post","link":"https:\/\/www.prijedordanas.com\/?p=215184","title":{"rendered":"Ra\u010duni prijedorske &#8220;Toplane&#8221; su isti, razlika je u ratama: Mileti\u0107 odgovorio onima \u0161to negoduju &#8211; VIDEO"},"content":{"rendered":"<p><a href=\"https:\/\/www.prijedordanas.com\/wp-content\/uploads\/2023\/11\/kozarski-miletic-toplana.jpg\"><img loading=\"lazy\" decoding=\"async\" class=\"alignleft size-medium wp-image-215186\" src=\"https:\/\/www.prijedordanas.com\/wp-content\/uploads\/2023\/11\/kozarski-miletic-toplana-300x225.jpg\" alt=\"\" width=\"300\" height=\"225\" srcset=\"https:\/\/www.prijedordanas.com\/wp-content\/uploads\/2023\/11\/kozarski-miletic-toplana-300x225.jpg 300w, https:\/\/www.prijedordanas.com\/wp-content\/uploads\/2023\/11\/kozarski-miletic-toplana-640x480.jpg 640w, https:\/\/www.prijedordanas.com\/wp-content\/uploads\/2023\/11\/kozarski-miletic-toplana.jpg 667w\" sizes=\"(max-width: 300px) 100vw, 300px\" \/><\/a>Nije ta\u010dno da \u201eToplana\u201c retroaktivno napla\u0107uje usluge grijanja, jer \u0107e ra\u010dune za aktuelnu grejnu sezonu potro\u0161a\u010di koji grijanje pla\u0107aju 12 mjeseci platiti u jednakom iznosu kao i potro\u0161a\u010di koji pla\u0107aju grijanje tokom \u0161est mjeseci. Ovo je za Kozarski vjesnik izjavio vr\u0161ilac du\u017enosti direktora prijedorske \u201eToplane\u201c Du\u0161ko Mileti\u0107. On smatra da potro\u0161a\u010di nisu dovoljno informisani. Podsjetio je da je Nadzorni odbor \u201eToplane\u201c 2006. godine odlu\u010dio da kao pogodnost za korisnike omogu\u0107i pla\u0107anje ra\u010duna tokom 12 mjeseci i da je to obra\u010dunski period od 01. avgusta teku\u0107e do 31. jula naredne godine.<\/p>\n<p>\u201eSada kada smo pove\u0107ali cijenu grijanja trebali smo sve korisnike koji su na 12 mjeseci da zadu\u017eimo na \u0161est mjeseci da bi oni platili uredno taj ra\u010dun, ali po\u0161to su ve\u0107 obra\u010dunati ra\u010duni poslati korisnicima, uve\u0107ana je samo razlika za ta dva mjeseca. U ovoj godini imamo dva i po mjeseca grejne sezone, a mi smo dali na\u0161im korisnicima da oni plate ta dva i po mjeseca u pet rata i tada nastaje da je obra\u010dunski period od 01.08. do 31.12. i zato je do\u0161lo do te razlike i nije ta\u010dno \u0161to iz \u2018Dona\u2019 ka\u017eu da mi ne\u0161to retroaktivno napla\u0107ujemo\u201c, isti\u010de Mileti\u0107.<\/p>\n<p>On podsje\u0107a da je u decembru 2011. godine uve\u0107ana cijena grijanja i da je na tada\u0161njim ra\u010dunima, kao i ove godine, iskazana razlika od avgusta ili oktobra, u zavisnosti od na\u010dina pla\u0107anja.<\/p>\n<p><a href=\"https:\/\/www.prijedordanas.com\/wp-content\/uploads\/2023\/11\/kozarski-toplana-prijedor.jpg\"><img loading=\"lazy\" decoding=\"async\" class=\"alignleft size-medium wp-image-215187\" src=\"https:\/\/www.prijedordanas.com\/wp-content\/uploads\/2023\/11\/kozarski-toplana-prijedor-300x225.jpg\" alt=\"\" width=\"300\" height=\"225\" srcset=\"https:\/\/www.prijedordanas.com\/wp-content\/uploads\/2023\/11\/kozarski-toplana-prijedor-300x225.jpg 300w, https:\/\/www.prijedordanas.com\/wp-content\/uploads\/2023\/11\/kozarski-toplana-prijedor-640x480.jpg 640w, https:\/\/www.prijedordanas.com\/wp-content\/uploads\/2023\/11\/kozarski-toplana-prijedor.jpg 667w\" sizes=\"(max-width: 300px) 100vw, 300px\" \/><\/a>\u201eMi napla\u0107ujemo grejnu sezonu koja traje \u0161est mjeseci. Samo smo omogu\u0107ili na\u0161im korisnicima da to plate u vi\u0161e rata, odnosno u 12. Kada izra\u010dunamo korisnike koji pla\u0107aju \u0161est mjeseci i one koji pla\u0107aju 12 mjeseci do\u0111emo do toga da jednako plate svoj ra\u010dun. Moram da naglasim da je ta razlika, zbog koje gra\u0111ani negoduju, u prosjeku 21 KM. Na\u0161i gra\u0111ani moraju da znaju da iako grejna sezona traje \u0161est mjeseci, ovo preduze\u0107e, naravno uz saglasnost gradona\u010delnika i GU uvijek produ\u017ei grejnu sezonu i ona traje mjesec dana vi\u0161e. Niko se tada ne buni i niko ne\u0107e da bude realan i ka\u017ee \u2018hvala Gradskom preduze\u0107u, hvala Gradskoj upravi \u0161to i poslije 15. aprila griju, stvaraju dodatne tro\u0161kove i ne\u0107e da dozvole da gra\u0111ani budu u hladnim stanovima i sa hladnim radijatorima\u2019. Da ponovim, nipo\u0161to nije ne\u0161to retroaktivno napla\u0107eno, ve\u0107 imamo obra\u010dunski period od prvog osmog za korisnike koji pla\u0107aju ra\u010dune 12 mjeseci\u201c, isti\u010de Mileti\u0107.<\/p>\n<p>On je naveo da \u0107e komisija u kojoj su pored predstavnika preduze\u0107a i predstavnici Udru\u017eenja za za\u0161titu potro\u0161a\u010da \u201eDon\u201c imati sastanak nakon kojeg \u0107e dobiti i pisani odgovor potro\u0161a\u010di koji su ulo\u017eili prigovore.<\/p>\n<p>\u201e&#8217;Don\u2019 je napravio viber grupe, obilazili su stanove, sazivali ljude da se \u0161to vi\u0161e \u017eale na taj obra\u010dunski period. Mi imamo oko 130 korisnika koji su ulo\u017eili prigovore na te ra\u010dune, ali moram da ka\u017eem da su i ti ljudi koji su i\u0161li u \u2018Don\u2019 uredno platili ra\u010dune pa donijeli nama prigovore, ali oni nagovaraju na\u0161e korisnike da ne pla\u0107aju to, da ula\u017eu prigovore da se \u017eale na taj obra\u010dunski period\u201c, tvrdi Mileti\u0107.<\/p>\n<p>Podsjetio je da je \u201eToplana\u201c jedino preduze\u0107e koje svojim korisnicioma daje popust od pet odsto za redovno pla\u0107anje ra\u010duna.<\/p>\n<p>\u201eJedino \u2018Toplana\u2019 daje popust od pet odsto za one koji plate ra\u010dune do 25. u mjesecu. Ko to jo\u0161 radi? Dajemo i 10 odsto popusta za avansno pla\u0107anje. Moram podsjetiti one potro\u0161a\u010de koji ne plate razliku za avgust i septembar da \u0107e izgubiti pravo na popust od pet odsto\u201c, naveo je Mileti\u0107.<\/p>\n<p>Dodaje da potro\u0161a\u010di imaju pravo na tu\u017ebu, ali da ona ko\u0161ta 100 KM, dok je razlika na ra\u010dunu zbog koje negoduju oko 20 KM.<\/p>\n<p>Zaklju\u010duje da o\u010dekuje uspje\u0161nu sezonu grijanja za oko 3.500 korisnika. Ugovori sa dobavlja\u010dima su potpisani i na lageru je oko 20.000 tona biomase.<\/p>\n<p><strong><a href=\"https:\/\/kozarski.com\/racuni-su-isti-razlika-je-u-ratama-miletic-odgovorio-onima-sto-negoduju\/\" target=\"_blank\" rel=\"noopener\">kozarski.com<\/a><\/strong><\/p>\n<p><iframe loading=\"lazy\" title=\"RA\u010cUNI SU ISTI, RAZLIKA JE U RATAMA, Mileti\u0107 odgovorio onima \u0161to negoduju\" width=\"500\" height=\"281\" src=\"https:\/\/www.youtube.com\/embed\/7hzrhQNPGtM?feature=oembed\" frameborder=\"0\" allow=\"accelerometer; autoplay; clipboard-write; encrypted-media; gyroscope; picture-in-picture; web-share\" allowfullscreen><\/iframe><\/p>\n","protected":false},"excerpt":{"rendered":"<p>Nije ta\u010dno da \u201eToplana\u201c retroaktivno napla\u0107uje usluge grijanja, jer \u0107e ra\u010dune za aktuelnu grejnu sezonu potro\u0161a\u010di koji grijanje pla\u0107aju 12 mjeseci platiti u jednakom iznosu kao i potro\u0161a\u010di koji pla\u0107aju [&hellip;]<\/p>\n","protected":false},"author":1,"featured_media":0,"comment_status":"closed","ping_status":"open","sticky":false,"template":"","format":"standard","meta":{"_monsterinsights_skip_tracking":false,"_monsterinsights_sitenote_active":false,"_monsterinsights_sitenote_note":"","_monsterinsights_sitenote_category":0,"footnotes":""},"categories":[4],"tags":[],"yoast_head":"<!-- This site is optimized with the Yoast SEO plugin v21.6 - https:\/\/yoast.com\/wordpress\/plugins\/seo\/ -->\n<title>Ra\u010duni prijedorske &quot;Toplane&quot; su isti, razlika je u ratama: Mileti\u0107 odgovorio onima \u0161to negoduju - VIDEO - PrijedorDanas.com - Prijedorski gradski portal<\/title>\n<meta name=\"robots\" content=\"index, follow, max-snippet:-1, max-image-preview:large, max-video-preview:-1\" \/>\n<link rel=\"canonical\" href=\"https:\/\/www.prijedordanas.com\/?p=215184\" \/>\n<meta property=\"og:locale\" content=\"en_US\" \/>\n<meta property=\"og:type\" content=\"article\" \/>\n<meta property=\"og:title\" content=\"Ra\u010duni prijedorske &quot;Toplane&quot; su isti, razlika je u ratama: Mileti\u0107 odgovorio onima \u0161to negoduju - VIDEO - PrijedorDanas.com - Prijedorski gradski portal\" \/>\n<meta property=\"og:description\" content=\"Nije ta\u010dno da \u201eToplana\u201c retroaktivno napla\u0107uje usluge grijanja, jer \u0107e ra\u010dune za aktuelnu grejnu sezonu potro\u0161a\u010di koji grijanje pla\u0107aju 12 mjeseci platiti u jednakom iznosu kao i potro\u0161a\u010di koji pla\u0107aju [&hellip;]\" \/>\n<meta property=\"og:url\" content=\"https:\/\/www.prijedordanas.com\/?p=215184\" \/>\n<meta property=\"og:site_name\" content=\"PrijedorDanas.com - Prijedorski gradski portal\" \/>\n<meta property=\"article:publisher\" content=\"https:\/\/www.facebook.com\/PrijedorDanasCom\/\" \/>\n<meta property=\"article:published_time\" content=\"2023-11-28T16:04:30+00:00\" \/>\n<meta property=\"og:image\" content=\"https:\/\/www.prijedordanas.com\/wp-content\/uploads\/2023\/11\/kozarski-miletic-toplana-300x225.jpg\" \/>\n<meta name=\"author\" content=\"admin\" \/>\n<meta name=\"twitter:card\" content=\"summary_large_image\" \/>\n<meta name=\"twitter:label1\" content=\"Written by\" \/>\n\t<meta name=\"twitter:data1\" content=\"admin\" \/>\n\t<meta name=\"twitter:label2\" content=\"Est. reading time\" \/>\n\t<meta name=\"twitter:data2\" content=\"4 minutes\" \/>\n<script type=\"application\/ld+json\" class=\"yoast-schema-graph\">{\"@context\":\"https:\/\/schema.org\",\"@graph\":[{\"@type\":\"Article\",\"@id\":\"https:\/\/www.prijedordanas.com\/?p=215184#article\",\"isPartOf\":{\"@id\":\"https:\/\/www.prijedordanas.com\/?p=215184\"},\"author\":{\"name\":\"admin\",\"@id\":\"https:\/\/www.prijedordanas.com\/#\/schema\/person\/4e08ccf29b506ca916ff86d46bb700e6\"},\"headline\":\"Ra\u010duni prijedorske &#8220;Toplane&#8221; su isti, razlika je u ratama: Mileti\u0107 odgovorio onima \u0161to negoduju &#8211; VIDEO\",\"datePublished\":\"2023-11-28T16:04:30+00:00\",\"dateModified\":\"2023-11-28T16:04:30+00:00\",\"mainEntityOfPage\":{\"@id\":\"https:\/\/www.prijedordanas.com\/?p=215184\"},\"wordCount\":712,\"publisher\":{\"@id\":\"https:\/\/www.prijedordanas.com\/#organization\"},\"articleSection\":[\"Dru\u0161tvo\"],\"inLanguage\":\"en-US\"},{\"@type\":\"WebPage\",\"@id\":\"https:\/\/www.prijedordanas.com\/?p=215184\",\"url\":\"https:\/\/www.prijedordanas.com\/?p=215184\",\"name\":\"Ra\u010duni prijedorske \\\"Toplane\\\" su isti, razlika je u ratama: Mileti\u0107 odgovorio onima \u0161to negoduju - VIDEO - PrijedorDanas.com - Prijedorski gradski portal\",\"isPartOf\":{\"@id\":\"https:\/\/www.prijedordanas.com\/#website\"},\"datePublished\":\"2023-11-28T16:04:30+00:00\",\"dateModified\":\"2023-11-28T16:04:30+00:00\",\"breadcrumb\":{\"@id\":\"https:\/\/www.prijedordanas.com\/?p=215184#breadcrumb\"},\"inLanguage\":\"en-US\",\"potentialAction\":[{\"@type\":\"ReadAction\",\"target\":[\"https:\/\/www.prijedordanas.com\/?p=215184\"]}]},{\"@type\":\"BreadcrumbList\",\"@id\":\"https:\/\/www.prijedordanas.com\/?p=215184#breadcrumb\",\"itemListElement\":[{\"@type\":\"ListItem\",\"position\":1,\"name\":\"Home\",\"item\":\"https:\/\/www.prijedordanas.com\/\"},{\"@type\":\"ListItem\",\"position\":2,\"name\":\"Ra\u010duni prijedorske &#8220;Toplane&#8221; su isti, razlika je u ratama: Mileti\u0107 odgovorio onima \u0161to negoduju &#8211; VIDEO\"}]},{\"@type\":\"WebSite\",\"@id\":\"https:\/\/www.prijedordanas.com\/#website\",\"url\":\"https:\/\/www.prijedordanas.com\/\",\"name\":\"PrijedorDanas.com - Prijedorski gradski portal\",\"description\":\"Portal o doga\u0111anjima u gradu Prijedoru\",\"publisher\":{\"@id\":\"https:\/\/www.prijedordanas.com\/#organization\"},\"potentialAction\":[{\"@type\":\"SearchAction\",\"target\":{\"@type\":\"EntryPoint\",\"urlTemplate\":\"https:\/\/www.prijedordanas.com\/?s={search_term_string}\"},\"query-input\":\"required name=search_term_string\"}],\"inLanguage\":\"en-US\"},{\"@type\":\"Organization\",\"@id\":\"https:\/\/www.prijedordanas.com\/#organization\",\"name\":\"PrijedorDanas.com\",\"url\":\"https:\/\/www.prijedordanas.com\/\",\"logo\":{\"@type\":\"ImageObject\",\"inLanguage\":\"en-US\",\"@id\":\"https:\/\/www.prijedordanas.com\/#\/schema\/logo\/image\/\",\"url\":\"http:\/\/www.prijedordanas.com\/wp-content\/uploads\/2021\/12\/logopng.png\",\"contentUrl\":\"http:\/\/www.prijedordanas.com\/wp-content\/uploads\/2021\/12\/logopng.png\",\"width\":1019,\"height\":776,\"caption\":\"PrijedorDanas.com\"},\"image\":{\"@id\":\"https:\/\/www.prijedordanas.com\/#\/schema\/logo\/image\/\"},\"sameAs\":[\"https:\/\/www.facebook.com\/PrijedorDanasCom\/\"]},{\"@type\":\"Person\",\"@id\":\"https:\/\/www.prijedordanas.com\/#\/schema\/person\/4e08ccf29b506ca916ff86d46bb700e6\",\"name\":\"admin\",\"image\":{\"@type\":\"ImageObject\",\"inLanguage\":\"en-US\",\"@id\":\"https:\/\/www.prijedordanas.com\/#\/schema\/person\/image\/\",\"url\":\"https:\/\/secure.gravatar.com\/avatar\/1d3fc949d550f0b53a5f0d51e06dfd79?s=96&d=mm&r=g\",\"contentUrl\":\"https:\/\/secure.gravatar.com\/avatar\/1d3fc949d550f0b53a5f0d51e06dfd79?s=96&d=mm&r=g\",\"caption\":\"admin\"},\"url\":\"https:\/\/www.prijedordanas.com\/?author=1\"}]}<\/script>\n<!-- \/ Yoast SEO plugin. -->","yoast_head_json":{"title":"Ra\u010duni prijedorske \"Toplane\" su isti, razlika je u ratama: Mileti\u0107 odgovorio onima \u0161to negoduju - VIDEO - PrijedorDanas.com - Prijedorski gradski portal","robots":{"index":"index","follow":"follow","max-snippet":"max-snippet:-1","max-image-preview":"max-image-preview:large","max-video-preview":"max-video-preview:-1"},"canonical":"https:\/\/www.prijedordanas.com\/?p=215184","og_locale":"en_US","og_type":"article","og_title":"Ra\u010duni prijedorske \"Toplane\" su isti, razlika je u ratama: Mileti\u0107 odgovorio onima \u0161to negoduju - VIDEO - PrijedorDanas.com - Prijedorski gradski portal","og_description":"Nije ta\u010dno da \u201eToplana\u201c retroaktivno napla\u0107uje usluge grijanja, jer \u0107e ra\u010dune za aktuelnu grejnu sezonu potro\u0161a\u010di koji grijanje pla\u0107aju 12 mjeseci platiti u jednakom iznosu kao i potro\u0161a\u010di koji pla\u0107aju [&hellip;]","og_url":"https:\/\/www.prijedordanas.com\/?p=215184","og_site_name":"PrijedorDanas.com - Prijedorski gradski portal","article_publisher":"https:\/\/www.facebook.com\/PrijedorDanasCom\/","article_published_time":"2023-11-28T16:04:30+00:00","og_image":[{"url":"https:\/\/www.prijedordanas.com\/wp-content\/uploads\/2023\/11\/kozarski-miletic-toplana-300x225.jpg"}],"author":"admin","twitter_card":"summary_large_image","twitter_misc":{"Written by":"admin","Est. reading time":"4 minutes"},"schema":{"@context":"https:\/\/schema.org","@graph":[{"@type":"Article","@id":"https:\/\/www.prijedordanas.com\/?p=215184#article","isPartOf":{"@id":"https:\/\/www.prijedordanas.com\/?p=215184"},"author":{"name":"admin","@id":"https:\/\/www.prijedordanas.com\/#\/schema\/person\/4e08ccf29b506ca916ff86d46bb700e6"},"headline":"Ra\u010duni prijedorske &#8220;Toplane&#8221; su isti, razlika je u ratama: Mileti\u0107 odgovorio onima \u0161to negoduju &#8211; VIDEO","datePublished":"2023-11-28T16:04:30+00:00","dateModified":"2023-11-28T16:04:30+00:00","mainEntityOfPage":{"@id":"https:\/\/www.prijedordanas.com\/?p=215184"},"wordCount":712,"publisher":{"@id":"https:\/\/www.prijedordanas.com\/#organization"},"articleSection":["Dru\u0161tvo"],"inLanguage":"en-US"},{"@type":"WebPage","@id":"https:\/\/www.prijedordanas.com\/?p=215184","url":"https:\/\/www.prijedordanas.com\/?p=215184","name":"Ra\u010duni prijedorske \"Toplane\" su isti, razlika je u ratama: Mileti\u0107 odgovorio onima \u0161to negoduju - VIDEO - PrijedorDanas.com - Prijedorski gradski portal","isPartOf":{"@id":"https:\/\/www.prijedordanas.com\/#website"},"datePublished":"2023-11-28T16:04:30+00:00","dateModified":"2023-11-28T16:04:30+00:00","breadcrumb":{"@id":"https:\/\/www.prijedordanas.com\/?p=215184#breadcrumb"},"inLanguage":"en-US","potentialAction":[{"@type":"ReadAction","target":["https:\/\/www.prijedordanas.com\/?p=215184"]}]},{"@type":"BreadcrumbList","@id":"https:\/\/www.prijedordanas.com\/?p=215184#breadcrumb","itemListElement":[{"@type":"ListItem","position":1,"name":"Home","item":"https:\/\/www.prijedordanas.com\/"},{"@type":"ListItem","position":2,"name":"Ra\u010duni prijedorske &#8220;Toplane&#8221; su isti, razlika je u ratama: Mileti\u0107 odgovorio onima \u0161to negoduju &#8211; VIDEO"}]},{"@type":"WebSite","@id":"https:\/\/www.prijedordanas.com\/#website","url":"https:\/\/www.prijedordanas.com\/","name":"PrijedorDanas.com - Prijedorski gradski portal","description":"Portal o doga\u0111anjima u gradu Prijedoru","publisher":{"@id":"https:\/\/www.prijedordanas.com\/#organization"},"potentialAction":[{"@type":"SearchAction","target":{"@type":"EntryPoint","urlTemplate":"https:\/\/www.prijedordanas.com\/?s={search_term_string}"},"query-input":"required name=search_term_string"}],"inLanguage":"en-US"},{"@type":"Organization","@id":"https:\/\/www.prijedordanas.com\/#organization","name":"PrijedorDanas.com","url":"https:\/\/www.prijedordanas.com\/","logo":{"@type":"ImageObject","inLanguage":"en-US","@id":"https:\/\/www.prijedordanas.com\/#\/schema\/logo\/image\/","url":"http:\/\/www.prijedordanas.com\/wp-content\/uploads\/2021\/12\/logopng.png","contentUrl":"http:\/\/www.prijedordanas.com\/wp-content\/uploads\/2021\/12\/logopng.png","width":1019,"height":776,"caption":"PrijedorDanas.com"},"image":{"@id":"https:\/\/www.prijedordanas.com\/#\/schema\/logo\/image\/"},"sameAs":["https:\/\/www.facebook.com\/PrijedorDanasCom\/"]},{"@type":"Person","@id":"https:\/\/www.prijedordanas.com\/#\/schema\/person\/4e08ccf29b506ca916ff86d46bb700e6","name":"admin","image":{"@type":"ImageObject","inLanguage":"en-US","@id":"https:\/\/www.prijedordanas.com\/#\/schema\/person\/image\/","url":"https:\/\/secure.gravatar.com\/avatar\/1d3fc949d550f0b53a5f0d51e06dfd79?s=96&d=mm&r=g","contentUrl":"https:\/\/secure.gravatar.com\/avatar\/1d3fc949d550f0b53a5f0d51e06dfd79?s=96&d=mm&r=g","caption":"admin"},"url":"https:\/\/www.prijedordanas.com\/?author=1"}]}},"_links":{"self":[{"href":"https:\/\/www.prijedordanas.com\/index.php?rest_route=\/wp\/v2\/posts\/215184"}],"collection":[{"href":"https:\/\/www.prijedordanas.com\/index.php?rest_route=\/wp\/v2\/posts"}],"about":[{"href":"https:\/\/www.prijedordanas.com\/index.php?rest_route=\/wp\/v2\/types\/post"}],"author":[{"embeddable":true,"href":"https:\/\/www.prijedordanas.com\/index.php?rest_route=\/wp\/v2\/users\/1"}],"replies":[{"embeddable":true,"href":"https:\/\/www.prijedordanas.com\/index.php?rest_route=%2Fwp%2Fv2%2Fcomments&post=215184"}],"version-history":[{"count":2,"href":"https:\/\/www.prijedordanas.com\/index.php?rest_route=\/wp\/v2\/posts\/215184\/revisions"}],"predecessor-version":[{"id":215188,"href":"https:\/\/www.prijedordanas.com\/index.php?rest_route=\/wp\/v2\/posts\/215184\/revisions\/215188"}],"wp:attachment":[{"href":"https:\/\/www.prijedordanas.com\/index.php?rest_route=%2Fwp%2Fv2%2Fmedia&parent=215184"}],"wp:term":[{"taxonomy":"category","embeddable":true,"href":"https:\/\/www.prijedordanas.com\/index.php?rest_route=%2Fwp%2Fv2%2Fcategories&post=215184"},{"taxonomy":"post_tag","embeddable":true,"href":"https:\/\/www.prijedordanas.com\/index.php?rest_route=%2Fwp%2Fv2%2Ftags&post=215184"}],"curies":[{"name":"wp","href":"https:\/\/api.w.org\/{rel}","templated":true}]}}