{"id":214656,"date":"2023-11-17T21:02:27","date_gmt":"2023-11-17T20:02:27","guid":{"rendered":"https:\/\/www.prijedordanas.com\/?p=214656"},"modified":"2023-11-18T00:04:22","modified_gmt":"2023-11-17T23:04:22","slug":"dan-centra-za-socijalni-rad-prijedor-savic-pesevic-socijalni-rad-nije-dijeljenje-brasna-foto-video","status":"publish","type":"post","link":"https:\/\/www.prijedordanas.com\/?p=214656","title":{"rendered":"Dan Centra za socijalni rad Prijedor &#8211; Savi\u0107 Pe\u0161evi\u0107: Socijalni rad nije dijeljenje bra\u0161na &#8211; FOTO\/VIDEO"},"content":{"rendered":"<p><a href=\"https:\/\/www.prijedordanas.com\/wp-content\/uploads\/2023\/11\/dan-centra-za-socijalni-rad-2023-1.jpg\"><img loading=\"lazy\" decoding=\"async\" class=\"alignleft size-medium wp-image-214661\" src=\"https:\/\/www.prijedordanas.com\/wp-content\/uploads\/2023\/11\/dan-centra-za-socijalni-rad-2023-1-300x225.jpg\" alt=\"\" width=\"300\" height=\"225\" srcset=\"https:\/\/www.prijedordanas.com\/wp-content\/uploads\/2023\/11\/dan-centra-za-socijalni-rad-2023-1-300x225.jpg 300w, https:\/\/www.prijedordanas.com\/wp-content\/uploads\/2023\/11\/dan-centra-za-socijalni-rad-2023-1-640x480.jpg 640w, https:\/\/www.prijedordanas.com\/wp-content\/uploads\/2023\/11\/dan-centra-za-socijalni-rad-2023-1.jpg 667w\" sizes=\"(max-width: 300px) 100vw, 300px\" \/><\/a>Prijedorski Centar za socijalni rad u narednoj godini \u0107e se planski i strate\u0161ki baviti problemom negativne percepcije socijalnog rada budu\u0107i da se to pokazuje kao znatan remetila\u010dki faktor u radu, izjavila je danas socijalna radnica ove ustanove Dragana Savi\u0107 Pe\u0161evi\u0107.<\/p>\n<p>Ona je povodom Dana Centra za socijalni rad Prijedor navela da je ustanova na ovom problemu radila tokom godine i da su istra\u017eivanja pokazala da iza svega stoje stereotipi i predrasude, da i jedno i drugo poti\u010de iz neznanja, te da je prvi korak pobolj\u0161ati komunikaciju.<\/p>\n<p>&#8220;Problem je i \u0161to se na\u0161a djelatnost do\u017eivljava linearno &#8211; da je to no\u0161enje bra\u0161na na\u0161im klijentima&#8221;, rekla je Pe\u0161evi\u0107eva novinarima u Prijedoru.<\/p>\n<p><a href=\"https:\/\/www.prijedordanas.com\/wp-content\/uploads\/2023\/11\/dan-centra-za-socijalni-rad-2023-3.jpg\"><img loading=\"lazy\" decoding=\"async\" class=\"alignleft size-medium wp-image-214662\" src=\"https:\/\/www.prijedordanas.com\/wp-content\/uploads\/2023\/11\/dan-centra-za-socijalni-rad-2023-3-300x225.jpg\" alt=\"\" width=\"300\" height=\"225\" srcset=\"https:\/\/www.prijedordanas.com\/wp-content\/uploads\/2023\/11\/dan-centra-za-socijalni-rad-2023-3-300x225.jpg 300w, https:\/\/www.prijedordanas.com\/wp-content\/uploads\/2023\/11\/dan-centra-za-socijalni-rad-2023-3-640x480.jpg 640w, https:\/\/www.prijedordanas.com\/wp-content\/uploads\/2023\/11\/dan-centra-za-socijalni-rad-2023-3.jpg 667w\" sizes=\"(max-width: 300px) 100vw, 300px\" \/><\/a>Ona je najavila da \u0107e u idu\u0107oj godini, pored redovnog posla, Centar raditi na tome da do\u0111e do bolje slike u javnosti i da je to svim radnicima izazov kojem se raduju.<\/p>\n<p>&#8220;Kad na\u0161 klijent bude imao povjerenje koje crpi i iz javnog diskursa, onda mo\u017ee do\u0107i i do promjene u percepciji&#8221;, izjavila je Pe\u0161evi\u0107eva.<\/p>\n<p>Ona je pojasnila da se radnici ove ustanove redovno sre\u0107u s problemima otpora klijenata prema promjenama, njihovim visokim i nerealnim o\u010dekivanjima, te te\u0161kim traumatskim iskustvima pojedinaca i porodica, ali i s jako lo\u0161om, negativnom percepcijom socijalnog rada u javnosti.<\/p>\n<p><a href=\"https:\/\/www.prijedordanas.com\/wp-content\/uploads\/2023\/11\/dan-centra-za-socijalni-rad-2023-2.jpg\"><img loading=\"lazy\" decoding=\"async\" class=\"alignleft size-medium wp-image-214663\" src=\"https:\/\/www.prijedordanas.com\/wp-content\/uploads\/2023\/11\/dan-centra-za-socijalni-rad-2023-2-300x225.jpg\" alt=\"\" width=\"300\" height=\"225\" srcset=\"https:\/\/www.prijedordanas.com\/wp-content\/uploads\/2023\/11\/dan-centra-za-socijalni-rad-2023-2-300x225.jpg 300w, https:\/\/www.prijedordanas.com\/wp-content\/uploads\/2023\/11\/dan-centra-za-socijalni-rad-2023-2-640x480.jpg 640w, https:\/\/www.prijedordanas.com\/wp-content\/uploads\/2023\/11\/dan-centra-za-socijalni-rad-2023-2.jpg 667w\" sizes=\"(max-width: 300px) 100vw, 300px\" \/><\/a>&#8220;Izlo\u017eeni smo vrlo neprimjerenim, negativnim, neprijateljskim stavovima, mi\u0161ljenjima, uvjerenjima i utiscima u javnosti o socijalnom radu, socijalnim radnicima, te drugim stru\u010dnim radnicima koji su zaposleni u zajednici za socijalni rad. Kampanju smo nazvali`Centar za socijalni rad u srcu zajednice` i u narednom periodu pripremi\u0107emo u lokalnoj zajednici niz aktivnosti kako bismo mijenjali i stvarali pozitivniju, afirmativniju percepciju socijalnog rada jer socijalni rad to zaslu\u017euje&#8221;, dodala je Pe\u0161evi\u0107eva.<\/p>\n<p>Direktor Centra za socijalni rad Prijedor Milorad Radi\u0107 rekao je da je obilje\u017eavanje dana ove ustanove ranijih godina bilo usmjereno na predstavljanje aktivnosti i djelatnosti, a da je ove godine fokus na socijalnoj percepciji.<\/p>\n<p>&#8220;Ovaj skup prvi je korak u aktivnostima ka ja\u010danju ugleda i po\u0161tovanja prema ovoj ustanovi\u201c, dodao je Radi\u0107.<\/p>\n<p><a href=\"https:\/\/www.prijedordanas.com\/wp-content\/uploads\/2023\/11\/dan-centra-za-socijalni-rad-2023-4.jpg\"><img loading=\"lazy\" decoding=\"async\" src=\"https:\/\/www.prijedordanas.com\/wp-content\/uploads\/2023\/11\/dan-centra-za-socijalni-rad-2023-4-300x200.jpg\" alt=\"\" width=\"300\" height=\"200\" class=\"alignleft size-medium wp-image-214664\" srcset=\"https:\/\/www.prijedordanas.com\/wp-content\/uploads\/2023\/11\/dan-centra-za-socijalni-rad-2023-4-300x200.jpg 300w, https:\/\/www.prijedordanas.com\/wp-content\/uploads\/2023\/11\/dan-centra-za-socijalni-rad-2023-4-480x320.jpg 480w, https:\/\/www.prijedordanas.com\/wp-content\/uploads\/2023\/11\/dan-centra-za-socijalni-rad-2023-4.jpg 600w\" sizes=\"(max-width: 300px) 100vw, 300px\" \/><\/a>Psiholog u ovoj ustanovi Zora Marjanovi\u0107 Mari\u0107 predstavila je istra\u017eivanje o percepciji socijalnog rada u javnosti, navode\u0107i da nema nijednog radnika prijedorskog Centra za socijalni rad koji nije bio izlo\u017een manifestovanju nezadovoljstva javnosti.<\/p>\n<p>&#8220;Odgovori na pitanje na \u0161ta prvo pomisle kao asocijaciju na centre za socijalni rad su za nas zastra\u0161uju\u0107i i uznemiruju\u0107i, jer su to pojmovi u\u017eas, neradnici, lezilebovi\u0107i, otima\u010di djece&#8221;, navela je Mari\u0107eva.<\/p>\n<p>Ona je istakla da se na dru\u0161tvenim mre\u017eema \u010desto nalaze komentari ljudi koji pristrasno procjenjuju rad Centra kroz prizmu vlastitog nezadovoljstva, da ljudi se \u017eale u javnom prostoru, a ne koriste formalno pravo na \u017ealbu na postupanje stru\u010dnih radnika Centra i da je velika uloga medija u kojima dominiraju negativne pri\u010de, a vrlo rijetko se eksploati\u0161u pozitivni primjeri.<\/p>\n<p>SRNA<\/p>\n<p><a href=\"https:\/\/www.prijedordanas.com\/wp-content\/uploads\/2023\/11\/dan-centra-za-socijalni-rad-2023-5.jpg\"><img loading=\"lazy\" decoding=\"async\" src=\"https:\/\/www.prijedordanas.com\/wp-content\/uploads\/2023\/11\/dan-centra-za-socijalni-rad-2023-5-300x200.jpg\" alt=\"\" width=\"300\" height=\"200\" class=\"alignleft size-medium wp-image-214665\" srcset=\"https:\/\/www.prijedordanas.com\/wp-content\/uploads\/2023\/11\/dan-centra-za-socijalni-rad-2023-5-300x200.jpg 300w, https:\/\/www.prijedordanas.com\/wp-content\/uploads\/2023\/11\/dan-centra-za-socijalni-rad-2023-5-480x320.jpg 480w, https:\/\/www.prijedordanas.com\/wp-content\/uploads\/2023\/11\/dan-centra-za-socijalni-rad-2023-5.jpg 600w\" sizes=\"(max-width: 300px) 100vw, 300px\" \/><\/a> <a href=\"https:\/\/www.prijedordanas.com\/wp-content\/uploads\/2023\/11\/dan-centra-za-socijalni-rad-2023-6.jpg\"><img loading=\"lazy\" decoding=\"async\" src=\"https:\/\/www.prijedordanas.com\/wp-content\/uploads\/2023\/11\/dan-centra-za-socijalni-rad-2023-6-300x200.jpg\" alt=\"\" width=\"300\" height=\"200\" class=\"alignleft size-medium wp-image-214666\" srcset=\"https:\/\/www.prijedordanas.com\/wp-content\/uploads\/2023\/11\/dan-centra-za-socijalni-rad-2023-6-300x200.jpg 300w, https:\/\/www.prijedordanas.com\/wp-content\/uploads\/2023\/11\/dan-centra-za-socijalni-rad-2023-6-480x320.jpg 480w, https:\/\/www.prijedordanas.com\/wp-content\/uploads\/2023\/11\/dan-centra-za-socijalni-rad-2023-6.jpg 600w\" sizes=\"(max-width: 300px) 100vw, 300px\" \/><\/a> <a href=\"https:\/\/www.prijedordanas.com\/wp-content\/uploads\/2023\/11\/dan-centra-za-socijalni-rad-2023-7.jpg\"><img loading=\"lazy\" decoding=\"async\" src=\"https:\/\/www.prijedordanas.com\/wp-content\/uploads\/2023\/11\/dan-centra-za-socijalni-rad-2023-7-300x200.jpg\" alt=\"\" width=\"300\" height=\"200\" class=\"alignleft size-medium wp-image-214667\" srcset=\"https:\/\/www.prijedordanas.com\/wp-content\/uploads\/2023\/11\/dan-centra-za-socijalni-rad-2023-7-300x200.jpg 300w, https:\/\/www.prijedordanas.com\/wp-content\/uploads\/2023\/11\/dan-centra-za-socijalni-rad-2023-7-480x320.jpg 480w, https:\/\/www.prijedordanas.com\/wp-content\/uploads\/2023\/11\/dan-centra-za-socijalni-rad-2023-7.jpg 600w\" sizes=\"(max-width: 300px) 100vw, 300px\" \/><\/a><\/p>\n<p><iframe loading=\"lazy\" title=\"CENTAR ZA SOCIJALNI RAD OBILJE\u017dIO 62 GODINE POSTOJANJA I RADA\" width=\"500\" height=\"281\" src=\"https:\/\/www.youtube.com\/embed\/q7AH5xcEjR0?feature=oembed\" frameborder=\"0\" allow=\"accelerometer; autoplay; clipboard-write; encrypted-media; gyroscope; picture-in-picture; web-share\" allowfullscreen><\/iframe><\/p>\n","protected":false},"excerpt":{"rendered":"<p>Prijedorski Centar za socijalni rad u narednoj godini \u0107e se planski i strate\u0161ki baviti problemom negativne percepcije socijalnog rada budu\u0107i da se to pokazuje kao znatan remetila\u010dki faktor u radu, [&hellip;]<\/p>\n","protected":false},"author":1,"featured_media":0,"comment_status":"closed","ping_status":"open","sticky":false,"template":"","format":"standard","meta":{"_monsterinsights_skip_tracking":false,"_monsterinsights_sitenote_active":false,"_monsterinsights_sitenote_note":"","_monsterinsights_sitenote_category":0,"footnotes":""},"categories":[8],"tags":[],"yoast_head":"<!-- This site is optimized with the Yoast SEO plugin v21.6 - https:\/\/yoast.com\/wordpress\/plugins\/seo\/ -->\n<title>Dan Centra za socijalni rad Prijedor - Savi\u0107 Pe\u0161evi\u0107: Socijalni rad nije dijeljenje bra\u0161na - FOTO\/VIDEO - PrijedorDanas.com - Prijedorski gradski portal<\/title>\n<meta name=\"robots\" content=\"index, follow, max-snippet:-1, max-image-preview:large, max-video-preview:-1\" \/>\n<link rel=\"canonical\" href=\"https:\/\/www.prijedordanas.com\/?p=214656\" \/>\n<meta property=\"og:locale\" content=\"en_US\" \/>\n<meta property=\"og:type\" content=\"article\" \/>\n<meta property=\"og:title\" content=\"Dan Centra za socijalni rad Prijedor - Savi\u0107 Pe\u0161evi\u0107: Socijalni rad nije dijeljenje bra\u0161na - FOTO\/VIDEO - PrijedorDanas.com - Prijedorski gradski portal\" \/>\n<meta property=\"og:description\" content=\"Prijedorski Centar za socijalni rad u narednoj godini \u0107e se planski i strate\u0161ki baviti problemom negativne percepcije socijalnog rada budu\u0107i da se to pokazuje kao znatan remetila\u010dki faktor u radu, [&hellip;]\" \/>\n<meta property=\"og:url\" content=\"https:\/\/www.prijedordanas.com\/?p=214656\" \/>\n<meta property=\"og:site_name\" content=\"PrijedorDanas.com - Prijedorski gradski portal\" \/>\n<meta property=\"article:publisher\" content=\"https:\/\/www.facebook.com\/PrijedorDanasCom\/\" \/>\n<meta property=\"article:published_time\" content=\"2023-11-17T20:02:27+00:00\" \/>\n<meta property=\"article:modified_time\" content=\"2023-11-17T23:04:22+00:00\" \/>\n<meta property=\"og:image\" content=\"https:\/\/www.prijedordanas.com\/wp-content\/uploads\/2023\/11\/dan-centra-za-socijalni-rad-2023-1-300x225.jpg\" \/>\n<meta name=\"author\" content=\"admin\" \/>\n<meta name=\"twitter:card\" content=\"summary_large_image\" \/>\n<meta name=\"twitter:label1\" content=\"Written by\" \/>\n\t<meta name=\"twitter:data1\" content=\"admin\" \/>\n\t<meta name=\"twitter:label2\" content=\"Est. reading time\" \/>\n\t<meta name=\"twitter:data2\" content=\"4 minutes\" \/>\n<script type=\"application\/ld+json\" class=\"yoast-schema-graph\">{\"@context\":\"https:\/\/schema.org\",\"@graph\":[{\"@type\":\"Article\",\"@id\":\"https:\/\/www.prijedordanas.com\/?p=214656#article\",\"isPartOf\":{\"@id\":\"https:\/\/www.prijedordanas.com\/?p=214656\"},\"author\":{\"name\":\"admin\",\"@id\":\"https:\/\/www.prijedordanas.com\/#\/schema\/person\/4e08ccf29b506ca916ff86d46bb700e6\"},\"headline\":\"Dan Centra za socijalni rad Prijedor &#8211; Savi\u0107 Pe\u0161evi\u0107: Socijalni rad nije dijeljenje bra\u0161na &#8211; FOTO\/VIDEO\",\"datePublished\":\"2023-11-17T20:02:27+00:00\",\"dateModified\":\"2023-11-17T23:04:22+00:00\",\"mainEntityOfPage\":{\"@id\":\"https:\/\/www.prijedordanas.com\/?p=214656\"},\"wordCount\":523,\"publisher\":{\"@id\":\"https:\/\/www.prijedordanas.com\/#organization\"},\"articleSection\":[\"Svakodnevno\"],\"inLanguage\":\"en-US\"},{\"@type\":\"WebPage\",\"@id\":\"https:\/\/www.prijedordanas.com\/?p=214656\",\"url\":\"https:\/\/www.prijedordanas.com\/?p=214656\",\"name\":\"Dan Centra za socijalni rad Prijedor - Savi\u0107 Pe\u0161evi\u0107: Socijalni rad nije dijeljenje bra\u0161na - FOTO\/VIDEO - PrijedorDanas.com - Prijedorski gradski portal\",\"isPartOf\":{\"@id\":\"https:\/\/www.prijedordanas.com\/#website\"},\"datePublished\":\"2023-11-17T20:02:27+00:00\",\"dateModified\":\"2023-11-17T23:04:22+00:00\",\"breadcrumb\":{\"@id\":\"https:\/\/www.prijedordanas.com\/?p=214656#breadcrumb\"},\"inLanguage\":\"en-US\",\"potentialAction\":[{\"@type\":\"ReadAction\",\"target\":[\"https:\/\/www.prijedordanas.com\/?p=214656\"]}]},{\"@type\":\"BreadcrumbList\",\"@id\":\"https:\/\/www.prijedordanas.com\/?p=214656#breadcrumb\",\"itemListElement\":[{\"@type\":\"ListItem\",\"position\":1,\"name\":\"Home\",\"item\":\"https:\/\/www.prijedordanas.com\/\"},{\"@type\":\"ListItem\",\"position\":2,\"name\":\"Dan Centra za socijalni rad Prijedor &#8211; Savi\u0107 Pe\u0161evi\u0107: Socijalni rad nije dijeljenje bra\u0161na &#8211; FOTO\/VIDEO\"}]},{\"@type\":\"WebSite\",\"@id\":\"https:\/\/www.prijedordanas.com\/#website\",\"url\":\"https:\/\/www.prijedordanas.com\/\",\"name\":\"PrijedorDanas.com - Prijedorski gradski portal\",\"description\":\"Portal o doga\u0111anjima u gradu Prijedoru\",\"publisher\":{\"@id\":\"https:\/\/www.prijedordanas.com\/#organization\"},\"potentialAction\":[{\"@type\":\"SearchAction\",\"target\":{\"@type\":\"EntryPoint\",\"urlTemplate\":\"https:\/\/www.prijedordanas.com\/?s={search_term_string}\"},\"query-input\":\"required name=search_term_string\"}],\"inLanguage\":\"en-US\"},{\"@type\":\"Organization\",\"@id\":\"https:\/\/www.prijedordanas.com\/#organization\",\"name\":\"PrijedorDanas.com\",\"url\":\"https:\/\/www.prijedordanas.com\/\",\"logo\":{\"@type\":\"ImageObject\",\"inLanguage\":\"en-US\",\"@id\":\"https:\/\/www.prijedordanas.com\/#\/schema\/logo\/image\/\",\"url\":\"http:\/\/www.prijedordanas.com\/wp-content\/uploads\/2021\/12\/logopng.png\",\"contentUrl\":\"http:\/\/www.prijedordanas.com\/wp-content\/uploads\/2021\/12\/logopng.png\",\"width\":1019,\"height\":776,\"caption\":\"PrijedorDanas.com\"},\"image\":{\"@id\":\"https:\/\/www.prijedordanas.com\/#\/schema\/logo\/image\/\"},\"sameAs\":[\"https:\/\/www.facebook.com\/PrijedorDanasCom\/\"]},{\"@type\":\"Person\",\"@id\":\"https:\/\/www.prijedordanas.com\/#\/schema\/person\/4e08ccf29b506ca916ff86d46bb700e6\",\"name\":\"admin\",\"image\":{\"@type\":\"ImageObject\",\"inLanguage\":\"en-US\",\"@id\":\"https:\/\/www.prijedordanas.com\/#\/schema\/person\/image\/\",\"url\":\"https:\/\/secure.gravatar.com\/avatar\/1d3fc949d550f0b53a5f0d51e06dfd79?s=96&d=mm&r=g\",\"contentUrl\":\"https:\/\/secure.gravatar.com\/avatar\/1d3fc949d550f0b53a5f0d51e06dfd79?s=96&d=mm&r=g\",\"caption\":\"admin\"},\"url\":\"https:\/\/www.prijedordanas.com\/?author=1\"}]}<\/script>\n<!-- \/ Yoast SEO plugin. -->","yoast_head_json":{"title":"Dan Centra za socijalni rad Prijedor - Savi\u0107 Pe\u0161evi\u0107: Socijalni rad nije dijeljenje bra\u0161na - FOTO\/VIDEO - PrijedorDanas.com - Prijedorski gradski portal","robots":{"index":"index","follow":"follow","max-snippet":"max-snippet:-1","max-image-preview":"max-image-preview:large","max-video-preview":"max-video-preview:-1"},"canonical":"https:\/\/www.prijedordanas.com\/?p=214656","og_locale":"en_US","og_type":"article","og_title":"Dan Centra za socijalni rad Prijedor - Savi\u0107 Pe\u0161evi\u0107: Socijalni rad nije dijeljenje bra\u0161na - FOTO\/VIDEO - PrijedorDanas.com - Prijedorski gradski portal","og_description":"Prijedorski Centar za socijalni rad u narednoj godini \u0107e se planski i strate\u0161ki baviti problemom negativne percepcije socijalnog rada budu\u0107i da se to pokazuje kao znatan remetila\u010dki faktor u radu, [&hellip;]","og_url":"https:\/\/www.prijedordanas.com\/?p=214656","og_site_name":"PrijedorDanas.com - Prijedorski gradski portal","article_publisher":"https:\/\/www.facebook.com\/PrijedorDanasCom\/","article_published_time":"2023-11-17T20:02:27+00:00","article_modified_time":"2023-11-17T23:04:22+00:00","og_image":[{"url":"https:\/\/www.prijedordanas.com\/wp-content\/uploads\/2023\/11\/dan-centra-za-socijalni-rad-2023-1-300x225.jpg"}],"author":"admin","twitter_card":"summary_large_image","twitter_misc":{"Written by":"admin","Est. reading time":"4 minutes"},"schema":{"@context":"https:\/\/schema.org","@graph":[{"@type":"Article","@id":"https:\/\/www.prijedordanas.com\/?p=214656#article","isPartOf":{"@id":"https:\/\/www.prijedordanas.com\/?p=214656"},"author":{"name":"admin","@id":"https:\/\/www.prijedordanas.com\/#\/schema\/person\/4e08ccf29b506ca916ff86d46bb700e6"},"headline":"Dan Centra za socijalni rad Prijedor &#8211; Savi\u0107 Pe\u0161evi\u0107: Socijalni rad nije dijeljenje bra\u0161na &#8211; FOTO\/VIDEO","datePublished":"2023-11-17T20:02:27+00:00","dateModified":"2023-11-17T23:04:22+00:00","mainEntityOfPage":{"@id":"https:\/\/www.prijedordanas.com\/?p=214656"},"wordCount":523,"publisher":{"@id":"https:\/\/www.prijedordanas.com\/#organization"},"articleSection":["Svakodnevno"],"inLanguage":"en-US"},{"@type":"WebPage","@id":"https:\/\/www.prijedordanas.com\/?p=214656","url":"https:\/\/www.prijedordanas.com\/?p=214656","name":"Dan Centra za socijalni rad Prijedor - Savi\u0107 Pe\u0161evi\u0107: Socijalni rad nije dijeljenje bra\u0161na - FOTO\/VIDEO - PrijedorDanas.com - Prijedorski gradski portal","isPartOf":{"@id":"https:\/\/www.prijedordanas.com\/#website"},"datePublished":"2023-11-17T20:02:27+00:00","dateModified":"2023-11-17T23:04:22+00:00","breadcrumb":{"@id":"https:\/\/www.prijedordanas.com\/?p=214656#breadcrumb"},"inLanguage":"en-US","potentialAction":[{"@type":"ReadAction","target":["https:\/\/www.prijedordanas.com\/?p=214656"]}]},{"@type":"BreadcrumbList","@id":"https:\/\/www.prijedordanas.com\/?p=214656#breadcrumb","itemListElement":[{"@type":"ListItem","position":1,"name":"Home","item":"https:\/\/www.prijedordanas.com\/"},{"@type":"ListItem","position":2,"name":"Dan Centra za socijalni rad Prijedor &#8211; Savi\u0107 Pe\u0161evi\u0107: Socijalni rad nije dijeljenje bra\u0161na &#8211; FOTO\/VIDEO"}]},{"@type":"WebSite","@id":"https:\/\/www.prijedordanas.com\/#website","url":"https:\/\/www.prijedordanas.com\/","name":"PrijedorDanas.com - Prijedorski gradski portal","description":"Portal o doga\u0111anjima u gradu Prijedoru","publisher":{"@id":"https:\/\/www.prijedordanas.com\/#organization"},"potentialAction":[{"@type":"SearchAction","target":{"@type":"EntryPoint","urlTemplate":"https:\/\/www.prijedordanas.com\/?s={search_term_string}"},"query-input":"required name=search_term_string"}],"inLanguage":"en-US"},{"@type":"Organization","@id":"https:\/\/www.prijedordanas.com\/#organization","name":"PrijedorDanas.com","url":"https:\/\/www.prijedordanas.com\/","logo":{"@type":"ImageObject","inLanguage":"en-US","@id":"https:\/\/www.prijedordanas.com\/#\/schema\/logo\/image\/","url":"http:\/\/www.prijedordanas.com\/wp-content\/uploads\/2021\/12\/logopng.png","contentUrl":"http:\/\/www.prijedordanas.com\/wp-content\/uploads\/2021\/12\/logopng.png","width":1019,"height":776,"caption":"PrijedorDanas.com"},"image":{"@id":"https:\/\/www.prijedordanas.com\/#\/schema\/logo\/image\/"},"sameAs":["https:\/\/www.facebook.com\/PrijedorDanasCom\/"]},{"@type":"Person","@id":"https:\/\/www.prijedordanas.com\/#\/schema\/person\/4e08ccf29b506ca916ff86d46bb700e6","name":"admin","image":{"@type":"ImageObject","inLanguage":"en-US","@id":"https:\/\/www.prijedordanas.com\/#\/schema\/person\/image\/","url":"https:\/\/secure.gravatar.com\/avatar\/1d3fc949d550f0b53a5f0d51e06dfd79?s=96&d=mm&r=g","contentUrl":"https:\/\/secure.gravatar.com\/avatar\/1d3fc949d550f0b53a5f0d51e06dfd79?s=96&d=mm&r=g","caption":"admin"},"url":"https:\/\/www.prijedordanas.com\/?author=1"}]}},"_links":{"self":[{"href":"https:\/\/www.prijedordanas.com\/index.php?rest_route=\/wp\/v2\/posts\/214656"}],"collection":[{"href":"https:\/\/www.prijedordanas.com\/index.php?rest_route=\/wp\/v2\/posts"}],"about":[{"href":"https:\/\/www.prijedordanas.com\/index.php?rest_route=\/wp\/v2\/types\/post"}],"author":[{"embeddable":true,"href":"https:\/\/www.prijedordanas.com\/index.php?rest_route=\/wp\/v2\/users\/1"}],"replies":[{"embeddable":true,"href":"https:\/\/www.prijedordanas.com\/index.php?rest_route=%2Fwp%2Fv2%2Fcomments&post=214656"}],"version-history":[{"count":1,"href":"https:\/\/www.prijedordanas.com\/index.php?rest_route=\/wp\/v2\/posts\/214656\/revisions"}],"predecessor-version":[{"id":214668,"href":"https:\/\/www.prijedordanas.com\/index.php?rest_route=\/wp\/v2\/posts\/214656\/revisions\/214668"}],"wp:attachment":[{"href":"https:\/\/www.prijedordanas.com\/index.php?rest_route=%2Fwp%2Fv2%2Fmedia&parent=214656"}],"wp:term":[{"taxonomy":"category","embeddable":true,"href":"https:\/\/www.prijedordanas.com\/index.php?rest_route=%2Fwp%2Fv2%2Fcategories&post=214656"},{"taxonomy":"post_tag","embeddable":true,"href":"https:\/\/www.prijedordanas.com\/index.php?rest_route=%2Fwp%2Fv2%2Ftags&post=214656"}],"curies":[{"name":"wp","href":"https:\/\/api.w.org\/{rel}","templated":true}]}}