{"id":214240,"date":"2023-11-10T22:10:43","date_gmt":"2023-11-10T21:10:43","guid":{"rendered":"https:\/\/www.prijedordanas.com\/?p=214240"},"modified":"2023-11-10T23:38:31","modified_gmt":"2023-11-10T22:38:31","slug":"mene-vise-nista-ne-boli-nakon-navoda-da-je-zlostavljao-suprugu-oglasio-se-zamjenik-gradonacelnika-prijedora-evo-sta-kaze-u-svoju-odbranu","status":"publish","type":"post","link":"https:\/\/www.prijedordanas.com\/?p=214240","title":{"rendered":"&#8220;Mene vi\u0161e ni\u0161ta ne boli&#8221;: Nakon navoda da je zlostavljao suprugu, oglasio se zamjenik gradona\u010delnika Prijedora, evo \u0161ta ka\u017ee u svoju odbranu"},"content":{"rendered":"<p><a href=\"https:\/\/www.prijedordanas.com\/wp-content\/uploads\/2022\/01\/zamjenik-gradonacelnika-prijedora-zarko-kovacevic.jpg\"><img loading=\"lazy\" decoding=\"async\" src=\"https:\/\/www.prijedordanas.com\/wp-content\/uploads\/2022\/01\/zamjenik-gradonacelnika-prijedora-zarko-kovacevic-300x225.jpg\" alt=\"\" width=\"300\" height=\"225\" class=\"alignleft size-medium wp-image-179948\" srcset=\"https:\/\/www.prijedordanas.com\/wp-content\/uploads\/2022\/01\/zamjenik-gradonacelnika-prijedora-zarko-kovacevic-300x225.jpg 300w, https:\/\/www.prijedordanas.com\/wp-content\/uploads\/2022\/01\/zamjenik-gradonacelnika-prijedora-zarko-kovacevic-640x480.jpg 640w, https:\/\/www.prijedordanas.com\/wp-content\/uploads\/2022\/01\/zamjenik-gradonacelnika-prijedora-zarko-kovacevic.jpg 667w\" sizes=\"(max-width: 300px) 100vw, 300px\" \/><\/a>Nakon \u0161to objavljeno da je policiji prijavljeno da je zamjenik gradona\u010delnika Prijedora \u017darko Kova\u010devi\u0107 zlostavljao suprugu, oglasio se Kova\u010devi\u0107.<\/p>\n<p>On je Fejsbuku napisao status u kojem zapravo tvrdi kako iza svega \u201cstoji prijedorski lopov protiv kojeg \u0107e sutra podnijeti krivi\u010dnu prijavu\u201d.<\/p>\n<p><strong><a href=\"https:\/\/www.prijedordanas.com\/?p=214201\" rel=\"noopener\" target=\"_blank\">Supruga prijavila zamjenika gradona\u010delnika: Detalji porodi\u010dnog nasilja koje je uzdrmalo Prijedor<\/a><\/strong><\/p>\n<p>\u2013 Mene vi\u0161e ni\u0161ta ne boli, meni izvinjenja ne trebaju. Ne znam samo kako misli onaj ko je ovo platio, kako misli da \u0107e me ovo pokolebati. Naravno da ne\u0107e \u2013 napisao je \u017darko Kova\u010devi\u0107.<\/p>\n<p>Ka\u017ee da \u0107e tu\u017eiti i medije za klevetu, a poru\u010duje kako je psihi\u010dki dovoljno jak da izdr\u017ei.<\/p>\n<p><strong><a href=\"https:\/\/www.prijedordanas.com\/?p=214183\" rel=\"noopener\" target=\"_blank\">\u201cPsihi\u010dki i fizi\u010dki maltretirao suprugu\u201d: Zamjenik gradona\u010delnika Prijedora prijavljen za porodi\u010dno nasilje, on demantuje<\/a><\/strong><\/p>\n<p>Direktor Centra za socijalni rad za Srpskainfo izjavio je da je nevjen\u010dana supruga zamjenika gradona\u010delnika \u017darka Kova\u010devi\u0107a li\u010dno prijavila za nasilje u porodici.<\/p>\n<p><a href=\"https:\/\/srpskainfo.com\/oglasio-se-zarko-kovacevic-zamjenik-gradonacelnika-prijedora-evo-sta-kaze-u-svoju-odbranu\/\" rel=\"noopener\" target=\"_blank\">srpskainfo.com<\/a><\/p>\n","protected":false},"excerpt":{"rendered":"<p>Nakon \u0161to objavljeno da je policiji prijavljeno da je zamjenik gradona\u010delnika Prijedora \u017darko Kova\u010devi\u0107 zlostavljao suprugu, oglasio se Kova\u010devi\u0107. On je Fejsbuku napisao status u kojem zapravo tvrdi kako iza [&hellip;]<\/p>\n","protected":false},"author":1,"featured_media":0,"comment_status":"closed","ping_status":"open","sticky":false,"template":"","format":"standard","meta":{"_monsterinsights_skip_tracking":false,"_monsterinsights_sitenote_active":false,"_monsterinsights_sitenote_note":"","_monsterinsights_sitenote_category":0,"footnotes":""},"categories":[8],"tags":[],"yoast_head":"<!-- This site is optimized with the Yoast SEO plugin v21.6 - https:\/\/yoast.com\/wordpress\/plugins\/seo\/ -->\n<title>&quot;Mene vi\u0161e ni\u0161ta ne boli&quot;: Nakon navoda da je zlostavljao suprugu, oglasio se zamjenik gradona\u010delnika Prijedora, evo \u0161ta ka\u017ee u svoju odbranu - PrijedorDanas.com - Prijedorski gradski portal<\/title>\n<meta name=\"robots\" content=\"index, follow, max-snippet:-1, max-image-preview:large, max-video-preview:-1\" \/>\n<link rel=\"canonical\" href=\"https:\/\/www.prijedordanas.com\/?p=214240\" \/>\n<meta property=\"og:locale\" content=\"en_US\" \/>\n<meta property=\"og:type\" content=\"article\" \/>\n<meta property=\"og:title\" content=\"&quot;Mene vi\u0161e ni\u0161ta ne boli&quot;: Nakon navoda da je zlostavljao suprugu, oglasio se zamjenik gradona\u010delnika Prijedora, evo \u0161ta ka\u017ee u svoju odbranu - PrijedorDanas.com - Prijedorski gradski portal\" \/>\n<meta property=\"og:description\" content=\"Nakon \u0161to objavljeno da je policiji prijavljeno da je zamjenik gradona\u010delnika Prijedora \u017darko Kova\u010devi\u0107 zlostavljao suprugu, oglasio se Kova\u010devi\u0107. On je Fejsbuku napisao status u kojem zapravo tvrdi kako iza [&hellip;]\" \/>\n<meta property=\"og:url\" content=\"https:\/\/www.prijedordanas.com\/?p=214240\" \/>\n<meta property=\"og:site_name\" content=\"PrijedorDanas.com - Prijedorski gradski portal\" \/>\n<meta property=\"article:publisher\" content=\"https:\/\/www.facebook.com\/PrijedorDanasCom\/\" \/>\n<meta property=\"article:published_time\" content=\"2023-11-10T21:10:43+00:00\" \/>\n<meta property=\"article:modified_time\" content=\"2023-11-10T22:38:31+00:00\" \/>\n<meta property=\"og:image\" content=\"https:\/\/www.prijedordanas.com\/wp-content\/uploads\/2022\/01\/zamjenik-gradonacelnika-prijedora-zarko-kovacevic-300x225.jpg\" \/>\n<meta name=\"author\" content=\"admin\" \/>\n<meta name=\"twitter:card\" content=\"summary_large_image\" \/>\n<meta name=\"twitter:label1\" content=\"Written by\" \/>\n\t<meta name=\"twitter:data1\" content=\"admin\" \/>\n<script type=\"application\/ld+json\" class=\"yoast-schema-graph\">{\"@context\":\"https:\/\/schema.org\",\"@graph\":[{\"@type\":\"Article\",\"@id\":\"https:\/\/www.prijedordanas.com\/?p=214240#article\",\"isPartOf\":{\"@id\":\"https:\/\/www.prijedordanas.com\/?p=214240\"},\"author\":{\"name\":\"admin\",\"@id\":\"https:\/\/www.prijedordanas.com\/#\/schema\/person\/4e08ccf29b506ca916ff86d46bb700e6\"},\"headline\":\"&#8220;Mene vi\u0161e ni\u0161ta ne boli&#8221;: Nakon navoda da je zlostavljao suprugu, oglasio se zamjenik gradona\u010delnika Prijedora, evo \u0161ta ka\u017ee u svoju odbranu\",\"datePublished\":\"2023-11-10T21:10:43+00:00\",\"dateModified\":\"2023-11-10T22:38:31+00:00\",\"mainEntityOfPage\":{\"@id\":\"https:\/\/www.prijedordanas.com\/?p=214240\"},\"wordCount\":191,\"publisher\":{\"@id\":\"https:\/\/www.prijedordanas.com\/#organization\"},\"articleSection\":[\"Svakodnevno\"],\"inLanguage\":\"en-US\"},{\"@type\":\"WebPage\",\"@id\":\"https:\/\/www.prijedordanas.com\/?p=214240\",\"url\":\"https:\/\/www.prijedordanas.com\/?p=214240\",\"name\":\"\\\"Mene vi\u0161e ni\u0161ta ne boli\\\": Nakon navoda da je zlostavljao suprugu, oglasio se zamjenik gradona\u010delnika Prijedora, evo \u0161ta ka\u017ee u svoju odbranu - PrijedorDanas.com - Prijedorski gradski portal\",\"isPartOf\":{\"@id\":\"https:\/\/www.prijedordanas.com\/#website\"},\"datePublished\":\"2023-11-10T21:10:43+00:00\",\"dateModified\":\"2023-11-10T22:38:31+00:00\",\"breadcrumb\":{\"@id\":\"https:\/\/www.prijedordanas.com\/?p=214240#breadcrumb\"},\"inLanguage\":\"en-US\",\"potentialAction\":[{\"@type\":\"ReadAction\",\"target\":[\"https:\/\/www.prijedordanas.com\/?p=214240\"]}]},{\"@type\":\"BreadcrumbList\",\"@id\":\"https:\/\/www.prijedordanas.com\/?p=214240#breadcrumb\",\"itemListElement\":[{\"@type\":\"ListItem\",\"position\":1,\"name\":\"Home\",\"item\":\"https:\/\/www.prijedordanas.com\/\"},{\"@type\":\"ListItem\",\"position\":2,\"name\":\"&#8220;Mene vi\u0161e ni\u0161ta ne boli&#8221;: Nakon navoda da je zlostavljao suprugu, oglasio se zamjenik gradona\u010delnika Prijedora, evo \u0161ta ka\u017ee u svoju odbranu\"}]},{\"@type\":\"WebSite\",\"@id\":\"https:\/\/www.prijedordanas.com\/#website\",\"url\":\"https:\/\/www.prijedordanas.com\/\",\"name\":\"PrijedorDanas.com - Prijedorski gradski portal\",\"description\":\"Portal o doga\u0111anjima u gradu Prijedoru\",\"publisher\":{\"@id\":\"https:\/\/www.prijedordanas.com\/#organization\"},\"potentialAction\":[{\"@type\":\"SearchAction\",\"target\":{\"@type\":\"EntryPoint\",\"urlTemplate\":\"https:\/\/www.prijedordanas.com\/?s={search_term_string}\"},\"query-input\":\"required name=search_term_string\"}],\"inLanguage\":\"en-US\"},{\"@type\":\"Organization\",\"@id\":\"https:\/\/www.prijedordanas.com\/#organization\",\"name\":\"PrijedorDanas.com\",\"url\":\"https:\/\/www.prijedordanas.com\/\",\"logo\":{\"@type\":\"ImageObject\",\"inLanguage\":\"en-US\",\"@id\":\"https:\/\/www.prijedordanas.com\/#\/schema\/logo\/image\/\",\"url\":\"http:\/\/www.prijedordanas.com\/wp-content\/uploads\/2021\/12\/logopng.png\",\"contentUrl\":\"http:\/\/www.prijedordanas.com\/wp-content\/uploads\/2021\/12\/logopng.png\",\"width\":1019,\"height\":776,\"caption\":\"PrijedorDanas.com\"},\"image\":{\"@id\":\"https:\/\/www.prijedordanas.com\/#\/schema\/logo\/image\/\"},\"sameAs\":[\"https:\/\/www.facebook.com\/PrijedorDanasCom\/\"]},{\"@type\":\"Person\",\"@id\":\"https:\/\/www.prijedordanas.com\/#\/schema\/person\/4e08ccf29b506ca916ff86d46bb700e6\",\"name\":\"admin\",\"image\":{\"@type\":\"ImageObject\",\"inLanguage\":\"en-US\",\"@id\":\"https:\/\/www.prijedordanas.com\/#\/schema\/person\/image\/\",\"url\":\"https:\/\/secure.gravatar.com\/avatar\/1d3fc949d550f0b53a5f0d51e06dfd79?s=96&d=mm&r=g\",\"contentUrl\":\"https:\/\/secure.gravatar.com\/avatar\/1d3fc949d550f0b53a5f0d51e06dfd79?s=96&d=mm&r=g\",\"caption\":\"admin\"},\"url\":\"https:\/\/www.prijedordanas.com\/?author=1\"}]}<\/script>\n<!-- \/ Yoast SEO plugin. -->","yoast_head_json":{"title":"\"Mene vi\u0161e ni\u0161ta ne boli\": Nakon navoda da je zlostavljao suprugu, oglasio se zamjenik gradona\u010delnika Prijedora, evo \u0161ta ka\u017ee u svoju odbranu - PrijedorDanas.com - Prijedorski gradski portal","robots":{"index":"index","follow":"follow","max-snippet":"max-snippet:-1","max-image-preview":"max-image-preview:large","max-video-preview":"max-video-preview:-1"},"canonical":"https:\/\/www.prijedordanas.com\/?p=214240","og_locale":"en_US","og_type":"article","og_title":"\"Mene vi\u0161e ni\u0161ta ne boli\": Nakon navoda da je zlostavljao suprugu, oglasio se zamjenik gradona\u010delnika Prijedora, evo \u0161ta ka\u017ee u svoju odbranu - PrijedorDanas.com - Prijedorski gradski portal","og_description":"Nakon \u0161to objavljeno da je policiji prijavljeno da je zamjenik gradona\u010delnika Prijedora \u017darko Kova\u010devi\u0107 zlostavljao suprugu, oglasio se Kova\u010devi\u0107. On je Fejsbuku napisao status u kojem zapravo tvrdi kako iza [&hellip;]","og_url":"https:\/\/www.prijedordanas.com\/?p=214240","og_site_name":"PrijedorDanas.com - Prijedorski gradski portal","article_publisher":"https:\/\/www.facebook.com\/PrijedorDanasCom\/","article_published_time":"2023-11-10T21:10:43+00:00","article_modified_time":"2023-11-10T22:38:31+00:00","og_image":[{"url":"https:\/\/www.prijedordanas.com\/wp-content\/uploads\/2022\/01\/zamjenik-gradonacelnika-prijedora-zarko-kovacevic-300x225.jpg"}],"author":"admin","twitter_card":"summary_large_image","twitter_misc":{"Written by":"admin"},"schema":{"@context":"https:\/\/schema.org","@graph":[{"@type":"Article","@id":"https:\/\/www.prijedordanas.com\/?p=214240#article","isPartOf":{"@id":"https:\/\/www.prijedordanas.com\/?p=214240"},"author":{"name":"admin","@id":"https:\/\/www.prijedordanas.com\/#\/schema\/person\/4e08ccf29b506ca916ff86d46bb700e6"},"headline":"&#8220;Mene vi\u0161e ni\u0161ta ne boli&#8221;: Nakon navoda da je zlostavljao suprugu, oglasio se zamjenik gradona\u010delnika Prijedora, evo \u0161ta ka\u017ee u svoju odbranu","datePublished":"2023-11-10T21:10:43+00:00","dateModified":"2023-11-10T22:38:31+00:00","mainEntityOfPage":{"@id":"https:\/\/www.prijedordanas.com\/?p=214240"},"wordCount":191,"publisher":{"@id":"https:\/\/www.prijedordanas.com\/#organization"},"articleSection":["Svakodnevno"],"inLanguage":"en-US"},{"@type":"WebPage","@id":"https:\/\/www.prijedordanas.com\/?p=214240","url":"https:\/\/www.prijedordanas.com\/?p=214240","name":"\"Mene vi\u0161e ni\u0161ta ne boli\": Nakon navoda da je zlostavljao suprugu, oglasio se zamjenik gradona\u010delnika Prijedora, evo \u0161ta ka\u017ee u svoju odbranu - PrijedorDanas.com - Prijedorski gradski portal","isPartOf":{"@id":"https:\/\/www.prijedordanas.com\/#website"},"datePublished":"2023-11-10T21:10:43+00:00","dateModified":"2023-11-10T22:38:31+00:00","breadcrumb":{"@id":"https:\/\/www.prijedordanas.com\/?p=214240#breadcrumb"},"inLanguage":"en-US","potentialAction":[{"@type":"ReadAction","target":["https:\/\/www.prijedordanas.com\/?p=214240"]}]},{"@type":"BreadcrumbList","@id":"https:\/\/www.prijedordanas.com\/?p=214240#breadcrumb","itemListElement":[{"@type":"ListItem","position":1,"name":"Home","item":"https:\/\/www.prijedordanas.com\/"},{"@type":"ListItem","position":2,"name":"&#8220;Mene vi\u0161e ni\u0161ta ne boli&#8221;: Nakon navoda da je zlostavljao suprugu, oglasio se zamjenik gradona\u010delnika Prijedora, evo \u0161ta ka\u017ee u svoju odbranu"}]},{"@type":"WebSite","@id":"https:\/\/www.prijedordanas.com\/#website","url":"https:\/\/www.prijedordanas.com\/","name":"PrijedorDanas.com - Prijedorski gradski portal","description":"Portal o doga\u0111anjima u gradu Prijedoru","publisher":{"@id":"https:\/\/www.prijedordanas.com\/#organization"},"potentialAction":[{"@type":"SearchAction","target":{"@type":"EntryPoint","urlTemplate":"https:\/\/www.prijedordanas.com\/?s={search_term_string}"},"query-input":"required name=search_term_string"}],"inLanguage":"en-US"},{"@type":"Organization","@id":"https:\/\/www.prijedordanas.com\/#organization","name":"PrijedorDanas.com","url":"https:\/\/www.prijedordanas.com\/","logo":{"@type":"ImageObject","inLanguage":"en-US","@id":"https:\/\/www.prijedordanas.com\/#\/schema\/logo\/image\/","url":"http:\/\/www.prijedordanas.com\/wp-content\/uploads\/2021\/12\/logopng.png","contentUrl":"http:\/\/www.prijedordanas.com\/wp-content\/uploads\/2021\/12\/logopng.png","width":1019,"height":776,"caption":"PrijedorDanas.com"},"image":{"@id":"https:\/\/www.prijedordanas.com\/#\/schema\/logo\/image\/"},"sameAs":["https:\/\/www.facebook.com\/PrijedorDanasCom\/"]},{"@type":"Person","@id":"https:\/\/www.prijedordanas.com\/#\/schema\/person\/4e08ccf29b506ca916ff86d46bb700e6","name":"admin","image":{"@type":"ImageObject","inLanguage":"en-US","@id":"https:\/\/www.prijedordanas.com\/#\/schema\/person\/image\/","url":"https:\/\/secure.gravatar.com\/avatar\/1d3fc949d550f0b53a5f0d51e06dfd79?s=96&d=mm&r=g","contentUrl":"https:\/\/secure.gravatar.com\/avatar\/1d3fc949d550f0b53a5f0d51e06dfd79?s=96&d=mm&r=g","caption":"admin"},"url":"https:\/\/www.prijedordanas.com\/?author=1"}]}},"_links":{"self":[{"href":"https:\/\/www.prijedordanas.com\/index.php?rest_route=\/wp\/v2\/posts\/214240"}],"collection":[{"href":"https:\/\/www.prijedordanas.com\/index.php?rest_route=\/wp\/v2\/posts"}],"about":[{"href":"https:\/\/www.prijedordanas.com\/index.php?rest_route=\/wp\/v2\/types\/post"}],"author":[{"embeddable":true,"href":"https:\/\/www.prijedordanas.com\/index.php?rest_route=\/wp\/v2\/users\/1"}],"replies":[{"embeddable":true,"href":"https:\/\/www.prijedordanas.com\/index.php?rest_route=%2Fwp%2Fv2%2Fcomments&post=214240"}],"version-history":[{"count":1,"href":"https:\/\/www.prijedordanas.com\/index.php?rest_route=\/wp\/v2\/posts\/214240\/revisions"}],"predecessor-version":[{"id":214241,"href":"https:\/\/www.prijedordanas.com\/index.php?rest_route=\/wp\/v2\/posts\/214240\/revisions\/214241"}],"wp:attachment":[{"href":"https:\/\/www.prijedordanas.com\/index.php?rest_route=%2Fwp%2Fv2%2Fmedia&parent=214240"}],"wp:term":[{"taxonomy":"category","embeddable":true,"href":"https:\/\/www.prijedordanas.com\/index.php?rest_route=%2Fwp%2Fv2%2Fcategories&post=214240"},{"taxonomy":"post_tag","embeddable":true,"href":"https:\/\/www.prijedordanas.com\/index.php?rest_route=%2Fwp%2Fv2%2Ftags&post=214240"}],"curies":[{"name":"wp","href":"https:\/\/api.w.org\/{rel}","templated":true}]}}