{"id":214170,"date":"2023-11-09T20:47:50","date_gmt":"2023-11-09T19:47:50","guid":{"rendered":"https:\/\/www.prijedordanas.com\/?p=214170"},"modified":"2023-11-10T23:57:03","modified_gmt":"2023-11-10T22:57:03","slug":"prijedor-policija-i-skole-u-preventivnoj-kampanji-budi-sigma-zaustavi-prijavi-vrsnjacko-nasilje-video","status":"publish","type":"post","link":"https:\/\/www.prijedordanas.com\/?p=214170","title":{"rendered":"Prijedor: Policija i \u0161kole u preventivnoj kampanji \u201eBudi sigma! Zaustavi\/prijavi vr\u0161nja\u010dko nasilje!\u201c &#8211; VIDEO"},"content":{"rendered":"<p><a href=\"https:\/\/www.prijedordanas.com\/wp-content\/uploads\/2023\/11\/pu-prijedor-kampanja-budi-sigma-1.jpg\"><img loading=\"lazy\" decoding=\"async\" class=\"alignleft size-medium wp-image-214171\" src=\"https:\/\/www.prijedordanas.com\/wp-content\/uploads\/2023\/11\/pu-prijedor-kampanja-budi-sigma-1-300x225.jpg\" alt=\"\" width=\"300\" height=\"225\" srcset=\"https:\/\/www.prijedordanas.com\/wp-content\/uploads\/2023\/11\/pu-prijedor-kampanja-budi-sigma-1-300x225.jpg 300w, https:\/\/www.prijedordanas.com\/wp-content\/uploads\/2023\/11\/pu-prijedor-kampanja-budi-sigma-1-640x480.jpg 640w, https:\/\/www.prijedordanas.com\/wp-content\/uploads\/2023\/11\/pu-prijedor-kampanja-budi-sigma-1.jpg 667w\" sizes=\"(max-width: 300px) 100vw, 300px\" \/><\/a>Policijski slu\u017ebenici Policijske uprave Prijedor realizuju\u0107i kampanju Ministarstva unutra\u0161njih poslova \u201eBudi sigma! Zaustavi\/prijavi vr\u0161nja\u010dko nasilje!\u201c koja je usmjerena prema u\u010denicima osnovnih i srednjih \u0161kola sa ciljem spre\u010davanja vr\u0161nja\u010dkog nasilja, danas su za u\u010denike Ugostiteljsko-ekonomske \u0161kole u Prijedoru odr\u017eali edukativno predavanje na temu prevencije vr\u0161nja\u010dkog nasilja.<\/p>\n<p>Cilj kampanje je upoznavanje u\u010denika osnovnih i srednjih \u0161kola sa pojmom vr\u0161nja\u010dkog nasilja, na\u010dinom ispoljavanja nasilja me\u0111u djecom i mladima, posljedicama koje ostavlja na \u017ertve nasilja, kao i podizanje svijesti gra\u0111ana o zna\u010daju blagovremenog otkrivanja ovakvih vidova nasilja.<\/p>\n<p><a href=\"https:\/\/www.prijedordanas.com\/wp-content\/uploads\/2023\/11\/pu-prijedor-kampanja-budi-sigma-2.jpg\"><img loading=\"lazy\" decoding=\"async\" src=\"https:\/\/www.prijedordanas.com\/wp-content\/uploads\/2023\/11\/pu-prijedor-kampanja-budi-sigma-2-300x169.jpg\" alt=\"\" width=\"300\" height=\"169\" class=\"alignleft size-medium wp-image-214172\" srcset=\"https:\/\/www.prijedordanas.com\/wp-content\/uploads\/2023\/11\/pu-prijedor-kampanja-budi-sigma-2-300x169.jpg 300w, https:\/\/www.prijedordanas.com\/wp-content\/uploads\/2023\/11\/pu-prijedor-kampanja-budi-sigma-2.jpg 600w\" sizes=\"(max-width: 300px) 100vw, 300px\" \/><\/a>S obzirom da je Ministarstvo unutra\u0161njih poslova Republike Srpske podr\u017ealo realizaciju programa \u201eBriga o djeci \u2013 zajedni\u010dka odgovornost i obaveza\u201c, \u010diji je inicijator Republi\u010dki pedago\u0161ki zavod Republike Srpske, te da su policijski slu\u017ebenici stalni \u010dlanovi \u0161kolskih multisektorskih timova formiranih u okviru programa, kampanja ima za cilj i unapre\u0111enje komunikacije i saradnje sa direktorima \u0161kola i prosvjetnim radnicima, roditeljima i u\u010denicima, kako bi se pobolj\u0161alo me\u0111usobno povjerenje, blagovremeno uo\u010dili konkretni problemi, identifikovali konfliktni pojedinci, a sve sa ciljem spre\u010davanja eskalacije vr\u0161nja\u010dkog nasilja.<\/p>\n<p>U okviru kampanje policijski slu\u017ebenici Policijske uprave Prijedor realizuju predavanja u osnovnim i srednjim \u0161kolama na podru\u010dju prijedorske regije na kojima se u\u010denici upoznaju sa procedurama \u0161ta da urade i kome da se obrate u slu\u010daju da postanu \u017ertva vr\u0161nja\u010dkog nasilja ili imaju saznanja da je neko drugi \u017ertva vr\u0161nja\u010dkog nasilja.<\/p>\n<p>PU Prijedor<\/p>\n<p><iframe loading=\"lazy\" title=\"EDUKATIVNO PREDAVANJE U OKVIRU KAMPANJE \u201cBUDI SIGMA! ZAUSTAVI\/PRIJAVI VR\u0160NJA\u010cKO NASILJE\u201d\" width=\"500\" height=\"281\" src=\"https:\/\/www.youtube.com\/embed\/CCmTEvifTdY?feature=oembed\" frameborder=\"0\" allow=\"accelerometer; autoplay; clipboard-write; encrypted-media; gyroscope; picture-in-picture; web-share\" allowfullscreen><\/iframe><\/p>\n","protected":false},"excerpt":{"rendered":"<p>Policijski slu\u017ebenici Policijske uprave Prijedor realizuju\u0107i kampanju Ministarstva unutra\u0161njih poslova \u201eBudi sigma! Zaustavi\/prijavi vr\u0161nja\u010dko nasilje!\u201c koja je usmjerena prema u\u010denicima osnovnih i srednjih \u0161kola sa ciljem spre\u010davanja vr\u0161nja\u010dkog nasilja, danas [&hellip;]<\/p>\n","protected":false},"author":1,"featured_media":0,"comment_status":"closed","ping_status":"open","sticky":false,"template":"","format":"standard","meta":{"_monsterinsights_skip_tracking":false,"_monsterinsights_sitenote_active":false,"_monsterinsights_sitenote_note":"","_monsterinsights_sitenote_category":0,"footnotes":""},"categories":[7518],"tags":[],"yoast_head":"<!-- This site is optimized with the Yoast SEO plugin v21.6 - https:\/\/yoast.com\/wordpress\/plugins\/seo\/ -->\n<title>Prijedor: Policija i \u0161kole u preventivnoj kampanji \u201eBudi sigma! Zaustavi\/prijavi vr\u0161nja\u010dko nasilje!\u201c - VIDEO - PrijedorDanas.com - Prijedorski gradski portal<\/title>\n<meta name=\"robots\" content=\"index, follow, max-snippet:-1, max-image-preview:large, max-video-preview:-1\" \/>\n<link rel=\"canonical\" href=\"https:\/\/www.prijedordanas.com\/?p=214170\" \/>\n<meta property=\"og:locale\" content=\"en_US\" \/>\n<meta property=\"og:type\" content=\"article\" \/>\n<meta property=\"og:title\" content=\"Prijedor: Policija i \u0161kole u preventivnoj kampanji \u201eBudi sigma! Zaustavi\/prijavi vr\u0161nja\u010dko nasilje!\u201c - VIDEO - PrijedorDanas.com - Prijedorski gradski portal\" \/>\n<meta property=\"og:description\" content=\"Policijski slu\u017ebenici Policijske uprave Prijedor realizuju\u0107i kampanju Ministarstva unutra\u0161njih poslova \u201eBudi sigma! Zaustavi\/prijavi vr\u0161nja\u010dko nasilje!\u201c koja je usmjerena prema u\u010denicima osnovnih i srednjih \u0161kola sa ciljem spre\u010davanja vr\u0161nja\u010dkog nasilja, danas [&hellip;]\" \/>\n<meta property=\"og:url\" content=\"https:\/\/www.prijedordanas.com\/?p=214170\" \/>\n<meta property=\"og:site_name\" content=\"PrijedorDanas.com - Prijedorski gradski portal\" \/>\n<meta property=\"article:publisher\" content=\"https:\/\/www.facebook.com\/PrijedorDanasCom\/\" \/>\n<meta property=\"article:published_time\" content=\"2023-11-09T19:47:50+00:00\" \/>\n<meta property=\"article:modified_time\" content=\"2023-11-10T22:57:03+00:00\" \/>\n<meta property=\"og:image\" content=\"https:\/\/www.prijedordanas.com\/wp-content\/uploads\/2023\/11\/pu-prijedor-kampanja-budi-sigma-1-300x225.jpg\" \/>\n<meta name=\"author\" content=\"admin\" \/>\n<meta name=\"twitter:card\" content=\"summary_large_image\" \/>\n<meta name=\"twitter:label1\" content=\"Written by\" \/>\n\t<meta name=\"twitter:data1\" content=\"admin\" \/>\n\t<meta name=\"twitter:label2\" content=\"Est. reading time\" \/>\n\t<meta name=\"twitter:data2\" content=\"2 minutes\" \/>\n<script type=\"application\/ld+json\" class=\"yoast-schema-graph\">{\"@context\":\"https:\/\/schema.org\",\"@graph\":[{\"@type\":\"Article\",\"@id\":\"https:\/\/www.prijedordanas.com\/?p=214170#article\",\"isPartOf\":{\"@id\":\"https:\/\/www.prijedordanas.com\/?p=214170\"},\"author\":{\"name\":\"admin\",\"@id\":\"https:\/\/www.prijedordanas.com\/#\/schema\/person\/4e08ccf29b506ca916ff86d46bb700e6\"},\"headline\":\"Prijedor: Policija i \u0161kole u preventivnoj kampanji \u201eBudi sigma! Zaustavi\/prijavi vr\u0161nja\u010dko nasilje!\u201c &#8211; VIDEO\",\"datePublished\":\"2023-11-09T19:47:50+00:00\",\"dateModified\":\"2023-11-10T22:57:03+00:00\",\"mainEntityOfPage\":{\"@id\":\"https:\/\/www.prijedordanas.com\/?p=214170\"},\"wordCount\":284,\"publisher\":{\"@id\":\"https:\/\/www.prijedordanas.com\/#organization\"},\"articleSection\":[\"Mladi\"],\"inLanguage\":\"en-US\"},{\"@type\":\"WebPage\",\"@id\":\"https:\/\/www.prijedordanas.com\/?p=214170\",\"url\":\"https:\/\/www.prijedordanas.com\/?p=214170\",\"name\":\"Prijedor: Policija i \u0161kole u preventivnoj kampanji \u201eBudi sigma! Zaustavi\/prijavi vr\u0161nja\u010dko nasilje!\u201c - VIDEO - PrijedorDanas.com - Prijedorski gradski portal\",\"isPartOf\":{\"@id\":\"https:\/\/www.prijedordanas.com\/#website\"},\"datePublished\":\"2023-11-09T19:47:50+00:00\",\"dateModified\":\"2023-11-10T22:57:03+00:00\",\"breadcrumb\":{\"@id\":\"https:\/\/www.prijedordanas.com\/?p=214170#breadcrumb\"},\"inLanguage\":\"en-US\",\"potentialAction\":[{\"@type\":\"ReadAction\",\"target\":[\"https:\/\/www.prijedordanas.com\/?p=214170\"]}]},{\"@type\":\"BreadcrumbList\",\"@id\":\"https:\/\/www.prijedordanas.com\/?p=214170#breadcrumb\",\"itemListElement\":[{\"@type\":\"ListItem\",\"position\":1,\"name\":\"Home\",\"item\":\"https:\/\/www.prijedordanas.com\/\"},{\"@type\":\"ListItem\",\"position\":2,\"name\":\"Prijedor: Policija i \u0161kole u preventivnoj kampanji \u201eBudi sigma! Zaustavi\/prijavi vr\u0161nja\u010dko nasilje!\u201c &#8211; VIDEO\"}]},{\"@type\":\"WebSite\",\"@id\":\"https:\/\/www.prijedordanas.com\/#website\",\"url\":\"https:\/\/www.prijedordanas.com\/\",\"name\":\"PrijedorDanas.com - Prijedorski gradski portal\",\"description\":\"Portal o doga\u0111anjima u gradu Prijedoru\",\"publisher\":{\"@id\":\"https:\/\/www.prijedordanas.com\/#organization\"},\"potentialAction\":[{\"@type\":\"SearchAction\",\"target\":{\"@type\":\"EntryPoint\",\"urlTemplate\":\"https:\/\/www.prijedordanas.com\/?s={search_term_string}\"},\"query-input\":\"required name=search_term_string\"}],\"inLanguage\":\"en-US\"},{\"@type\":\"Organization\",\"@id\":\"https:\/\/www.prijedordanas.com\/#organization\",\"name\":\"PrijedorDanas.com\",\"url\":\"https:\/\/www.prijedordanas.com\/\",\"logo\":{\"@type\":\"ImageObject\",\"inLanguage\":\"en-US\",\"@id\":\"https:\/\/www.prijedordanas.com\/#\/schema\/logo\/image\/\",\"url\":\"http:\/\/www.prijedordanas.com\/wp-content\/uploads\/2021\/12\/logopng.png\",\"contentUrl\":\"http:\/\/www.prijedordanas.com\/wp-content\/uploads\/2021\/12\/logopng.png\",\"width\":1019,\"height\":776,\"caption\":\"PrijedorDanas.com\"},\"image\":{\"@id\":\"https:\/\/www.prijedordanas.com\/#\/schema\/logo\/image\/\"},\"sameAs\":[\"https:\/\/www.facebook.com\/PrijedorDanasCom\/\"]},{\"@type\":\"Person\",\"@id\":\"https:\/\/www.prijedordanas.com\/#\/schema\/person\/4e08ccf29b506ca916ff86d46bb700e6\",\"name\":\"admin\",\"image\":{\"@type\":\"ImageObject\",\"inLanguage\":\"en-US\",\"@id\":\"https:\/\/www.prijedordanas.com\/#\/schema\/person\/image\/\",\"url\":\"https:\/\/secure.gravatar.com\/avatar\/1d3fc949d550f0b53a5f0d51e06dfd79?s=96&d=mm&r=g\",\"contentUrl\":\"https:\/\/secure.gravatar.com\/avatar\/1d3fc949d550f0b53a5f0d51e06dfd79?s=96&d=mm&r=g\",\"caption\":\"admin\"},\"url\":\"https:\/\/www.prijedordanas.com\/?author=1\"}]}<\/script>\n<!-- \/ Yoast SEO plugin. -->","yoast_head_json":{"title":"Prijedor: Policija i \u0161kole u preventivnoj kampanji \u201eBudi sigma! Zaustavi\/prijavi vr\u0161nja\u010dko nasilje!\u201c - VIDEO - PrijedorDanas.com - Prijedorski gradski portal","robots":{"index":"index","follow":"follow","max-snippet":"max-snippet:-1","max-image-preview":"max-image-preview:large","max-video-preview":"max-video-preview:-1"},"canonical":"https:\/\/www.prijedordanas.com\/?p=214170","og_locale":"en_US","og_type":"article","og_title":"Prijedor: Policija i \u0161kole u preventivnoj kampanji \u201eBudi sigma! Zaustavi\/prijavi vr\u0161nja\u010dko nasilje!\u201c - VIDEO - PrijedorDanas.com - Prijedorski gradski portal","og_description":"Policijski slu\u017ebenici Policijske uprave Prijedor realizuju\u0107i kampanju Ministarstva unutra\u0161njih poslova \u201eBudi sigma! Zaustavi\/prijavi vr\u0161nja\u010dko nasilje!\u201c koja je usmjerena prema u\u010denicima osnovnih i srednjih \u0161kola sa ciljem spre\u010davanja vr\u0161nja\u010dkog nasilja, danas [&hellip;]","og_url":"https:\/\/www.prijedordanas.com\/?p=214170","og_site_name":"PrijedorDanas.com - Prijedorski gradski portal","article_publisher":"https:\/\/www.facebook.com\/PrijedorDanasCom\/","article_published_time":"2023-11-09T19:47:50+00:00","article_modified_time":"2023-11-10T22:57:03+00:00","og_image":[{"url":"https:\/\/www.prijedordanas.com\/wp-content\/uploads\/2023\/11\/pu-prijedor-kampanja-budi-sigma-1-300x225.jpg"}],"author":"admin","twitter_card":"summary_large_image","twitter_misc":{"Written by":"admin","Est. reading time":"2 minutes"},"schema":{"@context":"https:\/\/schema.org","@graph":[{"@type":"Article","@id":"https:\/\/www.prijedordanas.com\/?p=214170#article","isPartOf":{"@id":"https:\/\/www.prijedordanas.com\/?p=214170"},"author":{"name":"admin","@id":"https:\/\/www.prijedordanas.com\/#\/schema\/person\/4e08ccf29b506ca916ff86d46bb700e6"},"headline":"Prijedor: Policija i \u0161kole u preventivnoj kampanji \u201eBudi sigma! Zaustavi\/prijavi vr\u0161nja\u010dko nasilje!\u201c &#8211; VIDEO","datePublished":"2023-11-09T19:47:50+00:00","dateModified":"2023-11-10T22:57:03+00:00","mainEntityOfPage":{"@id":"https:\/\/www.prijedordanas.com\/?p=214170"},"wordCount":284,"publisher":{"@id":"https:\/\/www.prijedordanas.com\/#organization"},"articleSection":["Mladi"],"inLanguage":"en-US"},{"@type":"WebPage","@id":"https:\/\/www.prijedordanas.com\/?p=214170","url":"https:\/\/www.prijedordanas.com\/?p=214170","name":"Prijedor: Policija i \u0161kole u preventivnoj kampanji \u201eBudi sigma! Zaustavi\/prijavi vr\u0161nja\u010dko nasilje!\u201c - VIDEO - PrijedorDanas.com - Prijedorski gradski portal","isPartOf":{"@id":"https:\/\/www.prijedordanas.com\/#website"},"datePublished":"2023-11-09T19:47:50+00:00","dateModified":"2023-11-10T22:57:03+00:00","breadcrumb":{"@id":"https:\/\/www.prijedordanas.com\/?p=214170#breadcrumb"},"inLanguage":"en-US","potentialAction":[{"@type":"ReadAction","target":["https:\/\/www.prijedordanas.com\/?p=214170"]}]},{"@type":"BreadcrumbList","@id":"https:\/\/www.prijedordanas.com\/?p=214170#breadcrumb","itemListElement":[{"@type":"ListItem","position":1,"name":"Home","item":"https:\/\/www.prijedordanas.com\/"},{"@type":"ListItem","position":2,"name":"Prijedor: Policija i \u0161kole u preventivnoj kampanji \u201eBudi sigma! Zaustavi\/prijavi vr\u0161nja\u010dko nasilje!\u201c &#8211; VIDEO"}]},{"@type":"WebSite","@id":"https:\/\/www.prijedordanas.com\/#website","url":"https:\/\/www.prijedordanas.com\/","name":"PrijedorDanas.com - Prijedorski gradski portal","description":"Portal o doga\u0111anjima u gradu Prijedoru","publisher":{"@id":"https:\/\/www.prijedordanas.com\/#organization"},"potentialAction":[{"@type":"SearchAction","target":{"@type":"EntryPoint","urlTemplate":"https:\/\/www.prijedordanas.com\/?s={search_term_string}"},"query-input":"required name=search_term_string"}],"inLanguage":"en-US"},{"@type":"Organization","@id":"https:\/\/www.prijedordanas.com\/#organization","name":"PrijedorDanas.com","url":"https:\/\/www.prijedordanas.com\/","logo":{"@type":"ImageObject","inLanguage":"en-US","@id":"https:\/\/www.prijedordanas.com\/#\/schema\/logo\/image\/","url":"http:\/\/www.prijedordanas.com\/wp-content\/uploads\/2021\/12\/logopng.png","contentUrl":"http:\/\/www.prijedordanas.com\/wp-content\/uploads\/2021\/12\/logopng.png","width":1019,"height":776,"caption":"PrijedorDanas.com"},"image":{"@id":"https:\/\/www.prijedordanas.com\/#\/schema\/logo\/image\/"},"sameAs":["https:\/\/www.facebook.com\/PrijedorDanasCom\/"]},{"@type":"Person","@id":"https:\/\/www.prijedordanas.com\/#\/schema\/person\/4e08ccf29b506ca916ff86d46bb700e6","name":"admin","image":{"@type":"ImageObject","inLanguage":"en-US","@id":"https:\/\/www.prijedordanas.com\/#\/schema\/person\/image\/","url":"https:\/\/secure.gravatar.com\/avatar\/1d3fc949d550f0b53a5f0d51e06dfd79?s=96&d=mm&r=g","contentUrl":"https:\/\/secure.gravatar.com\/avatar\/1d3fc949d550f0b53a5f0d51e06dfd79?s=96&d=mm&r=g","caption":"admin"},"url":"https:\/\/www.prijedordanas.com\/?author=1"}]}},"_links":{"self":[{"href":"https:\/\/www.prijedordanas.com\/index.php?rest_route=\/wp\/v2\/posts\/214170"}],"collection":[{"href":"https:\/\/www.prijedordanas.com\/index.php?rest_route=\/wp\/v2\/posts"}],"about":[{"href":"https:\/\/www.prijedordanas.com\/index.php?rest_route=\/wp\/v2\/types\/post"}],"author":[{"embeddable":true,"href":"https:\/\/www.prijedordanas.com\/index.php?rest_route=\/wp\/v2\/users\/1"}],"replies":[{"embeddable":true,"href":"https:\/\/www.prijedordanas.com\/index.php?rest_route=%2Fwp%2Fv2%2Fcomments&post=214170"}],"version-history":[{"count":2,"href":"https:\/\/www.prijedordanas.com\/index.php?rest_route=\/wp\/v2\/posts\/214170\/revisions"}],"predecessor-version":[{"id":214242,"href":"https:\/\/www.prijedordanas.com\/index.php?rest_route=\/wp\/v2\/posts\/214170\/revisions\/214242"}],"wp:attachment":[{"href":"https:\/\/www.prijedordanas.com\/index.php?rest_route=%2Fwp%2Fv2%2Fmedia&parent=214170"}],"wp:term":[{"taxonomy":"category","embeddable":true,"href":"https:\/\/www.prijedordanas.com\/index.php?rest_route=%2Fwp%2Fv2%2Fcategories&post=214170"},{"taxonomy":"post_tag","embeddable":true,"href":"https:\/\/www.prijedordanas.com\/index.php?rest_route=%2Fwp%2Fv2%2Ftags&post=214170"}],"curies":[{"name":"wp","href":"https:\/\/api.w.org\/{rel}","templated":true}]}}