{"id":214162,"date":"2023-11-09T16:46:35","date_gmt":"2023-11-09T15:46:35","guid":{"rendered":"https:\/\/www.prijedordanas.com\/?p=214162"},"modified":"2023-11-09T16:46:35","modified_gmt":"2023-11-09T15:46:35","slug":"konkurs-za-posao-izbor-i-imenovanje-direktora-os-vuk-karadzic-omarska-7","status":"publish","type":"post","link":"https:\/\/www.prijedordanas.com\/?p=214162","title":{"rendered":"Konkurs za posao: Izbor i imenovanje direktora O\u0160 &#8220;Vuk Karad\u017ei\u0107&#8221; Omarska"},"content":{"rendered":"<p><a href=\"https:\/\/www.prijedordanas.com\/wp-content\/uploads\/2022\/11\/os-vuk-karadzic-omarska-2022.jpg\"><img loading=\"lazy\" decoding=\"async\" src=\"https:\/\/www.prijedordanas.com\/wp-content\/uploads\/2022\/11\/os-vuk-karadzic-omarska-2022-300x225.jpg\" alt=\"\" width=\"300\" height=\"225\" class=\"alignleft size-medium wp-image-195319\" srcset=\"https:\/\/www.prijedordanas.com\/wp-content\/uploads\/2022\/11\/os-vuk-karadzic-omarska-2022-300x225.jpg 300w, https:\/\/www.prijedordanas.com\/wp-content\/uploads\/2022\/11\/os-vuk-karadzic-omarska-2022-640x480.jpg 640w, https:\/\/www.prijedordanas.com\/wp-content\/uploads\/2022\/11\/os-vuk-karadzic-omarska-2022.jpg 667w\" sizes=\"(max-width: 300px) 100vw, 300px\" \/><\/a>JU O\u0160 &#8221; Vuk Karad\u017ei\u0107 &#8221;  Omarska, Prijedor<br \/>\nul. Vuka Karad\u017ei\u0107a  bb,<br \/>\n79203 Omarska<\/p>\n<p>KONKURS<br \/>\nZA IZBOR I IMENOVANjE  DIREKTORA \u0160KOLE<\/p>\n<p>OP\u0160TI I POSEBNI USLOVI ZA PRIJEM U RADNI ODNOS<\/p>\n<p>Pored op\u0161tih uslova predvi\u0111enih Zakonom o radu,  kandidati trebaju da ispunjavaju i posebne uslove propisane \u010dlanom 150. Zakona o osnovnom vaspitanju i obrazovanju RS,<\/p>\n<p>1. Op\u0161ti uslovi:<br \/>\n1)da ima op\u0161tu zdravstvenu sposobnost  za rad,<br \/>\n2)da je dr\u017eavljanin Bosne i Hercegovine\/Republike Srpske,<br \/>\n3)da je stariji od 18 godina.<\/p>\n<p>2. Posebni uslovi:<br \/>\nZa direktora \u0161kole mo\u017ee da bude izabran nastavnik ili stru\u010dni saradnik koji<br \/>\n1) ima zavr\u0161en prvi ciklus studija u trajanju od \u010detiri godine i ostvarenih najmanje 240 ECTS bodova ili ekvivalent,<br \/>\n2) ima najmanje pet godina radnog iskustva kao stru\u010dni saradnik ili nastavnik na predmetima koji se izu\u010davaju u osnovnoj \u0161koli nakon sticanja  diplome iz ta\u010dke 1) ovog stava. Radni sta\u017e ostvaren na poslovima direktora \u0161kole ura\u010dunava se u radni sta\u017e tra\u017een \u010dlanom 150 stav 2 ta\u010dka 2 Zakona.<br \/>\n3) nije osu\u0111ivan pravosna\u017enom  presudom na bezuslovnu kaznu  zatvora, protiv kojeg nije  pokrenut krivi\u010dni  postupak za djela  u\u010dinjena protiv dostojanstva  li\u010dnosti, morala, slu\u017ebene du\u017enosti, polnog integriteta, zlostavljanja djeteta, polnog i drugog nasilja nad djetetom ili maloljetnim licem.<br \/>\n4) Kandidati koji ispunjavaju uslove iz \u010dlana 198. stav 1 i 2. Zakona mogu ravnopravno konkurisati na mjesto direktora.<\/p>\n<p>Pored op\u0161tih i posebnih uslova koje kandidat mora da ispunjava, za direktora ne mo\u017ee biti izabrano lice na koje se odnosi \u010dlan ID\u017e stav 1. Ustava Bosne i Hercegovine, tj. nijedno lice koje slu\u017ei kaznu izre\u010denu od Me\u0111unarodnog suda za biv\u0161u Jugoslaviju i nijedno lice koje je pod optu\u017enicom tog suda, a nije se povinovalo nalogu da se pojavi pred Sudom,<\/p>\n<p>Potrebna dokumentacija<br \/>\nKao dokaz o ispunjavanju op\u0161tih i posebnih uslova kandidati su du\u017eni prilo\u017eiti:<br \/>\n1) Prijavu na konkurs,<br \/>\n2) Izvod iz mati\u010dne knjige ro\u0111enih,<br \/>\n3) Uvjerenje o dr\u017eavljanstvu,<br \/>\n4) Diploma o ste\u010denom stepenu stru\u010dne spreme,<br \/>\n5) Potvrdu kojom dokazuje da ima najmanje 5 godina radnog iskustva kao stru\u010dni saradnik ili nastavnik na predmetima koji se izu\u010davaju u osnovnoj \u0161koli nakon sticanja  diplome iz \u010dlana 150. stav 2.  Zakona,<\/p>\n<p>6) Preporuka ranijeg poslodavca, odnosno Nastavni\u010dkog vije\u0107a \u0161kole u kojoj je kandidat zaposlen,<br \/>\n7) Uvjerenje da lice nije osu\u0111ivano pravosna\u017enom presudom na bezuslovnu kaznu zatvora  \u0161kola \u0107e pribaviti slu\u017ebenim putem za imenovanog  kandidata, a prije stupanja na du\u017enost,<br \/>\n8) Uvjerenje da se protiv njega ne vodi krivi\u010dni postupak  za djela u\u010dinjena protiv dostojanstva li\u010dnosti, morala, slu\u017ebene du\u017enosti, polnog integriteta, zlostavljanja djeteta, polnog i drugog nasilja nad djetetom ili maloljetnim licem (ne starije od \u0161est mjeseci),<br \/>\n9) Ljekarsko uvjerenje o psihi\u010dkoj i fizi\u010dkoj sposobnosti za rad sa u\u010denicima, koje prila\u017ee samo imenovani kandidat prije stupanja na du\u017enost,<br \/>\n10) Biografiju sa podacima o kretanju u struci i do sada ostvarenim rezultatima u radu,<br \/>\n11) Program rada direktora za period od 4 godine.           <\/p>\n<p>Konkurs ostaje otvoren 15 (petnaest) dana od dana objavljivanja posredstvom Zavoda za zapo\u0161ljavanje RS.<\/p>\n<p>Mandat direktora traje \u010detiri godine i po\u010dinje te\u0107i od dana stupanja na du\u017enost.<\/p>\n<p>Prijave sa potrebnim dokumentima mogu se dostaviti li\u010dno u \u0161kolu ili putem po\u0161te na adresu \u0161kole, sa naznakom &#8220;Prijava na konkurs za izbor direktora \u0161kole&#8221;.<\/p>\n<p>Dokazi (dokumenta) se dostavljaju u originalu ili ovjerenoj kopiji  u skladu sa zakonom. Neblagovremene i nepotpune prijave, kao i neovjerene kopije prilo\u017eene dokumentacije, ne\u0107e biti uzete u razmatranje.<\/p>\n<p>\u0160kolski odbor \u0107e pismenim putem obavjestiti sve u\u010desnike o rezultatima konkursa u roku od osam dana od prijema odluke Vlade o imenovanju. <\/p>\n<p>Zavod za zapo\u0161ljavanje RS<br \/>\nFoto &#8211; ilustracija<\/p>\n","protected":false},"excerpt":{"rendered":"<p>JU O\u0160 &#8221; Vuk Karad\u017ei\u0107 &#8221; Omarska, Prijedor ul. Vuka Karad\u017ei\u0107a bb, 79203 Omarska KONKURS ZA IZBOR I IMENOVANjE DIREKTORA \u0160KOLE OP\u0160TI I POSEBNI USLOVI ZA PRIJEM U RADNI ODNOS [&hellip;]<\/p>\n","protected":false},"author":1,"featured_media":0,"comment_status":"closed","ping_status":"open","sticky":false,"template":"","format":"standard","meta":{"_monsterinsights_skip_tracking":false,"_monsterinsights_sitenote_active":false,"_monsterinsights_sitenote_note":"","_monsterinsights_sitenote_category":0,"footnotes":""},"categories":[7519],"tags":[597],"yoast_head":"<!-- This site is optimized with the Yoast SEO plugin v21.6 - https:\/\/yoast.com\/wordpress\/plugins\/seo\/ -->\n<title>Konkurs za posao: Izbor i imenovanje direktora O\u0160 &quot;Vuk Karad\u017ei\u0107&quot; Omarska - PrijedorDanas.com - Prijedorski gradski portal<\/title>\n<meta name=\"robots\" content=\"index, follow, max-snippet:-1, max-image-preview:large, max-video-preview:-1\" \/>\n<link rel=\"canonical\" href=\"https:\/\/www.prijedordanas.com\/?p=214162\" \/>\n<meta property=\"og:locale\" content=\"en_US\" \/>\n<meta property=\"og:type\" content=\"article\" \/>\n<meta property=\"og:title\" content=\"Konkurs za posao: Izbor i imenovanje direktora O\u0160 &quot;Vuk Karad\u017ei\u0107&quot; Omarska - PrijedorDanas.com - Prijedorski gradski portal\" \/>\n<meta property=\"og:description\" content=\"JU O\u0160 &#8221; Vuk Karad\u017ei\u0107 &#8221; Omarska, Prijedor ul. Vuka Karad\u017ei\u0107a bb, 79203 Omarska KONKURS ZA IZBOR I IMENOVANjE DIREKTORA \u0160KOLE OP\u0160TI I POSEBNI USLOVI ZA PRIJEM U RADNI ODNOS [&hellip;]\" \/>\n<meta property=\"og:url\" content=\"https:\/\/www.prijedordanas.com\/?p=214162\" \/>\n<meta property=\"og:site_name\" content=\"PrijedorDanas.com - Prijedorski gradski portal\" \/>\n<meta property=\"article:publisher\" content=\"https:\/\/www.facebook.com\/PrijedorDanasCom\/\" \/>\n<meta property=\"article:published_time\" content=\"2023-11-09T15:46:35+00:00\" \/>\n<meta property=\"og:image\" content=\"https:\/\/www.prijedordanas.com\/wp-content\/uploads\/2022\/11\/os-vuk-karadzic-omarska-2022-300x225.jpg\" \/>\n<meta name=\"author\" content=\"admin\" \/>\n<meta name=\"twitter:card\" content=\"summary_large_image\" \/>\n<meta name=\"twitter:label1\" content=\"Written by\" \/>\n\t<meta name=\"twitter:data1\" content=\"admin\" \/>\n<script type=\"application\/ld+json\" class=\"yoast-schema-graph\">{\"@context\":\"https:\/\/schema.org\",\"@graph\":[{\"@type\":\"Article\",\"@id\":\"https:\/\/www.prijedordanas.com\/?p=214162#article\",\"isPartOf\":{\"@id\":\"https:\/\/www.prijedordanas.com\/?p=214162\"},\"author\":{\"name\":\"admin\",\"@id\":\"https:\/\/www.prijedordanas.com\/#\/schema\/person\/4e08ccf29b506ca916ff86d46bb700e6\"},\"headline\":\"Konkurs za posao: Izbor i imenovanje direktora O\u0160 &#8220;Vuk Karad\u017ei\u0107&#8221; Omarska\",\"datePublished\":\"2023-11-09T15:46:35+00:00\",\"dateModified\":\"2023-11-09T15:46:35+00:00\",\"mainEntityOfPage\":{\"@id\":\"https:\/\/www.prijedordanas.com\/?p=214162\"},\"wordCount\":620,\"publisher\":{\"@id\":\"https:\/\/www.prijedordanas.com\/#organization\"},\"keywords\":[\"posao\"],\"articleSection\":[\"Posao\"],\"inLanguage\":\"en-US\"},{\"@type\":\"WebPage\",\"@id\":\"https:\/\/www.prijedordanas.com\/?p=214162\",\"url\":\"https:\/\/www.prijedordanas.com\/?p=214162\",\"name\":\"Konkurs za posao: Izbor i imenovanje direktora O\u0160 \\\"Vuk Karad\u017ei\u0107\\\" Omarska - PrijedorDanas.com - Prijedorski gradski portal\",\"isPartOf\":{\"@id\":\"https:\/\/www.prijedordanas.com\/#website\"},\"datePublished\":\"2023-11-09T15:46:35+00:00\",\"dateModified\":\"2023-11-09T15:46:35+00:00\",\"breadcrumb\":{\"@id\":\"https:\/\/www.prijedordanas.com\/?p=214162#breadcrumb\"},\"inLanguage\":\"en-US\",\"potentialAction\":[{\"@type\":\"ReadAction\",\"target\":[\"https:\/\/www.prijedordanas.com\/?p=214162\"]}]},{\"@type\":\"BreadcrumbList\",\"@id\":\"https:\/\/www.prijedordanas.com\/?p=214162#breadcrumb\",\"itemListElement\":[{\"@type\":\"ListItem\",\"position\":1,\"name\":\"Home\",\"item\":\"https:\/\/www.prijedordanas.com\/\"},{\"@type\":\"ListItem\",\"position\":2,\"name\":\"Konkurs za posao: Izbor i imenovanje direktora O\u0160 &#8220;Vuk Karad\u017ei\u0107&#8221; Omarska\"}]},{\"@type\":\"WebSite\",\"@id\":\"https:\/\/www.prijedordanas.com\/#website\",\"url\":\"https:\/\/www.prijedordanas.com\/\",\"name\":\"PrijedorDanas.com - Prijedorski gradski portal\",\"description\":\"Portal o doga\u0111anjima u gradu Prijedoru\",\"publisher\":{\"@id\":\"https:\/\/www.prijedordanas.com\/#organization\"},\"potentialAction\":[{\"@type\":\"SearchAction\",\"target\":{\"@type\":\"EntryPoint\",\"urlTemplate\":\"https:\/\/www.prijedordanas.com\/?s={search_term_string}\"},\"query-input\":\"required name=search_term_string\"}],\"inLanguage\":\"en-US\"},{\"@type\":\"Organization\",\"@id\":\"https:\/\/www.prijedordanas.com\/#organization\",\"name\":\"PrijedorDanas.com\",\"url\":\"https:\/\/www.prijedordanas.com\/\",\"logo\":{\"@type\":\"ImageObject\",\"inLanguage\":\"en-US\",\"@id\":\"https:\/\/www.prijedordanas.com\/#\/schema\/logo\/image\/\",\"url\":\"http:\/\/www.prijedordanas.com\/wp-content\/uploads\/2021\/12\/logopng.png\",\"contentUrl\":\"http:\/\/www.prijedordanas.com\/wp-content\/uploads\/2021\/12\/logopng.png\",\"width\":1019,\"height\":776,\"caption\":\"PrijedorDanas.com\"},\"image\":{\"@id\":\"https:\/\/www.prijedordanas.com\/#\/schema\/logo\/image\/\"},\"sameAs\":[\"https:\/\/www.facebook.com\/PrijedorDanasCom\/\"]},{\"@type\":\"Person\",\"@id\":\"https:\/\/www.prijedordanas.com\/#\/schema\/person\/4e08ccf29b506ca916ff86d46bb700e6\",\"name\":\"admin\",\"image\":{\"@type\":\"ImageObject\",\"inLanguage\":\"en-US\",\"@id\":\"https:\/\/www.prijedordanas.com\/#\/schema\/person\/image\/\",\"url\":\"https:\/\/secure.gravatar.com\/avatar\/1d3fc949d550f0b53a5f0d51e06dfd79?s=96&d=mm&r=g\",\"contentUrl\":\"https:\/\/secure.gravatar.com\/avatar\/1d3fc949d550f0b53a5f0d51e06dfd79?s=96&d=mm&r=g\",\"caption\":\"admin\"},\"url\":\"https:\/\/www.prijedordanas.com\/?author=1\"}]}<\/script>\n<!-- \/ Yoast SEO plugin. -->","yoast_head_json":{"title":"Konkurs za posao: Izbor i imenovanje direktora O\u0160 \"Vuk Karad\u017ei\u0107\" Omarska - PrijedorDanas.com - Prijedorski gradski portal","robots":{"index":"index","follow":"follow","max-snippet":"max-snippet:-1","max-image-preview":"max-image-preview:large","max-video-preview":"max-video-preview:-1"},"canonical":"https:\/\/www.prijedordanas.com\/?p=214162","og_locale":"en_US","og_type":"article","og_title":"Konkurs za posao: Izbor i imenovanje direktora O\u0160 \"Vuk Karad\u017ei\u0107\" Omarska - PrijedorDanas.com - Prijedorski gradski portal","og_description":"JU O\u0160 &#8221; Vuk Karad\u017ei\u0107 &#8221; Omarska, Prijedor ul. Vuka Karad\u017ei\u0107a bb, 79203 Omarska KONKURS ZA IZBOR I IMENOVANjE DIREKTORA \u0160KOLE OP\u0160TI I POSEBNI USLOVI ZA PRIJEM U RADNI ODNOS [&hellip;]","og_url":"https:\/\/www.prijedordanas.com\/?p=214162","og_site_name":"PrijedorDanas.com - Prijedorski gradski portal","article_publisher":"https:\/\/www.facebook.com\/PrijedorDanasCom\/","article_published_time":"2023-11-09T15:46:35+00:00","og_image":[{"url":"https:\/\/www.prijedordanas.com\/wp-content\/uploads\/2022\/11\/os-vuk-karadzic-omarska-2022-300x225.jpg"}],"author":"admin","twitter_card":"summary_large_image","twitter_misc":{"Written by":"admin"},"schema":{"@context":"https:\/\/schema.org","@graph":[{"@type":"Article","@id":"https:\/\/www.prijedordanas.com\/?p=214162#article","isPartOf":{"@id":"https:\/\/www.prijedordanas.com\/?p=214162"},"author":{"name":"admin","@id":"https:\/\/www.prijedordanas.com\/#\/schema\/person\/4e08ccf29b506ca916ff86d46bb700e6"},"headline":"Konkurs za posao: Izbor i imenovanje direktora O\u0160 &#8220;Vuk Karad\u017ei\u0107&#8221; Omarska","datePublished":"2023-11-09T15:46:35+00:00","dateModified":"2023-11-09T15:46:35+00:00","mainEntityOfPage":{"@id":"https:\/\/www.prijedordanas.com\/?p=214162"},"wordCount":620,"publisher":{"@id":"https:\/\/www.prijedordanas.com\/#organization"},"keywords":["posao"],"articleSection":["Posao"],"inLanguage":"en-US"},{"@type":"WebPage","@id":"https:\/\/www.prijedordanas.com\/?p=214162","url":"https:\/\/www.prijedordanas.com\/?p=214162","name":"Konkurs za posao: Izbor i imenovanje direktora O\u0160 \"Vuk Karad\u017ei\u0107\" Omarska - PrijedorDanas.com - Prijedorski gradski portal","isPartOf":{"@id":"https:\/\/www.prijedordanas.com\/#website"},"datePublished":"2023-11-09T15:46:35+00:00","dateModified":"2023-11-09T15:46:35+00:00","breadcrumb":{"@id":"https:\/\/www.prijedordanas.com\/?p=214162#breadcrumb"},"inLanguage":"en-US","potentialAction":[{"@type":"ReadAction","target":["https:\/\/www.prijedordanas.com\/?p=214162"]}]},{"@type":"BreadcrumbList","@id":"https:\/\/www.prijedordanas.com\/?p=214162#breadcrumb","itemListElement":[{"@type":"ListItem","position":1,"name":"Home","item":"https:\/\/www.prijedordanas.com\/"},{"@type":"ListItem","position":2,"name":"Konkurs za posao: Izbor i imenovanje direktora O\u0160 &#8220;Vuk Karad\u017ei\u0107&#8221; Omarska"}]},{"@type":"WebSite","@id":"https:\/\/www.prijedordanas.com\/#website","url":"https:\/\/www.prijedordanas.com\/","name":"PrijedorDanas.com - Prijedorski gradski portal","description":"Portal o doga\u0111anjima u gradu Prijedoru","publisher":{"@id":"https:\/\/www.prijedordanas.com\/#organization"},"potentialAction":[{"@type":"SearchAction","target":{"@type":"EntryPoint","urlTemplate":"https:\/\/www.prijedordanas.com\/?s={search_term_string}"},"query-input":"required name=search_term_string"}],"inLanguage":"en-US"},{"@type":"Organization","@id":"https:\/\/www.prijedordanas.com\/#organization","name":"PrijedorDanas.com","url":"https:\/\/www.prijedordanas.com\/","logo":{"@type":"ImageObject","inLanguage":"en-US","@id":"https:\/\/www.prijedordanas.com\/#\/schema\/logo\/image\/","url":"http:\/\/www.prijedordanas.com\/wp-content\/uploads\/2021\/12\/logopng.png","contentUrl":"http:\/\/www.prijedordanas.com\/wp-content\/uploads\/2021\/12\/logopng.png","width":1019,"height":776,"caption":"PrijedorDanas.com"},"image":{"@id":"https:\/\/www.prijedordanas.com\/#\/schema\/logo\/image\/"},"sameAs":["https:\/\/www.facebook.com\/PrijedorDanasCom\/"]},{"@type":"Person","@id":"https:\/\/www.prijedordanas.com\/#\/schema\/person\/4e08ccf29b506ca916ff86d46bb700e6","name":"admin","image":{"@type":"ImageObject","inLanguage":"en-US","@id":"https:\/\/www.prijedordanas.com\/#\/schema\/person\/image\/","url":"https:\/\/secure.gravatar.com\/avatar\/1d3fc949d550f0b53a5f0d51e06dfd79?s=96&d=mm&r=g","contentUrl":"https:\/\/secure.gravatar.com\/avatar\/1d3fc949d550f0b53a5f0d51e06dfd79?s=96&d=mm&r=g","caption":"admin"},"url":"https:\/\/www.prijedordanas.com\/?author=1"}]}},"_links":{"self":[{"href":"https:\/\/www.prijedordanas.com\/index.php?rest_route=\/wp\/v2\/posts\/214162"}],"collection":[{"href":"https:\/\/www.prijedordanas.com\/index.php?rest_route=\/wp\/v2\/posts"}],"about":[{"href":"https:\/\/www.prijedordanas.com\/index.php?rest_route=\/wp\/v2\/types\/post"}],"author":[{"embeddable":true,"href":"https:\/\/www.prijedordanas.com\/index.php?rest_route=\/wp\/v2\/users\/1"}],"replies":[{"embeddable":true,"href":"https:\/\/www.prijedordanas.com\/index.php?rest_route=%2Fwp%2Fv2%2Fcomments&post=214162"}],"version-history":[{"count":1,"href":"https:\/\/www.prijedordanas.com\/index.php?rest_route=\/wp\/v2\/posts\/214162\/revisions"}],"predecessor-version":[{"id":214163,"href":"https:\/\/www.prijedordanas.com\/index.php?rest_route=\/wp\/v2\/posts\/214162\/revisions\/214163"}],"wp:attachment":[{"href":"https:\/\/www.prijedordanas.com\/index.php?rest_route=%2Fwp%2Fv2%2Fmedia&parent=214162"}],"wp:term":[{"taxonomy":"category","embeddable":true,"href":"https:\/\/www.prijedordanas.com\/index.php?rest_route=%2Fwp%2Fv2%2Fcategories&post=214162"},{"taxonomy":"post_tag","embeddable":true,"href":"https:\/\/www.prijedordanas.com\/index.php?rest_route=%2Fwp%2Fv2%2Ftags&post=214162"}],"curies":[{"name":"wp","href":"https:\/\/api.w.org\/{rel}","templated":true}]}}