{"id":213812,"date":"2023-11-02T15:26:15","date_gmt":"2023-11-02T14:26:15","guid":{"rendered":"https:\/\/www.prijedordanas.com\/?p=213812"},"modified":"2023-11-02T15:26:15","modified_gmt":"2023-11-02T14:26:15","slug":"os-branko-copic-humanitarni-bazar-za-mladog-prijedorcanina-nenada-anicica-foto","status":"publish","type":"post","link":"https:\/\/www.prijedordanas.com\/?p=213812","title":{"rendered":"O\u0160 &#8220;Branko \u0106opi\u0107&#8221;: Humanitarni bazar za mladog Prijedor\u010danina Nenada Ani\u010di\u0107a &#8211; FOTO"},"content":{"rendered":"<p><a href=\"https:\/\/www.prijedordanas.com\/wp-content\/uploads\/2023\/11\/os-branko-copic-humanitarni-bazar-za-nenada-anicica-1.jpg\"><img loading=\"lazy\" decoding=\"async\" class=\"alignleft size-medium wp-image-213813\" src=\"https:\/\/www.prijedordanas.com\/wp-content\/uploads\/2023\/11\/os-branko-copic-humanitarni-bazar-za-nenada-anicica-1-300x225.jpg\" alt=\"\" width=\"300\" height=\"225\" srcset=\"https:\/\/www.prijedordanas.com\/wp-content\/uploads\/2023\/11\/os-branko-copic-humanitarni-bazar-za-nenada-anicica-1-300x225.jpg 300w, https:\/\/www.prijedordanas.com\/wp-content\/uploads\/2023\/11\/os-branko-copic-humanitarni-bazar-za-nenada-anicica-1-640x480.jpg 640w, https:\/\/www.prijedordanas.com\/wp-content\/uploads\/2023\/11\/os-branko-copic-humanitarni-bazar-za-nenada-anicica-1.jpg 667w\" sizes=\"(max-width: 300px) 100vw, 300px\" \/><\/a>Humanost je ono \u0161to odlikuje u\u010denike Osnovne \u0161kole \u201dBranko \u0106opi\u0107\u201d.<\/p>\n<p>Posljednja u nizu akcija koju su organizovali je humanitarni bazar u dvori\u0161tu \u0161kole, s ciljem prikupljanja sredstava za lije\u010denje njihovog \u0161kolskog druga Nenada Ani\u010di\u0107a.<\/p>\n<p>\u201dSvi zajedno smo se anga\u017eovali, u\u010denici ni\u017eih razreda su sa u\u010diteljicama ne\u0161to nacrtali, napravili, a mi stariji donjeli smo ne\u0161to od ku\u0107e, napravili, kako bi mogli da organizujemo ovaj bazar, skupimo novac i uplatimo za lije\u010denje na\u0161eg drugara Nenada Ani\u010di\u0107a koji je u\u010denik ove \u0161kole i koji te\u0161ko boluje\u201d, rekla je \u0110ur\u0111a Budimir, u\u010denica Osnovne \u0161kole \u201dBranko \u0106opi\u0107\u201d.<\/p>\n<p><a href=\"https:\/\/www.prijedordanas.com\/wp-content\/uploads\/2023\/11\/os-branko-copic-humanitarni-bazar-za-nenada-anicica-5.jpg\"><img loading=\"lazy\" decoding=\"async\" class=\"alignleft size-medium wp-image-213814\" src=\"https:\/\/www.prijedordanas.com\/wp-content\/uploads\/2023\/11\/os-branko-copic-humanitarni-bazar-za-nenada-anicica-5-300x225.jpg\" alt=\"\" width=\"300\" height=\"225\" srcset=\"https:\/\/www.prijedordanas.com\/wp-content\/uploads\/2023\/11\/os-branko-copic-humanitarni-bazar-za-nenada-anicica-5-300x225.jpg 300w, https:\/\/www.prijedordanas.com\/wp-content\/uploads\/2023\/11\/os-branko-copic-humanitarni-bazar-za-nenada-anicica-5-640x480.jpg 640w, https:\/\/www.prijedordanas.com\/wp-content\/uploads\/2023\/11\/os-branko-copic-humanitarni-bazar-za-nenada-anicica-5.jpg 667w\" sizes=\"(max-width: 300px) 100vw, 300px\" \/><\/a>Ideja za ovu humanitarnu pri\u010du inicirana je na Savjetu u\u010denika, a uz nesebi\u010dan odziv svih \u0111aka, uspje\u0161no je realizovana.<\/p>\n<p>\u201dOvdje kad do\u0111u ljudi mogu sva\u0161ta da vide i da kupe, ima hrane, razli\u010ditih igra\u010daka i ostalo. Sav novac od prodaje ide za lije\u010denje na\u0161eg druga\u201d, dodala je Vanja Stjepanovi\u0107, u\u010denica Osnovne \u0161kole \u201dBranko \u0106opi\u0107\u201d.<\/p>\n<p>U ovoj prijedorskoj \u0161koli, ponose se svojim u\u010denicima. Kako isti\u010du, to je samo jedna u nizu humanitarnih akcija.<\/p>\n<p>\u201dZahvaljujem se svim u\u010denicima, roditeljima, svojim kolega i svima onima koji su u\u010destvovali u ovom bazaru i da po\u017eelimo ozdravljenje na\u0161em Nenadu\u201d, dodala je Sanja Munjiza, direktor Osnovne \u0161kole \u201dBranko \u0106opi\u0107\u201d.<\/p>\n<p>Zbog bazara u Osnovnoj \u0161koli \u201cBranko \u0106opi\u0107\u201d, nakratko je prolongiran po\u010detak sjednice Skup\u0161tine grada.<\/p>\n<p>Naime, na prijedlog gradona\u010delnika Prijedora, svi odbornici na \u010delu sa Slobodanom Javorom, obi\u0161li su bazar i u\u010destvovali u ovoj humanitarnoj pri\u010di.<\/p>\n<p><strong><a href=\"https:\/\/kozarski.com\/humanitarni-bazar-za-nenada-anicica\/\" target=\"_blank\" rel=\"noopener\">kozarski.com<\/a><\/strong><\/p>\n<p><a href=\"https:\/\/www.prijedordanas.com\/wp-content\/uploads\/2023\/11\/os-branko-copic-humanitarni-bazar-za-nenada-anicica-2.jpg\"><img loading=\"lazy\" decoding=\"async\" class=\"alignleft size-medium wp-image-213815\" src=\"https:\/\/www.prijedordanas.com\/wp-content\/uploads\/2023\/11\/os-branko-copic-humanitarni-bazar-za-nenada-anicica-2-300x225.jpg\" alt=\"\" width=\"300\" height=\"225\" srcset=\"https:\/\/www.prijedordanas.com\/wp-content\/uploads\/2023\/11\/os-branko-copic-humanitarni-bazar-za-nenada-anicica-2-300x225.jpg 300w, https:\/\/www.prijedordanas.com\/wp-content\/uploads\/2023\/11\/os-branko-copic-humanitarni-bazar-za-nenada-anicica-2-640x480.jpg 640w, https:\/\/www.prijedordanas.com\/wp-content\/uploads\/2023\/11\/os-branko-copic-humanitarni-bazar-za-nenada-anicica-2.jpg 667w\" sizes=\"(max-width: 300px) 100vw, 300px\" \/><\/a> <a href=\"https:\/\/www.prijedordanas.com\/wp-content\/uploads\/2023\/11\/os-branko-copic-humanitarni-bazar-za-nenada-anicica-7.jpg\"><img loading=\"lazy\" decoding=\"async\" class=\"alignleft size-medium wp-image-213817\" src=\"https:\/\/www.prijedordanas.com\/wp-content\/uploads\/2023\/11\/os-branko-copic-humanitarni-bazar-za-nenada-anicica-7-300x225.jpg\" alt=\"\" width=\"300\" height=\"225\" srcset=\"https:\/\/www.prijedordanas.com\/wp-content\/uploads\/2023\/11\/os-branko-copic-humanitarni-bazar-za-nenada-anicica-7-300x225.jpg 300w, https:\/\/www.prijedordanas.com\/wp-content\/uploads\/2023\/11\/os-branko-copic-humanitarni-bazar-za-nenada-anicica-7-640x480.jpg 640w, https:\/\/www.prijedordanas.com\/wp-content\/uploads\/2023\/11\/os-branko-copic-humanitarni-bazar-za-nenada-anicica-7.jpg 667w\" sizes=\"(max-width: 300px) 100vw, 300px\" \/><\/a> <a href=\"https:\/\/www.prijedordanas.com\/wp-content\/uploads\/2023\/11\/os-branko-copic-humanitarni-bazar-za-nenada-anicica-8.jpg\"><img loading=\"lazy\" decoding=\"async\" class=\"alignleft size-medium wp-image-213818\" src=\"https:\/\/www.prijedordanas.com\/wp-content\/uploads\/2023\/11\/os-branko-copic-humanitarni-bazar-za-nenada-anicica-8-300x225.jpg\" alt=\"\" width=\"300\" height=\"225\" srcset=\"https:\/\/www.prijedordanas.com\/wp-content\/uploads\/2023\/11\/os-branko-copic-humanitarni-bazar-za-nenada-anicica-8-300x225.jpg 300w, https:\/\/www.prijedordanas.com\/wp-content\/uploads\/2023\/11\/os-branko-copic-humanitarni-bazar-za-nenada-anicica-8-640x480.jpg 640w, https:\/\/www.prijedordanas.com\/wp-content\/uploads\/2023\/11\/os-branko-copic-humanitarni-bazar-za-nenada-anicica-8.jpg 667w\" sizes=\"(max-width: 300px) 100vw, 300px\" \/><\/a> <a href=\"https:\/\/www.prijedordanas.com\/wp-content\/uploads\/2023\/11\/os-branko-copic-humanitarni-bazar-za-nenada-anicica-3.jpg\"><img loading=\"lazy\" decoding=\"async\" src=\"https:\/\/www.prijedordanas.com\/wp-content\/uploads\/2023\/11\/os-branko-copic-humanitarni-bazar-za-nenada-anicica-3-300x225.jpg\" alt=\"\" width=\"300\" height=\"225\" class=\"alignleft size-medium wp-image-213819\" srcset=\"https:\/\/www.prijedordanas.com\/wp-content\/uploads\/2023\/11\/os-branko-copic-humanitarni-bazar-za-nenada-anicica-3-300x225.jpg 300w, https:\/\/www.prijedordanas.com\/wp-content\/uploads\/2023\/11\/os-branko-copic-humanitarni-bazar-za-nenada-anicica-3-640x480.jpg 640w, https:\/\/www.prijedordanas.com\/wp-content\/uploads\/2023\/11\/os-branko-copic-humanitarni-bazar-za-nenada-anicica-3.jpg 667w\" sizes=\"(max-width: 300px) 100vw, 300px\" \/><\/a> <a href=\"https:\/\/www.prijedordanas.com\/wp-content\/uploads\/2023\/11\/os-branko-copic-humanitarni-bazar-za-nenada-anicica-13.jpg\"><img loading=\"lazy\" decoding=\"async\" class=\"alignleft size-medium wp-image-213816\" src=\"https:\/\/www.prijedordanas.com\/wp-content\/uploads\/2023\/11\/os-branko-copic-humanitarni-bazar-za-nenada-anicica-13-300x200.jpg\" alt=\"\" width=\"300\" height=\"200\" srcset=\"https:\/\/www.prijedordanas.com\/wp-content\/uploads\/2023\/11\/os-branko-copic-humanitarni-bazar-za-nenada-anicica-13-300x200.jpg 300w, https:\/\/www.prijedordanas.com\/wp-content\/uploads\/2023\/11\/os-branko-copic-humanitarni-bazar-za-nenada-anicica-13-480x320.jpg 480w, https:\/\/www.prijedordanas.com\/wp-content\/uploads\/2023\/11\/os-branko-copic-humanitarni-bazar-za-nenada-anicica-13.jpg 600w\" sizes=\"(max-width: 300px) 100vw, 300px\" \/><\/a> <a href=\"https:\/\/www.prijedordanas.com\/wp-content\/uploads\/2023\/11\/os-branko-copic-humanitarni-bazar-za-nenada-anicica-14.jpg\"><img loading=\"lazy\" decoding=\"async\" src=\"https:\/\/www.prijedordanas.com\/wp-content\/uploads\/2023\/11\/os-branko-copic-humanitarni-bazar-za-nenada-anicica-14-300x200.jpg\" alt=\"\" width=\"300\" height=\"200\" class=\"alignleft size-medium wp-image-213820\" srcset=\"https:\/\/www.prijedordanas.com\/wp-content\/uploads\/2023\/11\/os-branko-copic-humanitarni-bazar-za-nenada-anicica-14-300x200.jpg 300w, https:\/\/www.prijedordanas.com\/wp-content\/uploads\/2023\/11\/os-branko-copic-humanitarni-bazar-za-nenada-anicica-14-480x320.jpg 480w, https:\/\/www.prijedordanas.com\/wp-content\/uploads\/2023\/11\/os-branko-copic-humanitarni-bazar-za-nenada-anicica-14.jpg 600w\" sizes=\"(max-width: 300px) 100vw, 300px\" \/><\/a> <a href=\"https:\/\/www.prijedordanas.com\/wp-content\/uploads\/2023\/11\/os-branko-copic-humanitarni-bazar-za-nenada-anicica-9.jpg\"><img loading=\"lazy\" decoding=\"async\" src=\"https:\/\/www.prijedordanas.com\/wp-content\/uploads\/2023\/11\/os-branko-copic-humanitarni-bazar-za-nenada-anicica-9-300x200.jpg\" alt=\"\" width=\"300\" height=\"200\" class=\"alignleft size-medium wp-image-213821\" srcset=\"https:\/\/www.prijedordanas.com\/wp-content\/uploads\/2023\/11\/os-branko-copic-humanitarni-bazar-za-nenada-anicica-9-300x200.jpg 300w, https:\/\/www.prijedordanas.com\/wp-content\/uploads\/2023\/11\/os-branko-copic-humanitarni-bazar-za-nenada-anicica-9-480x320.jpg 480w, https:\/\/www.prijedordanas.com\/wp-content\/uploads\/2023\/11\/os-branko-copic-humanitarni-bazar-za-nenada-anicica-9.jpg 600w\" sizes=\"(max-width: 300px) 100vw, 300px\" \/><\/a> <a href=\"https:\/\/www.prijedordanas.com\/wp-content\/uploads\/2023\/11\/os-branko-copic-humanitarni-bazar-za-nenada-anicica-10.jpg\"><img loading=\"lazy\" decoding=\"async\" src=\"https:\/\/www.prijedordanas.com\/wp-content\/uploads\/2023\/11\/os-branko-copic-humanitarni-bazar-za-nenada-anicica-10-300x200.jpg\" alt=\"\" width=\"300\" height=\"200\" class=\"alignleft size-medium wp-image-213822\" srcset=\"https:\/\/www.prijedordanas.com\/wp-content\/uploads\/2023\/11\/os-branko-copic-humanitarni-bazar-za-nenada-anicica-10-300x200.jpg 300w, https:\/\/www.prijedordanas.com\/wp-content\/uploads\/2023\/11\/os-branko-copic-humanitarni-bazar-za-nenada-anicica-10-480x320.jpg 480w, https:\/\/www.prijedordanas.com\/wp-content\/uploads\/2023\/11\/os-branko-copic-humanitarni-bazar-za-nenada-anicica-10.jpg 600w\" sizes=\"(max-width: 300px) 100vw, 300px\" \/><\/a><\/p>\n","protected":false},"excerpt":{"rendered":"<p>Humanost je ono \u0161to odlikuje u\u010denike Osnovne \u0161kole \u201dBranko \u0106opi\u0107\u201d. Posljednja u nizu akcija koju su organizovali je humanitarni bazar u dvori\u0161tu \u0161kole, s ciljem prikupljanja sredstava za lije\u010denje njihovog [&hellip;]<\/p>\n","protected":false},"author":1,"featured_media":0,"comment_status":"closed","ping_status":"open","sticky":false,"template":"","format":"standard","meta":{"_monsterinsights_skip_tracking":false,"_monsterinsights_sitenote_active":false,"_monsterinsights_sitenote_note":"","_monsterinsights_sitenote_category":0,"footnotes":""},"categories":[7515,7518],"tags":[],"yoast_head":"<!-- This site is optimized with the Yoast SEO plugin v21.6 - https:\/\/yoast.com\/wordpress\/plugins\/seo\/ -->\n<title>O\u0160 &quot;Branko \u0106opi\u0107&quot;: Humanitarni bazar za mladog Prijedor\u010danina Nenada Ani\u010di\u0107a - FOTO - PrijedorDanas.com - Prijedorski gradski portal<\/title>\n<meta name=\"robots\" content=\"index, follow, max-snippet:-1, max-image-preview:large, max-video-preview:-1\" \/>\n<link rel=\"canonical\" href=\"https:\/\/www.prijedordanas.com\/?p=213812\" \/>\n<meta property=\"og:locale\" content=\"en_US\" \/>\n<meta property=\"og:type\" content=\"article\" \/>\n<meta property=\"og:title\" content=\"O\u0160 &quot;Branko \u0106opi\u0107&quot;: Humanitarni bazar za mladog Prijedor\u010danina Nenada Ani\u010di\u0107a - FOTO - PrijedorDanas.com - Prijedorski gradski portal\" \/>\n<meta property=\"og:description\" content=\"Humanost je ono \u0161to odlikuje u\u010denike Osnovne \u0161kole \u201dBranko \u0106opi\u0107\u201d. Posljednja u nizu akcija koju su organizovali je humanitarni bazar u dvori\u0161tu \u0161kole, s ciljem prikupljanja sredstava za lije\u010denje njihovog [&hellip;]\" \/>\n<meta property=\"og:url\" content=\"https:\/\/www.prijedordanas.com\/?p=213812\" \/>\n<meta property=\"og:site_name\" content=\"PrijedorDanas.com - Prijedorski gradski portal\" \/>\n<meta property=\"article:publisher\" content=\"https:\/\/www.facebook.com\/PrijedorDanasCom\/\" \/>\n<meta property=\"article:published_time\" content=\"2023-11-02T14:26:15+00:00\" \/>\n<meta property=\"og:image\" content=\"https:\/\/www.prijedordanas.com\/wp-content\/uploads\/2023\/11\/os-branko-copic-humanitarni-bazar-za-nenada-anicica-1-300x225.jpg\" \/>\n<meta name=\"author\" content=\"admin\" \/>\n<meta name=\"twitter:card\" content=\"summary_large_image\" \/>\n<meta name=\"twitter:label1\" content=\"Written by\" \/>\n\t<meta name=\"twitter:data1\" content=\"admin\" \/>\n\t<meta name=\"twitter:label2\" content=\"Est. reading time\" \/>\n\t<meta name=\"twitter:data2\" content=\"3 minutes\" \/>\n<script type=\"application\/ld+json\" class=\"yoast-schema-graph\">{\"@context\":\"https:\/\/schema.org\",\"@graph\":[{\"@type\":\"Article\",\"@id\":\"https:\/\/www.prijedordanas.com\/?p=213812#article\",\"isPartOf\":{\"@id\":\"https:\/\/www.prijedordanas.com\/?p=213812\"},\"author\":{\"name\":\"admin\",\"@id\":\"https:\/\/www.prijedordanas.com\/#\/schema\/person\/4e08ccf29b506ca916ff86d46bb700e6\"},\"headline\":\"O\u0160 &#8220;Branko \u0106opi\u0107&#8221;: Humanitarni bazar za mladog Prijedor\u010danina Nenada Ani\u010di\u0107a &#8211; FOTO\",\"datePublished\":\"2023-11-02T14:26:15+00:00\",\"dateModified\":\"2023-11-02T14:26:15+00:00\",\"mainEntityOfPage\":{\"@id\":\"https:\/\/www.prijedordanas.com\/?p=213812\"},\"wordCount\":290,\"publisher\":{\"@id\":\"https:\/\/www.prijedordanas.com\/#organization\"},\"articleSection\":[\"Foto dana\",\"Mladi\"],\"inLanguage\":\"en-US\"},{\"@type\":\"WebPage\",\"@id\":\"https:\/\/www.prijedordanas.com\/?p=213812\",\"url\":\"https:\/\/www.prijedordanas.com\/?p=213812\",\"name\":\"O\u0160 \\\"Branko \u0106opi\u0107\\\": Humanitarni bazar za mladog Prijedor\u010danina Nenada Ani\u010di\u0107a - FOTO - PrijedorDanas.com - Prijedorski gradski portal\",\"isPartOf\":{\"@id\":\"https:\/\/www.prijedordanas.com\/#website\"},\"datePublished\":\"2023-11-02T14:26:15+00:00\",\"dateModified\":\"2023-11-02T14:26:15+00:00\",\"breadcrumb\":{\"@id\":\"https:\/\/www.prijedordanas.com\/?p=213812#breadcrumb\"},\"inLanguage\":\"en-US\",\"potentialAction\":[{\"@type\":\"ReadAction\",\"target\":[\"https:\/\/www.prijedordanas.com\/?p=213812\"]}]},{\"@type\":\"BreadcrumbList\",\"@id\":\"https:\/\/www.prijedordanas.com\/?p=213812#breadcrumb\",\"itemListElement\":[{\"@type\":\"ListItem\",\"position\":1,\"name\":\"Home\",\"item\":\"https:\/\/www.prijedordanas.com\/\"},{\"@type\":\"ListItem\",\"position\":2,\"name\":\"O\u0160 &#8220;Branko \u0106opi\u0107&#8221;: Humanitarni bazar za mladog Prijedor\u010danina Nenada Ani\u010di\u0107a &#8211; FOTO\"}]},{\"@type\":\"WebSite\",\"@id\":\"https:\/\/www.prijedordanas.com\/#website\",\"url\":\"https:\/\/www.prijedordanas.com\/\",\"name\":\"PrijedorDanas.com - Prijedorski gradski portal\",\"description\":\"Portal o doga\u0111anjima u gradu Prijedoru\",\"publisher\":{\"@id\":\"https:\/\/www.prijedordanas.com\/#organization\"},\"potentialAction\":[{\"@type\":\"SearchAction\",\"target\":{\"@type\":\"EntryPoint\",\"urlTemplate\":\"https:\/\/www.prijedordanas.com\/?s={search_term_string}\"},\"query-input\":\"required name=search_term_string\"}],\"inLanguage\":\"en-US\"},{\"@type\":\"Organization\",\"@id\":\"https:\/\/www.prijedordanas.com\/#organization\",\"name\":\"PrijedorDanas.com\",\"url\":\"https:\/\/www.prijedordanas.com\/\",\"logo\":{\"@type\":\"ImageObject\",\"inLanguage\":\"en-US\",\"@id\":\"https:\/\/www.prijedordanas.com\/#\/schema\/logo\/image\/\",\"url\":\"http:\/\/www.prijedordanas.com\/wp-content\/uploads\/2021\/12\/logopng.png\",\"contentUrl\":\"http:\/\/www.prijedordanas.com\/wp-content\/uploads\/2021\/12\/logopng.png\",\"width\":1019,\"height\":776,\"caption\":\"PrijedorDanas.com\"},\"image\":{\"@id\":\"https:\/\/www.prijedordanas.com\/#\/schema\/logo\/image\/\"},\"sameAs\":[\"https:\/\/www.facebook.com\/PrijedorDanasCom\/\"]},{\"@type\":\"Person\",\"@id\":\"https:\/\/www.prijedordanas.com\/#\/schema\/person\/4e08ccf29b506ca916ff86d46bb700e6\",\"name\":\"admin\",\"image\":{\"@type\":\"ImageObject\",\"inLanguage\":\"en-US\",\"@id\":\"https:\/\/www.prijedordanas.com\/#\/schema\/person\/image\/\",\"url\":\"https:\/\/secure.gravatar.com\/avatar\/1d3fc949d550f0b53a5f0d51e06dfd79?s=96&d=mm&r=g\",\"contentUrl\":\"https:\/\/secure.gravatar.com\/avatar\/1d3fc949d550f0b53a5f0d51e06dfd79?s=96&d=mm&r=g\",\"caption\":\"admin\"},\"url\":\"https:\/\/www.prijedordanas.com\/?author=1\"}]}<\/script>\n<!-- \/ Yoast SEO plugin. -->","yoast_head_json":{"title":"O\u0160 \"Branko \u0106opi\u0107\": Humanitarni bazar za mladog Prijedor\u010danina Nenada Ani\u010di\u0107a - FOTO - PrijedorDanas.com - Prijedorski gradski portal","robots":{"index":"index","follow":"follow","max-snippet":"max-snippet:-1","max-image-preview":"max-image-preview:large","max-video-preview":"max-video-preview:-1"},"canonical":"https:\/\/www.prijedordanas.com\/?p=213812","og_locale":"en_US","og_type":"article","og_title":"O\u0160 \"Branko \u0106opi\u0107\": Humanitarni bazar za mladog Prijedor\u010danina Nenada Ani\u010di\u0107a - FOTO - PrijedorDanas.com - Prijedorski gradski portal","og_description":"Humanost je ono \u0161to odlikuje u\u010denike Osnovne \u0161kole \u201dBranko \u0106opi\u0107\u201d. Posljednja u nizu akcija koju su organizovali je humanitarni bazar u dvori\u0161tu \u0161kole, s ciljem prikupljanja sredstava za lije\u010denje njihovog [&hellip;]","og_url":"https:\/\/www.prijedordanas.com\/?p=213812","og_site_name":"PrijedorDanas.com - Prijedorski gradski portal","article_publisher":"https:\/\/www.facebook.com\/PrijedorDanasCom\/","article_published_time":"2023-11-02T14:26:15+00:00","og_image":[{"url":"https:\/\/www.prijedordanas.com\/wp-content\/uploads\/2023\/11\/os-branko-copic-humanitarni-bazar-za-nenada-anicica-1-300x225.jpg"}],"author":"admin","twitter_card":"summary_large_image","twitter_misc":{"Written by":"admin","Est. reading time":"3 minutes"},"schema":{"@context":"https:\/\/schema.org","@graph":[{"@type":"Article","@id":"https:\/\/www.prijedordanas.com\/?p=213812#article","isPartOf":{"@id":"https:\/\/www.prijedordanas.com\/?p=213812"},"author":{"name":"admin","@id":"https:\/\/www.prijedordanas.com\/#\/schema\/person\/4e08ccf29b506ca916ff86d46bb700e6"},"headline":"O\u0160 &#8220;Branko \u0106opi\u0107&#8221;: Humanitarni bazar za mladog Prijedor\u010danina Nenada Ani\u010di\u0107a &#8211; FOTO","datePublished":"2023-11-02T14:26:15+00:00","dateModified":"2023-11-02T14:26:15+00:00","mainEntityOfPage":{"@id":"https:\/\/www.prijedordanas.com\/?p=213812"},"wordCount":290,"publisher":{"@id":"https:\/\/www.prijedordanas.com\/#organization"},"articleSection":["Foto dana","Mladi"],"inLanguage":"en-US"},{"@type":"WebPage","@id":"https:\/\/www.prijedordanas.com\/?p=213812","url":"https:\/\/www.prijedordanas.com\/?p=213812","name":"O\u0160 \"Branko \u0106opi\u0107\": Humanitarni bazar za mladog Prijedor\u010danina Nenada Ani\u010di\u0107a - FOTO - PrijedorDanas.com - Prijedorski gradski portal","isPartOf":{"@id":"https:\/\/www.prijedordanas.com\/#website"},"datePublished":"2023-11-02T14:26:15+00:00","dateModified":"2023-11-02T14:26:15+00:00","breadcrumb":{"@id":"https:\/\/www.prijedordanas.com\/?p=213812#breadcrumb"},"inLanguage":"en-US","potentialAction":[{"@type":"ReadAction","target":["https:\/\/www.prijedordanas.com\/?p=213812"]}]},{"@type":"BreadcrumbList","@id":"https:\/\/www.prijedordanas.com\/?p=213812#breadcrumb","itemListElement":[{"@type":"ListItem","position":1,"name":"Home","item":"https:\/\/www.prijedordanas.com\/"},{"@type":"ListItem","position":2,"name":"O\u0160 &#8220;Branko \u0106opi\u0107&#8221;: Humanitarni bazar za mladog Prijedor\u010danina Nenada Ani\u010di\u0107a &#8211; FOTO"}]},{"@type":"WebSite","@id":"https:\/\/www.prijedordanas.com\/#website","url":"https:\/\/www.prijedordanas.com\/","name":"PrijedorDanas.com - Prijedorski gradski portal","description":"Portal o doga\u0111anjima u gradu Prijedoru","publisher":{"@id":"https:\/\/www.prijedordanas.com\/#organization"},"potentialAction":[{"@type":"SearchAction","target":{"@type":"EntryPoint","urlTemplate":"https:\/\/www.prijedordanas.com\/?s={search_term_string}"},"query-input":"required name=search_term_string"}],"inLanguage":"en-US"},{"@type":"Organization","@id":"https:\/\/www.prijedordanas.com\/#organization","name":"PrijedorDanas.com","url":"https:\/\/www.prijedordanas.com\/","logo":{"@type":"ImageObject","inLanguage":"en-US","@id":"https:\/\/www.prijedordanas.com\/#\/schema\/logo\/image\/","url":"http:\/\/www.prijedordanas.com\/wp-content\/uploads\/2021\/12\/logopng.png","contentUrl":"http:\/\/www.prijedordanas.com\/wp-content\/uploads\/2021\/12\/logopng.png","width":1019,"height":776,"caption":"PrijedorDanas.com"},"image":{"@id":"https:\/\/www.prijedordanas.com\/#\/schema\/logo\/image\/"},"sameAs":["https:\/\/www.facebook.com\/PrijedorDanasCom\/"]},{"@type":"Person","@id":"https:\/\/www.prijedordanas.com\/#\/schema\/person\/4e08ccf29b506ca916ff86d46bb700e6","name":"admin","image":{"@type":"ImageObject","inLanguage":"en-US","@id":"https:\/\/www.prijedordanas.com\/#\/schema\/person\/image\/","url":"https:\/\/secure.gravatar.com\/avatar\/1d3fc949d550f0b53a5f0d51e06dfd79?s=96&d=mm&r=g","contentUrl":"https:\/\/secure.gravatar.com\/avatar\/1d3fc949d550f0b53a5f0d51e06dfd79?s=96&d=mm&r=g","caption":"admin"},"url":"https:\/\/www.prijedordanas.com\/?author=1"}]}},"_links":{"self":[{"href":"https:\/\/www.prijedordanas.com\/index.php?rest_route=\/wp\/v2\/posts\/213812"}],"collection":[{"href":"https:\/\/www.prijedordanas.com\/index.php?rest_route=\/wp\/v2\/posts"}],"about":[{"href":"https:\/\/www.prijedordanas.com\/index.php?rest_route=\/wp\/v2\/types\/post"}],"author":[{"embeddable":true,"href":"https:\/\/www.prijedordanas.com\/index.php?rest_route=\/wp\/v2\/users\/1"}],"replies":[{"embeddable":true,"href":"https:\/\/www.prijedordanas.com\/index.php?rest_route=%2Fwp%2Fv2%2Fcomments&post=213812"}],"version-history":[{"count":1,"href":"https:\/\/www.prijedordanas.com\/index.php?rest_route=\/wp\/v2\/posts\/213812\/revisions"}],"predecessor-version":[{"id":213823,"href":"https:\/\/www.prijedordanas.com\/index.php?rest_route=\/wp\/v2\/posts\/213812\/revisions\/213823"}],"wp:attachment":[{"href":"https:\/\/www.prijedordanas.com\/index.php?rest_route=%2Fwp%2Fv2%2Fmedia&parent=213812"}],"wp:term":[{"taxonomy":"category","embeddable":true,"href":"https:\/\/www.prijedordanas.com\/index.php?rest_route=%2Fwp%2Fv2%2Fcategories&post=213812"},{"taxonomy":"post_tag","embeddable":true,"href":"https:\/\/www.prijedordanas.com\/index.php?rest_route=%2Fwp%2Fv2%2Ftags&post=213812"}],"curies":[{"name":"wp","href":"https:\/\/api.w.org\/{rel}","templated":true}]}}