{"id":213693,"date":"2023-10-31T16:36:10","date_gmt":"2023-10-31T15:36:10","guid":{"rendered":"https:\/\/www.prijedordanas.com\/?p=213693"},"modified":"2023-10-31T18:42:57","modified_gmt":"2023-10-31T17:42:57","slug":"prijedor-obiljezena-slava-muzeja-kozare-sveti-luka","status":"publish","type":"post","link":"https:\/\/www.prijedordanas.com\/?p=213693","title":{"rendered":"Prijedor: Obilje\u017eena slava Muzeja Kozare, Sveti Luka &#8211; VIDEO"},"content":{"rendered":"<p><a href=\"https:\/\/www.prijedordanas.com\/wp-content\/uploads\/2023\/10\/kozarski-slava-muzeja-kozare.jpg\"><img loading=\"lazy\" decoding=\"async\" src=\"https:\/\/www.prijedordanas.com\/wp-content\/uploads\/2023\/10\/kozarski-slava-muzeja-kozare-300x225.jpg\" alt=\"\" width=\"300\" height=\"225\" class=\"alignleft size-medium wp-image-213694\" srcset=\"https:\/\/www.prijedordanas.com\/wp-content\/uploads\/2023\/10\/kozarski-slava-muzeja-kozare-300x225.jpg 300w, https:\/\/www.prijedordanas.com\/wp-content\/uploads\/2023\/10\/kozarski-slava-muzeja-kozare-640x480.jpg 640w, https:\/\/www.prijedordanas.com\/wp-content\/uploads\/2023\/10\/kozarski-slava-muzeja-kozare.jpg 667w\" sizes=\"(max-width: 300px) 100vw, 300px\" \/><\/a>Srpska pravoslavna crkva i vjernici danas proslavljaju Svetog apostola i jevan\u0111elistu Luku i Svetog Petra Cetinjskog. Sveti Luka je bio me\u0111u prvim propovjednicima hri\u0161\u0107anstva, savremenik Isusa Hrista i jedan od pisaca \u010detvorojevan\u0111elja. Crkva ga smatra osniva\u010dem hri\u0161\u0107anskog ikonopisa. Kao krsnu slavu, u Muzeju Kozare ga obilje\u017eavaju od 1993. godine. Slavski ru\u010dak uprili\u010den je u zgradi Muzeja.<\/p>\n<p>\u201c\u017delim svim pravoslavnim vjernicima koji danas slave, da \u010destitam Svetog Luku i da im po\u017eelim isto \u0161to \u017eelim i radnicima Muzeja, a to je mir i blagostanje\u201d, rekla je Dragana Mami\u0107, direktor Muzeja Kozare. Ona je najavila novu arheolo\u0161ku izlo\u017ebu koja \u0107e biti otvorena u ponedjeljak, 6. novembra, u 19 \u010dasova.<\/p>\n<p>Obilje\u017eavanju slave Muzeja Kozare, izme\u0111u ostalih, prisustvovali su predstavnici Gradske uprave Prijedor koji su potvrdili dobru saradnju sa ovom ustanovom.<\/p>\n<p>\u201cOvo su situacije koje nas dodatno povezuju. Drago mi je da smo danas okupljeni oko ove slavske trpeze. Iskoristi\u0107u priliku da svim uposlenicima i rukovodstvu Muzeja Kozare \u010destitam slavu, Svetog Luku\u201d, rekao je Aleksandar Milje\u0161i\u0107, na\u010delnik gradskog Odjeljenja za kulturu, me\u0111unarodnu saradnju, sport i nevladine organizacije.<\/p>\n<p>Lu\u010dindan je \u010desta slava pravoslavnih porodica. Vjernici su jutros prisustvovali svetoj liturgiji i osve\u0161tali \u017eito i kola\u010d.<\/p>\n<p>\u201cNajva\u017eniji dio slave je slavski kola\u010d, \u017eito i slavska svije\u0107a. Oni koji slave, donose koljivo i kola\u010d u crkvu da se osve\u0161ta. Prilikom osve\u0161tavanja \u017eita, pominjemo sve uku\u0107ane za zdravlje njihovo, jer to jeste su\u0161tinski dio obilje\u017eavanja krsne slave, da se pomolimo za zdravlje onih koji je obilje\u017eavaju, i za pokoj du\u0161e na\u0161ih predaka, koji su nam slavu predali, a ako Bog da, i mi \u0107emo generacijama koje dolaze poslije nas\u201d, rekao je protonamjesnik Dragan Hrva\u0107anin.<\/p>\n<p><a href=\"https:\/\/kozarski.com\/obiljezena-slava-muzeja-kozare-sveti-luka-2\/\" rel=\"noopener\" target=\"_blank\">kozarski.com<\/a><\/p>\n<p><iframe loading=\"lazy\" title=\"OBILJE\u017dENA SLAVA MUZEJA KOZARE, SVETI LUKA\" width=\"500\" height=\"281\" src=\"https:\/\/www.youtube.com\/embed\/x-DDw1vYCGw?feature=oembed\" frameborder=\"0\" allow=\"accelerometer; autoplay; clipboard-write; encrypted-media; gyroscope; picture-in-picture; web-share\" allowfullscreen><\/iframe><\/p>\n","protected":false},"excerpt":{"rendered":"<p>Srpska pravoslavna crkva i vjernici danas proslavljaju Svetog apostola i jevan\u0111elistu Luku i Svetog Petra Cetinjskog. Sveti Luka je bio me\u0111u prvim propovjednicima hri\u0161\u0107anstva, savremenik Isusa Hrista i jedan od [&hellip;]<\/p>\n","protected":false},"author":1,"featured_media":0,"comment_status":"closed","ping_status":"open","sticky":false,"template":"","format":"standard","meta":{"_monsterinsights_skip_tracking":false,"_monsterinsights_sitenote_active":false,"_monsterinsights_sitenote_note":"","_monsterinsights_sitenote_category":0,"footnotes":""},"categories":[8],"tags":[],"yoast_head":"<!-- This site is optimized with the Yoast SEO plugin v21.6 - https:\/\/yoast.com\/wordpress\/plugins\/seo\/ -->\n<title>Prijedor: Obilje\u017eena slava Muzeja Kozare, Sveti Luka - VIDEO - PrijedorDanas.com - Prijedorski gradski portal<\/title>\n<meta name=\"robots\" content=\"index, follow, max-snippet:-1, max-image-preview:large, max-video-preview:-1\" \/>\n<link rel=\"canonical\" href=\"https:\/\/www.prijedordanas.com\/?p=213693\" \/>\n<meta property=\"og:locale\" content=\"en_US\" \/>\n<meta property=\"og:type\" content=\"article\" \/>\n<meta property=\"og:title\" content=\"Prijedor: Obilje\u017eena slava Muzeja Kozare, Sveti Luka - VIDEO - PrijedorDanas.com - Prijedorski gradski portal\" \/>\n<meta property=\"og:description\" content=\"Srpska pravoslavna crkva i vjernici danas proslavljaju Svetog apostola i jevan\u0111elistu Luku i Svetog Petra Cetinjskog. Sveti Luka je bio me\u0111u prvim propovjednicima hri\u0161\u0107anstva, savremenik Isusa Hrista i jedan od [&hellip;]\" \/>\n<meta property=\"og:url\" content=\"https:\/\/www.prijedordanas.com\/?p=213693\" \/>\n<meta property=\"og:site_name\" content=\"PrijedorDanas.com - Prijedorski gradski portal\" \/>\n<meta property=\"article:publisher\" content=\"https:\/\/www.facebook.com\/PrijedorDanasCom\/\" \/>\n<meta property=\"article:published_time\" content=\"2023-10-31T15:36:10+00:00\" \/>\n<meta property=\"article:modified_time\" content=\"2023-10-31T17:42:57+00:00\" \/>\n<meta property=\"og:image\" content=\"https:\/\/www.prijedordanas.com\/wp-content\/uploads\/2023\/10\/kozarski-slava-muzeja-kozare-300x225.jpg\" \/>\n<meta name=\"author\" content=\"admin\" \/>\n<meta name=\"twitter:card\" content=\"summary_large_image\" \/>\n<meta name=\"twitter:label1\" content=\"Written by\" \/>\n\t<meta name=\"twitter:data1\" content=\"admin\" \/>\n\t<meta name=\"twitter:label2\" content=\"Est. reading time\" \/>\n\t<meta name=\"twitter:data2\" content=\"2 minutes\" \/>\n<script type=\"application\/ld+json\" class=\"yoast-schema-graph\">{\"@context\":\"https:\/\/schema.org\",\"@graph\":[{\"@type\":\"Article\",\"@id\":\"https:\/\/www.prijedordanas.com\/?p=213693#article\",\"isPartOf\":{\"@id\":\"https:\/\/www.prijedordanas.com\/?p=213693\"},\"author\":{\"name\":\"admin\",\"@id\":\"https:\/\/www.prijedordanas.com\/#\/schema\/person\/4e08ccf29b506ca916ff86d46bb700e6\"},\"headline\":\"Prijedor: Obilje\u017eena slava Muzeja Kozare, Sveti Luka &#8211; VIDEO\",\"datePublished\":\"2023-10-31T15:36:10+00:00\",\"dateModified\":\"2023-10-31T17:42:57+00:00\",\"mainEntityOfPage\":{\"@id\":\"https:\/\/www.prijedordanas.com\/?p=213693\"},\"wordCount\":314,\"publisher\":{\"@id\":\"https:\/\/www.prijedordanas.com\/#organization\"},\"articleSection\":[\"Svakodnevno\"],\"inLanguage\":\"en-US\"},{\"@type\":\"WebPage\",\"@id\":\"https:\/\/www.prijedordanas.com\/?p=213693\",\"url\":\"https:\/\/www.prijedordanas.com\/?p=213693\",\"name\":\"Prijedor: Obilje\u017eena slava Muzeja Kozare, Sveti Luka - VIDEO - PrijedorDanas.com - Prijedorski gradski portal\",\"isPartOf\":{\"@id\":\"https:\/\/www.prijedordanas.com\/#website\"},\"datePublished\":\"2023-10-31T15:36:10+00:00\",\"dateModified\":\"2023-10-31T17:42:57+00:00\",\"breadcrumb\":{\"@id\":\"https:\/\/www.prijedordanas.com\/?p=213693#breadcrumb\"},\"inLanguage\":\"en-US\",\"potentialAction\":[{\"@type\":\"ReadAction\",\"target\":[\"https:\/\/www.prijedordanas.com\/?p=213693\"]}]},{\"@type\":\"BreadcrumbList\",\"@id\":\"https:\/\/www.prijedordanas.com\/?p=213693#breadcrumb\",\"itemListElement\":[{\"@type\":\"ListItem\",\"position\":1,\"name\":\"Home\",\"item\":\"https:\/\/www.prijedordanas.com\/\"},{\"@type\":\"ListItem\",\"position\":2,\"name\":\"Prijedor: Obilje\u017eena slava Muzeja Kozare, Sveti Luka &#8211; VIDEO\"}]},{\"@type\":\"WebSite\",\"@id\":\"https:\/\/www.prijedordanas.com\/#website\",\"url\":\"https:\/\/www.prijedordanas.com\/\",\"name\":\"PrijedorDanas.com - Prijedorski gradski portal\",\"description\":\"Portal o doga\u0111anjima u gradu Prijedoru\",\"publisher\":{\"@id\":\"https:\/\/www.prijedordanas.com\/#organization\"},\"potentialAction\":[{\"@type\":\"SearchAction\",\"target\":{\"@type\":\"EntryPoint\",\"urlTemplate\":\"https:\/\/www.prijedordanas.com\/?s={search_term_string}\"},\"query-input\":\"required name=search_term_string\"}],\"inLanguage\":\"en-US\"},{\"@type\":\"Organization\",\"@id\":\"https:\/\/www.prijedordanas.com\/#organization\",\"name\":\"PrijedorDanas.com\",\"url\":\"https:\/\/www.prijedordanas.com\/\",\"logo\":{\"@type\":\"ImageObject\",\"inLanguage\":\"en-US\",\"@id\":\"https:\/\/www.prijedordanas.com\/#\/schema\/logo\/image\/\",\"url\":\"http:\/\/www.prijedordanas.com\/wp-content\/uploads\/2021\/12\/logopng.png\",\"contentUrl\":\"http:\/\/www.prijedordanas.com\/wp-content\/uploads\/2021\/12\/logopng.png\",\"width\":1019,\"height\":776,\"caption\":\"PrijedorDanas.com\"},\"image\":{\"@id\":\"https:\/\/www.prijedordanas.com\/#\/schema\/logo\/image\/\"},\"sameAs\":[\"https:\/\/www.facebook.com\/PrijedorDanasCom\/\"]},{\"@type\":\"Person\",\"@id\":\"https:\/\/www.prijedordanas.com\/#\/schema\/person\/4e08ccf29b506ca916ff86d46bb700e6\",\"name\":\"admin\",\"image\":{\"@type\":\"ImageObject\",\"inLanguage\":\"en-US\",\"@id\":\"https:\/\/www.prijedordanas.com\/#\/schema\/person\/image\/\",\"url\":\"https:\/\/secure.gravatar.com\/avatar\/1d3fc949d550f0b53a5f0d51e06dfd79?s=96&d=mm&r=g\",\"contentUrl\":\"https:\/\/secure.gravatar.com\/avatar\/1d3fc949d550f0b53a5f0d51e06dfd79?s=96&d=mm&r=g\",\"caption\":\"admin\"},\"url\":\"https:\/\/www.prijedordanas.com\/?author=1\"}]}<\/script>\n<!-- \/ Yoast SEO plugin. -->","yoast_head_json":{"title":"Prijedor: Obilje\u017eena slava Muzeja Kozare, Sveti Luka - VIDEO - PrijedorDanas.com - Prijedorski gradski portal","robots":{"index":"index","follow":"follow","max-snippet":"max-snippet:-1","max-image-preview":"max-image-preview:large","max-video-preview":"max-video-preview:-1"},"canonical":"https:\/\/www.prijedordanas.com\/?p=213693","og_locale":"en_US","og_type":"article","og_title":"Prijedor: Obilje\u017eena slava Muzeja Kozare, Sveti Luka - VIDEO - PrijedorDanas.com - Prijedorski gradski portal","og_description":"Srpska pravoslavna crkva i vjernici danas proslavljaju Svetog apostola i jevan\u0111elistu Luku i Svetog Petra Cetinjskog. Sveti Luka je bio me\u0111u prvim propovjednicima hri\u0161\u0107anstva, savremenik Isusa Hrista i jedan od [&hellip;]","og_url":"https:\/\/www.prijedordanas.com\/?p=213693","og_site_name":"PrijedorDanas.com - Prijedorski gradski portal","article_publisher":"https:\/\/www.facebook.com\/PrijedorDanasCom\/","article_published_time":"2023-10-31T15:36:10+00:00","article_modified_time":"2023-10-31T17:42:57+00:00","og_image":[{"url":"https:\/\/www.prijedordanas.com\/wp-content\/uploads\/2023\/10\/kozarski-slava-muzeja-kozare-300x225.jpg"}],"author":"admin","twitter_card":"summary_large_image","twitter_misc":{"Written by":"admin","Est. reading time":"2 minutes"},"schema":{"@context":"https:\/\/schema.org","@graph":[{"@type":"Article","@id":"https:\/\/www.prijedordanas.com\/?p=213693#article","isPartOf":{"@id":"https:\/\/www.prijedordanas.com\/?p=213693"},"author":{"name":"admin","@id":"https:\/\/www.prijedordanas.com\/#\/schema\/person\/4e08ccf29b506ca916ff86d46bb700e6"},"headline":"Prijedor: Obilje\u017eena slava Muzeja Kozare, Sveti Luka &#8211; VIDEO","datePublished":"2023-10-31T15:36:10+00:00","dateModified":"2023-10-31T17:42:57+00:00","mainEntityOfPage":{"@id":"https:\/\/www.prijedordanas.com\/?p=213693"},"wordCount":314,"publisher":{"@id":"https:\/\/www.prijedordanas.com\/#organization"},"articleSection":["Svakodnevno"],"inLanguage":"en-US"},{"@type":"WebPage","@id":"https:\/\/www.prijedordanas.com\/?p=213693","url":"https:\/\/www.prijedordanas.com\/?p=213693","name":"Prijedor: Obilje\u017eena slava Muzeja Kozare, Sveti Luka - VIDEO - PrijedorDanas.com - Prijedorski gradski portal","isPartOf":{"@id":"https:\/\/www.prijedordanas.com\/#website"},"datePublished":"2023-10-31T15:36:10+00:00","dateModified":"2023-10-31T17:42:57+00:00","breadcrumb":{"@id":"https:\/\/www.prijedordanas.com\/?p=213693#breadcrumb"},"inLanguage":"en-US","potentialAction":[{"@type":"ReadAction","target":["https:\/\/www.prijedordanas.com\/?p=213693"]}]},{"@type":"BreadcrumbList","@id":"https:\/\/www.prijedordanas.com\/?p=213693#breadcrumb","itemListElement":[{"@type":"ListItem","position":1,"name":"Home","item":"https:\/\/www.prijedordanas.com\/"},{"@type":"ListItem","position":2,"name":"Prijedor: Obilje\u017eena slava Muzeja Kozare, Sveti Luka &#8211; VIDEO"}]},{"@type":"WebSite","@id":"https:\/\/www.prijedordanas.com\/#website","url":"https:\/\/www.prijedordanas.com\/","name":"PrijedorDanas.com - Prijedorski gradski portal","description":"Portal o doga\u0111anjima u gradu Prijedoru","publisher":{"@id":"https:\/\/www.prijedordanas.com\/#organization"},"potentialAction":[{"@type":"SearchAction","target":{"@type":"EntryPoint","urlTemplate":"https:\/\/www.prijedordanas.com\/?s={search_term_string}"},"query-input":"required name=search_term_string"}],"inLanguage":"en-US"},{"@type":"Organization","@id":"https:\/\/www.prijedordanas.com\/#organization","name":"PrijedorDanas.com","url":"https:\/\/www.prijedordanas.com\/","logo":{"@type":"ImageObject","inLanguage":"en-US","@id":"https:\/\/www.prijedordanas.com\/#\/schema\/logo\/image\/","url":"http:\/\/www.prijedordanas.com\/wp-content\/uploads\/2021\/12\/logopng.png","contentUrl":"http:\/\/www.prijedordanas.com\/wp-content\/uploads\/2021\/12\/logopng.png","width":1019,"height":776,"caption":"PrijedorDanas.com"},"image":{"@id":"https:\/\/www.prijedordanas.com\/#\/schema\/logo\/image\/"},"sameAs":["https:\/\/www.facebook.com\/PrijedorDanasCom\/"]},{"@type":"Person","@id":"https:\/\/www.prijedordanas.com\/#\/schema\/person\/4e08ccf29b506ca916ff86d46bb700e6","name":"admin","image":{"@type":"ImageObject","inLanguage":"en-US","@id":"https:\/\/www.prijedordanas.com\/#\/schema\/person\/image\/","url":"https:\/\/secure.gravatar.com\/avatar\/1d3fc949d550f0b53a5f0d51e06dfd79?s=96&d=mm&r=g","contentUrl":"https:\/\/secure.gravatar.com\/avatar\/1d3fc949d550f0b53a5f0d51e06dfd79?s=96&d=mm&r=g","caption":"admin"},"url":"https:\/\/www.prijedordanas.com\/?author=1"}]}},"_links":{"self":[{"href":"https:\/\/www.prijedordanas.com\/index.php?rest_route=\/wp\/v2\/posts\/213693"}],"collection":[{"href":"https:\/\/www.prijedordanas.com\/index.php?rest_route=\/wp\/v2\/posts"}],"about":[{"href":"https:\/\/www.prijedordanas.com\/index.php?rest_route=\/wp\/v2\/types\/post"}],"author":[{"embeddable":true,"href":"https:\/\/www.prijedordanas.com\/index.php?rest_route=\/wp\/v2\/users\/1"}],"replies":[{"embeddable":true,"href":"https:\/\/www.prijedordanas.com\/index.php?rest_route=%2Fwp%2Fv2%2Fcomments&post=213693"}],"version-history":[{"count":2,"href":"https:\/\/www.prijedordanas.com\/index.php?rest_route=\/wp\/v2\/posts\/213693\/revisions"}],"predecessor-version":[{"id":213712,"href":"https:\/\/www.prijedordanas.com\/index.php?rest_route=\/wp\/v2\/posts\/213693\/revisions\/213712"}],"wp:attachment":[{"href":"https:\/\/www.prijedordanas.com\/index.php?rest_route=%2Fwp%2Fv2%2Fmedia&parent=213693"}],"wp:term":[{"taxonomy":"category","embeddable":true,"href":"https:\/\/www.prijedordanas.com\/index.php?rest_route=%2Fwp%2Fv2%2Fcategories&post=213693"},{"taxonomy":"post_tag","embeddable":true,"href":"https:\/\/www.prijedordanas.com\/index.php?rest_route=%2Fwp%2Fv2%2Ftags&post=213693"}],"curies":[{"name":"wp","href":"https:\/\/api.w.org\/{rel}","templated":true}]}}