{"id":21369,"date":"2015-05-03T21:16:30","date_gmt":"2015-05-03T20:16:30","guid":{"rendered":"https:\/\/www.prijedordanas.com\/?p=21369"},"modified":"2015-05-09T15:19:31","modified_gmt":"2015-05-09T14:19:31","slug":"mira-ilidza-2522-118-foto","status":"publish","type":"post","link":"https:\/\/www.prijedordanas.com\/?p=21369","title":{"rendered":"MIRA: ILID\u017dA   25:22  (11:8)  &#8211; FOTO"},"content":{"rendered":"<p><a href=\"https:\/\/www.prijedordanas.com\/wp-content\/uploads\/2015\/05\/mira-ilidza-rezultat-1.jpg\"><img loading=\"lazy\" decoding=\"async\" class=\"alignleft size-medium wp-image-21364\" src=\"https:\/\/www.prijedordanas.com\/wp-content\/uploads\/2015\/05\/mira-ilidza-rezultat-1-300x199.jpg\" alt=\"mira-ilidza-rezultat (1)\" width=\"300\" height=\"199\" srcset=\"https:\/\/www.prijedordanas.com\/wp-content\/uploads\/2015\/05\/mira-ilidza-rezultat-1-300x199.jpg 300w, https:\/\/www.prijedordanas.com\/wp-content\/uploads\/2015\/05\/mira-ilidza-rezultat-1-150x100.jpg 150w, https:\/\/www.prijedordanas.com\/wp-content\/uploads\/2015\/05\/mira-ilidza-rezultat-1-200x133.jpg 200w, https:\/\/www.prijedordanas.com\/wp-content\/uploads\/2015\/05\/mira-ilidza-rezultat-1-250x166.jpg 250w, https:\/\/www.prijedordanas.com\/wp-content\/uploads\/2015\/05\/mira-ilidza-rezultat-1-480x320.jpg 480w, https:\/\/www.prijedordanas.com\/wp-content\/uploads\/2015\/05\/mira-ilidza-rezultat-1.jpg 600w\" sizes=\"(max-width: 300px) 100vw, 300px\" \/><\/a>Rukometa\u0161ice prijedorske \u201eMire\u201c savladal su u okviru 20. kola Premijer lige BiH za \u017eene ekipu \u201eIlid\u017ee\u201c rezultatom 25:22 (11:8).<\/p>\n<p>Prijedor\u010danke su nakon po\u010detnih 0:1, \u0161to je, ispostavi\u0107e se kasnije, bilo jedino vo\u0111stvo go\u0161\u0107i na me\u010du, napravile seriju 6:1 \u010dime su \u201enatjerale\u201c trenera \u201eIlid\u017ee\u201c da ve\u0107 u 12. minuti zatra\u017ei tajm-aut.<\/p>\n<p>Do kraja prvog dijela igre doma\u0107e rukometa\u0161ice su odr\u017eavale ste\u010denu prednost a Ena Bri\u0161evac i Adela Merd\u017eani\u0107 su bile sjajne me\u0111u stativama.<\/p>\n<p>Nakon \u0161to je u 39. minuti bilo 16:11 \u010dinilo se da \u0107e Prijedor\u010danke lagano privesti utakmicu kraju ali go\u0161\u0107e prave seriju 6:1 i sti\u017eu do izjedna\u010denja 17:17, a potom i 18:18.<\/p>\n<p><a href=\"https:\/\/www.prijedordanas.com\/wp-content\/uploads\/2015\/05\/mira-ilidza-rezultat-2.jpg\"><img loading=\"lazy\" decoding=\"async\" class=\"alignleft size-medium wp-image-21365\" src=\"https:\/\/www.prijedordanas.com\/wp-content\/uploads\/2015\/05\/mira-ilidza-rezultat-2-300x191.jpg\" alt=\"mira-ilidza-rezultat (2)\" width=\"300\" height=\"191\" srcset=\"https:\/\/www.prijedordanas.com\/wp-content\/uploads\/2015\/05\/mira-ilidza-rezultat-2-300x191.jpg 300w, https:\/\/www.prijedordanas.com\/wp-content\/uploads\/2015\/05\/mira-ilidza-rezultat-2.jpg 600w\" sizes=\"(max-width: 300px) 100vw, 300px\" \/><\/a>Me\u0111utim, nakon \u0161to je Maja Mihajlovi\u0107 dobila isklju\u010denje a potom prigovorila sudijama, dobila je jo\u0161 jedno, koje je bilo tre\u0107e pa je \u201emorala\u201c na tribine.<\/p>\n<p>Doma\u0107e to koriste, pa zahvaljuju\u0107i iskusnoj Luka\u010devoj dolaze do prednosti od 3 gola koju zadr\u017eavaju do kraja susreta za kona\u010dnih 25:22.<\/p>\n<p>Najbolje u doma\u0107im redovima bile su Damjanovi\u0107 sa 9 i Luka\u010d sa 6 golova dok je Ena Bri\u0161evac imala 20 odbrana.<\/p>\n<p>Kod \u201eIlid\u017ee\u201c Merd\u017eani\u0107 je imala 20 odbrana dok je Dejanovi\u0107 postigla 7 golova.<\/p>\n<p>Ovom pobjedom, ekipa &#8220;Mire&#8221; je osigurala opstanak u Premijer ligi BiH.<\/p>\n<p>Tekst i foto \u2013 Nenad \u0110eri\u0107\/Aleksandar Drakuli\u0107 \u2013 <a href=\"www.prijedordanas.com\" target=\"_blank\">www.prijedordanas.com<\/a><br \/>\n<a href=\"https:\/\/www.prijedordanas.com\/wp-content\/uploads\/2015\/05\/mira-ilidza-rezultat-3.jpg\"><img loading=\"lazy\" decoding=\"async\" class=\"alignleft size-medium wp-image-21366\" src=\"https:\/\/www.prijedordanas.com\/wp-content\/uploads\/2015\/05\/mira-ilidza-rezultat-3-300x199.jpg\" alt=\"mira-ilidza-rezultat (3)\" width=\"300\" height=\"199\" srcset=\"https:\/\/www.prijedordanas.com\/wp-content\/uploads\/2015\/05\/mira-ilidza-rezultat-3-300x199.jpg 300w, https:\/\/www.prijedordanas.com\/wp-content\/uploads\/2015\/05\/mira-ilidza-rezultat-3-150x100.jpg 150w, https:\/\/www.prijedordanas.com\/wp-content\/uploads\/2015\/05\/mira-ilidza-rezultat-3-200x133.jpg 200w, https:\/\/www.prijedordanas.com\/wp-content\/uploads\/2015\/05\/mira-ilidza-rezultat-3-250x166.jpg 250w, https:\/\/www.prijedordanas.com\/wp-content\/uploads\/2015\/05\/mira-ilidza-rezultat-3-480x320.jpg 480w, https:\/\/www.prijedordanas.com\/wp-content\/uploads\/2015\/05\/mira-ilidza-rezultat-3.jpg 600w\" sizes=\"(max-width: 300px) 100vw, 300px\" \/><\/a><\/p>\n","protected":false},"excerpt":{"rendered":"<p>Rukometa\u0161ice prijedorske \u201eMire\u201c savladal su u okviru 20. kola Premijer lige BiH za \u017eene ekipu \u201eIlid\u017ee\u201c rezultatom 25:22 (11:8). Prijedor\u010danke su nakon po\u010detnih 0:1, \u0161to je, ispostavi\u0107e se kasnije, bilo [&hellip;]<\/p>\n","protected":false},"author":1,"featured_media":0,"comment_status":"closed","ping_status":"open","sticky":false,"template":"","format":"standard","meta":{"_monsterinsights_skip_tracking":false,"_monsterinsights_sitenote_active":false,"_monsterinsights_sitenote_note":"","_monsterinsights_sitenote_category":0,"footnotes":""},"categories":[7],"tags":[3232,3233,1156,3234,302,764,224],"yoast_head":"<!-- This site is optimized with the Yoast SEO plugin v21.6 - https:\/\/yoast.com\/wordpress\/plugins\/seo\/ -->\n<title>MIRA: ILID\u017dA  25:22 (11:8) - FOTO - PrijedorDanas.com - Prijedorski gradski portal<\/title>\n<meta name=\"robots\" content=\"index, follow, max-snippet:-1, max-image-preview:large, max-video-preview:-1\" \/>\n<link rel=\"canonical\" href=\"https:\/\/www.prijedordanas.com\/?p=21369\" \/>\n<meta property=\"og:locale\" content=\"en_US\" \/>\n<meta property=\"og:type\" content=\"article\" \/>\n<meta property=\"og:title\" content=\"MIRA: ILID\u017dA  25:22 (11:8) - FOTO - PrijedorDanas.com - Prijedorski gradski portal\" \/>\n<meta property=\"og:description\" content=\"Rukometa\u0161ice prijedorske \u201eMire\u201c savladal su u okviru 20. kola Premijer lige BiH za \u017eene ekipu \u201eIlid\u017ee\u201c rezultatom 25:22 (11:8). Prijedor\u010danke su nakon po\u010detnih 0:1, \u0161to je, ispostavi\u0107e se kasnije, bilo [&hellip;]\" \/>\n<meta property=\"og:url\" content=\"https:\/\/www.prijedordanas.com\/?p=21369\" \/>\n<meta property=\"og:site_name\" content=\"PrijedorDanas.com - Prijedorski gradski portal\" \/>\n<meta property=\"article:publisher\" content=\"https:\/\/www.facebook.com\/PrijedorDanasCom\/\" \/>\n<meta property=\"article:published_time\" content=\"2015-05-03T20:16:30+00:00\" \/>\n<meta property=\"article:modified_time\" content=\"2015-05-09T14:19:31+00:00\" \/>\n<meta property=\"og:image\" content=\"https:\/\/www.prijedordanas.com\/wp-content\/uploads\/2015\/05\/mira-ilidza-rezultat-1-300x199.jpg\" \/>\n<meta name=\"author\" content=\"admin\" \/>\n<meta name=\"twitter:card\" content=\"summary_large_image\" \/>\n<meta name=\"twitter:label1\" content=\"Written by\" \/>\n\t<meta name=\"twitter:data1\" content=\"admin\" \/>\n\t<meta name=\"twitter:label2\" content=\"Est. reading time\" \/>\n\t<meta name=\"twitter:data2\" content=\"1 minute\" \/>\n<script type=\"application\/ld+json\" class=\"yoast-schema-graph\">{\"@context\":\"https:\/\/schema.org\",\"@graph\":[{\"@type\":\"Article\",\"@id\":\"https:\/\/www.prijedordanas.com\/?p=21369#article\",\"isPartOf\":{\"@id\":\"https:\/\/www.prijedordanas.com\/?p=21369\"},\"author\":{\"name\":\"admin\",\"@id\":\"https:\/\/www.prijedordanas.com\/#\/schema\/person\/4e08ccf29b506ca916ff86d46bb700e6\"},\"headline\":\"MIRA: ILID\u017dA 25:22 (11:8) &#8211; FOTO\",\"datePublished\":\"2015-05-03T20:16:30+00:00\",\"dateModified\":\"2015-05-09T14:19:31+00:00\",\"mainEntityOfPage\":{\"@id\":\"https:\/\/www.prijedordanas.com\/?p=21369\"},\"wordCount\":224,\"publisher\":{\"@id\":\"https:\/\/www.prijedordanas.com\/#organization\"},\"keywords\":[\"Bri\u0161evac\",\"Damjanovi\u0107\",\"Ilid\u017ea\",\"Merd\u017eani\u0107\",\"Mira\",\"opstanak\",\"rukomet\"],\"articleSection\":[\"Sport\"],\"inLanguage\":\"en-US\"},{\"@type\":\"WebPage\",\"@id\":\"https:\/\/www.prijedordanas.com\/?p=21369\",\"url\":\"https:\/\/www.prijedordanas.com\/?p=21369\",\"name\":\"MIRA: ILID\u017dA 25:22 (11:8) - FOTO - PrijedorDanas.com - Prijedorski gradski portal\",\"isPartOf\":{\"@id\":\"https:\/\/www.prijedordanas.com\/#website\"},\"datePublished\":\"2015-05-03T20:16:30+00:00\",\"dateModified\":\"2015-05-09T14:19:31+00:00\",\"breadcrumb\":{\"@id\":\"https:\/\/www.prijedordanas.com\/?p=21369#breadcrumb\"},\"inLanguage\":\"en-US\",\"potentialAction\":[{\"@type\":\"ReadAction\",\"target\":[\"https:\/\/www.prijedordanas.com\/?p=21369\"]}]},{\"@type\":\"BreadcrumbList\",\"@id\":\"https:\/\/www.prijedordanas.com\/?p=21369#breadcrumb\",\"itemListElement\":[{\"@type\":\"ListItem\",\"position\":1,\"name\":\"Home\",\"item\":\"https:\/\/www.prijedordanas.com\/\"},{\"@type\":\"ListItem\",\"position\":2,\"name\":\"MIRA: ILID\u017dA 25:22 (11:8) &#8211; FOTO\"}]},{\"@type\":\"WebSite\",\"@id\":\"https:\/\/www.prijedordanas.com\/#website\",\"url\":\"https:\/\/www.prijedordanas.com\/\",\"name\":\"PrijedorDanas.com - Prijedorski gradski portal\",\"description\":\"Portal o doga\u0111anjima u gradu Prijedoru\",\"publisher\":{\"@id\":\"https:\/\/www.prijedordanas.com\/#organization\"},\"potentialAction\":[{\"@type\":\"SearchAction\",\"target\":{\"@type\":\"EntryPoint\",\"urlTemplate\":\"https:\/\/www.prijedordanas.com\/?s={search_term_string}\"},\"query-input\":\"required name=search_term_string\"}],\"inLanguage\":\"en-US\"},{\"@type\":\"Organization\",\"@id\":\"https:\/\/www.prijedordanas.com\/#organization\",\"name\":\"PrijedorDanas.com\",\"url\":\"https:\/\/www.prijedordanas.com\/\",\"logo\":{\"@type\":\"ImageObject\",\"inLanguage\":\"en-US\",\"@id\":\"https:\/\/www.prijedordanas.com\/#\/schema\/logo\/image\/\",\"url\":\"http:\/\/www.prijedordanas.com\/wp-content\/uploads\/2021\/12\/logopng.png\",\"contentUrl\":\"http:\/\/www.prijedordanas.com\/wp-content\/uploads\/2021\/12\/logopng.png\",\"width\":1019,\"height\":776,\"caption\":\"PrijedorDanas.com\"},\"image\":{\"@id\":\"https:\/\/www.prijedordanas.com\/#\/schema\/logo\/image\/\"},\"sameAs\":[\"https:\/\/www.facebook.com\/PrijedorDanasCom\/\"]},{\"@type\":\"Person\",\"@id\":\"https:\/\/www.prijedordanas.com\/#\/schema\/person\/4e08ccf29b506ca916ff86d46bb700e6\",\"name\":\"admin\",\"image\":{\"@type\":\"ImageObject\",\"inLanguage\":\"en-US\",\"@id\":\"https:\/\/www.prijedordanas.com\/#\/schema\/person\/image\/\",\"url\":\"https:\/\/secure.gravatar.com\/avatar\/1d3fc949d550f0b53a5f0d51e06dfd79?s=96&d=mm&r=g\",\"contentUrl\":\"https:\/\/secure.gravatar.com\/avatar\/1d3fc949d550f0b53a5f0d51e06dfd79?s=96&d=mm&r=g\",\"caption\":\"admin\"},\"url\":\"https:\/\/www.prijedordanas.com\/?author=1\"}]}<\/script>\n<!-- \/ Yoast SEO plugin. -->","yoast_head_json":{"title":"MIRA: ILID\u017dA  25:22 (11:8) - FOTO - PrijedorDanas.com - Prijedorski gradski portal","robots":{"index":"index","follow":"follow","max-snippet":"max-snippet:-1","max-image-preview":"max-image-preview:large","max-video-preview":"max-video-preview:-1"},"canonical":"https:\/\/www.prijedordanas.com\/?p=21369","og_locale":"en_US","og_type":"article","og_title":"MIRA: ILID\u017dA  25:22 (11:8) - FOTO - PrijedorDanas.com - Prijedorski gradski portal","og_description":"Rukometa\u0161ice prijedorske \u201eMire\u201c savladal su u okviru 20. kola Premijer lige BiH za \u017eene ekipu \u201eIlid\u017ee\u201c rezultatom 25:22 (11:8). Prijedor\u010danke su nakon po\u010detnih 0:1, \u0161to je, ispostavi\u0107e se kasnije, bilo [&hellip;]","og_url":"https:\/\/www.prijedordanas.com\/?p=21369","og_site_name":"PrijedorDanas.com - Prijedorski gradski portal","article_publisher":"https:\/\/www.facebook.com\/PrijedorDanasCom\/","article_published_time":"2015-05-03T20:16:30+00:00","article_modified_time":"2015-05-09T14:19:31+00:00","og_image":[{"url":"https:\/\/www.prijedordanas.com\/wp-content\/uploads\/2015\/05\/mira-ilidza-rezultat-1-300x199.jpg"}],"author":"admin","twitter_card":"summary_large_image","twitter_misc":{"Written by":"admin","Est. reading time":"1 minute"},"schema":{"@context":"https:\/\/schema.org","@graph":[{"@type":"Article","@id":"https:\/\/www.prijedordanas.com\/?p=21369#article","isPartOf":{"@id":"https:\/\/www.prijedordanas.com\/?p=21369"},"author":{"name":"admin","@id":"https:\/\/www.prijedordanas.com\/#\/schema\/person\/4e08ccf29b506ca916ff86d46bb700e6"},"headline":"MIRA: ILID\u017dA 25:22 (11:8) &#8211; FOTO","datePublished":"2015-05-03T20:16:30+00:00","dateModified":"2015-05-09T14:19:31+00:00","mainEntityOfPage":{"@id":"https:\/\/www.prijedordanas.com\/?p=21369"},"wordCount":224,"publisher":{"@id":"https:\/\/www.prijedordanas.com\/#organization"},"keywords":["Bri\u0161evac","Damjanovi\u0107","Ilid\u017ea","Merd\u017eani\u0107","Mira","opstanak","rukomet"],"articleSection":["Sport"],"inLanguage":"en-US"},{"@type":"WebPage","@id":"https:\/\/www.prijedordanas.com\/?p=21369","url":"https:\/\/www.prijedordanas.com\/?p=21369","name":"MIRA: ILID\u017dA 25:22 (11:8) - FOTO - PrijedorDanas.com - Prijedorski gradski portal","isPartOf":{"@id":"https:\/\/www.prijedordanas.com\/#website"},"datePublished":"2015-05-03T20:16:30+00:00","dateModified":"2015-05-09T14:19:31+00:00","breadcrumb":{"@id":"https:\/\/www.prijedordanas.com\/?p=21369#breadcrumb"},"inLanguage":"en-US","potentialAction":[{"@type":"ReadAction","target":["https:\/\/www.prijedordanas.com\/?p=21369"]}]},{"@type":"BreadcrumbList","@id":"https:\/\/www.prijedordanas.com\/?p=21369#breadcrumb","itemListElement":[{"@type":"ListItem","position":1,"name":"Home","item":"https:\/\/www.prijedordanas.com\/"},{"@type":"ListItem","position":2,"name":"MIRA: ILID\u017dA 25:22 (11:8) &#8211; FOTO"}]},{"@type":"WebSite","@id":"https:\/\/www.prijedordanas.com\/#website","url":"https:\/\/www.prijedordanas.com\/","name":"PrijedorDanas.com - Prijedorski gradski portal","description":"Portal o doga\u0111anjima u gradu Prijedoru","publisher":{"@id":"https:\/\/www.prijedordanas.com\/#organization"},"potentialAction":[{"@type":"SearchAction","target":{"@type":"EntryPoint","urlTemplate":"https:\/\/www.prijedordanas.com\/?s={search_term_string}"},"query-input":"required name=search_term_string"}],"inLanguage":"en-US"},{"@type":"Organization","@id":"https:\/\/www.prijedordanas.com\/#organization","name":"PrijedorDanas.com","url":"https:\/\/www.prijedordanas.com\/","logo":{"@type":"ImageObject","inLanguage":"en-US","@id":"https:\/\/www.prijedordanas.com\/#\/schema\/logo\/image\/","url":"http:\/\/www.prijedordanas.com\/wp-content\/uploads\/2021\/12\/logopng.png","contentUrl":"http:\/\/www.prijedordanas.com\/wp-content\/uploads\/2021\/12\/logopng.png","width":1019,"height":776,"caption":"PrijedorDanas.com"},"image":{"@id":"https:\/\/www.prijedordanas.com\/#\/schema\/logo\/image\/"},"sameAs":["https:\/\/www.facebook.com\/PrijedorDanasCom\/"]},{"@type":"Person","@id":"https:\/\/www.prijedordanas.com\/#\/schema\/person\/4e08ccf29b506ca916ff86d46bb700e6","name":"admin","image":{"@type":"ImageObject","inLanguage":"en-US","@id":"https:\/\/www.prijedordanas.com\/#\/schema\/person\/image\/","url":"https:\/\/secure.gravatar.com\/avatar\/1d3fc949d550f0b53a5f0d51e06dfd79?s=96&d=mm&r=g","contentUrl":"https:\/\/secure.gravatar.com\/avatar\/1d3fc949d550f0b53a5f0d51e06dfd79?s=96&d=mm&r=g","caption":"admin"},"url":"https:\/\/www.prijedordanas.com\/?author=1"}]}},"_links":{"self":[{"href":"https:\/\/www.prijedordanas.com\/index.php?rest_route=\/wp\/v2\/posts\/21369"}],"collection":[{"href":"https:\/\/www.prijedordanas.com\/index.php?rest_route=\/wp\/v2\/posts"}],"about":[{"href":"https:\/\/www.prijedordanas.com\/index.php?rest_route=\/wp\/v2\/types\/post"}],"author":[{"embeddable":true,"href":"https:\/\/www.prijedordanas.com\/index.php?rest_route=\/wp\/v2\/users\/1"}],"replies":[{"embeddable":true,"href":"https:\/\/www.prijedordanas.com\/index.php?rest_route=%2Fwp%2Fv2%2Fcomments&post=21369"}],"version-history":[{"count":2,"href":"https:\/\/www.prijedordanas.com\/index.php?rest_route=\/wp\/v2\/posts\/21369\/revisions"}],"predecessor-version":[{"id":21371,"href":"https:\/\/www.prijedordanas.com\/index.php?rest_route=\/wp\/v2\/posts\/21369\/revisions\/21371"}],"wp:attachment":[{"href":"https:\/\/www.prijedordanas.com\/index.php?rest_route=%2Fwp%2Fv2%2Fmedia&parent=21369"}],"wp:term":[{"taxonomy":"category","embeddable":true,"href":"https:\/\/www.prijedordanas.com\/index.php?rest_route=%2Fwp%2Fv2%2Fcategories&post=21369"},{"taxonomy":"post_tag","embeddable":true,"href":"https:\/\/www.prijedordanas.com\/index.php?rest_route=%2Fwp%2Fv2%2Ftags&post=21369"}],"curies":[{"name":"wp","href":"https:\/\/api.w.org\/{rel}","templated":true}]}}