{"id":213678,"date":"2023-10-31T13:15:00","date_gmt":"2023-10-31T12:15:00","guid":{"rendered":"https:\/\/www.prijedordanas.com\/?p=213678"},"modified":"2023-10-31T13:15:00","modified_gmt":"2023-10-31T12:15:00","slug":"mladi-prijedorcani-cuvaju-sjecanje-na-stradalog-sugradanina-andreja-lukaca-video","status":"publish","type":"post","link":"https:\/\/www.prijedordanas.com\/?p=213678","title":{"rendered":"Mladi Prijedor\u010dani \u010duvaju sje\u0107anje na stradalog sugra\u0111anina Andreja Luka\u010da &#8211; VIDEO"},"content":{"rendered":"<p><a href=\"https:\/\/www.prijedordanas.com\/wp-content\/uploads\/2023\/10\/radak-prolaze-dani.jpg\"><img loading=\"lazy\" decoding=\"async\" class=\"alignleft size-medium wp-image-213679\" src=\"https:\/\/www.prijedordanas.com\/wp-content\/uploads\/2023\/10\/radak-prolaze-dani-300x222.jpg\" alt=\"\" width=\"300\" height=\"222\" srcset=\"https:\/\/www.prijedordanas.com\/wp-content\/uploads\/2023\/10\/radak-prolaze-dani-300x222.jpg 300w, https:\/\/www.prijedordanas.com\/wp-content\/uploads\/2023\/10\/radak-prolaze-dani.jpg 675w\" sizes=\"(max-width: 300px) 100vw, 300px\" \/><\/a>Ognjen Radakovi\u0107 jedan je iz grupe mladih Prijedor\u010dana koji se trude da na razli\u010dite na\u010dine sa\u010duvaju uspomenu na sugra\u0111anina Andreja Luka\u010da, koji je lani poginuo u saobra\u0107ajnoj nesre\u0107i svega nekoliko dana nakon \u0161to je proslavio 18. ro\u0111endan, te je u njegovu \u010dast na &#8220;Jutjubu&#8221; objavio pjesmu &#8220;Prolaze dani&#8221;.<\/p>\n<p>On je rekao da je na godi\u0161njicu Andrejeve smrti objavio tu pjesmu, na kojoj je sa grupom mladih radio od jula, a sve uz saglasnost Andrejeve porodice.<\/p>\n<p>&#8220;Pitao sam ih i dozvolili su. Zamolio sam ih i poslali su hiljadu fotografija&#8221;, izjavio je \u0161esnaestogodi\u0161nji Ognjen Srni.<\/p>\n<p>Ognjen je u\u010denik drugog razreda prijedorske Gimnazije &#8220;Sveti Sava&#8221; i \u0161estog razreda lokalne Muzi\u010dke \u0161kole &#8220;Savo Balaban&#8221;, Odsjek klavir, u klasi profesorice Nevene Marin, a dugogodi\u0161nji je \u010dlan Izvi\u0111a\u010dkog odreda &#8220;Doktor Mladen Stojanovi\u0107&#8221; i fudbalski sudija s po\u010detnom licencom.<\/p>\n<p>&#8220;Roditelji su htjeli da upi\u0161em harmoniku, ja nisam. Tri godine sam se borio za klavir i zato sam tako kasno upisao muzi\u010dku&#8221;, pojasnio je Radakovi\u0107.<\/p>\n<p>On je ove godine po\u010deo sa objavljivanjem vlastite muzi\u010dke produkcije &#8211; prva pjesma &#8220;Lude no\u0107i&#8221; dostigla je veliku popularnost, druga &#8220;Svaki sat&#8221; ne\u0161to manju, a ova tre\u0107a, koja je tek objavljena, za prva tri dana imala je oko 6.000 pregleda.<\/p>\n<p>&#8220;Mladim generacijama svi\u0111a se taj stil muzike. Ima mnogo ljudi koji me zaustavljaju na ulici, ka\u017eu da je odli\u010dno, neki ho\u0107e i da se fotografi\u0161emo&#8221;, uz osmijeh pri\u010da Radakovi\u0107.<\/p>\n<p><a href=\"https:\/\/www.prijedordanas.com\/wp-content\/uploads\/2023\/10\/ognjen-radakovic-radak.jpg\"><img loading=\"lazy\" decoding=\"async\" src=\"https:\/\/www.prijedordanas.com\/wp-content\/uploads\/2023\/10\/ognjen-radakovic-radak-300x225.jpg\" alt=\"\" width=\"300\" height=\"225\" class=\"alignleft size-medium wp-image-213680\" srcset=\"https:\/\/www.prijedordanas.com\/wp-content\/uploads\/2023\/10\/ognjen-radakovic-radak-300x225.jpg 300w, https:\/\/www.prijedordanas.com\/wp-content\/uploads\/2023\/10\/ognjen-radakovic-radak-640x480.jpg 640w, https:\/\/www.prijedordanas.com\/wp-content\/uploads\/2023\/10\/ognjen-radakovic-radak.jpg 666w\" sizes=\"(max-width: 300px) 100vw, 300px\" \/><\/a>Ognjen je za prve dvije pjesme tekst napisao i muziku odabrao sa svojim drugom Vukom Vujkovi\u0107em i za sve tri pjesme kori\u0161tena je muzi\u010dka podloga koja se mo\u017ee na\u0107i na internetu besplatno, dok je za tre\u0107u uklju\u010dio ve\u0107i broj mladih i, na prijedlog svog brata Damjana, snimio i spot na ulicama grada Prijedora i u spomen-kompleksu na Mrakovici.<\/p>\n<p>&#8220;Poslije spota i fotografija \u010duje se zvuk navija\u010da Fudbalskog kluba `Rudar`, `Alkohol bojsa`, koji skandiraju Andrejevo ime, koji je bio njihov \u010dlan, i to je, od dana njegove pogibije postao obi\u010daj na svim utakmicama&#8221;, rekao je Ognjen.<\/p>\n<p>On je pojasnio da baklje i skandiranja u spotu jesu navija\u010dka simbilika, ali ne i maske.<\/p>\n<p>&#8220;Maske nosimo jer ho\u0107emo re\u0107i da smo svi jednaki, da se niko ne izdvaja, da nisam ja tu ne\u0161to druga\u010diji od drugih samo zato \u0161to pjevam&#8221;, pojasnio je Ognjen.<\/p>\n<p>Ognjen je podsjetio da je ista grupa mladih u naselju Urije napravila i grafit posve\u0107en Andreju s natpisom koji se sada pojavljuje u novoj pjesmi kao stih: &#8220;Ovdje beton pamti sve, dani prazni prolaze&#8221;, a u naselju Pe\u0107ani po\u010dinje ovih dana oslikavanje murala sa likom Andreja Luka\u010da, na inicijativu navija\u010dke grupe &#8220;Alkohol bojs&#8221;.<\/p>\n<p>Predsjednik Dru\u0161tva pedagoga fizi\u010dke kulture grada Prijedor Veljko Janjetovi\u0107 naveo je da je Organizacioni odbor tradicionalnih uli\u010dnih trka, koje se odr\u017eavaju povodom 16. maja &#8211; Dana grada Prijedora, prihvatio prijedlog \u010dlana Zorana Radinovi\u0107a da trka srednjo\u0161kolaca bude posve\u0107ena Andreju Luka\u010du koji se bavio atletikom.<\/p>\n<p>&#8220;Tako je bilo ove godine. U pitanju je bila trka dje\u010daka srednjo\u0161kolaca i ona je ponijela Andrejevo ime&#8221;, izjavio je Janjetovi\u0107 danas Srni.<\/p>\n<p>Andrej Luka\u010d \/18\/ poginuo je 28. oktobra pro\u0161le godine voze\u0107i motocikl i sudariv\u0161i se s motociklom kojim je upravljao maloljetni N.A. koji je nekoliko dana kasnije podlegao povredama.<\/p>\n<p>SRNA<\/p>\n<p><iframe loading=\"lazy\" title=\"RADAK - Prolaze Dani (Official Video)\" width=\"500\" height=\"281\" src=\"https:\/\/www.youtube.com\/embed\/9FSHxoYocB8?feature=oembed\" frameborder=\"0\" allow=\"accelerometer; autoplay; clipboard-write; encrypted-media; gyroscope; picture-in-picture; web-share\" allowfullscreen><\/iframe><\/p>\n","protected":false},"excerpt":{"rendered":"<p>Ognjen Radakovi\u0107 jedan je iz grupe mladih Prijedor\u010dana koji se trude da na razli\u010dite na\u010dine sa\u010duvaju uspomenu na sugra\u0111anina Andreja Luka\u010da, koji je lani poginuo u saobra\u0107ajnoj nesre\u0107i svega nekoliko [&hellip;]<\/p>\n","protected":false},"author":1,"featured_media":0,"comment_status":"closed","ping_status":"open","sticky":false,"template":"","format":"standard","meta":{"_monsterinsights_skip_tracking":false,"_monsterinsights_sitenote_active":false,"_monsterinsights_sitenote_note":"","_monsterinsights_sitenote_category":0,"footnotes":""},"categories":[4,7518,7517],"tags":[],"yoast_head":"<!-- This site is optimized with the Yoast SEO plugin v21.6 - https:\/\/yoast.com\/wordpress\/plugins\/seo\/ -->\n<title>Mladi Prijedor\u010dani \u010duvaju sje\u0107anje na stradalog sugra\u0111anina Andreja Luka\u010da - VIDEO - PrijedorDanas.com - Prijedorski gradski portal<\/title>\n<meta name=\"robots\" content=\"index, follow, max-snippet:-1, max-image-preview:large, max-video-preview:-1\" \/>\n<link rel=\"canonical\" href=\"https:\/\/www.prijedordanas.com\/?p=213678\" \/>\n<meta property=\"og:locale\" content=\"en_US\" \/>\n<meta property=\"og:type\" content=\"article\" \/>\n<meta property=\"og:title\" content=\"Mladi Prijedor\u010dani \u010duvaju sje\u0107anje na stradalog sugra\u0111anina Andreja Luka\u010da - VIDEO - PrijedorDanas.com - Prijedorski gradski portal\" \/>\n<meta property=\"og:description\" content=\"Ognjen Radakovi\u0107 jedan je iz grupe mladih Prijedor\u010dana koji se trude da na razli\u010dite na\u010dine sa\u010duvaju uspomenu na sugra\u0111anina Andreja Luka\u010da, koji je lani poginuo u saobra\u0107ajnoj nesre\u0107i svega nekoliko [&hellip;]\" \/>\n<meta property=\"og:url\" content=\"https:\/\/www.prijedordanas.com\/?p=213678\" \/>\n<meta property=\"og:site_name\" content=\"PrijedorDanas.com - Prijedorski gradski portal\" \/>\n<meta property=\"article:publisher\" content=\"https:\/\/www.facebook.com\/PrijedorDanasCom\/\" \/>\n<meta property=\"article:published_time\" content=\"2023-10-31T12:15:00+00:00\" \/>\n<meta property=\"og:image\" content=\"https:\/\/www.prijedordanas.com\/wp-content\/uploads\/2023\/10\/radak-prolaze-dani-300x222.jpg\" \/>\n<meta name=\"author\" content=\"admin\" \/>\n<meta name=\"twitter:card\" content=\"summary_large_image\" \/>\n<meta name=\"twitter:label1\" content=\"Written by\" \/>\n\t<meta name=\"twitter:data1\" content=\"admin\" \/>\n\t<meta name=\"twitter:label2\" content=\"Est. reading time\" \/>\n\t<meta name=\"twitter:data2\" content=\"3 minutes\" \/>\n<script type=\"application\/ld+json\" class=\"yoast-schema-graph\">{\"@context\":\"https:\/\/schema.org\",\"@graph\":[{\"@type\":\"Article\",\"@id\":\"https:\/\/www.prijedordanas.com\/?p=213678#article\",\"isPartOf\":{\"@id\":\"https:\/\/www.prijedordanas.com\/?p=213678\"},\"author\":{\"name\":\"admin\",\"@id\":\"https:\/\/www.prijedordanas.com\/#\/schema\/person\/4e08ccf29b506ca916ff86d46bb700e6\"},\"headline\":\"Mladi Prijedor\u010dani \u010duvaju sje\u0107anje na stradalog sugra\u0111anina Andreja Luka\u010da &#8211; VIDEO\",\"datePublished\":\"2023-10-31T12:15:00+00:00\",\"dateModified\":\"2023-10-31T12:15:00+00:00\",\"mainEntityOfPage\":{\"@id\":\"https:\/\/www.prijedordanas.com\/?p=213678\"},\"wordCount\":598,\"publisher\":{\"@id\":\"https:\/\/www.prijedordanas.com\/#organization\"},\"articleSection\":[\"Dru\u0161tvo\",\"Mladi\",\"Video dana\"],\"inLanguage\":\"en-US\"},{\"@type\":\"WebPage\",\"@id\":\"https:\/\/www.prijedordanas.com\/?p=213678\",\"url\":\"https:\/\/www.prijedordanas.com\/?p=213678\",\"name\":\"Mladi Prijedor\u010dani \u010duvaju sje\u0107anje na stradalog sugra\u0111anina Andreja Luka\u010da - VIDEO - PrijedorDanas.com - Prijedorski gradski portal\",\"isPartOf\":{\"@id\":\"https:\/\/www.prijedordanas.com\/#website\"},\"datePublished\":\"2023-10-31T12:15:00+00:00\",\"dateModified\":\"2023-10-31T12:15:00+00:00\",\"breadcrumb\":{\"@id\":\"https:\/\/www.prijedordanas.com\/?p=213678#breadcrumb\"},\"inLanguage\":\"en-US\",\"potentialAction\":[{\"@type\":\"ReadAction\",\"target\":[\"https:\/\/www.prijedordanas.com\/?p=213678\"]}]},{\"@type\":\"BreadcrumbList\",\"@id\":\"https:\/\/www.prijedordanas.com\/?p=213678#breadcrumb\",\"itemListElement\":[{\"@type\":\"ListItem\",\"position\":1,\"name\":\"Home\",\"item\":\"https:\/\/www.prijedordanas.com\/\"},{\"@type\":\"ListItem\",\"position\":2,\"name\":\"Mladi Prijedor\u010dani \u010duvaju sje\u0107anje na stradalog sugra\u0111anina Andreja Luka\u010da &#8211; VIDEO\"}]},{\"@type\":\"WebSite\",\"@id\":\"https:\/\/www.prijedordanas.com\/#website\",\"url\":\"https:\/\/www.prijedordanas.com\/\",\"name\":\"PrijedorDanas.com - Prijedorski gradski portal\",\"description\":\"Portal o doga\u0111anjima u gradu Prijedoru\",\"publisher\":{\"@id\":\"https:\/\/www.prijedordanas.com\/#organization\"},\"potentialAction\":[{\"@type\":\"SearchAction\",\"target\":{\"@type\":\"EntryPoint\",\"urlTemplate\":\"https:\/\/www.prijedordanas.com\/?s={search_term_string}\"},\"query-input\":\"required name=search_term_string\"}],\"inLanguage\":\"en-US\"},{\"@type\":\"Organization\",\"@id\":\"https:\/\/www.prijedordanas.com\/#organization\",\"name\":\"PrijedorDanas.com\",\"url\":\"https:\/\/www.prijedordanas.com\/\",\"logo\":{\"@type\":\"ImageObject\",\"inLanguage\":\"en-US\",\"@id\":\"https:\/\/www.prijedordanas.com\/#\/schema\/logo\/image\/\",\"url\":\"http:\/\/www.prijedordanas.com\/wp-content\/uploads\/2021\/12\/logopng.png\",\"contentUrl\":\"http:\/\/www.prijedordanas.com\/wp-content\/uploads\/2021\/12\/logopng.png\",\"width\":1019,\"height\":776,\"caption\":\"PrijedorDanas.com\"},\"image\":{\"@id\":\"https:\/\/www.prijedordanas.com\/#\/schema\/logo\/image\/\"},\"sameAs\":[\"https:\/\/www.facebook.com\/PrijedorDanasCom\/\"]},{\"@type\":\"Person\",\"@id\":\"https:\/\/www.prijedordanas.com\/#\/schema\/person\/4e08ccf29b506ca916ff86d46bb700e6\",\"name\":\"admin\",\"image\":{\"@type\":\"ImageObject\",\"inLanguage\":\"en-US\",\"@id\":\"https:\/\/www.prijedordanas.com\/#\/schema\/person\/image\/\",\"url\":\"https:\/\/secure.gravatar.com\/avatar\/1d3fc949d550f0b53a5f0d51e06dfd79?s=96&d=mm&r=g\",\"contentUrl\":\"https:\/\/secure.gravatar.com\/avatar\/1d3fc949d550f0b53a5f0d51e06dfd79?s=96&d=mm&r=g\",\"caption\":\"admin\"},\"url\":\"https:\/\/www.prijedordanas.com\/?author=1\"}]}<\/script>\n<!-- \/ Yoast SEO plugin. -->","yoast_head_json":{"title":"Mladi Prijedor\u010dani \u010duvaju sje\u0107anje na stradalog sugra\u0111anina Andreja Luka\u010da - VIDEO - PrijedorDanas.com - Prijedorski gradski portal","robots":{"index":"index","follow":"follow","max-snippet":"max-snippet:-1","max-image-preview":"max-image-preview:large","max-video-preview":"max-video-preview:-1"},"canonical":"https:\/\/www.prijedordanas.com\/?p=213678","og_locale":"en_US","og_type":"article","og_title":"Mladi Prijedor\u010dani \u010duvaju sje\u0107anje na stradalog sugra\u0111anina Andreja Luka\u010da - VIDEO - PrijedorDanas.com - Prijedorski gradski portal","og_description":"Ognjen Radakovi\u0107 jedan je iz grupe mladih Prijedor\u010dana koji se trude da na razli\u010dite na\u010dine sa\u010duvaju uspomenu na sugra\u0111anina Andreja Luka\u010da, koji je lani poginuo u saobra\u0107ajnoj nesre\u0107i svega nekoliko [&hellip;]","og_url":"https:\/\/www.prijedordanas.com\/?p=213678","og_site_name":"PrijedorDanas.com - Prijedorski gradski portal","article_publisher":"https:\/\/www.facebook.com\/PrijedorDanasCom\/","article_published_time":"2023-10-31T12:15:00+00:00","og_image":[{"url":"https:\/\/www.prijedordanas.com\/wp-content\/uploads\/2023\/10\/radak-prolaze-dani-300x222.jpg"}],"author":"admin","twitter_card":"summary_large_image","twitter_misc":{"Written by":"admin","Est. reading time":"3 minutes"},"schema":{"@context":"https:\/\/schema.org","@graph":[{"@type":"Article","@id":"https:\/\/www.prijedordanas.com\/?p=213678#article","isPartOf":{"@id":"https:\/\/www.prijedordanas.com\/?p=213678"},"author":{"name":"admin","@id":"https:\/\/www.prijedordanas.com\/#\/schema\/person\/4e08ccf29b506ca916ff86d46bb700e6"},"headline":"Mladi Prijedor\u010dani \u010duvaju sje\u0107anje na stradalog sugra\u0111anina Andreja Luka\u010da &#8211; VIDEO","datePublished":"2023-10-31T12:15:00+00:00","dateModified":"2023-10-31T12:15:00+00:00","mainEntityOfPage":{"@id":"https:\/\/www.prijedordanas.com\/?p=213678"},"wordCount":598,"publisher":{"@id":"https:\/\/www.prijedordanas.com\/#organization"},"articleSection":["Dru\u0161tvo","Mladi","Video dana"],"inLanguage":"en-US"},{"@type":"WebPage","@id":"https:\/\/www.prijedordanas.com\/?p=213678","url":"https:\/\/www.prijedordanas.com\/?p=213678","name":"Mladi Prijedor\u010dani \u010duvaju sje\u0107anje na stradalog sugra\u0111anina Andreja Luka\u010da - VIDEO - PrijedorDanas.com - Prijedorski gradski portal","isPartOf":{"@id":"https:\/\/www.prijedordanas.com\/#website"},"datePublished":"2023-10-31T12:15:00+00:00","dateModified":"2023-10-31T12:15:00+00:00","breadcrumb":{"@id":"https:\/\/www.prijedordanas.com\/?p=213678#breadcrumb"},"inLanguage":"en-US","potentialAction":[{"@type":"ReadAction","target":["https:\/\/www.prijedordanas.com\/?p=213678"]}]},{"@type":"BreadcrumbList","@id":"https:\/\/www.prijedordanas.com\/?p=213678#breadcrumb","itemListElement":[{"@type":"ListItem","position":1,"name":"Home","item":"https:\/\/www.prijedordanas.com\/"},{"@type":"ListItem","position":2,"name":"Mladi Prijedor\u010dani \u010duvaju sje\u0107anje na stradalog sugra\u0111anina Andreja Luka\u010da &#8211; VIDEO"}]},{"@type":"WebSite","@id":"https:\/\/www.prijedordanas.com\/#website","url":"https:\/\/www.prijedordanas.com\/","name":"PrijedorDanas.com - Prijedorski gradski portal","description":"Portal o doga\u0111anjima u gradu Prijedoru","publisher":{"@id":"https:\/\/www.prijedordanas.com\/#organization"},"potentialAction":[{"@type":"SearchAction","target":{"@type":"EntryPoint","urlTemplate":"https:\/\/www.prijedordanas.com\/?s={search_term_string}"},"query-input":"required name=search_term_string"}],"inLanguage":"en-US"},{"@type":"Organization","@id":"https:\/\/www.prijedordanas.com\/#organization","name":"PrijedorDanas.com","url":"https:\/\/www.prijedordanas.com\/","logo":{"@type":"ImageObject","inLanguage":"en-US","@id":"https:\/\/www.prijedordanas.com\/#\/schema\/logo\/image\/","url":"http:\/\/www.prijedordanas.com\/wp-content\/uploads\/2021\/12\/logopng.png","contentUrl":"http:\/\/www.prijedordanas.com\/wp-content\/uploads\/2021\/12\/logopng.png","width":1019,"height":776,"caption":"PrijedorDanas.com"},"image":{"@id":"https:\/\/www.prijedordanas.com\/#\/schema\/logo\/image\/"},"sameAs":["https:\/\/www.facebook.com\/PrijedorDanasCom\/"]},{"@type":"Person","@id":"https:\/\/www.prijedordanas.com\/#\/schema\/person\/4e08ccf29b506ca916ff86d46bb700e6","name":"admin","image":{"@type":"ImageObject","inLanguage":"en-US","@id":"https:\/\/www.prijedordanas.com\/#\/schema\/person\/image\/","url":"https:\/\/secure.gravatar.com\/avatar\/1d3fc949d550f0b53a5f0d51e06dfd79?s=96&d=mm&r=g","contentUrl":"https:\/\/secure.gravatar.com\/avatar\/1d3fc949d550f0b53a5f0d51e06dfd79?s=96&d=mm&r=g","caption":"admin"},"url":"https:\/\/www.prijedordanas.com\/?author=1"}]}},"_links":{"self":[{"href":"https:\/\/www.prijedordanas.com\/index.php?rest_route=\/wp\/v2\/posts\/213678"}],"collection":[{"href":"https:\/\/www.prijedordanas.com\/index.php?rest_route=\/wp\/v2\/posts"}],"about":[{"href":"https:\/\/www.prijedordanas.com\/index.php?rest_route=\/wp\/v2\/types\/post"}],"author":[{"embeddable":true,"href":"https:\/\/www.prijedordanas.com\/index.php?rest_route=\/wp\/v2\/users\/1"}],"replies":[{"embeddable":true,"href":"https:\/\/www.prijedordanas.com\/index.php?rest_route=%2Fwp%2Fv2%2Fcomments&post=213678"}],"version-history":[{"count":1,"href":"https:\/\/www.prijedordanas.com\/index.php?rest_route=\/wp\/v2\/posts\/213678\/revisions"}],"predecessor-version":[{"id":213681,"href":"https:\/\/www.prijedordanas.com\/index.php?rest_route=\/wp\/v2\/posts\/213678\/revisions\/213681"}],"wp:attachment":[{"href":"https:\/\/www.prijedordanas.com\/index.php?rest_route=%2Fwp%2Fv2%2Fmedia&parent=213678"}],"wp:term":[{"taxonomy":"category","embeddable":true,"href":"https:\/\/www.prijedordanas.com\/index.php?rest_route=%2Fwp%2Fv2%2Fcategories&post=213678"},{"taxonomy":"post_tag","embeddable":true,"href":"https:\/\/www.prijedordanas.com\/index.php?rest_route=%2Fwp%2Fv2%2Ftags&post=213678"}],"curies":[{"name":"wp","href":"https:\/\/api.w.org\/{rel}","templated":true}]}}