{"id":213596,"date":"2023-10-30T15:02:49","date_gmt":"2023-10-30T14:02:49","guid":{"rendered":"https:\/\/www.prijedordanas.com\/?p=213596"},"modified":"2023-10-30T15:02:49","modified_gmt":"2023-10-30T14:02:49","slug":"ignjatovic-ostavio-rudar-u-borbi-za-titulu-prijedorcani-savladali-famos-golom-u-sudijskoj-nadoknadi-foto","status":"publish","type":"post","link":"https:\/\/www.prijedordanas.com\/?p=213596","title":{"rendered":"Ignjatovi\u0107 ostavio &#8220;Rudar&#8221; u borbi za titulu: Prijedor\u010dani savladali &#8220;Famos&#8221; golom u sudijskoj nadoknadi &#8211; FOTO"},"content":{"rendered":"<p><a href=\"https:\/\/www.prijedordanas.com\/wp-content\/uploads\/2023\/10\/rudar-prijedor-famos-1-0-1.jpg\"><img loading=\"lazy\" decoding=\"async\" class=\"alignleft size-medium wp-image-213603\" src=\"https:\/\/www.prijedordanas.com\/wp-content\/uploads\/2023\/10\/rudar-prijedor-famos-1-0-1-300x225.jpg\" alt=\"\" width=\"300\" height=\"225\" srcset=\"https:\/\/www.prijedordanas.com\/wp-content\/uploads\/2023\/10\/rudar-prijedor-famos-1-0-1-300x225.jpg 300w, https:\/\/www.prijedordanas.com\/wp-content\/uploads\/2023\/10\/rudar-prijedor-famos-1-0-1-640x480.jpg 640w, https:\/\/www.prijedordanas.com\/wp-content\/uploads\/2023\/10\/rudar-prijedor-famos-1-0-1.jpg 667w\" sizes=\"(max-width: 300px) 100vw, 300px\" \/><\/a>Pogotkom Aleksandra Ignjatovi\u0107a u 5. minuti sudijske nadoknade, fudbaleri Rudar-Prijedora savladali su Famos iz Isto\u010dne Ilid\u017ee sa minimalnih 1:0 u okviru 13. kola Prve lige RS.<\/p>\n<p>Iako ima jo\u0161 dosta da se igra do kraja \u0161ampionata, mo\u017eemo slobodno re\u0107i da je defanzivac doma\u0107ih svojim golom ostavio Prijedor\u010dane u borbi za titulu \u0161ampiona.<\/p>\n<p>Ujedno, bio je ovo i prvi trijumf novog trenera Vuleta Trivunovi\u0107a nakon poraza od Lakta\u0161a i remija sa BSK-om u prvenstvu te poraza na penale u Kupu RS od Sutjeske iz Fo\u010de.<\/p>\n<p>Doma\u0107i su od po\u010detka me\u010da tra\u017eili pogodak a najagilniji je bio Nikola Komazec.<\/p>\n<p><a href=\"https:\/\/www.prijedordanas.com\/wp-content\/uploads\/2023\/10\/rudar-prijedor-famos-1-0-2.jpg\"><img loading=\"lazy\" decoding=\"async\" class=\"alignleft size-medium wp-image-213604\" src=\"https:\/\/www.prijedordanas.com\/wp-content\/uploads\/2023\/10\/rudar-prijedor-famos-1-0-2-300x225.jpg\" alt=\"\" width=\"300\" height=\"225\" srcset=\"https:\/\/www.prijedordanas.com\/wp-content\/uploads\/2023\/10\/rudar-prijedor-famos-1-0-2-300x225.jpg 300w, https:\/\/www.prijedordanas.com\/wp-content\/uploads\/2023\/10\/rudar-prijedor-famos-1-0-2-640x480.jpg 640w, https:\/\/www.prijedordanas.com\/wp-content\/uploads\/2023\/10\/rudar-prijedor-famos-1-0-2.jpg 667w\" sizes=\"(max-width: 300px) 100vw, 300px\" \/><\/a>Kao da je iskusni napada\u010d \u017eelio da poka\u017ee treneru da je u prethodnim me\u010devima neopravdano vi\u0161e vremena proveo na klupi nego \u0161to je bio na terenu, naro\u010dito ako se zna da je najefikasniji u redovima Prijedor\u010dana.<\/p>\n<p>Ekipa iz Isto\u010dne Ilid\u017ee se dobro branila i iz kontranapada te nakon prekida poku\u0161avala ugroziti gol Trnini\u0107a ali mladi \u010duvar mre\u017ee je bio siguran.<\/p>\n<p>Iako je Rudar-Prijedor imao vi\u0161e od igre u prvom poluvremenu mre\u017ee su mirovale.<\/p>\n<p>Napadali su doma\u0107i i u nastavku, trener Trivunovi\u0107 je poku\u0161ao izmjenama do\u0107i do gola.<\/p>\n<p><a href=\"https:\/\/www.prijedordanas.com\/wp-content\/uploads\/2023\/10\/rudar-prijedor-famos-1-0-3.jpg\"><img loading=\"lazy\" decoding=\"async\" class=\"alignleft size-medium wp-image-213605\" src=\"https:\/\/www.prijedordanas.com\/wp-content\/uploads\/2023\/10\/rudar-prijedor-famos-1-0-3-300x225.jpg\" alt=\"\" width=\"300\" height=\"225\" srcset=\"https:\/\/www.prijedordanas.com\/wp-content\/uploads\/2023\/10\/rudar-prijedor-famos-1-0-3-300x225.jpg 300w, https:\/\/www.prijedordanas.com\/wp-content\/uploads\/2023\/10\/rudar-prijedor-famos-1-0-3-640x480.jpg 640w, https:\/\/www.prijedordanas.com\/wp-content\/uploads\/2023\/10\/rudar-prijedor-famos-1-0-3.jpg 667w\" sizes=\"(max-width: 300px) 100vw, 300px\" \/><\/a>Odli\u010dne \u0161anse imali su Komazec i &#8220;rezervista&#8221; Rosi\u0107 ali je golman Ron\u010devi\u0107 sjajno branio i bio najistaknutiji pojedinac gostiju.<\/p>\n<p>Ipak ni on nije mogao ni\u0161ta u petoj minuti sudijske nadoknade kada je iskusni \u0161toper Ignjatovi\u0107 u \u0161esnaestercu Famosa natr\u010dao na jednu odbijenu loptu i smjestio je u mre\u017eu za veliku radost doma\u0107ih igra\u010da i navija\u010da.<\/p>\n<p>Treba re\u0107i da je u fini\u0161u susreta igru zbog povrede napustio Nemanja Pekija.<\/p>\n<p>Jedan gostuju\u0107i igra\u010d je nakon duela svom te\u017einom pao na njegovu nogu pa kapiten Prijedor\u010dana nije mogao ni da se pridigne pa je zamijenjen.<\/p>\n<p>Prema prvim procjenama ipak nije rije\u010d o te\u017eoj povredi.<\/p>\n<p><a href=\"https:\/\/www.prijedordanas.com\/wp-content\/uploads\/2023\/10\/rudar-prijedor-famos-1-0-7.jpg\"><img loading=\"lazy\" decoding=\"async\" class=\"alignleft size-medium wp-image-213606\" src=\"https:\/\/www.prijedordanas.com\/wp-content\/uploads\/2023\/10\/rudar-prijedor-famos-1-0-7-300x225.jpg\" alt=\"\" width=\"300\" height=\"225\" srcset=\"https:\/\/www.prijedordanas.com\/wp-content\/uploads\/2023\/10\/rudar-prijedor-famos-1-0-7-300x225.jpg 300w, https:\/\/www.prijedordanas.com\/wp-content\/uploads\/2023\/10\/rudar-prijedor-famos-1-0-7-640x480.jpg 640w, https:\/\/www.prijedordanas.com\/wp-content\/uploads\/2023\/10\/rudar-prijedor-famos-1-0-7.jpg 667w\" sizes=\"(max-width: 300px) 100vw, 300px\" \/><\/a>Rudar-Prijedor: Famos 1:0 (0:0)<\/p>\n<p>Prijedor<br \/>\nGradski stadion<br \/>\nGledalaca: 300<br \/>\nSudija: Mario Jeli\u0107 (Banjaluka)<br \/>\nStrijelac: Ignjatovi\u0107 u 90+5. minuti<br \/>\n\u017duti kartoni: Komazec (Rudar-Prijedor), Abrego, Markovi\u0107, Bla\u017ei\u0107, Kuljanin (Famos)<\/p>\n<p>Rudar-Prijedor<br \/>\nTrnini\u0107, Ignjatovi\u0107, Pekija (Bilbija), Kova\u010devi\u0107, Komazec, Demonji\u0107, Petrovi\u0107 (Rosi\u0107), Mari\u0107 (Dani\u010di\u0107), Rakovi\u0107, Amoa, Smaji\u0107 (Milakovi\u0107)<\/p>\n<p>Famos<br \/>\nRon\u010devi\u0107, Abrego, Stjepanovi\u0107 (Drakul), Hrkalo (Tiro), Perovi\u0107, Danilovi\u0107, Te\u0161anovi\u0107, Lazi\u0107, Pirt (Kuljanin), Markovi\u0107, Bla\u017ei\u0107<\/p>\n<p>Tekst i foto \u2013 <a href=\"https:\/\/www.prijedordanas.com\" target=\"_blank\" rel=\"noopener noreferrer\">www.prijedordanas.com<\/a><\/p>\n<p><a href=\"https:\/\/www.prijedordanas.com\/wp-content\/uploads\/2023\/10\/rudar-prijedor-famos-1-0-5.jpg\"><img loading=\"lazy\" decoding=\"async\" class=\"alignleft size-medium wp-image-213607\" src=\"https:\/\/www.prijedordanas.com\/wp-content\/uploads\/2023\/10\/rudar-prijedor-famos-1-0-5-300x200.jpg\" alt=\"\" width=\"300\" height=\"200\" srcset=\"https:\/\/www.prijedordanas.com\/wp-content\/uploads\/2023\/10\/rudar-prijedor-famos-1-0-5-300x200.jpg 300w, https:\/\/www.prijedordanas.com\/wp-content\/uploads\/2023\/10\/rudar-prijedor-famos-1-0-5-480x320.jpg 480w, https:\/\/www.prijedordanas.com\/wp-content\/uploads\/2023\/10\/rudar-prijedor-famos-1-0-5.jpg 600w\" sizes=\"(max-width: 300px) 100vw, 300px\" \/><\/a> <a href=\"https:\/\/www.prijedordanas.com\/wp-content\/uploads\/2023\/10\/rudar-prijedor-famos-1-0-6.jpg\"><img loading=\"lazy\" decoding=\"async\" class=\"alignleft size-medium wp-image-213608\" src=\"https:\/\/www.prijedordanas.com\/wp-content\/uploads\/2023\/10\/rudar-prijedor-famos-1-0-6-300x200.jpg\" alt=\"\" width=\"300\" height=\"200\" srcset=\"https:\/\/www.prijedordanas.com\/wp-content\/uploads\/2023\/10\/rudar-prijedor-famos-1-0-6-300x200.jpg 300w, https:\/\/www.prijedordanas.com\/wp-content\/uploads\/2023\/10\/rudar-prijedor-famos-1-0-6-480x320.jpg 480w, https:\/\/www.prijedordanas.com\/wp-content\/uploads\/2023\/10\/rudar-prijedor-famos-1-0-6.jpg 600w\" sizes=\"(max-width: 300px) 100vw, 300px\" \/><\/a> <a href=\"https:\/\/www.prijedordanas.com\/wp-content\/uploads\/2023\/10\/rudar-prijedor-famos-1-0-8.jpg\"><img loading=\"lazy\" decoding=\"async\" class=\"alignleft size-medium wp-image-213609\" src=\"https:\/\/www.prijedordanas.com\/wp-content\/uploads\/2023\/10\/rudar-prijedor-famos-1-0-8-300x225.jpg\" alt=\"\" width=\"300\" height=\"225\" srcset=\"https:\/\/www.prijedordanas.com\/wp-content\/uploads\/2023\/10\/rudar-prijedor-famos-1-0-8-300x225.jpg 300w, https:\/\/www.prijedordanas.com\/wp-content\/uploads\/2023\/10\/rudar-prijedor-famos-1-0-8-640x480.jpg 640w, https:\/\/www.prijedordanas.com\/wp-content\/uploads\/2023\/10\/rudar-prijedor-famos-1-0-8.jpg 667w\" sizes=\"(max-width: 300px) 100vw, 300px\" \/><\/a> <a href=\"https:\/\/www.prijedordanas.com\/wp-content\/uploads\/2023\/10\/rudar-prijedor-famos-1-0-9.jpg\"><img loading=\"lazy\" decoding=\"async\" class=\"alignleft size-medium wp-image-213610\" src=\"https:\/\/www.prijedordanas.com\/wp-content\/uploads\/2023\/10\/rudar-prijedor-famos-1-0-9-300x225.jpg\" alt=\"\" width=\"300\" height=\"225\" srcset=\"https:\/\/www.prijedordanas.com\/wp-content\/uploads\/2023\/10\/rudar-prijedor-famos-1-0-9-300x225.jpg 300w, https:\/\/www.prijedordanas.com\/wp-content\/uploads\/2023\/10\/rudar-prijedor-famos-1-0-9-640x480.jpg 640w, https:\/\/www.prijedordanas.com\/wp-content\/uploads\/2023\/10\/rudar-prijedor-famos-1-0-9.jpg 667w\" sizes=\"(max-width: 300px) 100vw, 300px\" \/><\/a><\/p>\n","protected":false},"excerpt":{"rendered":"<p>Pogotkom Aleksandra Ignjatovi\u0107a u 5. minuti sudijske nadoknade, fudbaleri Rudar-Prijedora savladali su Famos iz Isto\u010dne Ilid\u017ee sa minimalnih 1:0 u okviru 13. kola Prve lige RS. Iako ima jo\u0161 dosta [&hellip;]<\/p>\n","protected":false},"author":1,"featured_media":0,"comment_status":"closed","ping_status":"open","sticky":false,"template":"","format":"standard","meta":{"_monsterinsights_skip_tracking":false,"_monsterinsights_sitenote_active":false,"_monsterinsights_sitenote_note":"","_monsterinsights_sitenote_category":0,"footnotes":""},"categories":[7],"tags":[],"yoast_head":"<!-- This site is optimized with the Yoast SEO plugin v21.6 - https:\/\/yoast.com\/wordpress\/plugins\/seo\/ -->\n<title>Ignjatovi\u0107 ostavio &quot;Rudar&quot; u borbi za titulu: Prijedor\u010dani savladali &quot;Famos&quot; golom u sudijskoj nadoknadi - FOTO - PrijedorDanas.com - Prijedorski gradski portal<\/title>\n<meta name=\"robots\" content=\"index, follow, max-snippet:-1, max-image-preview:large, max-video-preview:-1\" \/>\n<link rel=\"canonical\" href=\"https:\/\/www.prijedordanas.com\/?p=213596\" \/>\n<meta property=\"og:locale\" content=\"en_US\" \/>\n<meta property=\"og:type\" content=\"article\" \/>\n<meta property=\"og:title\" content=\"Ignjatovi\u0107 ostavio &quot;Rudar&quot; u borbi za titulu: Prijedor\u010dani savladali &quot;Famos&quot; golom u sudijskoj nadoknadi - FOTO - PrijedorDanas.com - Prijedorski gradski portal\" \/>\n<meta property=\"og:description\" content=\"Pogotkom Aleksandra Ignjatovi\u0107a u 5. minuti sudijske nadoknade, fudbaleri Rudar-Prijedora savladali su Famos iz Isto\u010dne Ilid\u017ee sa minimalnih 1:0 u okviru 13. kola Prve lige RS. Iako ima jo\u0161 dosta [&hellip;]\" \/>\n<meta property=\"og:url\" content=\"https:\/\/www.prijedordanas.com\/?p=213596\" \/>\n<meta property=\"og:site_name\" content=\"PrijedorDanas.com - Prijedorski gradski portal\" \/>\n<meta property=\"article:publisher\" content=\"https:\/\/www.facebook.com\/PrijedorDanasCom\/\" \/>\n<meta property=\"article:published_time\" content=\"2023-10-30T14:02:49+00:00\" \/>\n<meta property=\"og:image\" content=\"https:\/\/www.prijedordanas.com\/wp-content\/uploads\/2023\/10\/rudar-prijedor-famos-1-0-1-300x225.jpg\" \/>\n<meta name=\"author\" content=\"admin\" \/>\n<meta name=\"twitter:card\" content=\"summary_large_image\" \/>\n<meta name=\"twitter:label1\" content=\"Written by\" \/>\n\t<meta name=\"twitter:data1\" content=\"admin\" \/>\n\t<meta name=\"twitter:label2\" content=\"Est. reading time\" \/>\n\t<meta name=\"twitter:data2\" content=\"4 minutes\" \/>\n<script type=\"application\/ld+json\" class=\"yoast-schema-graph\">{\"@context\":\"https:\/\/schema.org\",\"@graph\":[{\"@type\":\"Article\",\"@id\":\"https:\/\/www.prijedordanas.com\/?p=213596#article\",\"isPartOf\":{\"@id\":\"https:\/\/www.prijedordanas.com\/?p=213596\"},\"author\":{\"name\":\"admin\",\"@id\":\"https:\/\/www.prijedordanas.com\/#\/schema\/person\/4e08ccf29b506ca916ff86d46bb700e6\"},\"headline\":\"Ignjatovi\u0107 ostavio &#8220;Rudar&#8221; u borbi za titulu: Prijedor\u010dani savladali &#8220;Famos&#8221; golom u sudijskoj nadoknadi &#8211; FOTO\",\"datePublished\":\"2023-10-30T14:02:49+00:00\",\"dateModified\":\"2023-10-30T14:02:49+00:00\",\"mainEntityOfPage\":{\"@id\":\"https:\/\/www.prijedordanas.com\/?p=213596\"},\"wordCount\":408,\"publisher\":{\"@id\":\"https:\/\/www.prijedordanas.com\/#organization\"},\"articleSection\":[\"Sport\"],\"inLanguage\":\"en-US\"},{\"@type\":\"WebPage\",\"@id\":\"https:\/\/www.prijedordanas.com\/?p=213596\",\"url\":\"https:\/\/www.prijedordanas.com\/?p=213596\",\"name\":\"Ignjatovi\u0107 ostavio \\\"Rudar\\\" u borbi za titulu: Prijedor\u010dani savladali \\\"Famos\\\" golom u sudijskoj nadoknadi - FOTO - PrijedorDanas.com - Prijedorski gradski portal\",\"isPartOf\":{\"@id\":\"https:\/\/www.prijedordanas.com\/#website\"},\"datePublished\":\"2023-10-30T14:02:49+00:00\",\"dateModified\":\"2023-10-30T14:02:49+00:00\",\"breadcrumb\":{\"@id\":\"https:\/\/www.prijedordanas.com\/?p=213596#breadcrumb\"},\"inLanguage\":\"en-US\",\"potentialAction\":[{\"@type\":\"ReadAction\",\"target\":[\"https:\/\/www.prijedordanas.com\/?p=213596\"]}]},{\"@type\":\"BreadcrumbList\",\"@id\":\"https:\/\/www.prijedordanas.com\/?p=213596#breadcrumb\",\"itemListElement\":[{\"@type\":\"ListItem\",\"position\":1,\"name\":\"Home\",\"item\":\"https:\/\/www.prijedordanas.com\/\"},{\"@type\":\"ListItem\",\"position\":2,\"name\":\"Ignjatovi\u0107 ostavio &#8220;Rudar&#8221; u borbi za titulu: Prijedor\u010dani savladali &#8220;Famos&#8221; golom u sudijskoj nadoknadi &#8211; FOTO\"}]},{\"@type\":\"WebSite\",\"@id\":\"https:\/\/www.prijedordanas.com\/#website\",\"url\":\"https:\/\/www.prijedordanas.com\/\",\"name\":\"PrijedorDanas.com - Prijedorski gradski portal\",\"description\":\"Portal o doga\u0111anjima u gradu Prijedoru\",\"publisher\":{\"@id\":\"https:\/\/www.prijedordanas.com\/#organization\"},\"potentialAction\":[{\"@type\":\"SearchAction\",\"target\":{\"@type\":\"EntryPoint\",\"urlTemplate\":\"https:\/\/www.prijedordanas.com\/?s={search_term_string}\"},\"query-input\":\"required name=search_term_string\"}],\"inLanguage\":\"en-US\"},{\"@type\":\"Organization\",\"@id\":\"https:\/\/www.prijedordanas.com\/#organization\",\"name\":\"PrijedorDanas.com\",\"url\":\"https:\/\/www.prijedordanas.com\/\",\"logo\":{\"@type\":\"ImageObject\",\"inLanguage\":\"en-US\",\"@id\":\"https:\/\/www.prijedordanas.com\/#\/schema\/logo\/image\/\",\"url\":\"http:\/\/www.prijedordanas.com\/wp-content\/uploads\/2021\/12\/logopng.png\",\"contentUrl\":\"http:\/\/www.prijedordanas.com\/wp-content\/uploads\/2021\/12\/logopng.png\",\"width\":1019,\"height\":776,\"caption\":\"PrijedorDanas.com\"},\"image\":{\"@id\":\"https:\/\/www.prijedordanas.com\/#\/schema\/logo\/image\/\"},\"sameAs\":[\"https:\/\/www.facebook.com\/PrijedorDanasCom\/\"]},{\"@type\":\"Person\",\"@id\":\"https:\/\/www.prijedordanas.com\/#\/schema\/person\/4e08ccf29b506ca916ff86d46bb700e6\",\"name\":\"admin\",\"image\":{\"@type\":\"ImageObject\",\"inLanguage\":\"en-US\",\"@id\":\"https:\/\/www.prijedordanas.com\/#\/schema\/person\/image\/\",\"url\":\"https:\/\/secure.gravatar.com\/avatar\/1d3fc949d550f0b53a5f0d51e06dfd79?s=96&d=mm&r=g\",\"contentUrl\":\"https:\/\/secure.gravatar.com\/avatar\/1d3fc949d550f0b53a5f0d51e06dfd79?s=96&d=mm&r=g\",\"caption\":\"admin\"},\"url\":\"https:\/\/www.prijedordanas.com\/?author=1\"}]}<\/script>\n<!-- \/ Yoast SEO plugin. -->","yoast_head_json":{"title":"Ignjatovi\u0107 ostavio \"Rudar\" u borbi za titulu: Prijedor\u010dani savladali \"Famos\" golom u sudijskoj nadoknadi - FOTO - PrijedorDanas.com - Prijedorski gradski portal","robots":{"index":"index","follow":"follow","max-snippet":"max-snippet:-1","max-image-preview":"max-image-preview:large","max-video-preview":"max-video-preview:-1"},"canonical":"https:\/\/www.prijedordanas.com\/?p=213596","og_locale":"en_US","og_type":"article","og_title":"Ignjatovi\u0107 ostavio \"Rudar\" u borbi za titulu: Prijedor\u010dani savladali \"Famos\" golom u sudijskoj nadoknadi - FOTO - PrijedorDanas.com - Prijedorski gradski portal","og_description":"Pogotkom Aleksandra Ignjatovi\u0107a u 5. minuti sudijske nadoknade, fudbaleri Rudar-Prijedora savladali su Famos iz Isto\u010dne Ilid\u017ee sa minimalnih 1:0 u okviru 13. kola Prve lige RS. Iako ima jo\u0161 dosta [&hellip;]","og_url":"https:\/\/www.prijedordanas.com\/?p=213596","og_site_name":"PrijedorDanas.com - Prijedorski gradski portal","article_publisher":"https:\/\/www.facebook.com\/PrijedorDanasCom\/","article_published_time":"2023-10-30T14:02:49+00:00","og_image":[{"url":"https:\/\/www.prijedordanas.com\/wp-content\/uploads\/2023\/10\/rudar-prijedor-famos-1-0-1-300x225.jpg"}],"author":"admin","twitter_card":"summary_large_image","twitter_misc":{"Written by":"admin","Est. reading time":"4 minutes"},"schema":{"@context":"https:\/\/schema.org","@graph":[{"@type":"Article","@id":"https:\/\/www.prijedordanas.com\/?p=213596#article","isPartOf":{"@id":"https:\/\/www.prijedordanas.com\/?p=213596"},"author":{"name":"admin","@id":"https:\/\/www.prijedordanas.com\/#\/schema\/person\/4e08ccf29b506ca916ff86d46bb700e6"},"headline":"Ignjatovi\u0107 ostavio &#8220;Rudar&#8221; u borbi za titulu: Prijedor\u010dani savladali &#8220;Famos&#8221; golom u sudijskoj nadoknadi &#8211; FOTO","datePublished":"2023-10-30T14:02:49+00:00","dateModified":"2023-10-30T14:02:49+00:00","mainEntityOfPage":{"@id":"https:\/\/www.prijedordanas.com\/?p=213596"},"wordCount":408,"publisher":{"@id":"https:\/\/www.prijedordanas.com\/#organization"},"articleSection":["Sport"],"inLanguage":"en-US"},{"@type":"WebPage","@id":"https:\/\/www.prijedordanas.com\/?p=213596","url":"https:\/\/www.prijedordanas.com\/?p=213596","name":"Ignjatovi\u0107 ostavio \"Rudar\" u borbi za titulu: Prijedor\u010dani savladali \"Famos\" golom u sudijskoj nadoknadi - FOTO - PrijedorDanas.com - Prijedorski gradski portal","isPartOf":{"@id":"https:\/\/www.prijedordanas.com\/#website"},"datePublished":"2023-10-30T14:02:49+00:00","dateModified":"2023-10-30T14:02:49+00:00","breadcrumb":{"@id":"https:\/\/www.prijedordanas.com\/?p=213596#breadcrumb"},"inLanguage":"en-US","potentialAction":[{"@type":"ReadAction","target":["https:\/\/www.prijedordanas.com\/?p=213596"]}]},{"@type":"BreadcrumbList","@id":"https:\/\/www.prijedordanas.com\/?p=213596#breadcrumb","itemListElement":[{"@type":"ListItem","position":1,"name":"Home","item":"https:\/\/www.prijedordanas.com\/"},{"@type":"ListItem","position":2,"name":"Ignjatovi\u0107 ostavio &#8220;Rudar&#8221; u borbi za titulu: Prijedor\u010dani savladali &#8220;Famos&#8221; golom u sudijskoj nadoknadi &#8211; FOTO"}]},{"@type":"WebSite","@id":"https:\/\/www.prijedordanas.com\/#website","url":"https:\/\/www.prijedordanas.com\/","name":"PrijedorDanas.com - Prijedorski gradski portal","description":"Portal o doga\u0111anjima u gradu Prijedoru","publisher":{"@id":"https:\/\/www.prijedordanas.com\/#organization"},"potentialAction":[{"@type":"SearchAction","target":{"@type":"EntryPoint","urlTemplate":"https:\/\/www.prijedordanas.com\/?s={search_term_string}"},"query-input":"required name=search_term_string"}],"inLanguage":"en-US"},{"@type":"Organization","@id":"https:\/\/www.prijedordanas.com\/#organization","name":"PrijedorDanas.com","url":"https:\/\/www.prijedordanas.com\/","logo":{"@type":"ImageObject","inLanguage":"en-US","@id":"https:\/\/www.prijedordanas.com\/#\/schema\/logo\/image\/","url":"http:\/\/www.prijedordanas.com\/wp-content\/uploads\/2021\/12\/logopng.png","contentUrl":"http:\/\/www.prijedordanas.com\/wp-content\/uploads\/2021\/12\/logopng.png","width":1019,"height":776,"caption":"PrijedorDanas.com"},"image":{"@id":"https:\/\/www.prijedordanas.com\/#\/schema\/logo\/image\/"},"sameAs":["https:\/\/www.facebook.com\/PrijedorDanasCom\/"]},{"@type":"Person","@id":"https:\/\/www.prijedordanas.com\/#\/schema\/person\/4e08ccf29b506ca916ff86d46bb700e6","name":"admin","image":{"@type":"ImageObject","inLanguage":"en-US","@id":"https:\/\/www.prijedordanas.com\/#\/schema\/person\/image\/","url":"https:\/\/secure.gravatar.com\/avatar\/1d3fc949d550f0b53a5f0d51e06dfd79?s=96&d=mm&r=g","contentUrl":"https:\/\/secure.gravatar.com\/avatar\/1d3fc949d550f0b53a5f0d51e06dfd79?s=96&d=mm&r=g","caption":"admin"},"url":"https:\/\/www.prijedordanas.com\/?author=1"}]}},"_links":{"self":[{"href":"https:\/\/www.prijedordanas.com\/index.php?rest_route=\/wp\/v2\/posts\/213596"}],"collection":[{"href":"https:\/\/www.prijedordanas.com\/index.php?rest_route=\/wp\/v2\/posts"}],"about":[{"href":"https:\/\/www.prijedordanas.com\/index.php?rest_route=\/wp\/v2\/types\/post"}],"author":[{"embeddable":true,"href":"https:\/\/www.prijedordanas.com\/index.php?rest_route=\/wp\/v2\/users\/1"}],"replies":[{"embeddable":true,"href":"https:\/\/www.prijedordanas.com\/index.php?rest_route=%2Fwp%2Fv2%2Fcomments&post=213596"}],"version-history":[{"count":2,"href":"https:\/\/www.prijedordanas.com\/index.php?rest_route=\/wp\/v2\/posts\/213596\/revisions"}],"predecessor-version":[{"id":213611,"href":"https:\/\/www.prijedordanas.com\/index.php?rest_route=\/wp\/v2\/posts\/213596\/revisions\/213611"}],"wp:attachment":[{"href":"https:\/\/www.prijedordanas.com\/index.php?rest_route=%2Fwp%2Fv2%2Fmedia&parent=213596"}],"wp:term":[{"taxonomy":"category","embeddable":true,"href":"https:\/\/www.prijedordanas.com\/index.php?rest_route=%2Fwp%2Fv2%2Fcategories&post=213596"},{"taxonomy":"post_tag","embeddable":true,"href":"https:\/\/www.prijedordanas.com\/index.php?rest_route=%2Fwp%2Fv2%2Ftags&post=213596"}],"curies":[{"name":"wp","href":"https:\/\/api.w.org\/{rel}","templated":true}]}}