{"id":213582,"date":"2023-10-30T10:18:39","date_gmt":"2023-10-30T09:18:39","guid":{"rendered":"https:\/\/www.prijedordanas.com\/?p=213582"},"modified":"2023-10-30T10:18:39","modified_gmt":"2023-10-30T09:18:39","slug":"kuglasi-prijedorskog-rudara-slavili-protiv-posusja-foto-video","status":"publish","type":"post","link":"https:\/\/www.prijedordanas.com\/?p=213582","title":{"rendered":"Kugla\u0161i prijedorskog &#8220;Rudara&#8221; slavili protiv &#8220;Posu\u0161ja&#8221; &#8211; FOTO\/VIDEO"},"content":{"rendered":"<p><a href=\"https:\/\/www.prijedordanas.com\/wp-content\/uploads\/2023\/10\/rudar-posusje-5-3-1.jpg\"><img loading=\"lazy\" decoding=\"async\" class=\"alignleft size-medium wp-image-213583\" src=\"https:\/\/www.prijedordanas.com\/wp-content\/uploads\/2023\/10\/rudar-posusje-5-3-1-300x225.jpg\" alt=\"\" width=\"300\" height=\"225\" srcset=\"https:\/\/www.prijedordanas.com\/wp-content\/uploads\/2023\/10\/rudar-posusje-5-3-1-300x225.jpg 300w, https:\/\/www.prijedordanas.com\/wp-content\/uploads\/2023\/10\/rudar-posusje-5-3-1-640x480.jpg 640w, https:\/\/www.prijedordanas.com\/wp-content\/uploads\/2023\/10\/rudar-posusje-5-3-1.jpg 667w\" sizes=\"(max-width: 300px) 100vw, 300px\" \/><\/a>Derbi 7. kola kugla\u0161ke Premijer lige izme\u0111u Kugla\u0161kog kluba \u201cRudar\u201d Prijedor i \u201cPosu\u0161je\u201d pripao je Prijedor\u010danima.<\/p>\n<p>\u201cU svakom smislu rije\u010di opravdao je o\u010dekivanja svih ljubitelja kuglanja, kako onih koji su do\u0161li na kuglanu da u\u017eivo posmatraju taj duel, tako i oni koji su putem interneta u\u017eivali u ovom do kraja uzbudljivom i do posljednje kugle neizvjesnom okr\u0161aju ove dvije ekipe\u201d, saop\u0161teno je za \u201cKozarski vjesnik\u201d iz ovog kluba.<\/p>\n<p>Pere Petri\u0107 protiv Pa\u0161tara, a Malenica protiv Miljatovi\u0107a bio je izbor \u201cPosu\u0161ja\u201d u prvom bloku. Prvi od bra\u0107e Petric, moglo bi se re\u0107i o\u010dekivano, dobija veterana Pa\u0161tara sa 621 oborenih \u010dunjeva, dok \u0110or\u0111e ostaje na 584, Miljatovi\u0107 za \u201cRudar\u201d 580 ostavlja Malenicu 571 za devet \u010dunjeva iza sebe, 1:1 je i plus 28 \u010dunjeva za \u201cPosu\u0161je\u201d.<\/p>\n<p><a href=\"https:\/\/www.prijedordanas.com\/wp-content\/uploads\/2023\/10\/rudar-posusje-5-3-2.jpg\"><img loading=\"lazy\" decoding=\"async\" src=\"https:\/\/www.prijedordanas.com\/wp-content\/uploads\/2023\/10\/rudar-posusje-5-3-2-300x225.jpg\" alt=\"\" width=\"300\" height=\"225\" class=\"alignleft size-medium wp-image-213584\" srcset=\"https:\/\/www.prijedordanas.com\/wp-content\/uploads\/2023\/10\/rudar-posusje-5-3-2-300x225.jpg 300w, https:\/\/www.prijedordanas.com\/wp-content\/uploads\/2023\/10\/rudar-posusje-5-3-2-640x480.jpg 640w, https:\/\/www.prijedordanas.com\/wp-content\/uploads\/2023\/10\/rudar-posusje-5-3-2.jpg 667w\" sizes=\"(max-width: 300px) 100vw, 300px\" \/><\/a>Drugi blok \u201cRudara\u201d poslije velike borbe uspijeva okrenuti \u010dunjsku razliku na svoju stranu. Miodrag, prvi od bra\u0107e Trklja sa 620 dobija Penavu 560, a iskusni Prljevi\u0107 581 za \u201cPosu\u0161je\u201d uspijeva dobiti Kne\u017eevi\u0107a 562, iako je ovaj pru\u017eio solidan otpor.<\/p>\n<p>Pred tre\u0107i odlu\u010duju\u0107i blok rezultat je 2:2 i 13 \u010dunjeva prednosti za \u201cRudar\u201d.<\/p>\n<p>Sa puno rezultatskih promjena do kraja, me\u010d se pretvara u pravi triler.<\/p>\n<p>Za \u201cRudar\u201d Marko Trklja posti\u017ee 602 sa odli\u010dnim zadnjim \u010di\u0161\u0107enjem, gdje sjajno ve\u017ee nekoliko te\u0161kih pozicija, lomi otpor Mi\u0161eti\u0107a 549, dok na drugoj strani sjajni Ivan Petric 627 (ujedno igra\u010d utakmice) dobija D\u017eaji\u0107a 577, koji se na vrijeme budi i odigrava odli\u010dnih posljednjih 60 kugli koje u stvari mnogo donose pobjedi \u201cRudara\u201d protiv dotad nepora\u017eenog \u201cPosu\u0161ja\u201d.<\/p>\n<p>Rezultat je 5:3 za \u201cRudar\u201d i 16 \u010dunjeva vi\u0161e 3525:3509 za povratak na \u010delo tabele zajedno sa \u201cPosu\u0161jem\u201d i omjerom od \u0161est pobjeda i jedan poraz za obje ekipe.<\/p>\n<p>Ekipa \u201cRudar 2\u201d je u 6. kolu lige Republike Srpske ostvarila svoju drugu pobjedu \u201cRudar 2\u201d \u2013 Derventa 5,5-2,5.<\/p>\n<p>Najbolji pojedinci ovog susreta, ujedno i ekipe \u201cRudar 2\u201d, bili su Aleksa Mandi\u0107 605 i Mladen Marti\u0107 sa 588 oborenih \u010dunjeva. U narednom kolu \u201cRudar\u201d gostuje ekipi Mostara, a \u201cRudar 2\u201d ekipi Lijev\u010da u Gradi\u0161ci.<\/p>\n<p><a href=\"https:\/\/kozarski.com\/kk-rudar-slavio-protiv-posusja\/\" target=\"_blank\" rel=\"noopener\">kozarski.com<\/a><\/p>\n<p><iframe loading=\"lazy\" title=\"Rudar-Posu\u0161je  7.kolo PL BiH  sezona 2023\/24\" width=\"500\" height=\"281\" src=\"https:\/\/www.youtube.com\/embed\/CGP0-lQTMz8?feature=oembed\" frameborder=\"0\" allow=\"accelerometer; autoplay; clipboard-write; encrypted-media; gyroscope; picture-in-picture; web-share\" allowfullscreen><\/iframe><\/p>\n<p>&nbsp;<\/p>\n","protected":false},"excerpt":{"rendered":"<p>Derbi 7. kola kugla\u0161ke Premijer lige izme\u0111u Kugla\u0161kog kluba \u201cRudar\u201d Prijedor i \u201cPosu\u0161je\u201d pripao je Prijedor\u010danima. \u201cU svakom smislu rije\u010di opravdao je o\u010dekivanja svih ljubitelja kuglanja, kako onih koji su [&hellip;]<\/p>\n","protected":false},"author":1,"featured_media":0,"comment_status":"closed","ping_status":"open","sticky":false,"template":"","format":"standard","meta":{"_monsterinsights_skip_tracking":false,"_monsterinsights_sitenote_active":false,"_monsterinsights_sitenote_note":"","_monsterinsights_sitenote_category":0,"footnotes":""},"categories":[7],"tags":[],"yoast_head":"<!-- This site is optimized with the Yoast SEO plugin v21.6 - https:\/\/yoast.com\/wordpress\/plugins\/seo\/ -->\n<title>Kugla\u0161i prijedorskog &quot;Rudara&quot; slavili protiv &quot;Posu\u0161ja&quot; - FOTO\/VIDEO - PrijedorDanas.com - Prijedorski gradski portal<\/title>\n<meta name=\"robots\" content=\"index, follow, max-snippet:-1, max-image-preview:large, max-video-preview:-1\" \/>\n<link rel=\"canonical\" href=\"https:\/\/www.prijedordanas.com\/?p=213582\" \/>\n<meta property=\"og:locale\" content=\"en_US\" \/>\n<meta property=\"og:type\" content=\"article\" \/>\n<meta property=\"og:title\" content=\"Kugla\u0161i prijedorskog &quot;Rudara&quot; slavili protiv &quot;Posu\u0161ja&quot; - FOTO\/VIDEO - PrijedorDanas.com - Prijedorski gradski portal\" \/>\n<meta property=\"og:description\" content=\"Derbi 7. kola kugla\u0161ke Premijer lige izme\u0111u Kugla\u0161kog kluba \u201cRudar\u201d Prijedor i \u201cPosu\u0161je\u201d pripao je Prijedor\u010danima. \u201cU svakom smislu rije\u010di opravdao je o\u010dekivanja svih ljubitelja kuglanja, kako onih koji su [&hellip;]\" \/>\n<meta property=\"og:url\" content=\"https:\/\/www.prijedordanas.com\/?p=213582\" \/>\n<meta property=\"og:site_name\" content=\"PrijedorDanas.com - Prijedorski gradski portal\" \/>\n<meta property=\"article:publisher\" content=\"https:\/\/www.facebook.com\/PrijedorDanasCom\/\" \/>\n<meta property=\"article:published_time\" content=\"2023-10-30T09:18:39+00:00\" \/>\n<meta property=\"og:image\" content=\"https:\/\/www.prijedordanas.com\/wp-content\/uploads\/2023\/10\/rudar-posusje-5-3-1-300x225.jpg\" \/>\n<meta name=\"author\" content=\"admin\" \/>\n<meta name=\"twitter:card\" content=\"summary_large_image\" \/>\n<meta name=\"twitter:label1\" content=\"Written by\" \/>\n\t<meta name=\"twitter:data1\" content=\"admin\" \/>\n\t<meta name=\"twitter:label2\" content=\"Est. reading time\" \/>\n\t<meta name=\"twitter:data2\" content=\"2 minutes\" \/>\n<script type=\"application\/ld+json\" class=\"yoast-schema-graph\">{\"@context\":\"https:\/\/schema.org\",\"@graph\":[{\"@type\":\"Article\",\"@id\":\"https:\/\/www.prijedordanas.com\/?p=213582#article\",\"isPartOf\":{\"@id\":\"https:\/\/www.prijedordanas.com\/?p=213582\"},\"author\":{\"name\":\"admin\",\"@id\":\"https:\/\/www.prijedordanas.com\/#\/schema\/person\/4e08ccf29b506ca916ff86d46bb700e6\"},\"headline\":\"Kugla\u0161i prijedorskog &#8220;Rudara&#8221; slavili protiv &#8220;Posu\u0161ja&#8221; &#8211; FOTO\/VIDEO\",\"datePublished\":\"2023-10-30T09:18:39+00:00\",\"dateModified\":\"2023-10-30T09:18:39+00:00\",\"mainEntityOfPage\":{\"@id\":\"https:\/\/www.prijedordanas.com\/?p=213582\"},\"wordCount\":369,\"publisher\":{\"@id\":\"https:\/\/www.prijedordanas.com\/#organization\"},\"articleSection\":[\"Sport\"],\"inLanguage\":\"en-US\"},{\"@type\":\"WebPage\",\"@id\":\"https:\/\/www.prijedordanas.com\/?p=213582\",\"url\":\"https:\/\/www.prijedordanas.com\/?p=213582\",\"name\":\"Kugla\u0161i prijedorskog \\\"Rudara\\\" slavili protiv \\\"Posu\u0161ja\\\" - FOTO\/VIDEO - PrijedorDanas.com - Prijedorski gradski portal\",\"isPartOf\":{\"@id\":\"https:\/\/www.prijedordanas.com\/#website\"},\"datePublished\":\"2023-10-30T09:18:39+00:00\",\"dateModified\":\"2023-10-30T09:18:39+00:00\",\"breadcrumb\":{\"@id\":\"https:\/\/www.prijedordanas.com\/?p=213582#breadcrumb\"},\"inLanguage\":\"en-US\",\"potentialAction\":[{\"@type\":\"ReadAction\",\"target\":[\"https:\/\/www.prijedordanas.com\/?p=213582\"]}]},{\"@type\":\"BreadcrumbList\",\"@id\":\"https:\/\/www.prijedordanas.com\/?p=213582#breadcrumb\",\"itemListElement\":[{\"@type\":\"ListItem\",\"position\":1,\"name\":\"Home\",\"item\":\"https:\/\/www.prijedordanas.com\/\"},{\"@type\":\"ListItem\",\"position\":2,\"name\":\"Kugla\u0161i prijedorskog &#8220;Rudara&#8221; slavili protiv &#8220;Posu\u0161ja&#8221; &#8211; FOTO\/VIDEO\"}]},{\"@type\":\"WebSite\",\"@id\":\"https:\/\/www.prijedordanas.com\/#website\",\"url\":\"https:\/\/www.prijedordanas.com\/\",\"name\":\"PrijedorDanas.com - Prijedorski gradski portal\",\"description\":\"Portal o doga\u0111anjima u gradu Prijedoru\",\"publisher\":{\"@id\":\"https:\/\/www.prijedordanas.com\/#organization\"},\"potentialAction\":[{\"@type\":\"SearchAction\",\"target\":{\"@type\":\"EntryPoint\",\"urlTemplate\":\"https:\/\/www.prijedordanas.com\/?s={search_term_string}\"},\"query-input\":\"required name=search_term_string\"}],\"inLanguage\":\"en-US\"},{\"@type\":\"Organization\",\"@id\":\"https:\/\/www.prijedordanas.com\/#organization\",\"name\":\"PrijedorDanas.com\",\"url\":\"https:\/\/www.prijedordanas.com\/\",\"logo\":{\"@type\":\"ImageObject\",\"inLanguage\":\"en-US\",\"@id\":\"https:\/\/www.prijedordanas.com\/#\/schema\/logo\/image\/\",\"url\":\"http:\/\/www.prijedordanas.com\/wp-content\/uploads\/2021\/12\/logopng.png\",\"contentUrl\":\"http:\/\/www.prijedordanas.com\/wp-content\/uploads\/2021\/12\/logopng.png\",\"width\":1019,\"height\":776,\"caption\":\"PrijedorDanas.com\"},\"image\":{\"@id\":\"https:\/\/www.prijedordanas.com\/#\/schema\/logo\/image\/\"},\"sameAs\":[\"https:\/\/www.facebook.com\/PrijedorDanasCom\/\"]},{\"@type\":\"Person\",\"@id\":\"https:\/\/www.prijedordanas.com\/#\/schema\/person\/4e08ccf29b506ca916ff86d46bb700e6\",\"name\":\"admin\",\"image\":{\"@type\":\"ImageObject\",\"inLanguage\":\"en-US\",\"@id\":\"https:\/\/www.prijedordanas.com\/#\/schema\/person\/image\/\",\"url\":\"https:\/\/secure.gravatar.com\/avatar\/1d3fc949d550f0b53a5f0d51e06dfd79?s=96&d=mm&r=g\",\"contentUrl\":\"https:\/\/secure.gravatar.com\/avatar\/1d3fc949d550f0b53a5f0d51e06dfd79?s=96&d=mm&r=g\",\"caption\":\"admin\"},\"url\":\"https:\/\/www.prijedordanas.com\/?author=1\"}]}<\/script>\n<!-- \/ Yoast SEO plugin. -->","yoast_head_json":{"title":"Kugla\u0161i prijedorskog \"Rudara\" slavili protiv \"Posu\u0161ja\" - FOTO\/VIDEO - PrijedorDanas.com - Prijedorski gradski portal","robots":{"index":"index","follow":"follow","max-snippet":"max-snippet:-1","max-image-preview":"max-image-preview:large","max-video-preview":"max-video-preview:-1"},"canonical":"https:\/\/www.prijedordanas.com\/?p=213582","og_locale":"en_US","og_type":"article","og_title":"Kugla\u0161i prijedorskog \"Rudara\" slavili protiv \"Posu\u0161ja\" - FOTO\/VIDEO - PrijedorDanas.com - Prijedorski gradski portal","og_description":"Derbi 7. kola kugla\u0161ke Premijer lige izme\u0111u Kugla\u0161kog kluba \u201cRudar\u201d Prijedor i \u201cPosu\u0161je\u201d pripao je Prijedor\u010danima. \u201cU svakom smislu rije\u010di opravdao je o\u010dekivanja svih ljubitelja kuglanja, kako onih koji su [&hellip;]","og_url":"https:\/\/www.prijedordanas.com\/?p=213582","og_site_name":"PrijedorDanas.com - Prijedorski gradski portal","article_publisher":"https:\/\/www.facebook.com\/PrijedorDanasCom\/","article_published_time":"2023-10-30T09:18:39+00:00","og_image":[{"url":"https:\/\/www.prijedordanas.com\/wp-content\/uploads\/2023\/10\/rudar-posusje-5-3-1-300x225.jpg"}],"author":"admin","twitter_card":"summary_large_image","twitter_misc":{"Written by":"admin","Est. reading time":"2 minutes"},"schema":{"@context":"https:\/\/schema.org","@graph":[{"@type":"Article","@id":"https:\/\/www.prijedordanas.com\/?p=213582#article","isPartOf":{"@id":"https:\/\/www.prijedordanas.com\/?p=213582"},"author":{"name":"admin","@id":"https:\/\/www.prijedordanas.com\/#\/schema\/person\/4e08ccf29b506ca916ff86d46bb700e6"},"headline":"Kugla\u0161i prijedorskog &#8220;Rudara&#8221; slavili protiv &#8220;Posu\u0161ja&#8221; &#8211; FOTO\/VIDEO","datePublished":"2023-10-30T09:18:39+00:00","dateModified":"2023-10-30T09:18:39+00:00","mainEntityOfPage":{"@id":"https:\/\/www.prijedordanas.com\/?p=213582"},"wordCount":369,"publisher":{"@id":"https:\/\/www.prijedordanas.com\/#organization"},"articleSection":["Sport"],"inLanguage":"en-US"},{"@type":"WebPage","@id":"https:\/\/www.prijedordanas.com\/?p=213582","url":"https:\/\/www.prijedordanas.com\/?p=213582","name":"Kugla\u0161i prijedorskog \"Rudara\" slavili protiv \"Posu\u0161ja\" - FOTO\/VIDEO - PrijedorDanas.com - Prijedorski gradski portal","isPartOf":{"@id":"https:\/\/www.prijedordanas.com\/#website"},"datePublished":"2023-10-30T09:18:39+00:00","dateModified":"2023-10-30T09:18:39+00:00","breadcrumb":{"@id":"https:\/\/www.prijedordanas.com\/?p=213582#breadcrumb"},"inLanguage":"en-US","potentialAction":[{"@type":"ReadAction","target":["https:\/\/www.prijedordanas.com\/?p=213582"]}]},{"@type":"BreadcrumbList","@id":"https:\/\/www.prijedordanas.com\/?p=213582#breadcrumb","itemListElement":[{"@type":"ListItem","position":1,"name":"Home","item":"https:\/\/www.prijedordanas.com\/"},{"@type":"ListItem","position":2,"name":"Kugla\u0161i prijedorskog &#8220;Rudara&#8221; slavili protiv &#8220;Posu\u0161ja&#8221; &#8211; FOTO\/VIDEO"}]},{"@type":"WebSite","@id":"https:\/\/www.prijedordanas.com\/#website","url":"https:\/\/www.prijedordanas.com\/","name":"PrijedorDanas.com - Prijedorski gradski portal","description":"Portal o doga\u0111anjima u gradu Prijedoru","publisher":{"@id":"https:\/\/www.prijedordanas.com\/#organization"},"potentialAction":[{"@type":"SearchAction","target":{"@type":"EntryPoint","urlTemplate":"https:\/\/www.prijedordanas.com\/?s={search_term_string}"},"query-input":"required name=search_term_string"}],"inLanguage":"en-US"},{"@type":"Organization","@id":"https:\/\/www.prijedordanas.com\/#organization","name":"PrijedorDanas.com","url":"https:\/\/www.prijedordanas.com\/","logo":{"@type":"ImageObject","inLanguage":"en-US","@id":"https:\/\/www.prijedordanas.com\/#\/schema\/logo\/image\/","url":"http:\/\/www.prijedordanas.com\/wp-content\/uploads\/2021\/12\/logopng.png","contentUrl":"http:\/\/www.prijedordanas.com\/wp-content\/uploads\/2021\/12\/logopng.png","width":1019,"height":776,"caption":"PrijedorDanas.com"},"image":{"@id":"https:\/\/www.prijedordanas.com\/#\/schema\/logo\/image\/"},"sameAs":["https:\/\/www.facebook.com\/PrijedorDanasCom\/"]},{"@type":"Person","@id":"https:\/\/www.prijedordanas.com\/#\/schema\/person\/4e08ccf29b506ca916ff86d46bb700e6","name":"admin","image":{"@type":"ImageObject","inLanguage":"en-US","@id":"https:\/\/www.prijedordanas.com\/#\/schema\/person\/image\/","url":"https:\/\/secure.gravatar.com\/avatar\/1d3fc949d550f0b53a5f0d51e06dfd79?s=96&d=mm&r=g","contentUrl":"https:\/\/secure.gravatar.com\/avatar\/1d3fc949d550f0b53a5f0d51e06dfd79?s=96&d=mm&r=g","caption":"admin"},"url":"https:\/\/www.prijedordanas.com\/?author=1"}]}},"_links":{"self":[{"href":"https:\/\/www.prijedordanas.com\/index.php?rest_route=\/wp\/v2\/posts\/213582"}],"collection":[{"href":"https:\/\/www.prijedordanas.com\/index.php?rest_route=\/wp\/v2\/posts"}],"about":[{"href":"https:\/\/www.prijedordanas.com\/index.php?rest_route=\/wp\/v2\/types\/post"}],"author":[{"embeddable":true,"href":"https:\/\/www.prijedordanas.com\/index.php?rest_route=\/wp\/v2\/users\/1"}],"replies":[{"embeddable":true,"href":"https:\/\/www.prijedordanas.com\/index.php?rest_route=%2Fwp%2Fv2%2Fcomments&post=213582"}],"version-history":[{"count":1,"href":"https:\/\/www.prijedordanas.com\/index.php?rest_route=\/wp\/v2\/posts\/213582\/revisions"}],"predecessor-version":[{"id":213585,"href":"https:\/\/www.prijedordanas.com\/index.php?rest_route=\/wp\/v2\/posts\/213582\/revisions\/213585"}],"wp:attachment":[{"href":"https:\/\/www.prijedordanas.com\/index.php?rest_route=%2Fwp%2Fv2%2Fmedia&parent=213582"}],"wp:term":[{"taxonomy":"category","embeddable":true,"href":"https:\/\/www.prijedordanas.com\/index.php?rest_route=%2Fwp%2Fv2%2Fcategories&post=213582"},{"taxonomy":"post_tag","embeddable":true,"href":"https:\/\/www.prijedordanas.com\/index.php?rest_route=%2Fwp%2Fv2%2Ftags&post=213582"}],"curies":[{"name":"wp","href":"https:\/\/api.w.org\/{rel}","templated":true}]}}