{"id":213562,"date":"2023-10-29T18:23:09","date_gmt":"2023-10-29T17:23:09","guid":{"rendered":"https:\/\/www.prijedordanas.com\/?p=213562"},"modified":"2023-10-29T18:23:09","modified_gmt":"2023-10-29T17:23:09","slug":"kako-prepoznati-vrsnjacko-nasilje-od-pocetka-skolske-godine-u-prijedorskim-srednjim-skolama-evidentirana-tri-slucaja-video","status":"publish","type":"post","link":"https:\/\/www.prijedordanas.com\/?p=213562","title":{"rendered":"Kako prepoznati vr\u0161nja\u010dko nasilje: Od po\u010detka \u0161kolske godine u prijedorskim srednjim \u0161kolama evidentirana tri slu\u010daja &#8211; VIDEO"},"content":{"rendered":"<p><a href=\"https:\/\/www.prijedordanas.com\/wp-content\/uploads\/2023\/10\/ilustracija-vrsnjacko-nasilje.jpg\"><img loading=\"lazy\" decoding=\"async\" src=\"https:\/\/www.prijedordanas.com\/wp-content\/uploads\/2023\/10\/ilustracija-vrsnjacko-nasilje-300x225.jpg\" alt=\"\" width=\"300\" height=\"225\" class=\"alignleft size-medium wp-image-213558\" srcset=\"https:\/\/www.prijedordanas.com\/wp-content\/uploads\/2023\/10\/ilustracija-vrsnjacko-nasilje-300x225.jpg 300w, https:\/\/www.prijedordanas.com\/wp-content\/uploads\/2023\/10\/ilustracija-vrsnjacko-nasilje-640x480.jpg 640w, https:\/\/www.prijedordanas.com\/wp-content\/uploads\/2023\/10\/ilustracija-vrsnjacko-nasilje.jpg 667w\" sizes=\"(max-width: 300px) 100vw, 300px\" \/><\/a>Od \u0161kolskih u\u010dionica i hodnika do dru\u0161tvenih mre\u017ea, vr\u0161nja\u010dko nasilje poprima sve ve\u0107e razmjere. I kod dje\u010daka i djevoj\u010dica pove\u0107ava se s prelaskom iz osnovne u srednju \u0161kolu, odnosno s ulaskom u adolescentno doba. Zato je va\u017eno osna\u017eivati stru\u010dne slu\u017ebe u \u0161kolama, kako bi se pravovremeno reagovalo.<\/p>\n<p>\u201cOd po\u010detka ove \u0161kolske godine, u prijedorskim srednjim \u0161kolama imamo evidentirana tri slu\u010daja vr\u0161nja\u010dkog nasilja i sva tri slu\u010daja su procesuirana. Radimo sa djecom koja su se pokazala kao nasilnici, kao i sa \u017ertvama vr\u0161nja\u010dkog nasilja. U redovnim obradama nastavnog plana i programa, odjeljenske zajednice rade na tome da u\u010denici budu svjesni \u0161ta je vr\u0161nja\u010dko nasilje, koji oblici postoje i koje su posljedice. Pored toga, u svim \u0161kolama funkcioni\u0161u multisektorski timovi u okviru projekta \u2018Briga o djeci zajedni\u010dka odgovornost i obaveza&#8217;\u201d, rekla je Dra\u017eena Mr\u0161i\u0107, predsjednik Aktiva direktora srednjih \u0161kola prijedorske regije.<\/p>\n<p>Veoma je bitna i uloga roditelja. Brojne promjene u pona\u0161anju djeteta mogu biti signal roditeljima da ne\u0161to nije u redu. Psiholozi navode neke od njih.<\/p>\n<p>\u201cDijete koje je \u017ertva vr\u0161nja\u010dkog nasilja djeluje utu\u010deno i odsutno do momenta kada takav odnos prema njemu dostigne neprimjerenost. Prepoznajete i frustriraju\u0107e odlike u pona\u0161anju, poja\u010danu razdra\u017eljivost i netrpeljivost. \u010cesta zaplakivanja i izlive bijesa i ljutnje koje nemaju veze s tim kakvo je dijete po svom karakteru, ve\u0107 ukazuju na to da su granice u trpljenju neprimjerenosti pomjerene\u201d, dodala je Vanja Dejanovi\u0107, psiholog u Centru za za\u0161titu mentalnog zdravlja.<\/p>\n<p>\u017drtve naj\u010de\u0161\u0107e poku\u0161avaju sakriti kroz \u0161ta prolaze, jer misle da su same krive za to \u0161to im se doga\u0111a i da \u0107e se stvari time samo pogor\u0161ati. Da se pla\u0161e govoriti o ovom problemu, pokazuje i \u010dinjenica da veliki broj djece anonimno poziva \u201cPlavi telefon\u201d, koji je 2013. godine pokrenulo Udru\u017eenje \u201cNova generacija\u201d iz Banje Luke, kako bi savjetovali i pru\u017eili podr\u0161ku djeci koja se nalaze u te\u0161koj situaciji.<\/p>\n<p>\u201cNajve\u0107i broj poziva odnosi se na nasilje u porodici, ali isto tako imamo  slu\u010dajeva kada i roditelji i djeca odlu\u010de da nas pozovu i anonimno prijave nasilje kroz koje prolaze od strane svojih vr\u0161njaka. To se u nekim slu\u010dajevima de\u0161ava u \u0161koli ili u zajednici. Isto tako, pove\u0107an je broj slu\u010dajeva nasilja preko interneta\u201d, rekla je Maja Kova\u010devi\u0107, koordinator rada \u201cPlavog telefona\u201d.<\/p>\n<p>Stru\u010dnjaci savjetuju roditeljima da razgovaraju sa svojom djecom, jer ako njihovo dijete zna \u0161ta je vr\u0161nja\u010dko nasilje, zna\u0107e ga prepoznati, bilo da se doga\u0111a njima ili nekom drugom.<\/p>\n<p><a href=\"https:\/\/kozarski.com\/kako-prepoznati-vrsnjacko-nasilje\/\" rel=\"noopener\" target=\"_blank\">kozarski.com<\/a><\/p>\n<p><iframe loading=\"lazy\" title=\"KAKO PREPOZNATI VR\u0160NJA\u010cKO NASILJE?\" width=\"500\" height=\"281\" src=\"https:\/\/www.youtube.com\/embed\/kO2VzoVw20U?feature=oembed\" frameborder=\"0\" allow=\"accelerometer; autoplay; clipboard-write; encrypted-media; gyroscope; picture-in-picture; web-share\" allowfullscreen><\/iframe><\/p>\n","protected":false},"excerpt":{"rendered":"<p>Od \u0161kolskih u\u010dionica i hodnika do dru\u0161tvenih mre\u017ea, vr\u0161nja\u010dko nasilje poprima sve ve\u0107e razmjere. I kod dje\u010daka i djevoj\u010dica pove\u0107ava se s prelaskom iz osnovne u srednju \u0161kolu, odnosno s [&hellip;]<\/p>\n","protected":false},"author":1,"featured_media":0,"comment_status":"closed","ping_status":"open","sticky":false,"template":"","format":"standard","meta":{"_monsterinsights_skip_tracking":false,"_monsterinsights_sitenote_active":false,"_monsterinsights_sitenote_note":"","_monsterinsights_sitenote_category":0,"footnotes":""},"categories":[7518],"tags":[],"yoast_head":"<!-- This site is optimized with the Yoast SEO plugin v21.6 - https:\/\/yoast.com\/wordpress\/plugins\/seo\/ -->\n<title>Kako prepoznati vr\u0161nja\u010dko nasilje: Od po\u010detka \u0161kolske godine u prijedorskim srednjim \u0161kolama evidentirana tri slu\u010daja - VIDEO - PrijedorDanas.com - Prijedorski gradski portal<\/title>\n<meta name=\"robots\" content=\"index, follow, max-snippet:-1, max-image-preview:large, max-video-preview:-1\" \/>\n<link rel=\"canonical\" href=\"https:\/\/www.prijedordanas.com\/?p=213562\" \/>\n<meta property=\"og:locale\" content=\"en_US\" \/>\n<meta property=\"og:type\" content=\"article\" \/>\n<meta property=\"og:title\" content=\"Kako prepoznati vr\u0161nja\u010dko nasilje: Od po\u010detka \u0161kolske godine u prijedorskim srednjim \u0161kolama evidentirana tri slu\u010daja - VIDEO - PrijedorDanas.com - Prijedorski gradski portal\" \/>\n<meta property=\"og:description\" content=\"Od \u0161kolskih u\u010dionica i hodnika do dru\u0161tvenih mre\u017ea, vr\u0161nja\u010dko nasilje poprima sve ve\u0107e razmjere. I kod dje\u010daka i djevoj\u010dica pove\u0107ava se s prelaskom iz osnovne u srednju \u0161kolu, odnosno s [&hellip;]\" \/>\n<meta property=\"og:url\" content=\"https:\/\/www.prijedordanas.com\/?p=213562\" \/>\n<meta property=\"og:site_name\" content=\"PrijedorDanas.com - Prijedorski gradski portal\" \/>\n<meta property=\"article:publisher\" content=\"https:\/\/www.facebook.com\/PrijedorDanasCom\/\" \/>\n<meta property=\"article:published_time\" content=\"2023-10-29T17:23:09+00:00\" \/>\n<meta property=\"og:image\" content=\"https:\/\/www.prijedordanas.com\/wp-content\/uploads\/2023\/10\/ilustracija-vrsnjacko-nasilje-300x225.jpg\" \/>\n<meta name=\"author\" content=\"admin\" \/>\n<meta name=\"twitter:card\" content=\"summary_large_image\" \/>\n<meta name=\"twitter:label1\" content=\"Written by\" \/>\n\t<meta name=\"twitter:data1\" content=\"admin\" \/>\n<script type=\"application\/ld+json\" class=\"yoast-schema-graph\">{\"@context\":\"https:\/\/schema.org\",\"@graph\":[{\"@type\":\"Article\",\"@id\":\"https:\/\/www.prijedordanas.com\/?p=213562#article\",\"isPartOf\":{\"@id\":\"https:\/\/www.prijedordanas.com\/?p=213562\"},\"author\":{\"name\":\"admin\",\"@id\":\"https:\/\/www.prijedordanas.com\/#\/schema\/person\/4e08ccf29b506ca916ff86d46bb700e6\"},\"headline\":\"Kako prepoznati vr\u0161nja\u010dko nasilje: Od po\u010detka \u0161kolske godine u prijedorskim srednjim \u0161kolama evidentirana tri slu\u010daja &#8211; VIDEO\",\"datePublished\":\"2023-10-29T17:23:09+00:00\",\"dateModified\":\"2023-10-29T17:23:09+00:00\",\"mainEntityOfPage\":{\"@id\":\"https:\/\/www.prijedordanas.com\/?p=213562\"},\"wordCount\":484,\"publisher\":{\"@id\":\"https:\/\/www.prijedordanas.com\/#organization\"},\"articleSection\":[\"Mladi\"],\"inLanguage\":\"en-US\"},{\"@type\":\"WebPage\",\"@id\":\"https:\/\/www.prijedordanas.com\/?p=213562\",\"url\":\"https:\/\/www.prijedordanas.com\/?p=213562\",\"name\":\"Kako prepoznati vr\u0161nja\u010dko nasilje: Od po\u010detka \u0161kolske godine u prijedorskim srednjim \u0161kolama evidentirana tri slu\u010daja - VIDEO - PrijedorDanas.com - Prijedorski gradski portal\",\"isPartOf\":{\"@id\":\"https:\/\/www.prijedordanas.com\/#website\"},\"datePublished\":\"2023-10-29T17:23:09+00:00\",\"dateModified\":\"2023-10-29T17:23:09+00:00\",\"breadcrumb\":{\"@id\":\"https:\/\/www.prijedordanas.com\/?p=213562#breadcrumb\"},\"inLanguage\":\"en-US\",\"potentialAction\":[{\"@type\":\"ReadAction\",\"target\":[\"https:\/\/www.prijedordanas.com\/?p=213562\"]}]},{\"@type\":\"BreadcrumbList\",\"@id\":\"https:\/\/www.prijedordanas.com\/?p=213562#breadcrumb\",\"itemListElement\":[{\"@type\":\"ListItem\",\"position\":1,\"name\":\"Home\",\"item\":\"https:\/\/www.prijedordanas.com\/\"},{\"@type\":\"ListItem\",\"position\":2,\"name\":\"Kako prepoznati vr\u0161nja\u010dko nasilje: Od po\u010detka \u0161kolske godine u prijedorskim srednjim \u0161kolama evidentirana tri slu\u010daja &#8211; VIDEO\"}]},{\"@type\":\"WebSite\",\"@id\":\"https:\/\/www.prijedordanas.com\/#website\",\"url\":\"https:\/\/www.prijedordanas.com\/\",\"name\":\"PrijedorDanas.com - Prijedorski gradski portal\",\"description\":\"Portal o doga\u0111anjima u gradu Prijedoru\",\"publisher\":{\"@id\":\"https:\/\/www.prijedordanas.com\/#organization\"},\"potentialAction\":[{\"@type\":\"SearchAction\",\"target\":{\"@type\":\"EntryPoint\",\"urlTemplate\":\"https:\/\/www.prijedordanas.com\/?s={search_term_string}\"},\"query-input\":\"required name=search_term_string\"}],\"inLanguage\":\"en-US\"},{\"@type\":\"Organization\",\"@id\":\"https:\/\/www.prijedordanas.com\/#organization\",\"name\":\"PrijedorDanas.com\",\"url\":\"https:\/\/www.prijedordanas.com\/\",\"logo\":{\"@type\":\"ImageObject\",\"inLanguage\":\"en-US\",\"@id\":\"https:\/\/www.prijedordanas.com\/#\/schema\/logo\/image\/\",\"url\":\"http:\/\/www.prijedordanas.com\/wp-content\/uploads\/2021\/12\/logopng.png\",\"contentUrl\":\"http:\/\/www.prijedordanas.com\/wp-content\/uploads\/2021\/12\/logopng.png\",\"width\":1019,\"height\":776,\"caption\":\"PrijedorDanas.com\"},\"image\":{\"@id\":\"https:\/\/www.prijedordanas.com\/#\/schema\/logo\/image\/\"},\"sameAs\":[\"https:\/\/www.facebook.com\/PrijedorDanasCom\/\"]},{\"@type\":\"Person\",\"@id\":\"https:\/\/www.prijedordanas.com\/#\/schema\/person\/4e08ccf29b506ca916ff86d46bb700e6\",\"name\":\"admin\",\"image\":{\"@type\":\"ImageObject\",\"inLanguage\":\"en-US\",\"@id\":\"https:\/\/www.prijedordanas.com\/#\/schema\/person\/image\/\",\"url\":\"https:\/\/secure.gravatar.com\/avatar\/1d3fc949d550f0b53a5f0d51e06dfd79?s=96&d=mm&r=g\",\"contentUrl\":\"https:\/\/secure.gravatar.com\/avatar\/1d3fc949d550f0b53a5f0d51e06dfd79?s=96&d=mm&r=g\",\"caption\":\"admin\"},\"url\":\"https:\/\/www.prijedordanas.com\/?author=1\"}]}<\/script>\n<!-- \/ Yoast SEO plugin. -->","yoast_head_json":{"title":"Kako prepoznati vr\u0161nja\u010dko nasilje: Od po\u010detka \u0161kolske godine u prijedorskim srednjim \u0161kolama evidentirana tri slu\u010daja - VIDEO - PrijedorDanas.com - Prijedorski gradski portal","robots":{"index":"index","follow":"follow","max-snippet":"max-snippet:-1","max-image-preview":"max-image-preview:large","max-video-preview":"max-video-preview:-1"},"canonical":"https:\/\/www.prijedordanas.com\/?p=213562","og_locale":"en_US","og_type":"article","og_title":"Kako prepoznati vr\u0161nja\u010dko nasilje: Od po\u010detka \u0161kolske godine u prijedorskim srednjim \u0161kolama evidentirana tri slu\u010daja - VIDEO - PrijedorDanas.com - Prijedorski gradski portal","og_description":"Od \u0161kolskih u\u010dionica i hodnika do dru\u0161tvenih mre\u017ea, vr\u0161nja\u010dko nasilje poprima sve ve\u0107e razmjere. I kod dje\u010daka i djevoj\u010dica pove\u0107ava se s prelaskom iz osnovne u srednju \u0161kolu, odnosno s [&hellip;]","og_url":"https:\/\/www.prijedordanas.com\/?p=213562","og_site_name":"PrijedorDanas.com - Prijedorski gradski portal","article_publisher":"https:\/\/www.facebook.com\/PrijedorDanasCom\/","article_published_time":"2023-10-29T17:23:09+00:00","og_image":[{"url":"https:\/\/www.prijedordanas.com\/wp-content\/uploads\/2023\/10\/ilustracija-vrsnjacko-nasilje-300x225.jpg"}],"author":"admin","twitter_card":"summary_large_image","twitter_misc":{"Written by":"admin"},"schema":{"@context":"https:\/\/schema.org","@graph":[{"@type":"Article","@id":"https:\/\/www.prijedordanas.com\/?p=213562#article","isPartOf":{"@id":"https:\/\/www.prijedordanas.com\/?p=213562"},"author":{"name":"admin","@id":"https:\/\/www.prijedordanas.com\/#\/schema\/person\/4e08ccf29b506ca916ff86d46bb700e6"},"headline":"Kako prepoznati vr\u0161nja\u010dko nasilje: Od po\u010detka \u0161kolske godine u prijedorskim srednjim \u0161kolama evidentirana tri slu\u010daja &#8211; VIDEO","datePublished":"2023-10-29T17:23:09+00:00","dateModified":"2023-10-29T17:23:09+00:00","mainEntityOfPage":{"@id":"https:\/\/www.prijedordanas.com\/?p=213562"},"wordCount":484,"publisher":{"@id":"https:\/\/www.prijedordanas.com\/#organization"},"articleSection":["Mladi"],"inLanguage":"en-US"},{"@type":"WebPage","@id":"https:\/\/www.prijedordanas.com\/?p=213562","url":"https:\/\/www.prijedordanas.com\/?p=213562","name":"Kako prepoznati vr\u0161nja\u010dko nasilje: Od po\u010detka \u0161kolske godine u prijedorskim srednjim \u0161kolama evidentirana tri slu\u010daja - VIDEO - PrijedorDanas.com - Prijedorski gradski portal","isPartOf":{"@id":"https:\/\/www.prijedordanas.com\/#website"},"datePublished":"2023-10-29T17:23:09+00:00","dateModified":"2023-10-29T17:23:09+00:00","breadcrumb":{"@id":"https:\/\/www.prijedordanas.com\/?p=213562#breadcrumb"},"inLanguage":"en-US","potentialAction":[{"@type":"ReadAction","target":["https:\/\/www.prijedordanas.com\/?p=213562"]}]},{"@type":"BreadcrumbList","@id":"https:\/\/www.prijedordanas.com\/?p=213562#breadcrumb","itemListElement":[{"@type":"ListItem","position":1,"name":"Home","item":"https:\/\/www.prijedordanas.com\/"},{"@type":"ListItem","position":2,"name":"Kako prepoznati vr\u0161nja\u010dko nasilje: Od po\u010detka \u0161kolske godine u prijedorskim srednjim \u0161kolama evidentirana tri slu\u010daja &#8211; VIDEO"}]},{"@type":"WebSite","@id":"https:\/\/www.prijedordanas.com\/#website","url":"https:\/\/www.prijedordanas.com\/","name":"PrijedorDanas.com - Prijedorski gradski portal","description":"Portal o doga\u0111anjima u gradu Prijedoru","publisher":{"@id":"https:\/\/www.prijedordanas.com\/#organization"},"potentialAction":[{"@type":"SearchAction","target":{"@type":"EntryPoint","urlTemplate":"https:\/\/www.prijedordanas.com\/?s={search_term_string}"},"query-input":"required name=search_term_string"}],"inLanguage":"en-US"},{"@type":"Organization","@id":"https:\/\/www.prijedordanas.com\/#organization","name":"PrijedorDanas.com","url":"https:\/\/www.prijedordanas.com\/","logo":{"@type":"ImageObject","inLanguage":"en-US","@id":"https:\/\/www.prijedordanas.com\/#\/schema\/logo\/image\/","url":"http:\/\/www.prijedordanas.com\/wp-content\/uploads\/2021\/12\/logopng.png","contentUrl":"http:\/\/www.prijedordanas.com\/wp-content\/uploads\/2021\/12\/logopng.png","width":1019,"height":776,"caption":"PrijedorDanas.com"},"image":{"@id":"https:\/\/www.prijedordanas.com\/#\/schema\/logo\/image\/"},"sameAs":["https:\/\/www.facebook.com\/PrijedorDanasCom\/"]},{"@type":"Person","@id":"https:\/\/www.prijedordanas.com\/#\/schema\/person\/4e08ccf29b506ca916ff86d46bb700e6","name":"admin","image":{"@type":"ImageObject","inLanguage":"en-US","@id":"https:\/\/www.prijedordanas.com\/#\/schema\/person\/image\/","url":"https:\/\/secure.gravatar.com\/avatar\/1d3fc949d550f0b53a5f0d51e06dfd79?s=96&d=mm&r=g","contentUrl":"https:\/\/secure.gravatar.com\/avatar\/1d3fc949d550f0b53a5f0d51e06dfd79?s=96&d=mm&r=g","caption":"admin"},"url":"https:\/\/www.prijedordanas.com\/?author=1"}]}},"_links":{"self":[{"href":"https:\/\/www.prijedordanas.com\/index.php?rest_route=\/wp\/v2\/posts\/213562"}],"collection":[{"href":"https:\/\/www.prijedordanas.com\/index.php?rest_route=\/wp\/v2\/posts"}],"about":[{"href":"https:\/\/www.prijedordanas.com\/index.php?rest_route=\/wp\/v2\/types\/post"}],"author":[{"embeddable":true,"href":"https:\/\/www.prijedordanas.com\/index.php?rest_route=\/wp\/v2\/users\/1"}],"replies":[{"embeddable":true,"href":"https:\/\/www.prijedordanas.com\/index.php?rest_route=%2Fwp%2Fv2%2Fcomments&post=213562"}],"version-history":[{"count":1,"href":"https:\/\/www.prijedordanas.com\/index.php?rest_route=\/wp\/v2\/posts\/213562\/revisions"}],"predecessor-version":[{"id":213564,"href":"https:\/\/www.prijedordanas.com\/index.php?rest_route=\/wp\/v2\/posts\/213562\/revisions\/213564"}],"wp:attachment":[{"href":"https:\/\/www.prijedordanas.com\/index.php?rest_route=%2Fwp%2Fv2%2Fmedia&parent=213562"}],"wp:term":[{"taxonomy":"category","embeddable":true,"href":"https:\/\/www.prijedordanas.com\/index.php?rest_route=%2Fwp%2Fv2%2Fcategories&post=213562"},{"taxonomy":"post_tag","embeddable":true,"href":"https:\/\/www.prijedordanas.com\/index.php?rest_route=%2Fwp%2Fv2%2Ftags&post=213562"}],"curies":[{"name":"wp","href":"https:\/\/api.w.org\/{rel}","templated":true}]}}