{"id":21327,"date":"2015-05-02T09:27:45","date_gmt":"2015-05-02T08:27:45","guid":{"rendered":"https:\/\/www.prijedordanas.com\/?p=21327"},"modified":"2015-05-09T17:15:47","modified_gmt":"2015-05-09T16:15:47","slug":"rudar-prijedor-u-komsijskom-derbiju-docekuje-slobodu-iz-novog-grada","status":"publish","type":"post","link":"https:\/\/www.prijedordanas.com\/?p=21327","title":{"rendered":"RUDAR-PRIJEDOR U KOM\u0160IJSKOM DERBIJU DO\u010cEKUJE SLOBODU IZ NOVOG GRADA"},"content":{"rendered":"<p><a href=\"https:\/\/www.prijedordanas.com\/wp-content\/uploads\/2015\/04\/rudar-prijedor-proljece-20151.jpg\"><img loading=\"lazy\" decoding=\"async\" src=\"https:\/\/www.prijedordanas.com\/wp-content\/uploads\/2015\/04\/rudar-prijedor-proljece-20151-300x199.jpg\" alt=\"rudar prijedor-proljece 2015\" width=\"300\" height=\"199\" class=\"alignleft size-medium wp-image-20758\" srcset=\"https:\/\/www.prijedordanas.com\/wp-content\/uploads\/2015\/04\/rudar-prijedor-proljece-20151-300x199.jpg 300w, https:\/\/www.prijedordanas.com\/wp-content\/uploads\/2015\/04\/rudar-prijedor-proljece-20151-480x320.jpg 480w, https:\/\/www.prijedordanas.com\/wp-content\/uploads\/2015\/04\/rudar-prijedor-proljece-20151.jpg 1000w\" sizes=\"(max-width: 300px) 100vw, 300px\" \/><\/a>Fudbaleri Rudar-Prijedora, drugoplasirani na tabeli Prve lige Republike Srpske sa 37 bodova, dva manje od lidera trebinjskog Leotara, u 21.kolu u kom\u0161ijskom derbiju do\u010dekuju novogradsku Slobodu, \u0161estoplasiranu sa 33 boda.<\/p>\n<p>Nema sumnje da \u0107e duel kraji\u0161kih rivala u subotu sa po\u010detkom u 16 \u010dasova privu\u0107i pa\u017enju poklonika \u201enajva\u017enije sporedne stvari na svijetu\u201c.<\/p>\n<p>\u201eRudari sa Sane\u201c imaju mnogo razloga da silno \u017eele trijumf, jer jesenas ih je Sloboda, poslije minimalne pobjede od 1:0, &#8221;bacila&#8221; \u010dak na \u0161esto mjesto (imali su tada 13 bodova, \u010dak \u0161est manje od Trebinjaca), a doma\u0107in se vinuo do tre\u0107e pozicije i imao je 15.<\/p>\n<p>S druge strane \u201ecrveni\u201c, koji imaju najdu\u017ei sta\u017e u eliti Srpske sa 19 (18 uzastopnih) sezona, uvijek su imali motiva kada su odmjeravali snage sa Prijedor\u010danima, o \u010demu najbolje ilustruje podatak ta je tradciija na njihovoj strani, a da na stadionu \u201eMlakve\u201c nikada nisu pora\u017eeni.<\/p>\n<p>Zanimljivo je da su oba tima u posljednja dva me\u010da, poslije remija \u201evezala\u201c po dvije uzastopne pobjede.<\/p>\n<p>-Imali smo u srijedu te\u0161ku utakmicu protiv premijerliga\u0161a BiH, bijeljinskog Radnika, u polufinalu Kupa Republike Srpske, ali smo je rije\u0161ili na najbolji na\u010din, u svoju korist sa 2:1, i izborili plasman u finale vrijednog takmi\u010denja. Kraji\u0161ki derbi ima posebnu dra\u017e, nosi sa sobom \u201enaboj\u201c, ali prije svega \u017eelja nam je da protekne u fer i sportskom nadigravanju. Cijenimo i respektujemo ekipu Slobode, ali se uzdajemo u pomo\u0107 na\u0161ih pristalica, posebno navija\u010dke grupe \u201eAlkohol bojs\u201c. Vjerujemo da mo\u017eemo ostvariti  tre\u0107u uzastopnu pobjedu i nastaviti trku za ekspresni povratak u dru\u0161tvo najboljih klubova BiH &#8211; rekao je jedan od najboljih igra\u010da Rudar-Prijedora, neumorna \u201eradilica\u201c Bojan Burazor.<\/p>\n<p>\u0160ef stru\u010dnog \u0161taba \u201ezeleno-crnih\u201c Zoran Buji\u0107 mo\u017ee da ra\u010duna na sve raspolo\u017eive snage, tako da \u0107e u konkurenciji za startnu postavu biti Njego\u0161 Despotovi\u0107, Edvin Hamzi\u0107 i Dragan Risti\u0107, kojih nije bilo u sastavu protiv Bijeljinaca, jer nisu imali pravo nastupa u Kupu RS, a posljednjepomenuti je izostao i sa gostovanja u Vlasenici, jer je odra\u0111ivao kaznu zbog isklju\u010denja protiv Podrinja u Janji.<\/p>\n<p>Interesantno je da su Buji\u0107, kao i, uz Ned\u017eada \u017deri\u0107a, njegov drugi pomo\u0107nik, Sa\u0161a Keranovi\u0107, ostavili dubok trag u 105-godi\u0161njem fudbalskom kolektivu iz grada na u\u0161\u0107u rijeke Sane u Unu, a u oba tabora ima igra\u010da, koji su bili \u010dlanovi starih znanaca.<\/p>\n<p>Iz Rudar-Prijedora u Slobodi su igrali Vdran Kantar, Nemanja Pekija, Edvin Hamzi\u0107, Boris Ni\u0161evi\u0107, a nesu\u0111eno poja\u010danje, jer je nastupao u prijateljskim me\u010devima, \u201ecrvenima\u201c je trebao da bude Vanja Vranje\u0161.<\/p>\n<p>Sa druge strane od igra\u010da Slobode \u201ezeleno-crni\u201c dres nosili su: Arnes Brki\u0107, Sa\u0161a Kova\u010devi\u0107, golman Milan Kondi\u0107, Mirko Tica, Neven Ad\u017ei\u0107, Aleksandar Parhamov i Mario Desnica.<\/p>\n<p>Tekst i foto \u2013 Nenad \u0110eri\u0107\/Aleksandar Drakuli\u0107 \u2013 <a href=\"www.prijedordanas.com\" target=\"_blank\">www.prijedordanas.com<\/a><\/p>\n","protected":false},"excerpt":{"rendered":"<p>Fudbaleri Rudar-Prijedora, drugoplasirani na tabeli Prve lige Republike Srpske sa 37 bodova, dva manje od lidera trebinjskog Leotara, u 21.kolu u kom\u0161ijskom derbiju do\u010dekuju novogradsku Slobodu, \u0161estoplasiranu sa 33 boda. [&hellip;]<\/p>\n","protected":false},"author":1,"featured_media":0,"comment_status":"closed","ping_status":"open","sticky":false,"template":"","format":"standard","meta":{"_monsterinsights_skip_tracking":false,"_monsterinsights_sitenote_active":false,"_monsterinsights_sitenote_note":"","_monsterinsights_sitenote_category":0,"footnotes":""},"categories":[7],"tags":[221,3207,261],"yoast_head":"<!-- This site is optimized with the Yoast SEO plugin v21.6 - https:\/\/yoast.com\/wordpress\/plugins\/seo\/ -->\n<title>RUDAR-PRIJEDOR U KOM\u0160IJSKOM DERBIJU DO\u010cEKUJE SLOBODU IZ NOVOG GRADA - PrijedorDanas.com - Prijedorski gradski portal<\/title>\n<meta name=\"robots\" content=\"index, follow, max-snippet:-1, max-image-preview:large, max-video-preview:-1\" \/>\n<link rel=\"canonical\" href=\"https:\/\/www.prijedordanas.com\/?p=21327\" \/>\n<meta property=\"og:locale\" content=\"en_US\" \/>\n<meta property=\"og:type\" content=\"article\" \/>\n<meta property=\"og:title\" content=\"RUDAR-PRIJEDOR U KOM\u0160IJSKOM DERBIJU DO\u010cEKUJE SLOBODU IZ NOVOG GRADA - PrijedorDanas.com - Prijedorski gradski portal\" \/>\n<meta property=\"og:description\" content=\"Fudbaleri Rudar-Prijedora, drugoplasirani na tabeli Prve lige Republike Srpske sa 37 bodova, dva manje od lidera trebinjskog Leotara, u 21.kolu u kom\u0161ijskom derbiju do\u010dekuju novogradsku Slobodu, \u0161estoplasiranu sa 33 boda. [&hellip;]\" \/>\n<meta property=\"og:url\" content=\"https:\/\/www.prijedordanas.com\/?p=21327\" \/>\n<meta property=\"og:site_name\" content=\"PrijedorDanas.com - Prijedorski gradski portal\" \/>\n<meta property=\"article:publisher\" content=\"https:\/\/www.facebook.com\/PrijedorDanasCom\/\" \/>\n<meta property=\"article:published_time\" content=\"2015-05-02T08:27:45+00:00\" \/>\n<meta property=\"article:modified_time\" content=\"2015-05-09T16:15:47+00:00\" \/>\n<meta property=\"og:image\" content=\"https:\/\/www.prijedordanas.com\/wp-content\/uploads\/2015\/04\/rudar-prijedor-proljece-20151-300x199.jpg\" \/>\n<meta name=\"author\" content=\"admin\" \/>\n<meta name=\"twitter:card\" content=\"summary_large_image\" \/>\n<meta name=\"twitter:label1\" content=\"Written by\" \/>\n\t<meta name=\"twitter:data1\" content=\"admin\" \/>\n\t<meta name=\"twitter:label2\" content=\"Est. reading time\" \/>\n\t<meta name=\"twitter:data2\" content=\"2 minutes\" \/>\n<script type=\"application\/ld+json\" class=\"yoast-schema-graph\">{\"@context\":\"https:\/\/schema.org\",\"@graph\":[{\"@type\":\"Article\",\"@id\":\"https:\/\/www.prijedordanas.com\/?p=21327#article\",\"isPartOf\":{\"@id\":\"https:\/\/www.prijedordanas.com\/?p=21327\"},\"author\":{\"name\":\"admin\",\"@id\":\"https:\/\/www.prijedordanas.com\/#\/schema\/person\/4e08ccf29b506ca916ff86d46bb700e6\"},\"headline\":\"RUDAR-PRIJEDOR U KOM\u0160IJSKOM DERBIJU DO\u010cEKUJE SLOBODU IZ NOVOG GRADA\",\"datePublished\":\"2015-05-02T08:27:45+00:00\",\"dateModified\":\"2015-05-09T16:15:47+00:00\",\"mainEntityOfPage\":{\"@id\":\"https:\/\/www.prijedordanas.com\/?p=21327\"},\"wordCount\":483,\"publisher\":{\"@id\":\"https:\/\/www.prijedordanas.com\/#organization\"},\"keywords\":[\"Rudar-Prijedor\",\"Sloboda Novi Grad\",\"Vedran Kantar\"],\"articleSection\":[\"Sport\"],\"inLanguage\":\"en-US\"},{\"@type\":\"WebPage\",\"@id\":\"https:\/\/www.prijedordanas.com\/?p=21327\",\"url\":\"https:\/\/www.prijedordanas.com\/?p=21327\",\"name\":\"RUDAR-PRIJEDOR U KOM\u0160IJSKOM DERBIJU DO\u010cEKUJE SLOBODU IZ NOVOG GRADA - PrijedorDanas.com - Prijedorski gradski portal\",\"isPartOf\":{\"@id\":\"https:\/\/www.prijedordanas.com\/#website\"},\"datePublished\":\"2015-05-02T08:27:45+00:00\",\"dateModified\":\"2015-05-09T16:15:47+00:00\",\"breadcrumb\":{\"@id\":\"https:\/\/www.prijedordanas.com\/?p=21327#breadcrumb\"},\"inLanguage\":\"en-US\",\"potentialAction\":[{\"@type\":\"ReadAction\",\"target\":[\"https:\/\/www.prijedordanas.com\/?p=21327\"]}]},{\"@type\":\"BreadcrumbList\",\"@id\":\"https:\/\/www.prijedordanas.com\/?p=21327#breadcrumb\",\"itemListElement\":[{\"@type\":\"ListItem\",\"position\":1,\"name\":\"Home\",\"item\":\"https:\/\/www.prijedordanas.com\/\"},{\"@type\":\"ListItem\",\"position\":2,\"name\":\"RUDAR-PRIJEDOR U KOM\u0160IJSKOM DERBIJU DO\u010cEKUJE SLOBODU IZ NOVOG GRADA\"}]},{\"@type\":\"WebSite\",\"@id\":\"https:\/\/www.prijedordanas.com\/#website\",\"url\":\"https:\/\/www.prijedordanas.com\/\",\"name\":\"PrijedorDanas.com - Prijedorski gradski portal\",\"description\":\"Portal o doga\u0111anjima u gradu Prijedoru\",\"publisher\":{\"@id\":\"https:\/\/www.prijedordanas.com\/#organization\"},\"potentialAction\":[{\"@type\":\"SearchAction\",\"target\":{\"@type\":\"EntryPoint\",\"urlTemplate\":\"https:\/\/www.prijedordanas.com\/?s={search_term_string}\"},\"query-input\":\"required name=search_term_string\"}],\"inLanguage\":\"en-US\"},{\"@type\":\"Organization\",\"@id\":\"https:\/\/www.prijedordanas.com\/#organization\",\"name\":\"PrijedorDanas.com\",\"url\":\"https:\/\/www.prijedordanas.com\/\",\"logo\":{\"@type\":\"ImageObject\",\"inLanguage\":\"en-US\",\"@id\":\"https:\/\/www.prijedordanas.com\/#\/schema\/logo\/image\/\",\"url\":\"http:\/\/www.prijedordanas.com\/wp-content\/uploads\/2021\/12\/logopng.png\",\"contentUrl\":\"http:\/\/www.prijedordanas.com\/wp-content\/uploads\/2021\/12\/logopng.png\",\"width\":1019,\"height\":776,\"caption\":\"PrijedorDanas.com\"},\"image\":{\"@id\":\"https:\/\/www.prijedordanas.com\/#\/schema\/logo\/image\/\"},\"sameAs\":[\"https:\/\/www.facebook.com\/PrijedorDanasCom\/\"]},{\"@type\":\"Person\",\"@id\":\"https:\/\/www.prijedordanas.com\/#\/schema\/person\/4e08ccf29b506ca916ff86d46bb700e6\",\"name\":\"admin\",\"image\":{\"@type\":\"ImageObject\",\"inLanguage\":\"en-US\",\"@id\":\"https:\/\/www.prijedordanas.com\/#\/schema\/person\/image\/\",\"url\":\"https:\/\/secure.gravatar.com\/avatar\/1d3fc949d550f0b53a5f0d51e06dfd79?s=96&d=mm&r=g\",\"contentUrl\":\"https:\/\/secure.gravatar.com\/avatar\/1d3fc949d550f0b53a5f0d51e06dfd79?s=96&d=mm&r=g\",\"caption\":\"admin\"},\"url\":\"https:\/\/www.prijedordanas.com\/?author=1\"}]}<\/script>\n<!-- \/ Yoast SEO plugin. -->","yoast_head_json":{"title":"RUDAR-PRIJEDOR U KOM\u0160IJSKOM DERBIJU DO\u010cEKUJE SLOBODU IZ NOVOG GRADA - PrijedorDanas.com - Prijedorski gradski portal","robots":{"index":"index","follow":"follow","max-snippet":"max-snippet:-1","max-image-preview":"max-image-preview:large","max-video-preview":"max-video-preview:-1"},"canonical":"https:\/\/www.prijedordanas.com\/?p=21327","og_locale":"en_US","og_type":"article","og_title":"RUDAR-PRIJEDOR U KOM\u0160IJSKOM DERBIJU DO\u010cEKUJE SLOBODU IZ NOVOG GRADA - PrijedorDanas.com - Prijedorski gradski portal","og_description":"Fudbaleri Rudar-Prijedora, drugoplasirani na tabeli Prve lige Republike Srpske sa 37 bodova, dva manje od lidera trebinjskog Leotara, u 21.kolu u kom\u0161ijskom derbiju do\u010dekuju novogradsku Slobodu, \u0161estoplasiranu sa 33 boda. [&hellip;]","og_url":"https:\/\/www.prijedordanas.com\/?p=21327","og_site_name":"PrijedorDanas.com - Prijedorski gradski portal","article_publisher":"https:\/\/www.facebook.com\/PrijedorDanasCom\/","article_published_time":"2015-05-02T08:27:45+00:00","article_modified_time":"2015-05-09T16:15:47+00:00","og_image":[{"url":"https:\/\/www.prijedordanas.com\/wp-content\/uploads\/2015\/04\/rudar-prijedor-proljece-20151-300x199.jpg"}],"author":"admin","twitter_card":"summary_large_image","twitter_misc":{"Written by":"admin","Est. reading time":"2 minutes"},"schema":{"@context":"https:\/\/schema.org","@graph":[{"@type":"Article","@id":"https:\/\/www.prijedordanas.com\/?p=21327#article","isPartOf":{"@id":"https:\/\/www.prijedordanas.com\/?p=21327"},"author":{"name":"admin","@id":"https:\/\/www.prijedordanas.com\/#\/schema\/person\/4e08ccf29b506ca916ff86d46bb700e6"},"headline":"RUDAR-PRIJEDOR U KOM\u0160IJSKOM DERBIJU DO\u010cEKUJE SLOBODU IZ NOVOG GRADA","datePublished":"2015-05-02T08:27:45+00:00","dateModified":"2015-05-09T16:15:47+00:00","mainEntityOfPage":{"@id":"https:\/\/www.prijedordanas.com\/?p=21327"},"wordCount":483,"publisher":{"@id":"https:\/\/www.prijedordanas.com\/#organization"},"keywords":["Rudar-Prijedor","Sloboda Novi Grad","Vedran Kantar"],"articleSection":["Sport"],"inLanguage":"en-US"},{"@type":"WebPage","@id":"https:\/\/www.prijedordanas.com\/?p=21327","url":"https:\/\/www.prijedordanas.com\/?p=21327","name":"RUDAR-PRIJEDOR U KOM\u0160IJSKOM DERBIJU DO\u010cEKUJE SLOBODU IZ NOVOG GRADA - PrijedorDanas.com - Prijedorski gradski portal","isPartOf":{"@id":"https:\/\/www.prijedordanas.com\/#website"},"datePublished":"2015-05-02T08:27:45+00:00","dateModified":"2015-05-09T16:15:47+00:00","breadcrumb":{"@id":"https:\/\/www.prijedordanas.com\/?p=21327#breadcrumb"},"inLanguage":"en-US","potentialAction":[{"@type":"ReadAction","target":["https:\/\/www.prijedordanas.com\/?p=21327"]}]},{"@type":"BreadcrumbList","@id":"https:\/\/www.prijedordanas.com\/?p=21327#breadcrumb","itemListElement":[{"@type":"ListItem","position":1,"name":"Home","item":"https:\/\/www.prijedordanas.com\/"},{"@type":"ListItem","position":2,"name":"RUDAR-PRIJEDOR U KOM\u0160IJSKOM DERBIJU DO\u010cEKUJE SLOBODU IZ NOVOG GRADA"}]},{"@type":"WebSite","@id":"https:\/\/www.prijedordanas.com\/#website","url":"https:\/\/www.prijedordanas.com\/","name":"PrijedorDanas.com - Prijedorski gradski portal","description":"Portal o doga\u0111anjima u gradu Prijedoru","publisher":{"@id":"https:\/\/www.prijedordanas.com\/#organization"},"potentialAction":[{"@type":"SearchAction","target":{"@type":"EntryPoint","urlTemplate":"https:\/\/www.prijedordanas.com\/?s={search_term_string}"},"query-input":"required name=search_term_string"}],"inLanguage":"en-US"},{"@type":"Organization","@id":"https:\/\/www.prijedordanas.com\/#organization","name":"PrijedorDanas.com","url":"https:\/\/www.prijedordanas.com\/","logo":{"@type":"ImageObject","inLanguage":"en-US","@id":"https:\/\/www.prijedordanas.com\/#\/schema\/logo\/image\/","url":"http:\/\/www.prijedordanas.com\/wp-content\/uploads\/2021\/12\/logopng.png","contentUrl":"http:\/\/www.prijedordanas.com\/wp-content\/uploads\/2021\/12\/logopng.png","width":1019,"height":776,"caption":"PrijedorDanas.com"},"image":{"@id":"https:\/\/www.prijedordanas.com\/#\/schema\/logo\/image\/"},"sameAs":["https:\/\/www.facebook.com\/PrijedorDanasCom\/"]},{"@type":"Person","@id":"https:\/\/www.prijedordanas.com\/#\/schema\/person\/4e08ccf29b506ca916ff86d46bb700e6","name":"admin","image":{"@type":"ImageObject","inLanguage":"en-US","@id":"https:\/\/www.prijedordanas.com\/#\/schema\/person\/image\/","url":"https:\/\/secure.gravatar.com\/avatar\/1d3fc949d550f0b53a5f0d51e06dfd79?s=96&d=mm&r=g","contentUrl":"https:\/\/secure.gravatar.com\/avatar\/1d3fc949d550f0b53a5f0d51e06dfd79?s=96&d=mm&r=g","caption":"admin"},"url":"https:\/\/www.prijedordanas.com\/?author=1"}]}},"_links":{"self":[{"href":"https:\/\/www.prijedordanas.com\/index.php?rest_route=\/wp\/v2\/posts\/21327"}],"collection":[{"href":"https:\/\/www.prijedordanas.com\/index.php?rest_route=\/wp\/v2\/posts"}],"about":[{"href":"https:\/\/www.prijedordanas.com\/index.php?rest_route=\/wp\/v2\/types\/post"}],"author":[{"embeddable":true,"href":"https:\/\/www.prijedordanas.com\/index.php?rest_route=\/wp\/v2\/users\/1"}],"replies":[{"embeddable":true,"href":"https:\/\/www.prijedordanas.com\/index.php?rest_route=%2Fwp%2Fv2%2Fcomments&post=21327"}],"version-history":[{"count":1,"href":"https:\/\/www.prijedordanas.com\/index.php?rest_route=\/wp\/v2\/posts\/21327\/revisions"}],"predecessor-version":[{"id":21328,"href":"https:\/\/www.prijedordanas.com\/index.php?rest_route=\/wp\/v2\/posts\/21327\/revisions\/21328"}],"wp:attachment":[{"href":"https:\/\/www.prijedordanas.com\/index.php?rest_route=%2Fwp%2Fv2%2Fmedia&parent=21327"}],"wp:term":[{"taxonomy":"category","embeddable":true,"href":"https:\/\/www.prijedordanas.com\/index.php?rest_route=%2Fwp%2Fv2%2Fcategories&post=21327"},{"taxonomy":"post_tag","embeddable":true,"href":"https:\/\/www.prijedordanas.com\/index.php?rest_route=%2Fwp%2Fv2%2Ftags&post=21327"}],"curies":[{"name":"wp","href":"https:\/\/api.w.org\/{rel}","templated":true}]}}